{"id":96,"date":"2014-07-15T00:00:00","date_gmt":"2014-07-15T04:00:00","guid":{"rendered":"https:\/\/dev.explora.cl\/aysen\/blog\/2014\/07\/15\/par-explora-region-de-aysen-participa-en-ecoferia-de-colegio-el-camino\/"},"modified":"2019-05-20T21:22:15","modified_gmt":"2019-05-20T21:22:15","slug":"par-explora-region-de-aysen-participa-en-ecoferia-de-colegio-el-camino","status":"publish","type":"post","link":"https:\/\/dev.explora.cl\/aysen\/par-explora-region-de-aysen-participa-en-ecoferia-de-colegio-el-camino\/","title":{"rendered":"PAR EXPLORA regi\u00f3n de Ays\u00e9n participa en Ecoferia de Colegio El Camino."},"content":{"rendered":"<p><img loading=\"lazy\" decoding=\"async\" class=\" size-full wp-image-4013\" src=\"http:\/\/ec2-34-218-253-251.us-west-2.compute.amazonaws.com\/wp-content\/uploads\/2014\/07\/e1be80432240eea966714443ade87ee2.jpg\" alt=\"\" width=\"640\" height=\"478\" \/><\/p>\n<p><span style=\"line-height: 1.3em\">El Proyecto Asociativo Regional EXPLORA Regi\u00f3n de Ays\u00e9n, ejecutado por el Campus Patagonia de la Universidad Austral de Chile con la colaboraci\u00f3n del Centro de Investigaci\u00f3n en Ecosistemas de la Patagonia (CIEP), particip\u00f3 en la segunda Ecoferia del Colegio el Camino a la Fuente.<\/span><\/p>\n<p>Por segundo a\u00f1o consecutivo el PAR EXPLORA particip\u00f3 de esta instancia de talleres y charlas alusivas al medio ambiente y sustentabilidad. Dentro de las actividades se desarroll\u00f3 un taller de construcci\u00f3n de juguetes a partir de materiales reciclados para luego realizar algunas competencias con los ni\u00f1os y familias asistentes.<\/p>\n<p>Dentro del taller se armaron juguetes como un autito impulsado por energ\u00eda e\u00f3lica, el equilibrista con corchos de botellas de vino, el aerodeslizador con globos y un CD y botecitos que flotan, entre otros art\u00edculos did\u00e1cticos para la recreaci\u00f3n.<\/p>\n<p>Pedro Matus, Director PAR EXPLORA Regi\u00f3n de Ays\u00e9n, destac\u00f3 la importante participaci\u00f3n por segundo a\u00f1o consecutivo en este evento gracias a la invitaci\u00f3n de la Direcci\u00f3n del establecimiento educacional. \u201cAcompa\u00f1ando a la comunidad educativa del Colegio El Camino propiciamos a la vez la divulgaci\u00f3n de los beneficios de la ciencia y la tecnolog\u00eda para el desarrollo de las personas y del pa\u00eds. Este espacio nos permite mostrar c\u00f3mo la ciencia nos ayuda a trav\u00e9s del desarrollo tecnol\u00f3gico, encontrar soluciones novedosas al tema del reciclaje y la reducci\u00f3n de desechos\u201d.<\/p>\n","protected":false},"excerpt":{"rendered":"<p>El Proyecto Asociativo Regional EXPLORA Regi\u00f3n de Ays\u00e9n, ejecutado por el Campus Patagonia de la Universidad Austral de Chile con la colaboraci\u00f3n del Centro de Investigaci\u00f3n en Ecosistemas de la Patagonia (CIEP), particip\u00f3 en la segunda Ecoferia del Colegio el Camino a la Fuente. Por segundo a\u00f1o consecutivo el PAR EXPLORA particip\u00f3 de esta instancia [&hellip;]<\/p>\n","protected":false},"author":2,"featured_media":97,"comment_status":"open","ping_status":"open","sticky":false,"template":"","format":"standard","meta":{"_acf_changed":false,"_exactmetrics_skip_tracking":false,"_exactmetrics_sitenote_active":false,"_exactmetrics_sitenote_note":"","_exactmetrics_sitenote_category":0,"footnotes":"","_links_to":"","_links_to_target":""},"categories":[4],"tags":[],"class_list":["post-96","post","type-post","status-publish","format-standard","has-post-thumbnail","hentry","category-noticias"],"acf":[],"yoast_head":"<!-- This site is optimized with the Yoast SEO plugin v26.7 - https:\/\/yoast.com\/wordpress\/plugins\/seo\/ -->\n<title>PAR EXPLORA regi\u00f3n de Ays\u00e9n participa en Ecoferia de Colegio El Camino. - Aysen<\/title>\n<meta name=\"robots\" content=\"index, follow, max-snippet:-1, max-image-preview:large, max-video-preview:-1\" \/>\n<link rel=\"canonical\" href=\"https:\/\/dev.explora.cl\/aysen\/par-explora-region-de-aysen-participa-en-ecoferia-de-colegio-el-camino\/\" class=\"yoast-seo-meta-tag\" \/>\n<meta property=\"og:locale\" content=\"es_ES\" class=\"yoast-seo-meta-tag\" \/>\n<meta property=\"og:type\" content=\"article\" class=\"yoast-seo-meta-tag\" \/>\n<meta property=\"og:title\" content=\"PAR EXPLORA regi\u00f3n de Ays\u00e9n participa en Ecoferia de Colegio El Camino. - Aysen\" class=\"yoast-seo-meta-tag\" \/>\n<meta property=\"og:description\" content=\"El Proyecto Asociativo Regional EXPLORA Regi\u00f3n de Ays\u00e9n, ejecutado por el Campus Patagonia de la Universidad Austral de Chile con la colaboraci\u00f3n del Centro de Investigaci\u00f3n en Ecosistemas de la Patagonia (CIEP), particip\u00f3 en la segunda Ecoferia del Colegio el Camino a la Fuente. Por segundo a\u00f1o consecutivo el PAR EXPLORA particip\u00f3 de esta instancia [&hellip;]\" class=\"yoast-seo-meta-tag\" \/>\n<meta property=\"og:url\" content=\"https:\/\/dev.explora.cl\/aysen\/par-explora-region-de-aysen-participa-en-ecoferia-de-colegio-el-camino\/\" class=\"yoast-seo-meta-tag\" \/>\n<meta property=\"og:site_name\" content=\"Aysen\" class=\"yoast-seo-meta-tag\" \/>\n<meta property=\"article:published_time\" content=\"2014-07-15T04:00:00+00:00\" class=\"yoast-seo-meta-tag\" \/>\n<meta property=\"article:modified_time\" content=\"2019-05-20T21:22:15+00:00\" class=\"yoast-seo-meta-tag\" \/>\n<meta property=\"og:image\" content=\"https:\/\/dev.explora.cl\/aysen\/wp-content\/uploads\/sites\/18\/2018\/06\/e1be80432240eea966714443ade87ee2.jpg\" class=\"yoast-seo-meta-tag\" \/>\n\t<meta property=\"og:image:width\" content=\"640\" class=\"yoast-seo-meta-tag\" \/>\n\t<meta property=\"og:image:height\" content=\"478\" class=\"yoast-seo-meta-tag\" \/>\n\t<meta property=\"og:image:type\" content=\"image\/jpeg\" class=\"yoast-seo-meta-tag\" \/>\n<meta name=\"author\" content=\"webman\" class=\"yoast-seo-meta-tag\" \/>\n<meta name=\"twitter:card\" content=\"summary_large_image\" class=\"yoast-seo-meta-tag\" \/>\n<meta name=\"twitter:label1\" content=\"Escrito por\" class=\"yoast-seo-meta-tag\" \/>\n\t<meta name=\"twitter:data1\" content=\"webman\" class=\"yoast-seo-meta-tag\" \/>\n\t<meta name=\"twitter:label2\" content=\"Tiempo estimado de lectura\" class=\"yoast-seo-meta-tag\" \/>\n\t<meta name=\"twitter:data2\" content=\"1 minuto\" class=\"yoast-seo-meta-tag\" \/>\n<script type=\"application\/ld+json\" class=\"yoast-schema-graph\">{\"@context\":\"https:\/\/schema.org\",\"@graph\":[{\"@type\":\"Article\",\"@id\":\"https:\/\/dev.explora.cl\/aysen\/par-explora-region-de-aysen-participa-en-ecoferia-de-colegio-el-camino\/#article\",\"isPartOf\":{\"@id\":\"https:\/\/dev.explora.cl\/aysen\/par-explora-region-de-aysen-participa-en-ecoferia-de-colegio-el-camino\/\"},\"author\":{\"name\":\"webman\",\"@id\":\"https:\/\/dev.explora.cl\/aysen\/#\/schema\/person\/cb8349c13ea2d324080adf8480d7ba5d\"},\"headline\":\"PAR EXPLORA regi\u00f3n de Ays\u00e9n participa en Ecoferia de Colegio El Camino.\",\"datePublished\":\"2014-07-15T04:00:00+00:00\",\"dateModified\":\"2019-05-20T21:22:15+00:00\",\"mainEntityOfPage\":{\"@id\":\"https:\/\/dev.explora.cl\/aysen\/par-explora-region-de-aysen-participa-en-ecoferia-de-colegio-el-camino\/\"},\"wordCount\":261,\"commentCount\":0,\"image\":{\"@id\":\"https:\/\/dev.explora.cl\/aysen\/par-explora-region-de-aysen-participa-en-ecoferia-de-colegio-el-camino\/#primaryimage\"},\"thumbnailUrl\":\"https:\/\/dev.explora.cl\/aysen\/wp-content\/uploads\/sites\/18\/2018\/06\/e1be80432240eea966714443ade87ee2.jpg\",\"articleSection\":[\"Noticias\"],\"inLanguage\":\"es-CL\",\"potentialAction\":[{\"@type\":\"CommentAction\",\"name\":\"Comment\",\"target\":[\"https:\/\/dev.explora.cl\/aysen\/par-explora-region-de-aysen-participa-en-ecoferia-de-colegio-el-camino\/#respond\"]}]},{\"@type\":\"WebPage\",\"@id\":\"https:\/\/dev.explora.cl\/aysen\/par-explora-region-de-aysen-participa-en-ecoferia-de-colegio-el-camino\/\",\"url\":\"https:\/\/dev.explora.cl\/aysen\/par-explora-region-de-aysen-participa-en-ecoferia-de-colegio-el-camino\/\",\"name\":\"PAR EXPLORA regi\u00f3n de Ays\u00e9n participa en Ecoferia de Colegio El Camino. - Aysen\",\"isPartOf\":{\"@id\":\"https:\/\/dev.explora.cl\/aysen\/#website\"},\"primaryImageOfPage\":{\"@id\":\"https:\/\/dev.explora.cl\/aysen\/par-explora-region-de-aysen-participa-en-ecoferia-de-colegio-el-camino\/#primaryimage\"},\"image\":{\"@id\":\"https:\/\/dev.explora.cl\/aysen\/par-explora-region-de-aysen-participa-en-ecoferia-de-colegio-el-camino\/#primaryimage\"},\"thumbnailUrl\":\"https:\/\/dev.explora.cl\/aysen\/wp-content\/uploads\/sites\/18\/2018\/06\/e1be80432240eea966714443ade87ee2.jpg\",\"datePublished\":\"2014-07-15T04:00:00+00:00\",\"dateModified\":\"2019-05-20T21:22:15+00:00\",\"author\":{\"@id\":\"https:\/\/dev.explora.cl\/aysen\/#\/schema\/person\/cb8349c13ea2d324080adf8480d7ba5d\"},\"breadcrumb\":{\"@id\":\"https:\/\/dev.explora.cl\/aysen\/par-explora-region-de-aysen-participa-en-ecoferia-de-colegio-el-camino\/#breadcrumb\"},\"inLanguage\":\"es-CL\",\"potentialAction\":[{\"@type\":\"ReadAction\",\"target\":[\"https:\/\/dev.explora.cl\/aysen\/par-explora-region-de-aysen-participa-en-ecoferia-de-colegio-el-camino\/\"]}]},{\"@type\":\"ImageObject\",\"inLanguage\":\"es-CL\",\"@id\":\"https:\/\/dev.explora.cl\/aysen\/par-explora-region-de-aysen-participa-en-ecoferia-de-colegio-el-camino\/#primaryimage\",\"url\":\"https:\/\/dev.explora.cl\/aysen\/wp-content\/uploads\/sites\/18\/2018\/06\/e1be80432240eea966714443ade87ee2.jpg\",\"contentUrl\":\"https:\/\/dev.explora.cl\/aysen\/wp-content\/uploads\/sites\/18\/2018\/06\/e1be80432240eea966714443ade87ee2.jpg\",\"width\":640,\"height\":478},{\"@type\":\"BreadcrumbList\",\"@id\":\"https:\/\/dev.explora.cl\/aysen\/par-explora-region-de-aysen-participa-en-ecoferia-de-colegio-el-camino\/#breadcrumb\",\"itemListElement\":[{\"@type\":\"ListItem\",\"position\":1,\"name\":\"Portada\",\"item\":\"https:\/\/dev.explora.cl\/aysen\/\"},{\"@type\":\"ListItem\",\"position\":2,\"name\":\"PAR EXPLORA regi\u00f3n de Ays\u00e9n participa en Ecoferia de Colegio El Camino.\"}]},{\"@type\":\"WebSite\",\"@id\":\"https:\/\/dev.explora.cl\/aysen\/#website\",\"url\":\"https:\/\/dev.explora.cl\/aysen\/\",\"name\":\"Aysen\",\"description\":\"Otro sitio m\u00e1s de dev.explora.cl\",\"potentialAction\":[{\"@type\":\"SearchAction\",\"target\":{\"@type\":\"EntryPoint\",\"urlTemplate\":\"https:\/\/dev.explora.cl\/aysen\/?s={search_term_string}\"},\"query-input\":{\"@type\":\"PropertyValueSpecification\",\"valueRequired\":true,\"valueName\":\"search_term_string\"}}],\"inLanguage\":\"es-CL\"},{\"@type\":\"Person\",\"@id\":\"https:\/\/dev.explora.cl\/aysen\/#\/schema\/person\/cb8349c13ea2d324080adf8480d7ba5d\",\"name\":\"webman\",\"image\":{\"@type\":\"ImageObject\",\"inLanguage\":\"es-CL\",\"@id\":\"https:\/\/dev.explora.cl\/aysen\/#\/schema\/person\/image\/\",\"url\":\"https:\/\/secure.gravatar.com\/avatar\/eeff3c82f2c02f7177d13663b7e6f890e9a6a0647ce9bb29cae02dcb094c7312?s=96&d=mm&r=g\",\"contentUrl\":\"https:\/\/secure.gravatar.com\/avatar\/eeff3c82f2c02f7177d13663b7e6f890e9a6a0647ce9bb29cae02dcb094c7312?s=96&d=mm&r=g\",\"caption\":\"webman\"},\"url\":\"https:\/\/dev.explora.cl\/aysen\/author\/webman\/\"}]}<\/script>\n<!-- \/ Yoast SEO plugin. -->","yoast_head_json":{"title":"PAR EXPLORA regi\u00f3n de Ays\u00e9n participa en Ecoferia de Colegio El Camino. - Aysen","robots":{"index":"index","follow":"follow","max-snippet":"max-snippet:-1","max-image-preview":"max-image-preview:large","max-video-preview":"max-video-preview:-1"},"canonical":"https:\/\/dev.explora.cl\/aysen\/par-explora-region-de-aysen-participa-en-ecoferia-de-colegio-el-camino\/","og_locale":"es_ES","og_type":"article","og_title":"PAR EXPLORA regi\u00f3n de Ays\u00e9n participa en Ecoferia de Colegio El Camino. - Aysen","og_description":"El Proyecto Asociativo Regional EXPLORA Regi\u00f3n de Ays\u00e9n, ejecutado por el Campus Patagonia de la Universidad Austral de Chile con la colaboraci\u00f3n del Centro de Investigaci\u00f3n en Ecosistemas de la Patagonia (CIEP), particip\u00f3 en la segunda Ecoferia del Colegio el Camino a la Fuente. Por segundo a\u00f1o consecutivo el PAR EXPLORA particip\u00f3 de esta instancia [&hellip;]","og_url":"https:\/\/dev.explora.cl\/aysen\/par-explora-region-de-aysen-participa-en-ecoferia-de-colegio-el-camino\/","og_site_name":"Aysen","article_published_time":"2014-07-15T04:00:00+00:00","article_modified_time":"2019-05-20T21:22:15+00:00","og_image":[{"width":640,"height":478,"url":"https:\/\/dev.explora.cl\/aysen\/wp-content\/uploads\/sites\/18\/2018\/06\/e1be80432240eea966714443ade87ee2.jpg","type":"image\/jpeg"}],"author":"webman","twitter_card":"summary_large_image","twitter_misc":{"Escrito por":"webman","Tiempo estimado de lectura":"1 minuto"},"schema":{"@context":"https:\/\/schema.org","@graph":[{"@type":"Article","@id":"https:\/\/dev.explora.cl\/aysen\/par-explora-region-de-aysen-participa-en-ecoferia-de-colegio-el-camino\/#article","isPartOf":{"@id":"https:\/\/dev.explora.cl\/aysen\/par-explora-region-de-aysen-participa-en-ecoferia-de-colegio-el-camino\/"},"author":{"name":"webman","@id":"https:\/\/dev.explora.cl\/aysen\/#\/schema\/person\/cb8349c13ea2d324080adf8480d7ba5d"},"headline":"PAR EXPLORA regi\u00f3n de Ays\u00e9n participa en Ecoferia de Colegio El Camino.","datePublished":"2014-07-15T04:00:00+00:00","dateModified":"2019-05-20T21:22:15+00:00","mainEntityOfPage":{"@id":"https:\/\/dev.explora.cl\/aysen\/par-explora-region-de-aysen-participa-en-ecoferia-de-colegio-el-camino\/"},"wordCount":261,"commentCount":0,"image":{"@id":"https:\/\/dev.explora.cl\/aysen\/par-explora-region-de-aysen-participa-en-ecoferia-de-colegio-el-camino\/#primaryimage"},"thumbnailUrl":"https:\/\/dev.explora.cl\/aysen\/wp-content\/uploads\/sites\/18\/2018\/06\/e1be80432240eea966714443ade87ee2.jpg","articleSection":["Noticias"],"inLanguage":"es-CL","potentialAction":[{"@type":"CommentAction","name":"Comment","target":["https:\/\/dev.explora.cl\/aysen\/par-explora-region-de-aysen-participa-en-ecoferia-de-colegio-el-camino\/#respond"]}]},{"@type":"WebPage","@id":"https:\/\/dev.explora.cl\/aysen\/par-explora-region-de-aysen-participa-en-ecoferia-de-colegio-el-camino\/","url":"https:\/\/dev.explora.cl\/aysen\/par-explora-region-de-aysen-participa-en-ecoferia-de-colegio-el-camino\/","name":"PAR EXPLORA regi\u00f3n de Ays\u00e9n participa en Ecoferia de Colegio El Camino. - Aysen","isPartOf":{"@id":"https:\/\/dev.explora.cl\/aysen\/#website"},"primaryImageOfPage":{"@id":"https:\/\/dev.explora.cl\/aysen\/par-explora-region-de-aysen-participa-en-ecoferia-de-colegio-el-camino\/#primaryimage"},"image":{"@id":"https:\/\/dev.explora.cl\/aysen\/par-explora-region-de-aysen-participa-en-ecoferia-de-colegio-el-camino\/#primaryimage"},"thumbnailUrl":"https:\/\/dev.explora.cl\/aysen\/wp-content\/uploads\/sites\/18\/2018\/06\/e1be80432240eea966714443ade87ee2.jpg","datePublished":"2014-07-15T04:00:00+00:00","dateModified":"2019-05-20T21:22:15+00:00","author":{"@id":"https:\/\/dev.explora.cl\/aysen\/#\/schema\/person\/cb8349c13ea2d324080adf8480d7ba5d"},"breadcrumb":{"@id":"https:\/\/dev.explora.cl\/aysen\/par-explora-region-de-aysen-participa-en-ecoferia-de-colegio-el-camino\/#breadcrumb"},"inLanguage":"es-CL","potentialAction":[{"@type":"ReadAction","target":["https:\/\/dev.explora.cl\/aysen\/par-explora-region-de-aysen-participa-en-ecoferia-de-colegio-el-camino\/"]}]},{"@type":"ImageObject","inLanguage":"es-CL","@id":"https:\/\/dev.explora.cl\/aysen\/par-explora-region-de-aysen-participa-en-ecoferia-de-colegio-el-camino\/#primaryimage","url":"https:\/\/dev.explora.cl\/aysen\/wp-content\/uploads\/sites\/18\/2018\/06\/e1be80432240eea966714443ade87ee2.jpg","contentUrl":"https:\/\/dev.explora.cl\/aysen\/wp-content\/uploads\/sites\/18\/2018\/06\/e1be80432240eea966714443ade87ee2.jpg","width":640,"height":478},{"@type":"BreadcrumbList","@id":"https:\/\/dev.explora.cl\/aysen\/par-explora-region-de-aysen-participa-en-ecoferia-de-colegio-el-camino\/#breadcrumb","itemListElement":[{"@type":"ListItem","position":1,"name":"Portada","item":"https:\/\/dev.explora.cl\/aysen\/"},{"@type":"ListItem","position":2,"name":"PAR EXPLORA regi\u00f3n de Ays\u00e9n participa en Ecoferia de Colegio El Camino."}]},{"@type":"WebSite","@id":"https:\/\/dev.explora.cl\/aysen\/#website","url":"https:\/\/dev.explora.cl\/aysen\/","name":"Aysen","description":"Otro sitio m\u00e1s de dev.explora.cl","potentialAction":[{"@type":"SearchAction","target":{"@type":"EntryPoint","urlTemplate":"https:\/\/dev.explora.cl\/aysen\/?s={search_term_string}"},"query-input":{"@type":"PropertyValueSpecification","valueRequired":true,"valueName":"search_term_string"}}],"inLanguage":"es-CL"},{"@type":"Person","@id":"https:\/\/dev.explora.cl\/aysen\/#\/schema\/person\/cb8349c13ea2d324080adf8480d7ba5d","name":"webman","image":{"@type":"ImageObject","inLanguage":"es-CL","@id":"https:\/\/dev.explora.cl\/aysen\/#\/schema\/person\/image\/","url":"https:\/\/secure.gravatar.com\/avatar\/eeff3c82f2c02f7177d13663b7e6f890e9a6a0647ce9bb29cae02dcb094c7312?s=96&d=mm&r=g","contentUrl":"https:\/\/secure.gravatar.com\/avatar\/eeff3c82f2c02f7177d13663b7e6f890e9a6a0647ce9bb29cae02dcb094c7312?s=96&d=mm&r=g","caption":"webman"},"url":"https:\/\/dev.explora.cl\/aysen\/author\/webman\/"}]}},"_links":{"self":[{"href":"https:\/\/dev.explora.cl\/aysen\/wp-json\/wp\/v2\/posts\/96","targetHints":{"allow":["GET"]}}],"collection":[{"href":"https:\/\/dev.explora.cl\/aysen\/wp-json\/wp\/v2\/posts"}],"about":[{"href":"https:\/\/dev.explora.cl\/aysen\/wp-json\/wp\/v2\/types\/post"}],"author":[{"embeddable":true,"href":"https:\/\/dev.explora.cl\/aysen\/wp-json\/wp\/v2\/users\/2"}],"replies":[{"embeddable":true,"href":"https:\/\/dev.explora.cl\/aysen\/wp-json\/wp\/v2\/comments?post=96"}],"version-history":[{"count":1,"href":"https:\/\/dev.explora.cl\/aysen\/wp-json\/wp\/v2\/posts\/96\/revisions"}],"predecessor-version":[{"id":37366,"href":"https:\/\/dev.explora.cl\/aysen\/wp-json\/wp\/v2\/posts\/96\/revisions\/37366"}],"wp:featuredmedia":[{"embeddable":true,"href":"https:\/\/dev.explora.cl\/aysen\/wp-json\/wp\/v2\/media\/97"}],"wp:attachment":[{"href":"https:\/\/dev.explora.cl\/aysen\/wp-json\/wp\/v2\/media?parent=96"}],"wp:term":[{"taxonomy":"category","embeddable":true,"href":"https:\/\/dev.explora.cl\/aysen\/wp-json\/wp\/v2\/categories?post=96"},{"taxonomy":"post_tag","embeddable":true,"href":"https:\/\/dev.explora.cl\/aysen\/wp-json\/wp\/v2\/tags?post=96"}],"curies":[{"name":"wp","href":"https:\/\/api.w.org\/{rel}","templated":true}]}}