{"id":38947,"date":"2025-03-24T16:38:32","date_gmt":"2025-03-24T19:38:32","guid":{"rendered":"https:\/\/dev.explora.cl\/aysen\/?p=38947"},"modified":"2025-04-22T11:34:20","modified_gmt":"2025-04-22T15:34:20","slug":"inscribete-para-participar-en-los-encuentros-informativos-con-comunidades-escolares-y-ctci-aysen","status":"publish","type":"post","link":"https:\/\/dev.explora.cl\/aysen\/inscribete-para-participar-en-los-encuentros-informativos-con-comunidades-escolares-y-ctci-aysen\/","title":{"rendered":"Inscr\u00edbete para participar en los encuentros informativos con comunidades escolares y CTCI Ays\u00e9n"},"content":{"rendered":"<p>Para participar las y los interesados solo debe completar el formulario disponible <a href=\"https:\/\/docs.google.com\/forms\/d\/e\/1FAIpQLSdH48cUvwU9c6v1r-JX-RPEpmO-KpmxRRZi8dW5EVRcPPQf7g\/viewform\">aqu\u00ed<\/a>.<!--more--><\/p>\n<p><em><span style=\"font-weight: 400\">El PAR Explora Ays\u00e9n invita a las comunidades educativas y comunidades CTCI de la regi\u00f3n a participar en<\/span><span style=\"font-weight: 400\"> los Encuentros Informativos<\/span><\/em><em><span style=\"font-weight: 400\">\u00a02025.\u00a0<\/span><\/em><\/p>\n<p><span style=\"font-weight: 400\">En los encuentros se entregar\u00e1 informaci\u00f3n sobre los programas de Investigaci\u00f3n e Innovaci\u00f3n Escolar (IIE), Programa de Indagaci\u00f3n para Primeras Edades (PIPE), Campamento Explora VA! y Parques y Reservas como Laboratorio Natural, que se ejecutar\u00e1n entre abril y diciembre del 2025.<\/span><\/p>\n","protected":false},"excerpt":{"rendered":"<p>Para participar las y los interesados solo debe completar el formulario disponible aqu\u00ed.<\/p>\n","protected":false},"author":37,"featured_media":38964,"comment_status":"open","ping_status":"open","sticky":false,"template":"","format":"standard","meta":{"_acf_changed":false,"_exactmetrics_skip_tracking":false,"_exactmetrics_sitenote_active":false,"_exactmetrics_sitenote_note":"","_exactmetrics_sitenote_category":0,"footnotes":"","_links_to":"","_links_to_target":""},"categories":[140,1],"tags":[],"class_list":["post-38947","post","type-post","status-publish","format-standard","has-post-thumbnail","hentry","category-lugar-5","category-sin-categoria"],"acf":[],"yoast_head":"<!-- This site is optimized with the Yoast SEO plugin v26.7 - https:\/\/yoast.com\/wordpress\/plugins\/seo\/ -->\n<title>Inscr\u00edbete para participar en los encuentros informativos con comunidades escolares y CTCI Ays\u00e9n - Aysen<\/title>\n<meta name=\"robots\" content=\"index, follow, max-snippet:-1, max-image-preview:large, max-video-preview:-1\" \/>\n<link rel=\"canonical\" href=\"https:\/\/dev.explora.cl\/aysen\/inscribete-para-participar-en-los-encuentros-informativos-con-comunidades-escolares-y-ctci-aysen\/\" class=\"yoast-seo-meta-tag\" \/>\n<meta property=\"og:locale\" content=\"es_ES\" class=\"yoast-seo-meta-tag\" \/>\n<meta property=\"og:type\" content=\"article\" class=\"yoast-seo-meta-tag\" \/>\n<meta property=\"og:title\" content=\"Inscr\u00edbete para participar en los encuentros informativos con comunidades escolares y CTCI Ays\u00e9n - Aysen\" class=\"yoast-seo-meta-tag\" \/>\n<meta property=\"og:description\" content=\"Para participar las y los interesados solo debe completar el formulario disponible aqu\u00ed.\" class=\"yoast-seo-meta-tag\" \/>\n<meta property=\"og:url\" content=\"https:\/\/dev.explora.cl\/aysen\/inscribete-para-participar-en-los-encuentros-informativos-con-comunidades-escolares-y-ctci-aysen\/\" class=\"yoast-seo-meta-tag\" \/>\n<meta property=\"og:site_name\" content=\"Aysen\" class=\"yoast-seo-meta-tag\" \/>\n<meta property=\"article:published_time\" content=\"2025-03-24T19:38:32+00:00\" class=\"yoast-seo-meta-tag\" \/>\n<meta property=\"article:modified_time\" content=\"2025-04-22T15:34:20+00:00\" class=\"yoast-seo-meta-tag\" \/>\n<meta property=\"og:image\" content=\"https:\/\/dev.explora.cl\/aysen\/wp-content\/uploads\/sites\/18\/2025\/03\/encuentros-informativos-banner-web.png\" class=\"yoast-seo-meta-tag\" \/>\n\t<meta property=\"og:image:width\" content=\"2205\" class=\"yoast-seo-meta-tag\" \/>\n\t<meta property=\"og:image:height\" content=\"1410\" class=\"yoast-seo-meta-tag\" \/>\n\t<meta property=\"og:image:type\" content=\"image\/png\" class=\"yoast-seo-meta-tag\" \/>\n<meta name=\"author\" content=\"scisternas\" class=\"yoast-seo-meta-tag\" \/>\n<meta name=\"twitter:card\" content=\"summary_large_image\" class=\"yoast-seo-meta-tag\" \/>\n<meta name=\"twitter:label1\" content=\"Escrito por\" class=\"yoast-seo-meta-tag\" \/>\n\t<meta name=\"twitter:data1\" content=\"scisternas\" class=\"yoast-seo-meta-tag\" \/>\n\t<meta name=\"twitter:label2\" content=\"Tiempo estimado de lectura\" class=\"yoast-seo-meta-tag\" \/>\n\t<meta name=\"twitter:data2\" content=\"1 minuto\" class=\"yoast-seo-meta-tag\" \/>\n<script type=\"application\/ld+json\" class=\"yoast-schema-graph\">{\"@context\":\"https:\/\/schema.org\",\"@graph\":[{\"@type\":\"Article\",\"@id\":\"https:\/\/dev.explora.cl\/aysen\/inscribete-para-participar-en-los-encuentros-informativos-con-comunidades-escolares-y-ctci-aysen\/#article\",\"isPartOf\":{\"@id\":\"https:\/\/dev.explora.cl\/aysen\/inscribete-para-participar-en-los-encuentros-informativos-con-comunidades-escolares-y-ctci-aysen\/\"},\"author\":{\"name\":\"scisternas\",\"@id\":\"https:\/\/dev.explora.cl\/aysen\/#\/schema\/person\/81c802b1e3b443e2575e555b39e60a05\"},\"headline\":\"Inscr\u00edbete para participar en los encuentros informativos con comunidades escolares y CTCI Ays\u00e9n\",\"datePublished\":\"2025-03-24T19:38:32+00:00\",\"dateModified\":\"2025-04-22T15:34:20+00:00\",\"mainEntityOfPage\":{\"@id\":\"https:\/\/dev.explora.cl\/aysen\/inscribete-para-participar-en-los-encuentros-informativos-con-comunidades-escolares-y-ctci-aysen\/\"},\"wordCount\":96,\"commentCount\":0,\"image\":{\"@id\":\"https:\/\/dev.explora.cl\/aysen\/inscribete-para-participar-en-los-encuentros-informativos-con-comunidades-escolares-y-ctci-aysen\/#primaryimage\"},\"thumbnailUrl\":\"https:\/\/dev.explora.cl\/aysen\/wp-content\/uploads\/sites\/18\/2025\/03\/encuentros-informativos-banner-web.png\",\"articleSection\":[\"Lugar 5\"],\"inLanguage\":\"es-CL\",\"potentialAction\":[{\"@type\":\"CommentAction\",\"name\":\"Comment\",\"target\":[\"https:\/\/dev.explora.cl\/aysen\/inscribete-para-participar-en-los-encuentros-informativos-con-comunidades-escolares-y-ctci-aysen\/#respond\"]}]},{\"@type\":\"WebPage\",\"@id\":\"https:\/\/dev.explora.cl\/aysen\/inscribete-para-participar-en-los-encuentros-informativos-con-comunidades-escolares-y-ctci-aysen\/\",\"url\":\"https:\/\/dev.explora.cl\/aysen\/inscribete-para-participar-en-los-encuentros-informativos-con-comunidades-escolares-y-ctci-aysen\/\",\"name\":\"Inscr\u00edbete para participar en los encuentros informativos con comunidades escolares y CTCI Ays\u00e9n - Aysen\",\"isPartOf\":{\"@id\":\"https:\/\/dev.explora.cl\/aysen\/#website\"},\"primaryImageOfPage\":{\"@id\":\"https:\/\/dev.explora.cl\/aysen\/inscribete-para-participar-en-los-encuentros-informativos-con-comunidades-escolares-y-ctci-aysen\/#primaryimage\"},\"image\":{\"@id\":\"https:\/\/dev.explora.cl\/aysen\/inscribete-para-participar-en-los-encuentros-informativos-con-comunidades-escolares-y-ctci-aysen\/#primaryimage\"},\"thumbnailUrl\":\"https:\/\/dev.explora.cl\/aysen\/wp-content\/uploads\/sites\/18\/2025\/03\/encuentros-informativos-banner-web.png\",\"datePublished\":\"2025-03-24T19:38:32+00:00\",\"dateModified\":\"2025-04-22T15:34:20+00:00\",\"author\":{\"@id\":\"https:\/\/dev.explora.cl\/aysen\/#\/schema\/person\/81c802b1e3b443e2575e555b39e60a05\"},\"breadcrumb\":{\"@id\":\"https:\/\/dev.explora.cl\/aysen\/inscribete-para-participar-en-los-encuentros-informativos-con-comunidades-escolares-y-ctci-aysen\/#breadcrumb\"},\"inLanguage\":\"es-CL\",\"potentialAction\":[{\"@type\":\"ReadAction\",\"target\":[\"https:\/\/dev.explora.cl\/aysen\/inscribete-para-participar-en-los-encuentros-informativos-con-comunidades-escolares-y-ctci-aysen\/\"]}]},{\"@type\":\"ImageObject\",\"inLanguage\":\"es-CL\",\"@id\":\"https:\/\/dev.explora.cl\/aysen\/inscribete-para-participar-en-los-encuentros-informativos-con-comunidades-escolares-y-ctci-aysen\/#primaryimage\",\"url\":\"https:\/\/dev.explora.cl\/aysen\/wp-content\/uploads\/sites\/18\/2025\/03\/encuentros-informativos-banner-web.png\",\"contentUrl\":\"https:\/\/dev.explora.cl\/aysen\/wp-content\/uploads\/sites\/18\/2025\/03\/encuentros-informativos-banner-web.png\",\"width\":2205,\"height\":1410},{\"@type\":\"BreadcrumbList\",\"@id\":\"https:\/\/dev.explora.cl\/aysen\/inscribete-para-participar-en-los-encuentros-informativos-con-comunidades-escolares-y-ctci-aysen\/#breadcrumb\",\"itemListElement\":[{\"@type\":\"ListItem\",\"position\":1,\"name\":\"Portada\",\"item\":\"https:\/\/dev.explora.cl\/aysen\/\"},{\"@type\":\"ListItem\",\"position\":2,\"name\":\"Inscr\u00edbete para participar en los encuentros informativos con comunidades escolares y CTCI Ays\u00e9n\"}]},{\"@type\":\"WebSite\",\"@id\":\"https:\/\/dev.explora.cl\/aysen\/#website\",\"url\":\"https:\/\/dev.explora.cl\/aysen\/\",\"name\":\"Aysen\",\"description\":\"Otro sitio m\u00e1s de dev.explora.cl\",\"potentialAction\":[{\"@type\":\"SearchAction\",\"target\":{\"@type\":\"EntryPoint\",\"urlTemplate\":\"https:\/\/dev.explora.cl\/aysen\/?s={search_term_string}\"},\"query-input\":{\"@type\":\"PropertyValueSpecification\",\"valueRequired\":true,\"valueName\":\"search_term_string\"}}],\"inLanguage\":\"es-CL\"},{\"@type\":\"Person\",\"@id\":\"https:\/\/dev.explora.cl\/aysen\/#\/schema\/person\/81c802b1e3b443e2575e555b39e60a05\",\"name\":\"scisternas\",\"image\":{\"@type\":\"ImageObject\",\"inLanguage\":\"es-CL\",\"@id\":\"https:\/\/dev.explora.cl\/aysen\/#\/schema\/person\/image\/\",\"url\":\"https:\/\/secure.gravatar.com\/avatar\/611c8f1946b775bdf01b0521c85a9381c3ad08d928d8ead34ce577b0fa231c76?s=96&d=mm&r=g\",\"contentUrl\":\"https:\/\/secure.gravatar.com\/avatar\/611c8f1946b775bdf01b0521c85a9381c3ad08d928d8ead34ce577b0fa231c76?s=96&d=mm&r=g\",\"caption\":\"scisternas\"},\"url\":\"https:\/\/dev.explora.cl\/aysen\/author\/scisternas\/\"}]}<\/script>\n<!-- \/ Yoast SEO plugin. -->","yoast_head_json":{"title":"Inscr\u00edbete para participar en los encuentros informativos con comunidades escolares y CTCI Ays\u00e9n - Aysen","robots":{"index":"index","follow":"follow","max-snippet":"max-snippet:-1","max-image-preview":"max-image-preview:large","max-video-preview":"max-video-preview:-1"},"canonical":"https:\/\/dev.explora.cl\/aysen\/inscribete-para-participar-en-los-encuentros-informativos-con-comunidades-escolares-y-ctci-aysen\/","og_locale":"es_ES","og_type":"article","og_title":"Inscr\u00edbete para participar en los encuentros informativos con comunidades escolares y CTCI Ays\u00e9n - Aysen","og_description":"Para participar las y los interesados solo debe completar el formulario disponible aqu\u00ed.","og_url":"https:\/\/dev.explora.cl\/aysen\/inscribete-para-participar-en-los-encuentros-informativos-con-comunidades-escolares-y-ctci-aysen\/","og_site_name":"Aysen","article_published_time":"2025-03-24T19:38:32+00:00","article_modified_time":"2025-04-22T15:34:20+00:00","og_image":[{"width":2205,"height":1410,"url":"https:\/\/dev.explora.cl\/aysen\/wp-content\/uploads\/sites\/18\/2025\/03\/encuentros-informativos-banner-web.png","type":"image\/png"}],"author":"scisternas","twitter_card":"summary_large_image","twitter_misc":{"Escrito por":"scisternas","Tiempo estimado de lectura":"1 minuto"},"schema":{"@context":"https:\/\/schema.org","@graph":[{"@type":"Article","@id":"https:\/\/dev.explora.cl\/aysen\/inscribete-para-participar-en-los-encuentros-informativos-con-comunidades-escolares-y-ctci-aysen\/#article","isPartOf":{"@id":"https:\/\/dev.explora.cl\/aysen\/inscribete-para-participar-en-los-encuentros-informativos-con-comunidades-escolares-y-ctci-aysen\/"},"author":{"name":"scisternas","@id":"https:\/\/dev.explora.cl\/aysen\/#\/schema\/person\/81c802b1e3b443e2575e555b39e60a05"},"headline":"Inscr\u00edbete para participar en los encuentros informativos con comunidades escolares y CTCI Ays\u00e9n","datePublished":"2025-03-24T19:38:32+00:00","dateModified":"2025-04-22T15:34:20+00:00","mainEntityOfPage":{"@id":"https:\/\/dev.explora.cl\/aysen\/inscribete-para-participar-en-los-encuentros-informativos-con-comunidades-escolares-y-ctci-aysen\/"},"wordCount":96,"commentCount":0,"image":{"@id":"https:\/\/dev.explora.cl\/aysen\/inscribete-para-participar-en-los-encuentros-informativos-con-comunidades-escolares-y-ctci-aysen\/#primaryimage"},"thumbnailUrl":"https:\/\/dev.explora.cl\/aysen\/wp-content\/uploads\/sites\/18\/2025\/03\/encuentros-informativos-banner-web.png","articleSection":["Lugar 5"],"inLanguage":"es-CL","potentialAction":[{"@type":"CommentAction","name":"Comment","target":["https:\/\/dev.explora.cl\/aysen\/inscribete-para-participar-en-los-encuentros-informativos-con-comunidades-escolares-y-ctci-aysen\/#respond"]}]},{"@type":"WebPage","@id":"https:\/\/dev.explora.cl\/aysen\/inscribete-para-participar-en-los-encuentros-informativos-con-comunidades-escolares-y-ctci-aysen\/","url":"https:\/\/dev.explora.cl\/aysen\/inscribete-para-participar-en-los-encuentros-informativos-con-comunidades-escolares-y-ctci-aysen\/","name":"Inscr\u00edbete para participar en los encuentros informativos con comunidades escolares y CTCI Ays\u00e9n - Aysen","isPartOf":{"@id":"https:\/\/dev.explora.cl\/aysen\/#website"},"primaryImageOfPage":{"@id":"https:\/\/dev.explora.cl\/aysen\/inscribete-para-participar-en-los-encuentros-informativos-con-comunidades-escolares-y-ctci-aysen\/#primaryimage"},"image":{"@id":"https:\/\/dev.explora.cl\/aysen\/inscribete-para-participar-en-los-encuentros-informativos-con-comunidades-escolares-y-ctci-aysen\/#primaryimage"},"thumbnailUrl":"https:\/\/dev.explora.cl\/aysen\/wp-content\/uploads\/sites\/18\/2025\/03\/encuentros-informativos-banner-web.png","datePublished":"2025-03-24T19:38:32+00:00","dateModified":"2025-04-22T15:34:20+00:00","author":{"@id":"https:\/\/dev.explora.cl\/aysen\/#\/schema\/person\/81c802b1e3b443e2575e555b39e60a05"},"breadcrumb":{"@id":"https:\/\/dev.explora.cl\/aysen\/inscribete-para-participar-en-los-encuentros-informativos-con-comunidades-escolares-y-ctci-aysen\/#breadcrumb"},"inLanguage":"es-CL","potentialAction":[{"@type":"ReadAction","target":["https:\/\/dev.explora.cl\/aysen\/inscribete-para-participar-en-los-encuentros-informativos-con-comunidades-escolares-y-ctci-aysen\/"]}]},{"@type":"ImageObject","inLanguage":"es-CL","@id":"https:\/\/dev.explora.cl\/aysen\/inscribete-para-participar-en-los-encuentros-informativos-con-comunidades-escolares-y-ctci-aysen\/#primaryimage","url":"https:\/\/dev.explora.cl\/aysen\/wp-content\/uploads\/sites\/18\/2025\/03\/encuentros-informativos-banner-web.png","contentUrl":"https:\/\/dev.explora.cl\/aysen\/wp-content\/uploads\/sites\/18\/2025\/03\/encuentros-informativos-banner-web.png","width":2205,"height":1410},{"@type":"BreadcrumbList","@id":"https:\/\/dev.explora.cl\/aysen\/inscribete-para-participar-en-los-encuentros-informativos-con-comunidades-escolares-y-ctci-aysen\/#breadcrumb","itemListElement":[{"@type":"ListItem","position":1,"name":"Portada","item":"https:\/\/dev.explora.cl\/aysen\/"},{"@type":"ListItem","position":2,"name":"Inscr\u00edbete para participar en los encuentros informativos con comunidades escolares y CTCI Ays\u00e9n"}]},{"@type":"WebSite","@id":"https:\/\/dev.explora.cl\/aysen\/#website","url":"https:\/\/dev.explora.cl\/aysen\/","name":"Aysen","description":"Otro sitio m\u00e1s de dev.explora.cl","potentialAction":[{"@type":"SearchAction","target":{"@type":"EntryPoint","urlTemplate":"https:\/\/dev.explora.cl\/aysen\/?s={search_term_string}"},"query-input":{"@type":"PropertyValueSpecification","valueRequired":true,"valueName":"search_term_string"}}],"inLanguage":"es-CL"},{"@type":"Person","@id":"https:\/\/dev.explora.cl\/aysen\/#\/schema\/person\/81c802b1e3b443e2575e555b39e60a05","name":"scisternas","image":{"@type":"ImageObject","inLanguage":"es-CL","@id":"https:\/\/dev.explora.cl\/aysen\/#\/schema\/person\/image\/","url":"https:\/\/secure.gravatar.com\/avatar\/611c8f1946b775bdf01b0521c85a9381c3ad08d928d8ead34ce577b0fa231c76?s=96&d=mm&r=g","contentUrl":"https:\/\/secure.gravatar.com\/avatar\/611c8f1946b775bdf01b0521c85a9381c3ad08d928d8ead34ce577b0fa231c76?s=96&d=mm&r=g","caption":"scisternas"},"url":"https:\/\/dev.explora.cl\/aysen\/author\/scisternas\/"}]}},"_links":{"self":[{"href":"https:\/\/dev.explora.cl\/aysen\/wp-json\/wp\/v2\/posts\/38947","targetHints":{"allow":["GET"]}}],"collection":[{"href":"https:\/\/dev.explora.cl\/aysen\/wp-json\/wp\/v2\/posts"}],"about":[{"href":"https:\/\/dev.explora.cl\/aysen\/wp-json\/wp\/v2\/types\/post"}],"author":[{"embeddable":true,"href":"https:\/\/dev.explora.cl\/aysen\/wp-json\/wp\/v2\/users\/37"}],"replies":[{"embeddable":true,"href":"https:\/\/dev.explora.cl\/aysen\/wp-json\/wp\/v2\/comments?post=38947"}],"version-history":[{"count":7,"href":"https:\/\/dev.explora.cl\/aysen\/wp-json\/wp\/v2\/posts\/38947\/revisions"}],"predecessor-version":[{"id":38966,"href":"https:\/\/dev.explora.cl\/aysen\/wp-json\/wp\/v2\/posts\/38947\/revisions\/38966"}],"wp:featuredmedia":[{"embeddable":true,"href":"https:\/\/dev.explora.cl\/aysen\/wp-json\/wp\/v2\/media\/38964"}],"wp:attachment":[{"href":"https:\/\/dev.explora.cl\/aysen\/wp-json\/wp\/v2\/media?parent=38947"}],"wp:term":[{"taxonomy":"category","embeddable":true,"href":"https:\/\/dev.explora.cl\/aysen\/wp-json\/wp\/v2\/categories?post=38947"},{"taxonomy":"post_tag","embeddable":true,"href":"https:\/\/dev.explora.cl\/aysen\/wp-json\/wp\/v2\/tags?post=38947"}],"curies":[{"name":"wp","href":"https:\/\/api.w.org\/{rel}","templated":true}]}}