{"id":38889,"date":"2024-11-08T12:52:30","date_gmt":"2024-11-08T15:52:30","guid":{"rendered":"https:\/\/dev.explora.cl\/aysen\/?p=38889"},"modified":"2025-04-22T11:35:05","modified_gmt":"2025-04-22T15:35:05","slug":"recursos-educativos-y-visitas-guiadas-por-el-bosque-para-tu-curso-vuelve-parques-y-reservas-como-laboratorio-natural","status":"publish","type":"post","link":"https:\/\/dev.explora.cl\/aysen\/recursos-educativos-y-visitas-guiadas-por-el-bosque-para-tu-curso-vuelve-parques-y-reservas-como-laboratorio-natural\/","title":{"rendered":"Recursos educativos y visitas guiadas por el bosque para tu curso: vuelve Parques y Reservas como Laboratorio Natural"},"content":{"rendered":"<p><i><span style=\"font-weight: 400\">Hasta el mi\u00e9rcoles 13 de noviembre, docentes de cursos de primer ciclo b\u00e1sico de establecimientos educacionales de la regi\u00f3n de Ays\u00e9n podr\u00e1n inscribirse y solicitar material que promueve el conocimiento y la valoraci\u00f3n de la biodiversidad regional.<\/span><\/i><\/p>\n<p><!--more--><\/p>\n<p><span style=\"font-weight: 400\">Parques y Reservas como Laboratorio natural es una experiencia de aprendizaje impulsada por el Proyecto Explora Ays\u00e9n del Ministerio de Ciencia, Tecnolog\u00eda, Conocimiento e Innovaci\u00f3n y la Universidad Austral de Chile, Campus Patagonia, que invita a la comunidad escolar a conocer m\u00e1s sobre el patrimonio natural de la regi\u00f3n mediante un conjunto de recursos pedag\u00f3gicos que <strong>promueven la valoraci\u00f3n de la biodiversidad de Ays\u00e9n.\u00a0<\/strong><\/span><\/p>\n<p><span style=\"font-weight: 400\">Quienes se inscriban <\/span><b>recibir\u00e1n material educativo impreso y digital sobre aves, mam\u00edferos, anfibios y microbosques <\/b><span style=\"font-weight: 400\">en formato de micro animaciones, infograf\u00edas y l\u00e1minas de actividades, entre otros recursos disponibles. <\/span><\/p>\n<p><span style=\"font-weight: 400\">Adicionalmente, el PAR Explora Ays\u00e9n ofrecer\u00e1 20 cupos para visitas guiadas por \u00c1reas Silvestres Protegidas de la Regi\u00f3n entre quienes participen implementando alguna actividad en aula haciendo uso del material.<\/span><\/p>\n<p><b>Documentos de postulaci\u00f3n:<\/b><\/p>\n<ul>\n<li><a href=\"https:\/\/drive.google.com\/file\/d\/1VkcT9XxmQg2lMAJ14LQOtH54MdFtnOWA\/view?usp=drive_link\" target=\"_blank\" rel=\"noopener noreferrer\"><span style=\"font-weight: 400\">Bases de la actividad<\/span><\/a><\/li>\n<li><a href=\"https:\/\/docs.google.com\/document\/d\/1lE-g90hVba9tnWrZHXUQ0LF3cQ_0Mygi\/edit?usp=sharing&amp;ouid=114828433022550573151&amp;rtpof=true&amp;sd=true\" target=\"_blank\" rel=\"noopener noreferrer\"><span style=\"font-weight: 400\">Carta de compromiso<\/span><\/a><\/li>\n<li><a href=\"https:\/\/docs.google.com\/forms\/d\/e\/1FAIpQLSfuhDJYx_NXG_ZsgUzSgAr5amg1FRcCUWaBr5KLFdiX4Lw9fw\/viewform\" target=\"_blank\" rel=\"noopener noreferrer\"><span style=\"font-weight: 400\">Formulario de inscripci\u00f3n<\/span><\/a><\/li>\n<\/ul>\n<p><span style=\"font-weight: 400\">La convocatoria de Parques y Reservas como Laboratorio natural estar\u00e1 abierta <strong>hasta el 13 de noviembre<\/strong>, y la entrega tanto del material como la asignaci\u00f3n de cupos para visitas guiadas ser\u00e1n coordinadas por el Proyecto Explora Ays\u00e9n y las(os) docentes solicitantes a partir del 15 de noviembre.<\/span><\/p>\n","protected":false},"excerpt":{"rendered":"<p>Hasta el mi\u00e9rcoles 13 de noviembre, docentes de cursos de primer ciclo b\u00e1sico de establecimientos educacionales de la regi\u00f3n de Ays\u00e9n podr\u00e1n inscribirse y solicitar material que promueve el conocimiento y la valoraci\u00f3n de la biodiversidad regional.<\/p>\n","protected":false},"author":37,"featured_media":38893,"comment_status":"open","ping_status":"open","sticky":false,"template":"","format":"standard","meta":{"_acf_changed":false,"_exactmetrics_skip_tracking":false,"_exactmetrics_sitenote_active":false,"_exactmetrics_sitenote_note":"","_exactmetrics_sitenote_category":0,"footnotes":"","_links_to":"","_links_to_target":""},"categories":[4,1],"tags":[],"class_list":["post-38889","post","type-post","status-publish","format-standard","has-post-thumbnail","hentry","category-noticias","category-sin-categoria"],"acf":[],"yoast_head":"<!-- This site is optimized with the Yoast SEO plugin v26.7 - https:\/\/yoast.com\/wordpress\/plugins\/seo\/ -->\n<title>Recursos educativos y visitas guiadas por el bosque para tu curso: vuelve Parques y Reservas como Laboratorio Natural - Aysen<\/title>\n<meta name=\"robots\" content=\"index, follow, max-snippet:-1, max-image-preview:large, max-video-preview:-1\" \/>\n<link rel=\"canonical\" href=\"https:\/\/dev.explora.cl\/aysen\/recursos-educativos-y-visitas-guiadas-por-el-bosque-para-tu-curso-vuelve-parques-y-reservas-como-laboratorio-natural\/\" class=\"yoast-seo-meta-tag\" \/>\n<meta property=\"og:locale\" content=\"es_ES\" class=\"yoast-seo-meta-tag\" \/>\n<meta property=\"og:type\" content=\"article\" class=\"yoast-seo-meta-tag\" \/>\n<meta property=\"og:title\" content=\"Recursos educativos y visitas guiadas por el bosque para tu curso: vuelve Parques y Reservas como Laboratorio Natural - Aysen\" class=\"yoast-seo-meta-tag\" \/>\n<meta property=\"og:description\" content=\"Hasta el mi\u00e9rcoles 13 de noviembre, docentes de cursos de primer ciclo b\u00e1sico de establecimientos educacionales de la regi\u00f3n de Ays\u00e9n podr\u00e1n inscribirse y solicitar material que promueve el conocimiento y la valoraci\u00f3n de la biodiversidad regional.\" class=\"yoast-seo-meta-tag\" \/>\n<meta property=\"og:url\" content=\"https:\/\/dev.explora.cl\/aysen\/recursos-educativos-y-visitas-guiadas-por-el-bosque-para-tu-curso-vuelve-parques-y-reservas-como-laboratorio-natural\/\" class=\"yoast-seo-meta-tag\" \/>\n<meta property=\"og:site_name\" content=\"Aysen\" class=\"yoast-seo-meta-tag\" \/>\n<meta property=\"article:published_time\" content=\"2024-11-08T15:52:30+00:00\" class=\"yoast-seo-meta-tag\" \/>\n<meta property=\"article:modified_time\" content=\"2025-04-22T15:35:05+00:00\" class=\"yoast-seo-meta-tag\" \/>\n<meta property=\"og:image\" content=\"https:\/\/dev.explora.cl\/aysen\/wp-content\/uploads\/sites\/18\/2024\/11\/Inscripciones-Parques-2.png\" class=\"yoast-seo-meta-tag\" \/>\n\t<meta property=\"og:image:width\" content=\"1280\" class=\"yoast-seo-meta-tag\" \/>\n\t<meta property=\"og:image:height\" content=\"720\" class=\"yoast-seo-meta-tag\" \/>\n\t<meta property=\"og:image:type\" content=\"image\/png\" class=\"yoast-seo-meta-tag\" \/>\n<meta name=\"author\" content=\"scisternas\" class=\"yoast-seo-meta-tag\" \/>\n<meta name=\"twitter:card\" content=\"summary_large_image\" class=\"yoast-seo-meta-tag\" \/>\n<meta name=\"twitter:label1\" content=\"Escrito por\" class=\"yoast-seo-meta-tag\" \/>\n\t<meta name=\"twitter:data1\" content=\"scisternas\" class=\"yoast-seo-meta-tag\" \/>\n\t<meta name=\"twitter:label2\" content=\"Tiempo estimado de lectura\" class=\"yoast-seo-meta-tag\" \/>\n\t<meta name=\"twitter:data2\" content=\"2 minutos\" class=\"yoast-seo-meta-tag\" \/>\n<script type=\"application\/ld+json\" class=\"yoast-schema-graph\">{\"@context\":\"https:\/\/schema.org\",\"@graph\":[{\"@type\":\"Article\",\"@id\":\"https:\/\/dev.explora.cl\/aysen\/recursos-educativos-y-visitas-guiadas-por-el-bosque-para-tu-curso-vuelve-parques-y-reservas-como-laboratorio-natural\/#article\",\"isPartOf\":{\"@id\":\"https:\/\/dev.explora.cl\/aysen\/recursos-educativos-y-visitas-guiadas-por-el-bosque-para-tu-curso-vuelve-parques-y-reservas-como-laboratorio-natural\/\"},\"author\":{\"name\":\"scisternas\",\"@id\":\"https:\/\/dev.explora.cl\/aysen\/#\/schema\/person\/81c802b1e3b443e2575e555b39e60a05\"},\"headline\":\"Recursos educativos y visitas guiadas por el bosque para tu curso: vuelve Parques y Reservas como Laboratorio Natural\",\"datePublished\":\"2024-11-08T15:52:30+00:00\",\"dateModified\":\"2025-04-22T15:35:05+00:00\",\"mainEntityOfPage\":{\"@id\":\"https:\/\/dev.explora.cl\/aysen\/recursos-educativos-y-visitas-guiadas-por-el-bosque-para-tu-curso-vuelve-parques-y-reservas-como-laboratorio-natural\/\"},\"wordCount\":260,\"commentCount\":0,\"image\":{\"@id\":\"https:\/\/dev.explora.cl\/aysen\/recursos-educativos-y-visitas-guiadas-por-el-bosque-para-tu-curso-vuelve-parques-y-reservas-como-laboratorio-natural\/#primaryimage\"},\"thumbnailUrl\":\"https:\/\/dev.explora.cl\/aysen\/wp-content\/uploads\/sites\/18\/2024\/11\/Inscripciones-Parques-2.png\",\"articleSection\":[\"Noticias\"],\"inLanguage\":\"es-CL\",\"potentialAction\":[{\"@type\":\"CommentAction\",\"name\":\"Comment\",\"target\":[\"https:\/\/dev.explora.cl\/aysen\/recursos-educativos-y-visitas-guiadas-por-el-bosque-para-tu-curso-vuelve-parques-y-reservas-como-laboratorio-natural\/#respond\"]}]},{\"@type\":\"WebPage\",\"@id\":\"https:\/\/dev.explora.cl\/aysen\/recursos-educativos-y-visitas-guiadas-por-el-bosque-para-tu-curso-vuelve-parques-y-reservas-como-laboratorio-natural\/\",\"url\":\"https:\/\/dev.explora.cl\/aysen\/recursos-educativos-y-visitas-guiadas-por-el-bosque-para-tu-curso-vuelve-parques-y-reservas-como-laboratorio-natural\/\",\"name\":\"Recursos educativos y visitas guiadas por el bosque para tu curso: vuelve Parques y Reservas como Laboratorio Natural - Aysen\",\"isPartOf\":{\"@id\":\"https:\/\/dev.explora.cl\/aysen\/#website\"},\"primaryImageOfPage\":{\"@id\":\"https:\/\/dev.explora.cl\/aysen\/recursos-educativos-y-visitas-guiadas-por-el-bosque-para-tu-curso-vuelve-parques-y-reservas-como-laboratorio-natural\/#primaryimage\"},\"image\":{\"@id\":\"https:\/\/dev.explora.cl\/aysen\/recursos-educativos-y-visitas-guiadas-por-el-bosque-para-tu-curso-vuelve-parques-y-reservas-como-laboratorio-natural\/#primaryimage\"},\"thumbnailUrl\":\"https:\/\/dev.explora.cl\/aysen\/wp-content\/uploads\/sites\/18\/2024\/11\/Inscripciones-Parques-2.png\",\"datePublished\":\"2024-11-08T15:52:30+00:00\",\"dateModified\":\"2025-04-22T15:35:05+00:00\",\"author\":{\"@id\":\"https:\/\/dev.explora.cl\/aysen\/#\/schema\/person\/81c802b1e3b443e2575e555b39e60a05\"},\"breadcrumb\":{\"@id\":\"https:\/\/dev.explora.cl\/aysen\/recursos-educativos-y-visitas-guiadas-por-el-bosque-para-tu-curso-vuelve-parques-y-reservas-como-laboratorio-natural\/#breadcrumb\"},\"inLanguage\":\"es-CL\",\"potentialAction\":[{\"@type\":\"ReadAction\",\"target\":[\"https:\/\/dev.explora.cl\/aysen\/recursos-educativos-y-visitas-guiadas-por-el-bosque-para-tu-curso-vuelve-parques-y-reservas-como-laboratorio-natural\/\"]}]},{\"@type\":\"ImageObject\",\"inLanguage\":\"es-CL\",\"@id\":\"https:\/\/dev.explora.cl\/aysen\/recursos-educativos-y-visitas-guiadas-por-el-bosque-para-tu-curso-vuelve-parques-y-reservas-como-laboratorio-natural\/#primaryimage\",\"url\":\"https:\/\/dev.explora.cl\/aysen\/wp-content\/uploads\/sites\/18\/2024\/11\/Inscripciones-Parques-2.png\",\"contentUrl\":\"https:\/\/dev.explora.cl\/aysen\/wp-content\/uploads\/sites\/18\/2024\/11\/Inscripciones-Parques-2.png\",\"width\":1280,\"height\":720},{\"@type\":\"BreadcrumbList\",\"@id\":\"https:\/\/dev.explora.cl\/aysen\/recursos-educativos-y-visitas-guiadas-por-el-bosque-para-tu-curso-vuelve-parques-y-reservas-como-laboratorio-natural\/#breadcrumb\",\"itemListElement\":[{\"@type\":\"ListItem\",\"position\":1,\"name\":\"Portada\",\"item\":\"https:\/\/dev.explora.cl\/aysen\/\"},{\"@type\":\"ListItem\",\"position\":2,\"name\":\"Recursos educativos y visitas guiadas por el bosque para tu curso: vuelve Parques y Reservas como Laboratorio Natural\"}]},{\"@type\":\"WebSite\",\"@id\":\"https:\/\/dev.explora.cl\/aysen\/#website\",\"url\":\"https:\/\/dev.explora.cl\/aysen\/\",\"name\":\"Aysen\",\"description\":\"Otro sitio m\u00e1s de dev.explora.cl\",\"potentialAction\":[{\"@type\":\"SearchAction\",\"target\":{\"@type\":\"EntryPoint\",\"urlTemplate\":\"https:\/\/dev.explora.cl\/aysen\/?s={search_term_string}\"},\"query-input\":{\"@type\":\"PropertyValueSpecification\",\"valueRequired\":true,\"valueName\":\"search_term_string\"}}],\"inLanguage\":\"es-CL\"},{\"@type\":\"Person\",\"@id\":\"https:\/\/dev.explora.cl\/aysen\/#\/schema\/person\/81c802b1e3b443e2575e555b39e60a05\",\"name\":\"scisternas\",\"image\":{\"@type\":\"ImageObject\",\"inLanguage\":\"es-CL\",\"@id\":\"https:\/\/dev.explora.cl\/aysen\/#\/schema\/person\/image\/\",\"url\":\"https:\/\/secure.gravatar.com\/avatar\/611c8f1946b775bdf01b0521c85a9381c3ad08d928d8ead34ce577b0fa231c76?s=96&d=mm&r=g\",\"contentUrl\":\"https:\/\/secure.gravatar.com\/avatar\/611c8f1946b775bdf01b0521c85a9381c3ad08d928d8ead34ce577b0fa231c76?s=96&d=mm&r=g\",\"caption\":\"scisternas\"},\"url\":\"https:\/\/dev.explora.cl\/aysen\/author\/scisternas\/\"}]}<\/script>\n<!-- \/ Yoast SEO plugin. -->","yoast_head_json":{"title":"Recursos educativos y visitas guiadas por el bosque para tu curso: vuelve Parques y Reservas como Laboratorio Natural - Aysen","robots":{"index":"index","follow":"follow","max-snippet":"max-snippet:-1","max-image-preview":"max-image-preview:large","max-video-preview":"max-video-preview:-1"},"canonical":"https:\/\/dev.explora.cl\/aysen\/recursos-educativos-y-visitas-guiadas-por-el-bosque-para-tu-curso-vuelve-parques-y-reservas-como-laboratorio-natural\/","og_locale":"es_ES","og_type":"article","og_title":"Recursos educativos y visitas guiadas por el bosque para tu curso: vuelve Parques y Reservas como Laboratorio Natural - Aysen","og_description":"Hasta el mi\u00e9rcoles 13 de noviembre, docentes de cursos de primer ciclo b\u00e1sico de establecimientos educacionales de la regi\u00f3n de Ays\u00e9n podr\u00e1n inscribirse y solicitar material que promueve el conocimiento y la valoraci\u00f3n de la biodiversidad regional.","og_url":"https:\/\/dev.explora.cl\/aysen\/recursos-educativos-y-visitas-guiadas-por-el-bosque-para-tu-curso-vuelve-parques-y-reservas-como-laboratorio-natural\/","og_site_name":"Aysen","article_published_time":"2024-11-08T15:52:30+00:00","article_modified_time":"2025-04-22T15:35:05+00:00","og_image":[{"width":1280,"height":720,"url":"https:\/\/dev.explora.cl\/aysen\/wp-content\/uploads\/sites\/18\/2024\/11\/Inscripciones-Parques-2.png","type":"image\/png"}],"author":"scisternas","twitter_card":"summary_large_image","twitter_misc":{"Escrito por":"scisternas","Tiempo estimado de lectura":"2 minutos"},"schema":{"@context":"https:\/\/schema.org","@graph":[{"@type":"Article","@id":"https:\/\/dev.explora.cl\/aysen\/recursos-educativos-y-visitas-guiadas-por-el-bosque-para-tu-curso-vuelve-parques-y-reservas-como-laboratorio-natural\/#article","isPartOf":{"@id":"https:\/\/dev.explora.cl\/aysen\/recursos-educativos-y-visitas-guiadas-por-el-bosque-para-tu-curso-vuelve-parques-y-reservas-como-laboratorio-natural\/"},"author":{"name":"scisternas","@id":"https:\/\/dev.explora.cl\/aysen\/#\/schema\/person\/81c802b1e3b443e2575e555b39e60a05"},"headline":"Recursos educativos y visitas guiadas por el bosque para tu curso: vuelve Parques y Reservas como Laboratorio Natural","datePublished":"2024-11-08T15:52:30+00:00","dateModified":"2025-04-22T15:35:05+00:00","mainEntityOfPage":{"@id":"https:\/\/dev.explora.cl\/aysen\/recursos-educativos-y-visitas-guiadas-por-el-bosque-para-tu-curso-vuelve-parques-y-reservas-como-laboratorio-natural\/"},"wordCount":260,"commentCount":0,"image":{"@id":"https:\/\/dev.explora.cl\/aysen\/recursos-educativos-y-visitas-guiadas-por-el-bosque-para-tu-curso-vuelve-parques-y-reservas-como-laboratorio-natural\/#primaryimage"},"thumbnailUrl":"https:\/\/dev.explora.cl\/aysen\/wp-content\/uploads\/sites\/18\/2024\/11\/Inscripciones-Parques-2.png","articleSection":["Noticias"],"inLanguage":"es-CL","potentialAction":[{"@type":"CommentAction","name":"Comment","target":["https:\/\/dev.explora.cl\/aysen\/recursos-educativos-y-visitas-guiadas-por-el-bosque-para-tu-curso-vuelve-parques-y-reservas-como-laboratorio-natural\/#respond"]}]},{"@type":"WebPage","@id":"https:\/\/dev.explora.cl\/aysen\/recursos-educativos-y-visitas-guiadas-por-el-bosque-para-tu-curso-vuelve-parques-y-reservas-como-laboratorio-natural\/","url":"https:\/\/dev.explora.cl\/aysen\/recursos-educativos-y-visitas-guiadas-por-el-bosque-para-tu-curso-vuelve-parques-y-reservas-como-laboratorio-natural\/","name":"Recursos educativos y visitas guiadas por el bosque para tu curso: vuelve Parques y Reservas como Laboratorio Natural - Aysen","isPartOf":{"@id":"https:\/\/dev.explora.cl\/aysen\/#website"},"primaryImageOfPage":{"@id":"https:\/\/dev.explora.cl\/aysen\/recursos-educativos-y-visitas-guiadas-por-el-bosque-para-tu-curso-vuelve-parques-y-reservas-como-laboratorio-natural\/#primaryimage"},"image":{"@id":"https:\/\/dev.explora.cl\/aysen\/recursos-educativos-y-visitas-guiadas-por-el-bosque-para-tu-curso-vuelve-parques-y-reservas-como-laboratorio-natural\/#primaryimage"},"thumbnailUrl":"https:\/\/dev.explora.cl\/aysen\/wp-content\/uploads\/sites\/18\/2024\/11\/Inscripciones-Parques-2.png","datePublished":"2024-11-08T15:52:30+00:00","dateModified":"2025-04-22T15:35:05+00:00","author":{"@id":"https:\/\/dev.explora.cl\/aysen\/#\/schema\/person\/81c802b1e3b443e2575e555b39e60a05"},"breadcrumb":{"@id":"https:\/\/dev.explora.cl\/aysen\/recursos-educativos-y-visitas-guiadas-por-el-bosque-para-tu-curso-vuelve-parques-y-reservas-como-laboratorio-natural\/#breadcrumb"},"inLanguage":"es-CL","potentialAction":[{"@type":"ReadAction","target":["https:\/\/dev.explora.cl\/aysen\/recursos-educativos-y-visitas-guiadas-por-el-bosque-para-tu-curso-vuelve-parques-y-reservas-como-laboratorio-natural\/"]}]},{"@type":"ImageObject","inLanguage":"es-CL","@id":"https:\/\/dev.explora.cl\/aysen\/recursos-educativos-y-visitas-guiadas-por-el-bosque-para-tu-curso-vuelve-parques-y-reservas-como-laboratorio-natural\/#primaryimage","url":"https:\/\/dev.explora.cl\/aysen\/wp-content\/uploads\/sites\/18\/2024\/11\/Inscripciones-Parques-2.png","contentUrl":"https:\/\/dev.explora.cl\/aysen\/wp-content\/uploads\/sites\/18\/2024\/11\/Inscripciones-Parques-2.png","width":1280,"height":720},{"@type":"BreadcrumbList","@id":"https:\/\/dev.explora.cl\/aysen\/recursos-educativos-y-visitas-guiadas-por-el-bosque-para-tu-curso-vuelve-parques-y-reservas-como-laboratorio-natural\/#breadcrumb","itemListElement":[{"@type":"ListItem","position":1,"name":"Portada","item":"https:\/\/dev.explora.cl\/aysen\/"},{"@type":"ListItem","position":2,"name":"Recursos educativos y visitas guiadas por el bosque para tu curso: vuelve Parques y Reservas como Laboratorio Natural"}]},{"@type":"WebSite","@id":"https:\/\/dev.explora.cl\/aysen\/#website","url":"https:\/\/dev.explora.cl\/aysen\/","name":"Aysen","description":"Otro sitio m\u00e1s de dev.explora.cl","potentialAction":[{"@type":"SearchAction","target":{"@type":"EntryPoint","urlTemplate":"https:\/\/dev.explora.cl\/aysen\/?s={search_term_string}"},"query-input":{"@type":"PropertyValueSpecification","valueRequired":true,"valueName":"search_term_string"}}],"inLanguage":"es-CL"},{"@type":"Person","@id":"https:\/\/dev.explora.cl\/aysen\/#\/schema\/person\/81c802b1e3b443e2575e555b39e60a05","name":"scisternas","image":{"@type":"ImageObject","inLanguage":"es-CL","@id":"https:\/\/dev.explora.cl\/aysen\/#\/schema\/person\/image\/","url":"https:\/\/secure.gravatar.com\/avatar\/611c8f1946b775bdf01b0521c85a9381c3ad08d928d8ead34ce577b0fa231c76?s=96&d=mm&r=g","contentUrl":"https:\/\/secure.gravatar.com\/avatar\/611c8f1946b775bdf01b0521c85a9381c3ad08d928d8ead34ce577b0fa231c76?s=96&d=mm&r=g","caption":"scisternas"},"url":"https:\/\/dev.explora.cl\/aysen\/author\/scisternas\/"}]}},"_links":{"self":[{"href":"https:\/\/dev.explora.cl\/aysen\/wp-json\/wp\/v2\/posts\/38889","targetHints":{"allow":["GET"]}}],"collection":[{"href":"https:\/\/dev.explora.cl\/aysen\/wp-json\/wp\/v2\/posts"}],"about":[{"href":"https:\/\/dev.explora.cl\/aysen\/wp-json\/wp\/v2\/types\/post"}],"author":[{"embeddable":true,"href":"https:\/\/dev.explora.cl\/aysen\/wp-json\/wp\/v2\/users\/37"}],"replies":[{"embeddable":true,"href":"https:\/\/dev.explora.cl\/aysen\/wp-json\/wp\/v2\/comments?post=38889"}],"version-history":[{"count":10,"href":"https:\/\/dev.explora.cl\/aysen\/wp-json\/wp\/v2\/posts\/38889\/revisions"}],"predecessor-version":[{"id":38901,"href":"https:\/\/dev.explora.cl\/aysen\/wp-json\/wp\/v2\/posts\/38889\/revisions\/38901"}],"wp:featuredmedia":[{"embeddable":true,"href":"https:\/\/dev.explora.cl\/aysen\/wp-json\/wp\/v2\/media\/38893"}],"wp:attachment":[{"href":"https:\/\/dev.explora.cl\/aysen\/wp-json\/wp\/v2\/media?parent=38889"}],"wp:term":[{"taxonomy":"category","embeddable":true,"href":"https:\/\/dev.explora.cl\/aysen\/wp-json\/wp\/v2\/categories?post=38889"},{"taxonomy":"post_tag","embeddable":true,"href":"https:\/\/dev.explora.cl\/aysen\/wp-json\/wp\/v2\/tags?post=38889"}],"curies":[{"name":"wp","href":"https:\/\/api.w.org\/{rel}","templated":true}]}}