{"id":38813,"date":"2024-03-25T18:24:44","date_gmt":"2024-03-25T21:24:44","guid":{"rendered":"https:\/\/dev.explora.cl\/aysen\/?p=38813"},"modified":"2024-05-17T08:53:51","modified_gmt":"2024-05-17T12:53:51","slug":"par-explora-aysen-invita-a-la-comunidad-cientifica-a-asesorar-un-equipo-de-investigacion-e-innovacion-escolar","status":"publish","type":"post","link":"https:\/\/dev.explora.cl\/aysen\/par-explora-aysen-invita-a-la-comunidad-cientifica-a-asesorar-un-equipo-de-investigacion-e-innovacion-escolar\/","title":{"rendered":"PAR Explora Ays\u00e9n invita a la comunidad cient\u00edfica a asesorar un equipo de investigaci\u00f3n e innovaci\u00f3n escolar"},"content":{"rendered":"<p><i><span style=\"font-weight: 400\">La convocatoria estar\u00e1 abierta hasta el 12 de abril y busca establecer v\u00ednculos entre la comunidad cient\u00edfica y estudiantes de educaci\u00f3n b\u00e1sica y media de la regi\u00f3n de Ays\u00e9n, quienes durante el 2024 participar\u00e1n en el Programa de Investigaci\u00f3n e Innovaci\u00f3n Escolar, IIE.<\/span><\/i><\/p>\n<p><!--more--><\/p>\n<p><span style=\"font-weight: 400\">Treinta y nueve equipos escolares de ense\u00f1anza b\u00e1sica y media de 11 localidades de la regi\u00f3n de Ays\u00e9n se sumaron a la convocatoria 2024 del Programa de Investigaci\u00f3n e Innovaci\u00f3n Escolar, IIE, impulsado por el Proyecto Explora Ays\u00e9n del Ministerio de Ciencia, Tecnolog\u00eda, Conocimiento e Innovaci\u00f3n y la Universidad Austral de Chile, Campus Patagonia.<\/span><\/p>\n<p><span style=\"font-weight: 400\">El Programa incluir\u00e1 talleres sobre metodolog\u00eda de la investigaci\u00f3n e innovaci\u00f3n para las y los estudiantes, adem\u00e1s de espacios de socializaci\u00f3n, con el desaf\u00edo de que cada equipo avance en el desarrollo de un proyecto de investigaci\u00f3n o innovaci\u00f3n que aborde soluciones a problem\u00e1ticas o necesidades locales.<\/span><\/p>\n<p><b>Rol de asesoras y asesores<\/b><\/p>\n<p><span style=\"font-weight: 400\">Para enriquecer esta experiencia, el PAR Explora Ays\u00e9n invita a la comunidad cient\u00edfica a participar en la convocatoria de Asesor\u00edas Cient\u00edficas IIE 2024, la cual busca vincular profesionales del \u00e1mbito de las ciencias con la comunidad escolar, <strong>alineando sus \u00e1reas de estudio con las necesidades espec\u00edficas de cada equipo de investigaci\u00f3n o innovaci\u00f3n escolar<\/strong>.<\/span><\/p>\n<p><span style=\"font-weight: 400\"><strong>Pueden postular profesionales vinculados a la ciencia, tecnolog\u00eda, conocimiento e innovaci\u00f3n (CTCI)<\/strong> provenientes de universidades, centros de investigaci\u00f3n, instituciones p\u00fablicas y\/o privadas y ONG, que deseen asesorar a equipos en el dise\u00f1o y\/o desarrollo de sus proyectos.\u00a0<\/span><\/p>\n<p><span style=\"font-weight: 400\">El Programa IIE propiciar\u00e1 el intercambio de experiencias entre las(os) asesoras(es) y los equipos en encuentros aut\u00f3nomos, presenciales y\/o virtuales, que permitan resolver inquietudes, entregar retroalimentaci\u00f3n te\u00f3rica y metodol\u00f3gica, y ampliar las t\u00e9cnicas de investigaci\u00f3n e innovaci\u00f3n cient\u00edfica escolar.<\/span><\/p>\n<p><span style=\"font-weight: 400\">\u201cEl compromiso y la participaci\u00f3n de las asesoras y los asesores cient\u00edficos complementa y enriquece el trabajo que realizamos como Proyecto, ya que permite que las comunidades escolares de Ays\u00e9n se vinculen con quienes trabajan en el \u00e1mbito cient\u00edfico regional, recibiendo orientaciones y consejos durante el desarrollo de sus proyectos, lo que impacta positivamente en sus desempe\u00f1os y motivaciones durante el Programa y, mejor a\u00fan, durante sus primeras experiencias en ciencias y en innovaci\u00f3n\u201d se\u00f1al\u00f3 Viviana Pizarro, directora del PAR Explora Ays\u00e9n.\u00a0<\/span><\/p>\n<p><b>Proceso y fechas clave<\/b><\/p>\n<p><span style=\"font-weight: 400\"><strong>Las postulaciones estar\u00e1n abiertas entre el 25 de marzo y el 12 de abril de 2024,<\/strong> plazo en que las(os) interesadas(os) deber\u00e1n completar un sencillo formulario. Los resultados ser\u00e1n notificados el d\u00eda 26 de abril y quienes resulten seleccionadas(os) participar\u00e1n en un taller de inducci\u00f3n virtual programado para el 23 de mayo de 2024.<\/span><\/p>\n<p><span style=\"font-weight: 400\">Todas las consultas deber\u00e1n dirigirse a Javiera Beltr\u00e1n al correo <\/span><a href=\"mailto:javiera.beltran@uach.cl\"><span style=\"font-weight: 400\">javiera.beltran@uach.cl<\/span><\/a><span style=\"font-weight: 400\"> hasta el 5 de abril.<\/span><\/p>\n<ul>\n<li style=\"font-weight: 400\"><a href=\"https:\/\/drive.google.com\/file\/d\/1eLCwPjMIwX-_1F2JBCyz4Fv6_nfDyQ-1\/view?usp=drive_link\" target=\"_blank\" rel=\"noopener noreferrer\"><span style=\"font-weight: 400\">Bases Asesor\u00edas IIE 2024<\/span><\/a><\/li>\n<li style=\"font-weight: 400\"><a href=\"https:\/\/docs.google.com\/forms\/d\/e\/1FAIpQLSdbf9bufRFqKULaQegUwuw46VtRAFAkS8hU-YqmsxZR5dQlGg\/viewform\" target=\"_blank\" rel=\"noopener noreferrer\"><span style=\"font-weight: 400\">Formulario de inscripci\u00f3n<\/span><\/a><\/li>\n<\/ul>\n","protected":false},"excerpt":{"rendered":"<p>La convocatoria estar\u00e1 abierta hasta el 12 de abril y busca establecer v\u00ednculos entre la comunidad cient\u00edfica y estudiantes de educaci\u00f3n b\u00e1sica y media de la regi\u00f3n de Ays\u00e9n, quienes durante el 2024 participar\u00e1n en el Programa de Investigaci\u00f3n e Innovaci\u00f3n Escolar, IIE.<\/p>\n","protected":false},"author":37,"featured_media":38814,"comment_status":"open","ping_status":"open","sticky":false,"template":"","format":"standard","meta":{"_acf_changed":false,"_exactmetrics_skip_tracking":false,"_exactmetrics_sitenote_active":false,"_exactmetrics_sitenote_note":"","_exactmetrics_sitenote_category":0,"footnotes":"","_links_to":"","_links_to_target":""},"categories":[4],"tags":[],"class_list":["post-38813","post","type-post","status-publish","format-standard","has-post-thumbnail","hentry","category-noticias"],"acf":[],"yoast_head":"<!-- This site is optimized with the Yoast SEO plugin v26.7 - https:\/\/yoast.com\/wordpress\/plugins\/seo\/ -->\n<title>PAR Explora Ays\u00e9n invita a la comunidad cient\u00edfica a asesorar un equipo de investigaci\u00f3n e innovaci\u00f3n escolar - Aysen<\/title>\n<meta name=\"robots\" content=\"index, follow, max-snippet:-1, max-image-preview:large, max-video-preview:-1\" \/>\n<link rel=\"canonical\" href=\"https:\/\/dev.explora.cl\/aysen\/par-explora-aysen-invita-a-la-comunidad-cientifica-a-asesorar-un-equipo-de-investigacion-e-innovacion-escolar\/\" class=\"yoast-seo-meta-tag\" \/>\n<meta property=\"og:locale\" content=\"es_ES\" class=\"yoast-seo-meta-tag\" \/>\n<meta property=\"og:type\" content=\"article\" class=\"yoast-seo-meta-tag\" \/>\n<meta property=\"og:title\" content=\"PAR Explora Ays\u00e9n invita a la comunidad cient\u00edfica a asesorar un equipo de investigaci\u00f3n e innovaci\u00f3n escolar - Aysen\" class=\"yoast-seo-meta-tag\" \/>\n<meta property=\"og:description\" content=\"La convocatoria estar\u00e1 abierta hasta el 12 de abril y busca establecer v\u00ednculos entre la comunidad cient\u00edfica y estudiantes de educaci\u00f3n b\u00e1sica y media de la regi\u00f3n de Ays\u00e9n, quienes durante el 2024 participar\u00e1n en el Programa de Investigaci\u00f3n e Innovaci\u00f3n Escolar, IIE.\" class=\"yoast-seo-meta-tag\" \/>\n<meta property=\"og:url\" content=\"https:\/\/dev.explora.cl\/aysen\/par-explora-aysen-invita-a-la-comunidad-cientifica-a-asesorar-un-equipo-de-investigacion-e-innovacion-escolar\/\" class=\"yoast-seo-meta-tag\" \/>\n<meta property=\"og:site_name\" content=\"Aysen\" class=\"yoast-seo-meta-tag\" \/>\n<meta property=\"article:published_time\" content=\"2024-03-25T21:24:44+00:00\" class=\"yoast-seo-meta-tag\" \/>\n<meta property=\"article:modified_time\" content=\"2024-05-17T12:53:51+00:00\" class=\"yoast-seo-meta-tag\" \/>\n<meta property=\"og:image\" content=\"https:\/\/dev.explora.cl\/aysen\/wp-content\/uploads\/sites\/18\/2024\/03\/asesorias-iie-2024.jpg\" class=\"yoast-seo-meta-tag\" \/>\n\t<meta property=\"og:image:width\" content=\"1812\" class=\"yoast-seo-meta-tag\" \/>\n\t<meta property=\"og:image:height\" content=\"1800\" class=\"yoast-seo-meta-tag\" \/>\n\t<meta property=\"og:image:type\" content=\"image\/jpeg\" class=\"yoast-seo-meta-tag\" \/>\n<meta name=\"author\" content=\"scisternas\" class=\"yoast-seo-meta-tag\" \/>\n<meta name=\"twitter:card\" content=\"summary_large_image\" class=\"yoast-seo-meta-tag\" \/>\n<meta name=\"twitter:label1\" content=\"Escrito por\" class=\"yoast-seo-meta-tag\" \/>\n\t<meta name=\"twitter:data1\" content=\"scisternas\" class=\"yoast-seo-meta-tag\" \/>\n\t<meta name=\"twitter:label2\" content=\"Tiempo estimado de lectura\" class=\"yoast-seo-meta-tag\" \/>\n\t<meta name=\"twitter:data2\" content=\"3 minutos\" class=\"yoast-seo-meta-tag\" \/>\n<script type=\"application\/ld+json\" class=\"yoast-schema-graph\">{\"@context\":\"https:\/\/schema.org\",\"@graph\":[{\"@type\":\"Article\",\"@id\":\"https:\/\/dev.explora.cl\/aysen\/par-explora-aysen-invita-a-la-comunidad-cientifica-a-asesorar-un-equipo-de-investigacion-e-innovacion-escolar\/#article\",\"isPartOf\":{\"@id\":\"https:\/\/dev.explora.cl\/aysen\/par-explora-aysen-invita-a-la-comunidad-cientifica-a-asesorar-un-equipo-de-investigacion-e-innovacion-escolar\/\"},\"author\":{\"name\":\"scisternas\",\"@id\":\"https:\/\/dev.explora.cl\/aysen\/#\/schema\/person\/81c802b1e3b443e2575e555b39e60a05\"},\"headline\":\"PAR Explora Ays\u00e9n invita a la comunidad cient\u00edfica a asesorar un equipo de investigaci\u00f3n e innovaci\u00f3n escolar\",\"datePublished\":\"2024-03-25T21:24:44+00:00\",\"dateModified\":\"2024-05-17T12:53:51+00:00\",\"mainEntityOfPage\":{\"@id\":\"https:\/\/dev.explora.cl\/aysen\/par-explora-aysen-invita-a-la-comunidad-cientifica-a-asesorar-un-equipo-de-investigacion-e-innovacion-escolar\/\"},\"wordCount\":527,\"commentCount\":0,\"image\":{\"@id\":\"https:\/\/dev.explora.cl\/aysen\/par-explora-aysen-invita-a-la-comunidad-cientifica-a-asesorar-un-equipo-de-investigacion-e-innovacion-escolar\/#primaryimage\"},\"thumbnailUrl\":\"https:\/\/dev.explora.cl\/aysen\/wp-content\/uploads\/sites\/18\/2024\/03\/asesorias-iie-2024.jpg\",\"articleSection\":[\"Noticias\"],\"inLanguage\":\"es-CL\",\"potentialAction\":[{\"@type\":\"CommentAction\",\"name\":\"Comment\",\"target\":[\"https:\/\/dev.explora.cl\/aysen\/par-explora-aysen-invita-a-la-comunidad-cientifica-a-asesorar-un-equipo-de-investigacion-e-innovacion-escolar\/#respond\"]}]},{\"@type\":\"WebPage\",\"@id\":\"https:\/\/dev.explora.cl\/aysen\/par-explora-aysen-invita-a-la-comunidad-cientifica-a-asesorar-un-equipo-de-investigacion-e-innovacion-escolar\/\",\"url\":\"https:\/\/dev.explora.cl\/aysen\/par-explora-aysen-invita-a-la-comunidad-cientifica-a-asesorar-un-equipo-de-investigacion-e-innovacion-escolar\/\",\"name\":\"PAR Explora Ays\u00e9n invita a la comunidad cient\u00edfica a asesorar un equipo de investigaci\u00f3n e innovaci\u00f3n escolar - Aysen\",\"isPartOf\":{\"@id\":\"https:\/\/dev.explora.cl\/aysen\/#website\"},\"primaryImageOfPage\":{\"@id\":\"https:\/\/dev.explora.cl\/aysen\/par-explora-aysen-invita-a-la-comunidad-cientifica-a-asesorar-un-equipo-de-investigacion-e-innovacion-escolar\/#primaryimage\"},\"image\":{\"@id\":\"https:\/\/dev.explora.cl\/aysen\/par-explora-aysen-invita-a-la-comunidad-cientifica-a-asesorar-un-equipo-de-investigacion-e-innovacion-escolar\/#primaryimage\"},\"thumbnailUrl\":\"https:\/\/dev.explora.cl\/aysen\/wp-content\/uploads\/sites\/18\/2024\/03\/asesorias-iie-2024.jpg\",\"datePublished\":\"2024-03-25T21:24:44+00:00\",\"dateModified\":\"2024-05-17T12:53:51+00:00\",\"author\":{\"@id\":\"https:\/\/dev.explora.cl\/aysen\/#\/schema\/person\/81c802b1e3b443e2575e555b39e60a05\"},\"breadcrumb\":{\"@id\":\"https:\/\/dev.explora.cl\/aysen\/par-explora-aysen-invita-a-la-comunidad-cientifica-a-asesorar-un-equipo-de-investigacion-e-innovacion-escolar\/#breadcrumb\"},\"inLanguage\":\"es-CL\",\"potentialAction\":[{\"@type\":\"ReadAction\",\"target\":[\"https:\/\/dev.explora.cl\/aysen\/par-explora-aysen-invita-a-la-comunidad-cientifica-a-asesorar-un-equipo-de-investigacion-e-innovacion-escolar\/\"]}]},{\"@type\":\"ImageObject\",\"inLanguage\":\"es-CL\",\"@id\":\"https:\/\/dev.explora.cl\/aysen\/par-explora-aysen-invita-a-la-comunidad-cientifica-a-asesorar-un-equipo-de-investigacion-e-innovacion-escolar\/#primaryimage\",\"url\":\"https:\/\/dev.explora.cl\/aysen\/wp-content\/uploads\/sites\/18\/2024\/03\/asesorias-iie-2024.jpg\",\"contentUrl\":\"https:\/\/dev.explora.cl\/aysen\/wp-content\/uploads\/sites\/18\/2024\/03\/asesorias-iie-2024.jpg\",\"width\":1812,\"height\":1800},{\"@type\":\"BreadcrumbList\",\"@id\":\"https:\/\/dev.explora.cl\/aysen\/par-explora-aysen-invita-a-la-comunidad-cientifica-a-asesorar-un-equipo-de-investigacion-e-innovacion-escolar\/#breadcrumb\",\"itemListElement\":[{\"@type\":\"ListItem\",\"position\":1,\"name\":\"Portada\",\"item\":\"https:\/\/dev.explora.cl\/aysen\/\"},{\"@type\":\"ListItem\",\"position\":2,\"name\":\"PAR Explora Ays\u00e9n invita a la comunidad cient\u00edfica a asesorar un equipo de investigaci\u00f3n e innovaci\u00f3n escolar\"}]},{\"@type\":\"WebSite\",\"@id\":\"https:\/\/dev.explora.cl\/aysen\/#website\",\"url\":\"https:\/\/dev.explora.cl\/aysen\/\",\"name\":\"Aysen\",\"description\":\"Otro sitio m\u00e1s de dev.explora.cl\",\"potentialAction\":[{\"@type\":\"SearchAction\",\"target\":{\"@type\":\"EntryPoint\",\"urlTemplate\":\"https:\/\/dev.explora.cl\/aysen\/?s={search_term_string}\"},\"query-input\":{\"@type\":\"PropertyValueSpecification\",\"valueRequired\":true,\"valueName\":\"search_term_string\"}}],\"inLanguage\":\"es-CL\"},{\"@type\":\"Person\",\"@id\":\"https:\/\/dev.explora.cl\/aysen\/#\/schema\/person\/81c802b1e3b443e2575e555b39e60a05\",\"name\":\"scisternas\",\"image\":{\"@type\":\"ImageObject\",\"inLanguage\":\"es-CL\",\"@id\":\"https:\/\/dev.explora.cl\/aysen\/#\/schema\/person\/image\/\",\"url\":\"https:\/\/secure.gravatar.com\/avatar\/611c8f1946b775bdf01b0521c85a9381c3ad08d928d8ead34ce577b0fa231c76?s=96&d=mm&r=g\",\"contentUrl\":\"https:\/\/secure.gravatar.com\/avatar\/611c8f1946b775bdf01b0521c85a9381c3ad08d928d8ead34ce577b0fa231c76?s=96&d=mm&r=g\",\"caption\":\"scisternas\"},\"url\":\"https:\/\/dev.explora.cl\/aysen\/author\/scisternas\/\"}]}<\/script>\n<!-- \/ Yoast SEO plugin. -->","yoast_head_json":{"title":"PAR Explora Ays\u00e9n invita a la comunidad cient\u00edfica a asesorar un equipo de investigaci\u00f3n e innovaci\u00f3n escolar - Aysen","robots":{"index":"index","follow":"follow","max-snippet":"max-snippet:-1","max-image-preview":"max-image-preview:large","max-video-preview":"max-video-preview:-1"},"canonical":"https:\/\/dev.explora.cl\/aysen\/par-explora-aysen-invita-a-la-comunidad-cientifica-a-asesorar-un-equipo-de-investigacion-e-innovacion-escolar\/","og_locale":"es_ES","og_type":"article","og_title":"PAR Explora Ays\u00e9n invita a la comunidad cient\u00edfica a asesorar un equipo de investigaci\u00f3n e innovaci\u00f3n escolar - Aysen","og_description":"La convocatoria estar\u00e1 abierta hasta el 12 de abril y busca establecer v\u00ednculos entre la comunidad cient\u00edfica y estudiantes de educaci\u00f3n b\u00e1sica y media de la regi\u00f3n de Ays\u00e9n, quienes durante el 2024 participar\u00e1n en el Programa de Investigaci\u00f3n e Innovaci\u00f3n Escolar, IIE.","og_url":"https:\/\/dev.explora.cl\/aysen\/par-explora-aysen-invita-a-la-comunidad-cientifica-a-asesorar-un-equipo-de-investigacion-e-innovacion-escolar\/","og_site_name":"Aysen","article_published_time":"2024-03-25T21:24:44+00:00","article_modified_time":"2024-05-17T12:53:51+00:00","og_image":[{"width":1812,"height":1800,"url":"https:\/\/dev.explora.cl\/aysen\/wp-content\/uploads\/sites\/18\/2024\/03\/asesorias-iie-2024.jpg","type":"image\/jpeg"}],"author":"scisternas","twitter_card":"summary_large_image","twitter_misc":{"Escrito por":"scisternas","Tiempo estimado de lectura":"3 minutos"},"schema":{"@context":"https:\/\/schema.org","@graph":[{"@type":"Article","@id":"https:\/\/dev.explora.cl\/aysen\/par-explora-aysen-invita-a-la-comunidad-cientifica-a-asesorar-un-equipo-de-investigacion-e-innovacion-escolar\/#article","isPartOf":{"@id":"https:\/\/dev.explora.cl\/aysen\/par-explora-aysen-invita-a-la-comunidad-cientifica-a-asesorar-un-equipo-de-investigacion-e-innovacion-escolar\/"},"author":{"name":"scisternas","@id":"https:\/\/dev.explora.cl\/aysen\/#\/schema\/person\/81c802b1e3b443e2575e555b39e60a05"},"headline":"PAR Explora Ays\u00e9n invita a la comunidad cient\u00edfica a asesorar un equipo de investigaci\u00f3n e innovaci\u00f3n escolar","datePublished":"2024-03-25T21:24:44+00:00","dateModified":"2024-05-17T12:53:51+00:00","mainEntityOfPage":{"@id":"https:\/\/dev.explora.cl\/aysen\/par-explora-aysen-invita-a-la-comunidad-cientifica-a-asesorar-un-equipo-de-investigacion-e-innovacion-escolar\/"},"wordCount":527,"commentCount":0,"image":{"@id":"https:\/\/dev.explora.cl\/aysen\/par-explora-aysen-invita-a-la-comunidad-cientifica-a-asesorar-un-equipo-de-investigacion-e-innovacion-escolar\/#primaryimage"},"thumbnailUrl":"https:\/\/dev.explora.cl\/aysen\/wp-content\/uploads\/sites\/18\/2024\/03\/asesorias-iie-2024.jpg","articleSection":["Noticias"],"inLanguage":"es-CL","potentialAction":[{"@type":"CommentAction","name":"Comment","target":["https:\/\/dev.explora.cl\/aysen\/par-explora-aysen-invita-a-la-comunidad-cientifica-a-asesorar-un-equipo-de-investigacion-e-innovacion-escolar\/#respond"]}]},{"@type":"WebPage","@id":"https:\/\/dev.explora.cl\/aysen\/par-explora-aysen-invita-a-la-comunidad-cientifica-a-asesorar-un-equipo-de-investigacion-e-innovacion-escolar\/","url":"https:\/\/dev.explora.cl\/aysen\/par-explora-aysen-invita-a-la-comunidad-cientifica-a-asesorar-un-equipo-de-investigacion-e-innovacion-escolar\/","name":"PAR Explora Ays\u00e9n invita a la comunidad cient\u00edfica a asesorar un equipo de investigaci\u00f3n e innovaci\u00f3n escolar - Aysen","isPartOf":{"@id":"https:\/\/dev.explora.cl\/aysen\/#website"},"primaryImageOfPage":{"@id":"https:\/\/dev.explora.cl\/aysen\/par-explora-aysen-invita-a-la-comunidad-cientifica-a-asesorar-un-equipo-de-investigacion-e-innovacion-escolar\/#primaryimage"},"image":{"@id":"https:\/\/dev.explora.cl\/aysen\/par-explora-aysen-invita-a-la-comunidad-cientifica-a-asesorar-un-equipo-de-investigacion-e-innovacion-escolar\/#primaryimage"},"thumbnailUrl":"https:\/\/dev.explora.cl\/aysen\/wp-content\/uploads\/sites\/18\/2024\/03\/asesorias-iie-2024.jpg","datePublished":"2024-03-25T21:24:44+00:00","dateModified":"2024-05-17T12:53:51+00:00","author":{"@id":"https:\/\/dev.explora.cl\/aysen\/#\/schema\/person\/81c802b1e3b443e2575e555b39e60a05"},"breadcrumb":{"@id":"https:\/\/dev.explora.cl\/aysen\/par-explora-aysen-invita-a-la-comunidad-cientifica-a-asesorar-un-equipo-de-investigacion-e-innovacion-escolar\/#breadcrumb"},"inLanguage":"es-CL","potentialAction":[{"@type":"ReadAction","target":["https:\/\/dev.explora.cl\/aysen\/par-explora-aysen-invita-a-la-comunidad-cientifica-a-asesorar-un-equipo-de-investigacion-e-innovacion-escolar\/"]}]},{"@type":"ImageObject","inLanguage":"es-CL","@id":"https:\/\/dev.explora.cl\/aysen\/par-explora-aysen-invita-a-la-comunidad-cientifica-a-asesorar-un-equipo-de-investigacion-e-innovacion-escolar\/#primaryimage","url":"https:\/\/dev.explora.cl\/aysen\/wp-content\/uploads\/sites\/18\/2024\/03\/asesorias-iie-2024.jpg","contentUrl":"https:\/\/dev.explora.cl\/aysen\/wp-content\/uploads\/sites\/18\/2024\/03\/asesorias-iie-2024.jpg","width":1812,"height":1800},{"@type":"BreadcrumbList","@id":"https:\/\/dev.explora.cl\/aysen\/par-explora-aysen-invita-a-la-comunidad-cientifica-a-asesorar-un-equipo-de-investigacion-e-innovacion-escolar\/#breadcrumb","itemListElement":[{"@type":"ListItem","position":1,"name":"Portada","item":"https:\/\/dev.explora.cl\/aysen\/"},{"@type":"ListItem","position":2,"name":"PAR Explora Ays\u00e9n invita a la comunidad cient\u00edfica a asesorar un equipo de investigaci\u00f3n e innovaci\u00f3n escolar"}]},{"@type":"WebSite","@id":"https:\/\/dev.explora.cl\/aysen\/#website","url":"https:\/\/dev.explora.cl\/aysen\/","name":"Aysen","description":"Otro sitio m\u00e1s de dev.explora.cl","potentialAction":[{"@type":"SearchAction","target":{"@type":"EntryPoint","urlTemplate":"https:\/\/dev.explora.cl\/aysen\/?s={search_term_string}"},"query-input":{"@type":"PropertyValueSpecification","valueRequired":true,"valueName":"search_term_string"}}],"inLanguage":"es-CL"},{"@type":"Person","@id":"https:\/\/dev.explora.cl\/aysen\/#\/schema\/person\/81c802b1e3b443e2575e555b39e60a05","name":"scisternas","image":{"@type":"ImageObject","inLanguage":"es-CL","@id":"https:\/\/dev.explora.cl\/aysen\/#\/schema\/person\/image\/","url":"https:\/\/secure.gravatar.com\/avatar\/611c8f1946b775bdf01b0521c85a9381c3ad08d928d8ead34ce577b0fa231c76?s=96&d=mm&r=g","contentUrl":"https:\/\/secure.gravatar.com\/avatar\/611c8f1946b775bdf01b0521c85a9381c3ad08d928d8ead34ce577b0fa231c76?s=96&d=mm&r=g","caption":"scisternas"},"url":"https:\/\/dev.explora.cl\/aysen\/author\/scisternas\/"}]}},"_links":{"self":[{"href":"https:\/\/dev.explora.cl\/aysen\/wp-json\/wp\/v2\/posts\/38813","targetHints":{"allow":["GET"]}}],"collection":[{"href":"https:\/\/dev.explora.cl\/aysen\/wp-json\/wp\/v2\/posts"}],"about":[{"href":"https:\/\/dev.explora.cl\/aysen\/wp-json\/wp\/v2\/types\/post"}],"author":[{"embeddable":true,"href":"https:\/\/dev.explora.cl\/aysen\/wp-json\/wp\/v2\/users\/37"}],"replies":[{"embeddable":true,"href":"https:\/\/dev.explora.cl\/aysen\/wp-json\/wp\/v2\/comments?post=38813"}],"version-history":[{"count":12,"href":"https:\/\/dev.explora.cl\/aysen\/wp-json\/wp\/v2\/posts\/38813\/revisions"}],"predecessor-version":[{"id":38826,"href":"https:\/\/dev.explora.cl\/aysen\/wp-json\/wp\/v2\/posts\/38813\/revisions\/38826"}],"wp:featuredmedia":[{"embeddable":true,"href":"https:\/\/dev.explora.cl\/aysen\/wp-json\/wp\/v2\/media\/38814"}],"wp:attachment":[{"href":"https:\/\/dev.explora.cl\/aysen\/wp-json\/wp\/v2\/media?parent=38813"}],"wp:term":[{"taxonomy":"category","embeddable":true,"href":"https:\/\/dev.explora.cl\/aysen\/wp-json\/wp\/v2\/categories?post=38813"},{"taxonomy":"post_tag","embeddable":true,"href":"https:\/\/dev.explora.cl\/aysen\/wp-json\/wp\/v2\/tags?post=38813"}],"curies":[{"name":"wp","href":"https:\/\/api.w.org\/{rel}","templated":true}]}}