{"id":38766,"date":"2024-03-01T17:34:41","date_gmt":"2024-03-01T20:34:41","guid":{"rendered":"https:\/\/dev.explora.cl\/aysen\/?p=38766"},"modified":"2024-03-25T19:46:14","modified_gmt":"2024-03-25T22:46:14","slug":"campamento-explora-va-2024-inicia-proceso-de-postulacion-dirigido-a-docentes-y-educadorases-de-la-region-de-aysen","status":"publish","type":"post","link":"https:\/\/dev.explora.cl\/aysen\/campamento-explora-va-2024-inicia-proceso-de-postulacion-dirigido-a-docentes-y-educadorases-de-la-region-de-aysen\/","title":{"rendered":"Campamento Explora VA! 2024: inicia proceso de postulaci\u00f3n dirigido a docentes y educadoras(es) de la regi\u00f3n de Ays\u00e9n\u00a0"},"content":{"rendered":"<p><i><span style=\"font-weight: 400\">La iniciativa impulsada por el PAR Explora Ays\u00e9n convoca a educadoras(es) de p\u00e1rvulos, educadoras(es) diferenciales y docentes de Educaci\u00f3n B\u00e1sica y Media de la regi\u00f3n a ser parte de un inspirador encuentro de intercambio de experiencias y aprendizaje, que busca motivar la incorporaci\u00f3n de las ciencias y la innovaci\u00f3n en las pr\u00e1cticas pedag\u00f3gicas.<\/span><\/i><\/p>\n<p><!--more--><\/p>\n<ul>\n<li style=\"font-weight: 400\">\n<h4><a href=\"https:\/\/docs.google.com\/forms\/d\/e\/1FAIpQLSfvnfP_TGZdfEvzO0wmQEB-qSEbX_5srOkkOKGh-JghY54GzA\/viewform\" target=\"_blank\" rel=\"noopener noreferrer\"><span style=\"font-weight: 400\">Accede aqu\u00ed al formulario de postulaci\u00f3n<\/span><\/a><\/h4>\n<\/li>\n<\/ul>\n<p><span style=\"font-weight: 400\">Explora VA! es una iniciativa impulsada por el Proyecto Explora Ays\u00e9n del Ministerio de Ciencia y la Universidad Austral de Chile, Campus Patagonia, que busca <strong>fortalecer competencias que apoyen la educaci\u00f3n en ciencias, tecnolog\u00eda, conocimiento e innovaci\u00f3n (CTCI) en las comunidades educativas<\/strong>, promoviendo tambi\u00e9n la formaci\u00f3n de comunidades de aprendizaje y redes de colaboraci\u00f3n entre sus participantes.<\/span><\/p>\n<p><span style=\"font-weight: 400\">El campamento \u2013<strong>cuyo plazo de postulaci\u00f3n finalizar\u00e1 el 15 de marzo<\/strong>\u2013 est\u00e1 dirigido a educadoras(es) de p\u00e1rvulos, educadoras(es) diferenciales y docentes de Educaci\u00f3n B\u00e1sica y Media de la regi\u00f3n de Ays\u00e9n, y contempla actividades entre abril y septiembre de 2024, incluyendo un taller virtual de bienvenida, un encuentro formativo y presencial de 4 d\u00edas consecutivos, la implementaci\u00f3n de una actividad por parte de cada participante en su comunidad escolar, y una jornada de cierre. <\/span><\/p>\n<p><span style=\"font-weight: 400\">\u201cExplora Va no s\u00f3lo es un espacio donde las y los participantes adquieren herramientas metodol\u00f3gicas para su quehacer pedag\u00f3gico, sino tambi\u00e9n es un espacio de encuentro e intercambio entre educadoras, educadores y docentes de todas las disciplinas, provenientes de distintos puntos de la Regi\u00f3n, lo que vendr\u00e1 a enriquecer a\u00fan m\u00e1s las actividades programadas\u201d se\u00f1al\u00f3 Viviana Pizarro, Directora del PAR Explora Ays\u00e9n.<\/span><\/p>\n<p><b>Actividades<\/b><\/p>\n<p><span style=\"font-weight: 400\">El Campamento Explora Va! comenzar\u00e1 con una reuni\u00f3n virtual el d\u00eda 4 de abril de 2024, para luego dar paso a un encuentro presencial de cuatro d\u00edas -10 al 13 de abril- que se llevar\u00e1 a cabo en el centro tur\u00edstico Pared Sur Camp, ubicado en cercan\u00edas de Puerto Guadal. <\/span><span style=\"font-weight: 400\">Aqu\u00ed, educadoras(es) y docentes abordar\u00e1n competencias de investigaci\u00f3n del Programa Explora, desarrollando experiencias cient\u00edficas y estrategias did\u00e1cticas, y utilizando recursos y herramientas de evaluaci\u00f3n.<\/span><\/p>\n<p><span style=\"font-weight: 400\">Una de las talleristas ser\u00e1\u00a0<strong>Nolfa Ib\u00e1\u00f1ez Salgado, educadora diferencial y doctora en Educaci\u00f3n, Premio Nacional de Ciencias de la Educaci\u00f3n 2021, <\/strong>quien es especialista en tem\u00e1ticas como emociones en el aula, diversidad en la construcci\u00f3n de mundo, saber pedag\u00f3gico e interculturalidad. <\/span><span style=\"font-weight: 400\">Tambi\u00e9n participar\u00e1 <strong>Pablo Gutierrez Rivera,<\/strong> <strong>dise\u00f1ador industrial y mag\u00edster en Desarrollo curricular y proyectos educativos, <\/strong>especialista en metodolog\u00edas educativas innovadoras y dise\u00f1o de entornos de aprendizaje.\u00a0<\/span><\/p>\n<p><span style=\"font-weight: 400\">Concluido el encuentro, cada participante deber\u00e1 programar la realizaci\u00f3n de una actividad en su comunidad escolar -entre los meses de mayo y septiembre de 2024- la cual debe dar cuenta de lo aprendido durante la capacitaci\u00f3n presencial. Finalmente, quienes participan deber\u00e1n compartir su experiencia en una jornada de cierre programada para el d\u00eda 27 de septiembre.<\/span><\/p>\n<p><b>Fechas clave, documentaci\u00f3n y consultas<\/b><\/p>\n<p><span style=\"font-weight: 400\">El proceso de postulaci\u00f3n estar\u00e1 abierto entre el 1 y el 15 de marzo, plazo en el que <strong>las y los interesados deber\u00e1n completar el formulario de postulaci\u00f3n<\/strong>, se\u00f1alando sus motivaciones e incorporando informaci\u00f3n de contacto personal y profesional, adem\u00e1s de una carta de compromiso otorgada por el o la directora del establecimiento educacional donde se desempe\u00f1a.<\/span><\/p>\n<p><span style=\"font-weight: 400\">Los resultados ser\u00e1n comunicados el d\u00eda 20 de marzo en el sitio web del PAR Explora Ays\u00e9n (dev.explora.cl\/aysen\/) y tambi\u00e9n a trav\u00e9s de las redes sociales del proyecto en Instagram y Facebook.\u00a0<\/span><\/p>\n<ul>\n<li><a href=\"https:\/\/drive.google.com\/file\/d\/17fHST-UtN8zMy9I2FbyMrynceSagGmLc\/view?usp=drive_link\" target=\"_blank\" rel=\"noopener noreferrer\"><span style=\"font-weight: 400\">Bases Explora Va!<\/span><\/a><\/li>\n<li><a href=\"https:\/\/docs.google.com\/document\/d\/1K2dVY3pv37DrOqU7AhTri6x9eFKa5Ltu\/edit?usp=share_link&amp;ouid=111457019361766509876&amp;rtpof=true&amp;sd=true\" target=\"_blank\" rel=\"noopener noreferrer\">Anexo: Formato de la carta de compromiso del director(a) del Establecimiento educacional<\/a><\/li>\n<li><a href=\"https:\/\/docs.google.com\/forms\/d\/e\/1FAIpQLSfvnfP_TGZdfEvzO0wmQEB-qSEbX_5srOkkOKGh-JghY54GzA\/viewform\" target=\"_blank\" rel=\"noopener noreferrer\">Formulario de postulaci\u00f3n<\/a><\/li>\n<\/ul>\n<p><span style=\"font-weight: 400\">Las consultas deber\u00e1n ser dirigidas a Karina Ocampo al correo exploraysen@uach.cl<\/span><\/p>\n<p>&nbsp;<\/p>\n","protected":false},"excerpt":{"rendered":"<p>La iniciativa impulsada por el PAR Explora Ays\u00e9n convoca a educadoras(es) de p\u00e1rvulos, educadoras(es) diferenciales y docentes de Educaci\u00f3n B\u00e1sica y Media de la regi\u00f3n a ser parte de un inspirador encuentro de intercambio de experiencias y aprendizaje, que busca motivar la incorporaci\u00f3n de las ciencias y la innovaci\u00f3n en las pr\u00e1cticas pedag\u00f3gicas.<\/p>\n","protected":false},"author":37,"featured_media":38744,"comment_status":"open","ping_status":"open","sticky":false,"template":"","format":"standard","meta":{"_acf_changed":false,"_exactmetrics_skip_tracking":false,"_exactmetrics_sitenote_active":false,"_exactmetrics_sitenote_note":"","_exactmetrics_sitenote_category":0,"footnotes":"","_links_to":"","_links_to_target":""},"categories":[4,1],"tags":[],"class_list":["post-38766","post","type-post","status-publish","format-standard","has-post-thumbnail","hentry","category-noticias","category-sin-categoria"],"acf":[],"yoast_head":"<!-- This site is optimized with the Yoast SEO plugin v26.7 - https:\/\/yoast.com\/wordpress\/plugins\/seo\/ -->\n<title>Campamento Explora VA! 2024: inicia proceso de postulaci\u00f3n dirigido a docentes y educadoras(es) de la regi\u00f3n de Ays\u00e9n\u00a0 - Aysen<\/title>\n<meta name=\"robots\" content=\"index, follow, max-snippet:-1, max-image-preview:large, max-video-preview:-1\" \/>\n<link rel=\"canonical\" href=\"https:\/\/dev.explora.cl\/aysen\/campamento-explora-va-2024-inicia-proceso-de-postulacion-dirigido-a-docentes-y-educadorases-de-la-region-de-aysen\/\" class=\"yoast-seo-meta-tag\" \/>\n<meta property=\"og:locale\" content=\"es_ES\" class=\"yoast-seo-meta-tag\" \/>\n<meta property=\"og:type\" content=\"article\" class=\"yoast-seo-meta-tag\" \/>\n<meta property=\"og:title\" content=\"Campamento Explora VA! 2024: inicia proceso de postulaci\u00f3n dirigido a docentes y educadoras(es) de la regi\u00f3n de Ays\u00e9n\u00a0 - Aysen\" class=\"yoast-seo-meta-tag\" \/>\n<meta property=\"og:description\" content=\"La iniciativa impulsada por el PAR Explora Ays\u00e9n convoca a educadoras(es) de p\u00e1rvulos, educadoras(es) diferenciales y docentes de Educaci\u00f3n B\u00e1sica y Media de la regi\u00f3n a ser parte de un inspirador encuentro de intercambio de experiencias y aprendizaje, que busca motivar la incorporaci\u00f3n de las ciencias y la innovaci\u00f3n en las pr\u00e1cticas pedag\u00f3gicas.\" class=\"yoast-seo-meta-tag\" \/>\n<meta property=\"og:url\" content=\"https:\/\/dev.explora.cl\/aysen\/campamento-explora-va-2024-inicia-proceso-de-postulacion-dirigido-a-docentes-y-educadorases-de-la-region-de-aysen\/\" class=\"yoast-seo-meta-tag\" \/>\n<meta property=\"og:site_name\" content=\"Aysen\" class=\"yoast-seo-meta-tag\" \/>\n<meta property=\"article:published_time\" content=\"2024-03-01T20:34:41+00:00\" class=\"yoast-seo-meta-tag\" \/>\n<meta property=\"article:modified_time\" content=\"2024-03-25T22:46:14+00:00\" class=\"yoast-seo-meta-tag\" \/>\n<meta property=\"og:image\" content=\"https:\/\/dev.explora.cl\/aysen\/wp-content\/uploads\/sites\/18\/2024\/01\/Campamento-Explora-Va1-1024x682.jpg\" class=\"yoast-seo-meta-tag\" \/>\n\t<meta property=\"og:image:width\" content=\"1024\" class=\"yoast-seo-meta-tag\" \/>\n\t<meta property=\"og:image:height\" content=\"682\" class=\"yoast-seo-meta-tag\" \/>\n\t<meta property=\"og:image:type\" content=\"image\/jpeg\" class=\"yoast-seo-meta-tag\" \/>\n<meta name=\"author\" content=\"scisternas\" class=\"yoast-seo-meta-tag\" \/>\n<meta name=\"twitter:card\" content=\"summary_large_image\" class=\"yoast-seo-meta-tag\" \/>\n<meta name=\"twitter:label1\" content=\"Escrito por\" class=\"yoast-seo-meta-tag\" \/>\n\t<meta name=\"twitter:data1\" content=\"scisternas\" class=\"yoast-seo-meta-tag\" \/>\n\t<meta name=\"twitter:label2\" content=\"Tiempo estimado de lectura\" class=\"yoast-seo-meta-tag\" \/>\n\t<meta name=\"twitter:data2\" content=\"3 minutos\" class=\"yoast-seo-meta-tag\" \/>\n<script type=\"application\/ld+json\" class=\"yoast-schema-graph\">{\"@context\":\"https:\/\/schema.org\",\"@graph\":[{\"@type\":\"Article\",\"@id\":\"https:\/\/dev.explora.cl\/aysen\/campamento-explora-va-2024-inicia-proceso-de-postulacion-dirigido-a-docentes-y-educadorases-de-la-region-de-aysen\/#article\",\"isPartOf\":{\"@id\":\"https:\/\/dev.explora.cl\/aysen\/campamento-explora-va-2024-inicia-proceso-de-postulacion-dirigido-a-docentes-y-educadorases-de-la-region-de-aysen\/\"},\"author\":{\"name\":\"scisternas\",\"@id\":\"https:\/\/dev.explora.cl\/aysen\/#\/schema\/person\/81c802b1e3b443e2575e555b39e60a05\"},\"headline\":\"Campamento Explora VA! 2024: inicia proceso de postulaci\u00f3n dirigido a docentes y educadoras(es) de la regi\u00f3n de Ays\u00e9n\u00a0\",\"datePublished\":\"2024-03-01T20:34:41+00:00\",\"dateModified\":\"2024-03-25T22:46:14+00:00\",\"mainEntityOfPage\":{\"@id\":\"https:\/\/dev.explora.cl\/aysen\/campamento-explora-va-2024-inicia-proceso-de-postulacion-dirigido-a-docentes-y-educadorases-de-la-region-de-aysen\/\"},\"wordCount\":670,\"commentCount\":0,\"image\":{\"@id\":\"https:\/\/dev.explora.cl\/aysen\/campamento-explora-va-2024-inicia-proceso-de-postulacion-dirigido-a-docentes-y-educadorases-de-la-region-de-aysen\/#primaryimage\"},\"thumbnailUrl\":\"https:\/\/dev.explora.cl\/aysen\/wp-content\/uploads\/sites\/18\/2024\/01\/Campamento-Explora-Va1-1024x682.jpg\",\"articleSection\":[\"Noticias\"],\"inLanguage\":\"es-CL\",\"potentialAction\":[{\"@type\":\"CommentAction\",\"name\":\"Comment\",\"target\":[\"https:\/\/dev.explora.cl\/aysen\/campamento-explora-va-2024-inicia-proceso-de-postulacion-dirigido-a-docentes-y-educadorases-de-la-region-de-aysen\/#respond\"]}]},{\"@type\":\"WebPage\",\"@id\":\"https:\/\/dev.explora.cl\/aysen\/campamento-explora-va-2024-inicia-proceso-de-postulacion-dirigido-a-docentes-y-educadorases-de-la-region-de-aysen\/\",\"url\":\"https:\/\/dev.explora.cl\/aysen\/campamento-explora-va-2024-inicia-proceso-de-postulacion-dirigido-a-docentes-y-educadorases-de-la-region-de-aysen\/\",\"name\":\"Campamento Explora VA! 2024: inicia proceso de postulaci\u00f3n dirigido a docentes y educadoras(es) de la regi\u00f3n de Ays\u00e9n\u00a0 - Aysen\",\"isPartOf\":{\"@id\":\"https:\/\/dev.explora.cl\/aysen\/#website\"},\"primaryImageOfPage\":{\"@id\":\"https:\/\/dev.explora.cl\/aysen\/campamento-explora-va-2024-inicia-proceso-de-postulacion-dirigido-a-docentes-y-educadorases-de-la-region-de-aysen\/#primaryimage\"},\"image\":{\"@id\":\"https:\/\/dev.explora.cl\/aysen\/campamento-explora-va-2024-inicia-proceso-de-postulacion-dirigido-a-docentes-y-educadorases-de-la-region-de-aysen\/#primaryimage\"},\"thumbnailUrl\":\"https:\/\/dev.explora.cl\/aysen\/wp-content\/uploads\/sites\/18\/2024\/01\/Campamento-Explora-Va1-1024x682.jpg\",\"datePublished\":\"2024-03-01T20:34:41+00:00\",\"dateModified\":\"2024-03-25T22:46:14+00:00\",\"author\":{\"@id\":\"https:\/\/dev.explora.cl\/aysen\/#\/schema\/person\/81c802b1e3b443e2575e555b39e60a05\"},\"breadcrumb\":{\"@id\":\"https:\/\/dev.explora.cl\/aysen\/campamento-explora-va-2024-inicia-proceso-de-postulacion-dirigido-a-docentes-y-educadorases-de-la-region-de-aysen\/#breadcrumb\"},\"inLanguage\":\"es-CL\",\"potentialAction\":[{\"@type\":\"ReadAction\",\"target\":[\"https:\/\/dev.explora.cl\/aysen\/campamento-explora-va-2024-inicia-proceso-de-postulacion-dirigido-a-docentes-y-educadorases-de-la-region-de-aysen\/\"]}]},{\"@type\":\"ImageObject\",\"inLanguage\":\"es-CL\",\"@id\":\"https:\/\/dev.explora.cl\/aysen\/campamento-explora-va-2024-inicia-proceso-de-postulacion-dirigido-a-docentes-y-educadorases-de-la-region-de-aysen\/#primaryimage\",\"url\":\"https:\/\/dev.explora.cl\/aysen\/wp-content\/uploads\/sites\/18\/2024\/01\/Campamento-Explora-Va1-1024x682.jpg\",\"contentUrl\":\"https:\/\/dev.explora.cl\/aysen\/wp-content\/uploads\/sites\/18\/2024\/01\/Campamento-Explora-Va1-1024x682.jpg\",\"width\":1024,\"height\":682},{\"@type\":\"BreadcrumbList\",\"@id\":\"https:\/\/dev.explora.cl\/aysen\/campamento-explora-va-2024-inicia-proceso-de-postulacion-dirigido-a-docentes-y-educadorases-de-la-region-de-aysen\/#breadcrumb\",\"itemListElement\":[{\"@type\":\"ListItem\",\"position\":1,\"name\":\"Portada\",\"item\":\"https:\/\/dev.explora.cl\/aysen\/\"},{\"@type\":\"ListItem\",\"position\":2,\"name\":\"Campamento Explora VA! 2024: inicia proceso de postulaci\u00f3n dirigido a docentes y educadoras(es) de la regi\u00f3n de Ays\u00e9n\u00a0\"}]},{\"@type\":\"WebSite\",\"@id\":\"https:\/\/dev.explora.cl\/aysen\/#website\",\"url\":\"https:\/\/dev.explora.cl\/aysen\/\",\"name\":\"Aysen\",\"description\":\"Otro sitio m\u00e1s de dev.explora.cl\",\"potentialAction\":[{\"@type\":\"SearchAction\",\"target\":{\"@type\":\"EntryPoint\",\"urlTemplate\":\"https:\/\/dev.explora.cl\/aysen\/?s={search_term_string}\"},\"query-input\":{\"@type\":\"PropertyValueSpecification\",\"valueRequired\":true,\"valueName\":\"search_term_string\"}}],\"inLanguage\":\"es-CL\"},{\"@type\":\"Person\",\"@id\":\"https:\/\/dev.explora.cl\/aysen\/#\/schema\/person\/81c802b1e3b443e2575e555b39e60a05\",\"name\":\"scisternas\",\"image\":{\"@type\":\"ImageObject\",\"inLanguage\":\"es-CL\",\"@id\":\"https:\/\/dev.explora.cl\/aysen\/#\/schema\/person\/image\/\",\"url\":\"https:\/\/secure.gravatar.com\/avatar\/611c8f1946b775bdf01b0521c85a9381c3ad08d928d8ead34ce577b0fa231c76?s=96&d=mm&r=g\",\"contentUrl\":\"https:\/\/secure.gravatar.com\/avatar\/611c8f1946b775bdf01b0521c85a9381c3ad08d928d8ead34ce577b0fa231c76?s=96&d=mm&r=g\",\"caption\":\"scisternas\"},\"url\":\"https:\/\/dev.explora.cl\/aysen\/author\/scisternas\/\"}]}<\/script>\n<!-- \/ Yoast SEO plugin. -->","yoast_head_json":{"title":"Campamento Explora VA! 2024: inicia proceso de postulaci\u00f3n dirigido a docentes y educadoras(es) de la regi\u00f3n de Ays\u00e9n\u00a0 - Aysen","robots":{"index":"index","follow":"follow","max-snippet":"max-snippet:-1","max-image-preview":"max-image-preview:large","max-video-preview":"max-video-preview:-1"},"canonical":"https:\/\/dev.explora.cl\/aysen\/campamento-explora-va-2024-inicia-proceso-de-postulacion-dirigido-a-docentes-y-educadorases-de-la-region-de-aysen\/","og_locale":"es_ES","og_type":"article","og_title":"Campamento Explora VA! 2024: inicia proceso de postulaci\u00f3n dirigido a docentes y educadoras(es) de la regi\u00f3n de Ays\u00e9n\u00a0 - Aysen","og_description":"La iniciativa impulsada por el PAR Explora Ays\u00e9n convoca a educadoras(es) de p\u00e1rvulos, educadoras(es) diferenciales y docentes de Educaci\u00f3n B\u00e1sica y Media de la regi\u00f3n a ser parte de un inspirador encuentro de intercambio de experiencias y aprendizaje, que busca motivar la incorporaci\u00f3n de las ciencias y la innovaci\u00f3n en las pr\u00e1cticas pedag\u00f3gicas.","og_url":"https:\/\/dev.explora.cl\/aysen\/campamento-explora-va-2024-inicia-proceso-de-postulacion-dirigido-a-docentes-y-educadorases-de-la-region-de-aysen\/","og_site_name":"Aysen","article_published_time":"2024-03-01T20:34:41+00:00","article_modified_time":"2024-03-25T22:46:14+00:00","og_image":[{"width":1024,"height":682,"url":"https:\/\/dev.explora.cl\/aysen\/wp-content\/uploads\/sites\/18\/2024\/01\/Campamento-Explora-Va1-1024x682.jpg","type":"image\/jpeg"}],"author":"scisternas","twitter_card":"summary_large_image","twitter_misc":{"Escrito por":"scisternas","Tiempo estimado de lectura":"3 minutos"},"schema":{"@context":"https:\/\/schema.org","@graph":[{"@type":"Article","@id":"https:\/\/dev.explora.cl\/aysen\/campamento-explora-va-2024-inicia-proceso-de-postulacion-dirigido-a-docentes-y-educadorases-de-la-region-de-aysen\/#article","isPartOf":{"@id":"https:\/\/dev.explora.cl\/aysen\/campamento-explora-va-2024-inicia-proceso-de-postulacion-dirigido-a-docentes-y-educadorases-de-la-region-de-aysen\/"},"author":{"name":"scisternas","@id":"https:\/\/dev.explora.cl\/aysen\/#\/schema\/person\/81c802b1e3b443e2575e555b39e60a05"},"headline":"Campamento Explora VA! 2024: inicia proceso de postulaci\u00f3n dirigido a docentes y educadoras(es) de la regi\u00f3n de Ays\u00e9n\u00a0","datePublished":"2024-03-01T20:34:41+00:00","dateModified":"2024-03-25T22:46:14+00:00","mainEntityOfPage":{"@id":"https:\/\/dev.explora.cl\/aysen\/campamento-explora-va-2024-inicia-proceso-de-postulacion-dirigido-a-docentes-y-educadorases-de-la-region-de-aysen\/"},"wordCount":670,"commentCount":0,"image":{"@id":"https:\/\/dev.explora.cl\/aysen\/campamento-explora-va-2024-inicia-proceso-de-postulacion-dirigido-a-docentes-y-educadorases-de-la-region-de-aysen\/#primaryimage"},"thumbnailUrl":"https:\/\/dev.explora.cl\/aysen\/wp-content\/uploads\/sites\/18\/2024\/01\/Campamento-Explora-Va1-1024x682.jpg","articleSection":["Noticias"],"inLanguage":"es-CL","potentialAction":[{"@type":"CommentAction","name":"Comment","target":["https:\/\/dev.explora.cl\/aysen\/campamento-explora-va-2024-inicia-proceso-de-postulacion-dirigido-a-docentes-y-educadorases-de-la-region-de-aysen\/#respond"]}]},{"@type":"WebPage","@id":"https:\/\/dev.explora.cl\/aysen\/campamento-explora-va-2024-inicia-proceso-de-postulacion-dirigido-a-docentes-y-educadorases-de-la-region-de-aysen\/","url":"https:\/\/dev.explora.cl\/aysen\/campamento-explora-va-2024-inicia-proceso-de-postulacion-dirigido-a-docentes-y-educadorases-de-la-region-de-aysen\/","name":"Campamento Explora VA! 2024: inicia proceso de postulaci\u00f3n dirigido a docentes y educadoras(es) de la regi\u00f3n de Ays\u00e9n\u00a0 - Aysen","isPartOf":{"@id":"https:\/\/dev.explora.cl\/aysen\/#website"},"primaryImageOfPage":{"@id":"https:\/\/dev.explora.cl\/aysen\/campamento-explora-va-2024-inicia-proceso-de-postulacion-dirigido-a-docentes-y-educadorases-de-la-region-de-aysen\/#primaryimage"},"image":{"@id":"https:\/\/dev.explora.cl\/aysen\/campamento-explora-va-2024-inicia-proceso-de-postulacion-dirigido-a-docentes-y-educadorases-de-la-region-de-aysen\/#primaryimage"},"thumbnailUrl":"https:\/\/dev.explora.cl\/aysen\/wp-content\/uploads\/sites\/18\/2024\/01\/Campamento-Explora-Va1-1024x682.jpg","datePublished":"2024-03-01T20:34:41+00:00","dateModified":"2024-03-25T22:46:14+00:00","author":{"@id":"https:\/\/dev.explora.cl\/aysen\/#\/schema\/person\/81c802b1e3b443e2575e555b39e60a05"},"breadcrumb":{"@id":"https:\/\/dev.explora.cl\/aysen\/campamento-explora-va-2024-inicia-proceso-de-postulacion-dirigido-a-docentes-y-educadorases-de-la-region-de-aysen\/#breadcrumb"},"inLanguage":"es-CL","potentialAction":[{"@type":"ReadAction","target":["https:\/\/dev.explora.cl\/aysen\/campamento-explora-va-2024-inicia-proceso-de-postulacion-dirigido-a-docentes-y-educadorases-de-la-region-de-aysen\/"]}]},{"@type":"ImageObject","inLanguage":"es-CL","@id":"https:\/\/dev.explora.cl\/aysen\/campamento-explora-va-2024-inicia-proceso-de-postulacion-dirigido-a-docentes-y-educadorases-de-la-region-de-aysen\/#primaryimage","url":"https:\/\/dev.explora.cl\/aysen\/wp-content\/uploads\/sites\/18\/2024\/01\/Campamento-Explora-Va1-1024x682.jpg","contentUrl":"https:\/\/dev.explora.cl\/aysen\/wp-content\/uploads\/sites\/18\/2024\/01\/Campamento-Explora-Va1-1024x682.jpg","width":1024,"height":682},{"@type":"BreadcrumbList","@id":"https:\/\/dev.explora.cl\/aysen\/campamento-explora-va-2024-inicia-proceso-de-postulacion-dirigido-a-docentes-y-educadorases-de-la-region-de-aysen\/#breadcrumb","itemListElement":[{"@type":"ListItem","position":1,"name":"Portada","item":"https:\/\/dev.explora.cl\/aysen\/"},{"@type":"ListItem","position":2,"name":"Campamento Explora VA! 2024: inicia proceso de postulaci\u00f3n dirigido a docentes y educadoras(es) de la regi\u00f3n de Ays\u00e9n\u00a0"}]},{"@type":"WebSite","@id":"https:\/\/dev.explora.cl\/aysen\/#website","url":"https:\/\/dev.explora.cl\/aysen\/","name":"Aysen","description":"Otro sitio m\u00e1s de dev.explora.cl","potentialAction":[{"@type":"SearchAction","target":{"@type":"EntryPoint","urlTemplate":"https:\/\/dev.explora.cl\/aysen\/?s={search_term_string}"},"query-input":{"@type":"PropertyValueSpecification","valueRequired":true,"valueName":"search_term_string"}}],"inLanguage":"es-CL"},{"@type":"Person","@id":"https:\/\/dev.explora.cl\/aysen\/#\/schema\/person\/81c802b1e3b443e2575e555b39e60a05","name":"scisternas","image":{"@type":"ImageObject","inLanguage":"es-CL","@id":"https:\/\/dev.explora.cl\/aysen\/#\/schema\/person\/image\/","url":"https:\/\/secure.gravatar.com\/avatar\/611c8f1946b775bdf01b0521c85a9381c3ad08d928d8ead34ce577b0fa231c76?s=96&d=mm&r=g","contentUrl":"https:\/\/secure.gravatar.com\/avatar\/611c8f1946b775bdf01b0521c85a9381c3ad08d928d8ead34ce577b0fa231c76?s=96&d=mm&r=g","caption":"scisternas"},"url":"https:\/\/dev.explora.cl\/aysen\/author\/scisternas\/"}]}},"_links":{"self":[{"href":"https:\/\/dev.explora.cl\/aysen\/wp-json\/wp\/v2\/posts\/38766","targetHints":{"allow":["GET"]}}],"collection":[{"href":"https:\/\/dev.explora.cl\/aysen\/wp-json\/wp\/v2\/posts"}],"about":[{"href":"https:\/\/dev.explora.cl\/aysen\/wp-json\/wp\/v2\/types\/post"}],"author":[{"embeddable":true,"href":"https:\/\/dev.explora.cl\/aysen\/wp-json\/wp\/v2\/users\/37"}],"replies":[{"embeddable":true,"href":"https:\/\/dev.explora.cl\/aysen\/wp-json\/wp\/v2\/comments?post=38766"}],"version-history":[{"count":13,"href":"https:\/\/dev.explora.cl\/aysen\/wp-json\/wp\/v2\/posts\/38766\/revisions"}],"predecessor-version":[{"id":38784,"href":"https:\/\/dev.explora.cl\/aysen\/wp-json\/wp\/v2\/posts\/38766\/revisions\/38784"}],"wp:featuredmedia":[{"embeddable":true,"href":"https:\/\/dev.explora.cl\/aysen\/wp-json\/wp\/v2\/media\/38744"}],"wp:attachment":[{"href":"https:\/\/dev.explora.cl\/aysen\/wp-json\/wp\/v2\/media?parent=38766"}],"wp:term":[{"taxonomy":"category","embeddable":true,"href":"https:\/\/dev.explora.cl\/aysen\/wp-json\/wp\/v2\/categories?post=38766"},{"taxonomy":"post_tag","embeddable":true,"href":"https:\/\/dev.explora.cl\/aysen\/wp-json\/wp\/v2\/tags?post=38766"}],"curies":[{"name":"wp","href":"https:\/\/api.w.org\/{rel}","templated":true}]}}