{"id":38705,"date":"2023-11-27T10:54:55","date_gmt":"2023-11-27T13:54:55","guid":{"rendered":"https:\/\/dev.explora.cl\/aysen\/?p=38705"},"modified":"2024-05-10T12:37:27","modified_gmt":"2024-05-10T16:37:27","slug":"escolares-de-aysen-compartiran-experiencias-en-ciencia-e-innovacion-en-el-centro-cultural-coyhaique","status":"publish","type":"post","link":"https:\/\/dev.explora.cl\/aysen\/escolares-de-aysen-compartiran-experiencias-en-ciencia-e-innovacion-en-el-centro-cultural-coyhaique\/","title":{"rendered":"Escolares de Ays\u00e9n compartir\u00e1n experiencias en ciencia e innovaci\u00f3n en el Centro Cultural Coyhaique"},"content":{"rendered":"<p><i><span style=\"font-weight: 400\">Estudiantes de ense\u00f1anza b\u00e1sica y media de seis comunas de la regi\u00f3n conforman los 36 equipos escolares que durante los pr\u00f3ximos 30 de noviembre y 1 de diciembre se reunir\u00e1n para compartir experiencias y resultados de su participaci\u00f3n en el Programa de Investigaci\u00f3n e Innovaci\u00f3n Escolar, IIE, impulsado por el PAR Explora Ays\u00e9n.<\/span><\/i><\/p>\n<p><!--more--><\/p>\n<p><span style=\"font-weight: 400\">Innovaciones en torno al uso de la lana, aislantes t\u00e9rmicos de tetrapack, sensores de seguridad, filtros para contaminaci\u00f3n del aire, adem\u00e1s de investigaciones sobre l\u00edquenes, anfibios, propiedades de especies nativas, tenencia responsable e historia local, son algunas de las experiencias que ser\u00e1n compartidas a trav\u00e9s de estands informativos durante el Encuentro de Socializaci\u00f3n del Programa de Investigaci\u00f3n e Innovaci\u00f3n Escolar, IIE.<\/span><\/p>\n<p><span style=\"font-weight: 400\">El evento reunir\u00e1 en el Centro Cultural Coyhaique a ni\u00f1as, ni\u00f1os y j\u00f3venes de la Regi\u00f3n que participaron, entre agosto y noviembre de 2023, en los talleres formativos para el desarrollo de habilidades y pensamiento cient\u00edfico organizados por el PAR Explora Ays\u00e9n del Ministerio de Ciencia, Tecnolog\u00eda, Conocimiento e Innovaci\u00f3n y la Universidad Austral de Chile, Campus Patagonia.<\/span><\/p>\n<p><span style=\"font-weight: 400\">\u201c<em>El objetivo de este encuentro es que las y los estudiantes puedan compartir sus proyectos con sus pares y con la comunidad, pero tambi\u00e9n que puedan reflexionar en torno a la apropiaci\u00f3n del conocimiento para abordar problemas que identifican en su entorno local<\/em>\u201d se\u00f1al\u00f3 Viviana Pizarro, directora del PAR Explora Ays\u00e9n.<\/span><\/p>\n<p><span style=\"font-weight: 400\">Treinta y seis equipos escolares de Cochrane, Puerto Gala, Lago Verde, Puerto Sanchez, Ma\u00f1ihuales, Puerto Ays\u00e9n, Puerto Chacabuco, El Blanco, Lago Atravesado y Coyhaique presentar\u00e1n proyectos en ciencias naturales, ciencias sociales e innovaci\u00f3n, los cuales fueron realizados con apoyo de profesoras y profesores, y la retroalimentaci\u00f3n de relatoras(es) y especialistas en investigaci\u00f3n e innovaci\u00f3n.<\/span><\/p>\n<p><span style=\"font-weight: 400\">&#8220;<em>Adem\u00e1s de todas sus habilidades propiamente cient\u00edficas, pudieron tambi\u00e9n desarrollar otras competencias, por ejemplo, en pensamiento creativo, en el desarrollo de su creatividad, de su curiosidad, pudieron hacer actividades en torno a lo art\u00edstico y adem\u00e1s uno de los valores que se quiso integrar este a\u00f1o fue hacer una reflexi\u00f3n sobre la importancia de la inclusi\u00f3n en el momento de comunicar su proyectos<\/em>\u201d se\u00f1al\u00f3 Patricio Mu\u00f1oz, Encargado del Programa IIE.<\/span><\/p>\n<p><span style=\"font-weight: 400\">El Encuentro de Socializaci\u00f3n IIE se realizar\u00e1 en dependencias del Centro Cultural Coyhaique durante dos jornadas, y contar\u00e1 con dos espacios para visitas de delegaciones escolares y p\u00fablico general, espec\u00edficamente el d\u00eda jueves 30 de noviembre, entre 9:00h y 11:30h, y el d\u00eda viernes 1 de diciembre, entre las 9:00h y las 10:00h.\u00a0<\/span><\/p>\n<p><span style=\"font-weight: 400\">Durante el evento, los equipos tendr\u00e1n diferentes espacios de conversaci\u00f3n y encuentro con cient\u00edficas y cient\u00edficos, entre ellas la doctora en F\u00edsica Carla Hermann, destacada cient\u00edfica y acad\u00e9mica de la Universidad de Chile -quien realizar\u00e1 la charla inaugural-, y con Mar\u00eda Tamayo y Felipe Olate, investigadoras(es) del Centro IMPACT y de la Facultad de Ciencias, F\u00edsicas y Matem\u00e1ticas de la Universidad de Chile, quienes realizar\u00e1n un taller pr\u00e1ctico para fomentar el uso de biomateriales.<\/span><\/p>\n","protected":false},"excerpt":{"rendered":"<p>Estudiantes de ense\u00f1anza b\u00e1sica y media de seis comunas de la regi\u00f3n conforman los 36 equipos escolares que durante los pr\u00f3ximos 30 de noviembre y 1 de diciembre se reunir\u00e1n para compartir experiencias y resultados de su participaci\u00f3n en el Programa de Investigaci\u00f3n e Innovaci\u00f3n Escolar, IIE, impulsado por el PAR Explora Ays\u00e9n.<\/p>\n","protected":false},"author":37,"featured_media":38709,"comment_status":"open","ping_status":"open","sticky":false,"template":"","format":"standard","meta":{"_acf_changed":false,"_exactmetrics_skip_tracking":false,"_exactmetrics_sitenote_active":false,"_exactmetrics_sitenote_note":"","_exactmetrics_sitenote_category":0,"footnotes":"","_links_to":"","_links_to_target":""},"categories":[4],"tags":[],"class_list":["post-38705","post","type-post","status-publish","format-standard","has-post-thumbnail","hentry","category-noticias"],"acf":[],"yoast_head":"<!-- This site is optimized with the Yoast SEO plugin v26.7 - https:\/\/yoast.com\/wordpress\/plugins\/seo\/ -->\n<title>Escolares de Ays\u00e9n compartir\u00e1n experiencias en ciencia e innovaci\u00f3n en el Centro Cultural Coyhaique - Aysen<\/title>\n<meta name=\"robots\" content=\"index, follow, max-snippet:-1, max-image-preview:large, max-video-preview:-1\" \/>\n<link rel=\"canonical\" href=\"https:\/\/dev.explora.cl\/aysen\/escolares-de-aysen-compartiran-experiencias-en-ciencia-e-innovacion-en-el-centro-cultural-coyhaique\/\" class=\"yoast-seo-meta-tag\" \/>\n<meta property=\"og:locale\" content=\"es_ES\" class=\"yoast-seo-meta-tag\" \/>\n<meta property=\"og:type\" content=\"article\" class=\"yoast-seo-meta-tag\" \/>\n<meta property=\"og:title\" content=\"Escolares de Ays\u00e9n compartir\u00e1n experiencias en ciencia e innovaci\u00f3n en el Centro Cultural Coyhaique - Aysen\" class=\"yoast-seo-meta-tag\" \/>\n<meta property=\"og:description\" content=\"Estudiantes de ense\u00f1anza b\u00e1sica y media de seis comunas de la regi\u00f3n conforman los 36 equipos escolares que durante los pr\u00f3ximos 30 de noviembre y 1 de diciembre se reunir\u00e1n para compartir experiencias y resultados de su participaci\u00f3n en el Programa de Investigaci\u00f3n e Innovaci\u00f3n Escolar, IIE, impulsado por el PAR Explora Ays\u00e9n.\" class=\"yoast-seo-meta-tag\" \/>\n<meta property=\"og:url\" content=\"https:\/\/dev.explora.cl\/aysen\/escolares-de-aysen-compartiran-experiencias-en-ciencia-e-innovacion-en-el-centro-cultural-coyhaique\/\" class=\"yoast-seo-meta-tag\" \/>\n<meta property=\"og:site_name\" content=\"Aysen\" class=\"yoast-seo-meta-tag\" \/>\n<meta property=\"article:published_time\" content=\"2023-11-27T13:54:55+00:00\" class=\"yoast-seo-meta-tag\" \/>\n<meta property=\"article:modified_time\" content=\"2024-05-10T16:37:27+00:00\" class=\"yoast-seo-meta-tag\" \/>\n<meta property=\"og:image\" content=\"https:\/\/dev.explora.cl\/aysen\/wp-content\/uploads\/sites\/18\/2023\/11\/Portada-PPT-Encuentro.jpg\" class=\"yoast-seo-meta-tag\" \/>\n\t<meta property=\"og:image:width\" content=\"8000\" class=\"yoast-seo-meta-tag\" \/>\n\t<meta property=\"og:image:height\" content=\"4500\" class=\"yoast-seo-meta-tag\" \/>\n\t<meta property=\"og:image:type\" content=\"image\/jpeg\" class=\"yoast-seo-meta-tag\" \/>\n<meta name=\"author\" content=\"scisternas\" class=\"yoast-seo-meta-tag\" \/>\n<meta name=\"twitter:card\" content=\"summary_large_image\" class=\"yoast-seo-meta-tag\" \/>\n<meta name=\"twitter:label1\" content=\"Escrito por\" class=\"yoast-seo-meta-tag\" \/>\n\t<meta name=\"twitter:data1\" content=\"scisternas\" class=\"yoast-seo-meta-tag\" \/>\n\t<meta name=\"twitter:label2\" content=\"Tiempo estimado de lectura\" class=\"yoast-seo-meta-tag\" \/>\n\t<meta name=\"twitter:data2\" content=\"3 minutos\" class=\"yoast-seo-meta-tag\" \/>\n<script type=\"application\/ld+json\" class=\"yoast-schema-graph\">{\"@context\":\"https:\/\/schema.org\",\"@graph\":[{\"@type\":\"Article\",\"@id\":\"https:\/\/dev.explora.cl\/aysen\/escolares-de-aysen-compartiran-experiencias-en-ciencia-e-innovacion-en-el-centro-cultural-coyhaique\/#article\",\"isPartOf\":{\"@id\":\"https:\/\/dev.explora.cl\/aysen\/escolares-de-aysen-compartiran-experiencias-en-ciencia-e-innovacion-en-el-centro-cultural-coyhaique\/\"},\"author\":{\"name\":\"scisternas\",\"@id\":\"https:\/\/dev.explora.cl\/aysen\/#\/schema\/person\/81c802b1e3b443e2575e555b39e60a05\"},\"headline\":\"Escolares de Ays\u00e9n compartir\u00e1n experiencias en ciencia e innovaci\u00f3n en el Centro Cultural Coyhaique\",\"datePublished\":\"2023-11-27T13:54:55+00:00\",\"dateModified\":\"2024-05-10T16:37:27+00:00\",\"mainEntityOfPage\":{\"@id\":\"https:\/\/dev.explora.cl\/aysen\/escolares-de-aysen-compartiran-experiencias-en-ciencia-e-innovacion-en-el-centro-cultural-coyhaique\/\"},\"wordCount\":551,\"commentCount\":0,\"image\":{\"@id\":\"https:\/\/dev.explora.cl\/aysen\/escolares-de-aysen-compartiran-experiencias-en-ciencia-e-innovacion-en-el-centro-cultural-coyhaique\/#primaryimage\"},\"thumbnailUrl\":\"https:\/\/dev.explora.cl\/aysen\/wp-content\/uploads\/sites\/18\/2023\/11\/Portada-PPT-Encuentro.jpg\",\"articleSection\":[\"Noticias\"],\"inLanguage\":\"es-CL\",\"potentialAction\":[{\"@type\":\"CommentAction\",\"name\":\"Comment\",\"target\":[\"https:\/\/dev.explora.cl\/aysen\/escolares-de-aysen-compartiran-experiencias-en-ciencia-e-innovacion-en-el-centro-cultural-coyhaique\/#respond\"]}]},{\"@type\":\"WebPage\",\"@id\":\"https:\/\/dev.explora.cl\/aysen\/escolares-de-aysen-compartiran-experiencias-en-ciencia-e-innovacion-en-el-centro-cultural-coyhaique\/\",\"url\":\"https:\/\/dev.explora.cl\/aysen\/escolares-de-aysen-compartiran-experiencias-en-ciencia-e-innovacion-en-el-centro-cultural-coyhaique\/\",\"name\":\"Escolares de Ays\u00e9n compartir\u00e1n experiencias en ciencia e innovaci\u00f3n en el Centro Cultural Coyhaique - Aysen\",\"isPartOf\":{\"@id\":\"https:\/\/dev.explora.cl\/aysen\/#website\"},\"primaryImageOfPage\":{\"@id\":\"https:\/\/dev.explora.cl\/aysen\/escolares-de-aysen-compartiran-experiencias-en-ciencia-e-innovacion-en-el-centro-cultural-coyhaique\/#primaryimage\"},\"image\":{\"@id\":\"https:\/\/dev.explora.cl\/aysen\/escolares-de-aysen-compartiran-experiencias-en-ciencia-e-innovacion-en-el-centro-cultural-coyhaique\/#primaryimage\"},\"thumbnailUrl\":\"https:\/\/dev.explora.cl\/aysen\/wp-content\/uploads\/sites\/18\/2023\/11\/Portada-PPT-Encuentro.jpg\",\"datePublished\":\"2023-11-27T13:54:55+00:00\",\"dateModified\":\"2024-05-10T16:37:27+00:00\",\"author\":{\"@id\":\"https:\/\/dev.explora.cl\/aysen\/#\/schema\/person\/81c802b1e3b443e2575e555b39e60a05\"},\"breadcrumb\":{\"@id\":\"https:\/\/dev.explora.cl\/aysen\/escolares-de-aysen-compartiran-experiencias-en-ciencia-e-innovacion-en-el-centro-cultural-coyhaique\/#breadcrumb\"},\"inLanguage\":\"es-CL\",\"potentialAction\":[{\"@type\":\"ReadAction\",\"target\":[\"https:\/\/dev.explora.cl\/aysen\/escolares-de-aysen-compartiran-experiencias-en-ciencia-e-innovacion-en-el-centro-cultural-coyhaique\/\"]}]},{\"@type\":\"ImageObject\",\"inLanguage\":\"es-CL\",\"@id\":\"https:\/\/dev.explora.cl\/aysen\/escolares-de-aysen-compartiran-experiencias-en-ciencia-e-innovacion-en-el-centro-cultural-coyhaique\/#primaryimage\",\"url\":\"https:\/\/dev.explora.cl\/aysen\/wp-content\/uploads\/sites\/18\/2023\/11\/Portada-PPT-Encuentro.jpg\",\"contentUrl\":\"https:\/\/dev.explora.cl\/aysen\/wp-content\/uploads\/sites\/18\/2023\/11\/Portada-PPT-Encuentro.jpg\",\"width\":8000,\"height\":4500},{\"@type\":\"BreadcrumbList\",\"@id\":\"https:\/\/dev.explora.cl\/aysen\/escolares-de-aysen-compartiran-experiencias-en-ciencia-e-innovacion-en-el-centro-cultural-coyhaique\/#breadcrumb\",\"itemListElement\":[{\"@type\":\"ListItem\",\"position\":1,\"name\":\"Portada\",\"item\":\"https:\/\/dev.explora.cl\/aysen\/\"},{\"@type\":\"ListItem\",\"position\":2,\"name\":\"Escolares de Ays\u00e9n compartir\u00e1n experiencias en ciencia e innovaci\u00f3n en el Centro Cultural Coyhaique\"}]},{\"@type\":\"WebSite\",\"@id\":\"https:\/\/dev.explora.cl\/aysen\/#website\",\"url\":\"https:\/\/dev.explora.cl\/aysen\/\",\"name\":\"Aysen\",\"description\":\"Otro sitio m\u00e1s de dev.explora.cl\",\"potentialAction\":[{\"@type\":\"SearchAction\",\"target\":{\"@type\":\"EntryPoint\",\"urlTemplate\":\"https:\/\/dev.explora.cl\/aysen\/?s={search_term_string}\"},\"query-input\":{\"@type\":\"PropertyValueSpecification\",\"valueRequired\":true,\"valueName\":\"search_term_string\"}}],\"inLanguage\":\"es-CL\"},{\"@type\":\"Person\",\"@id\":\"https:\/\/dev.explora.cl\/aysen\/#\/schema\/person\/81c802b1e3b443e2575e555b39e60a05\",\"name\":\"scisternas\",\"image\":{\"@type\":\"ImageObject\",\"inLanguage\":\"es-CL\",\"@id\":\"https:\/\/dev.explora.cl\/aysen\/#\/schema\/person\/image\/\",\"url\":\"https:\/\/secure.gravatar.com\/avatar\/611c8f1946b775bdf01b0521c85a9381c3ad08d928d8ead34ce577b0fa231c76?s=96&d=mm&r=g\",\"contentUrl\":\"https:\/\/secure.gravatar.com\/avatar\/611c8f1946b775bdf01b0521c85a9381c3ad08d928d8ead34ce577b0fa231c76?s=96&d=mm&r=g\",\"caption\":\"scisternas\"},\"url\":\"https:\/\/dev.explora.cl\/aysen\/author\/scisternas\/\"}]}<\/script>\n<!-- \/ Yoast SEO plugin. -->","yoast_head_json":{"title":"Escolares de Ays\u00e9n compartir\u00e1n experiencias en ciencia e innovaci\u00f3n en el Centro Cultural Coyhaique - Aysen","robots":{"index":"index","follow":"follow","max-snippet":"max-snippet:-1","max-image-preview":"max-image-preview:large","max-video-preview":"max-video-preview:-1"},"canonical":"https:\/\/dev.explora.cl\/aysen\/escolares-de-aysen-compartiran-experiencias-en-ciencia-e-innovacion-en-el-centro-cultural-coyhaique\/","og_locale":"es_ES","og_type":"article","og_title":"Escolares de Ays\u00e9n compartir\u00e1n experiencias en ciencia e innovaci\u00f3n en el Centro Cultural Coyhaique - Aysen","og_description":"Estudiantes de ense\u00f1anza b\u00e1sica y media de seis comunas de la regi\u00f3n conforman los 36 equipos escolares que durante los pr\u00f3ximos 30 de noviembre y 1 de diciembre se reunir\u00e1n para compartir experiencias y resultados de su participaci\u00f3n en el Programa de Investigaci\u00f3n e Innovaci\u00f3n Escolar, IIE, impulsado por el PAR Explora Ays\u00e9n.","og_url":"https:\/\/dev.explora.cl\/aysen\/escolares-de-aysen-compartiran-experiencias-en-ciencia-e-innovacion-en-el-centro-cultural-coyhaique\/","og_site_name":"Aysen","article_published_time":"2023-11-27T13:54:55+00:00","article_modified_time":"2024-05-10T16:37:27+00:00","og_image":[{"width":8000,"height":4500,"url":"https:\/\/dev.explora.cl\/aysen\/wp-content\/uploads\/sites\/18\/2023\/11\/Portada-PPT-Encuentro.jpg","type":"image\/jpeg"}],"author":"scisternas","twitter_card":"summary_large_image","twitter_misc":{"Escrito por":"scisternas","Tiempo estimado de lectura":"3 minutos"},"schema":{"@context":"https:\/\/schema.org","@graph":[{"@type":"Article","@id":"https:\/\/dev.explora.cl\/aysen\/escolares-de-aysen-compartiran-experiencias-en-ciencia-e-innovacion-en-el-centro-cultural-coyhaique\/#article","isPartOf":{"@id":"https:\/\/dev.explora.cl\/aysen\/escolares-de-aysen-compartiran-experiencias-en-ciencia-e-innovacion-en-el-centro-cultural-coyhaique\/"},"author":{"name":"scisternas","@id":"https:\/\/dev.explora.cl\/aysen\/#\/schema\/person\/81c802b1e3b443e2575e555b39e60a05"},"headline":"Escolares de Ays\u00e9n compartir\u00e1n experiencias en ciencia e innovaci\u00f3n en el Centro Cultural Coyhaique","datePublished":"2023-11-27T13:54:55+00:00","dateModified":"2024-05-10T16:37:27+00:00","mainEntityOfPage":{"@id":"https:\/\/dev.explora.cl\/aysen\/escolares-de-aysen-compartiran-experiencias-en-ciencia-e-innovacion-en-el-centro-cultural-coyhaique\/"},"wordCount":551,"commentCount":0,"image":{"@id":"https:\/\/dev.explora.cl\/aysen\/escolares-de-aysen-compartiran-experiencias-en-ciencia-e-innovacion-en-el-centro-cultural-coyhaique\/#primaryimage"},"thumbnailUrl":"https:\/\/dev.explora.cl\/aysen\/wp-content\/uploads\/sites\/18\/2023\/11\/Portada-PPT-Encuentro.jpg","articleSection":["Noticias"],"inLanguage":"es-CL","potentialAction":[{"@type":"CommentAction","name":"Comment","target":["https:\/\/dev.explora.cl\/aysen\/escolares-de-aysen-compartiran-experiencias-en-ciencia-e-innovacion-en-el-centro-cultural-coyhaique\/#respond"]}]},{"@type":"WebPage","@id":"https:\/\/dev.explora.cl\/aysen\/escolares-de-aysen-compartiran-experiencias-en-ciencia-e-innovacion-en-el-centro-cultural-coyhaique\/","url":"https:\/\/dev.explora.cl\/aysen\/escolares-de-aysen-compartiran-experiencias-en-ciencia-e-innovacion-en-el-centro-cultural-coyhaique\/","name":"Escolares de Ays\u00e9n compartir\u00e1n experiencias en ciencia e innovaci\u00f3n en el Centro Cultural Coyhaique - Aysen","isPartOf":{"@id":"https:\/\/dev.explora.cl\/aysen\/#website"},"primaryImageOfPage":{"@id":"https:\/\/dev.explora.cl\/aysen\/escolares-de-aysen-compartiran-experiencias-en-ciencia-e-innovacion-en-el-centro-cultural-coyhaique\/#primaryimage"},"image":{"@id":"https:\/\/dev.explora.cl\/aysen\/escolares-de-aysen-compartiran-experiencias-en-ciencia-e-innovacion-en-el-centro-cultural-coyhaique\/#primaryimage"},"thumbnailUrl":"https:\/\/dev.explora.cl\/aysen\/wp-content\/uploads\/sites\/18\/2023\/11\/Portada-PPT-Encuentro.jpg","datePublished":"2023-11-27T13:54:55+00:00","dateModified":"2024-05-10T16:37:27+00:00","author":{"@id":"https:\/\/dev.explora.cl\/aysen\/#\/schema\/person\/81c802b1e3b443e2575e555b39e60a05"},"breadcrumb":{"@id":"https:\/\/dev.explora.cl\/aysen\/escolares-de-aysen-compartiran-experiencias-en-ciencia-e-innovacion-en-el-centro-cultural-coyhaique\/#breadcrumb"},"inLanguage":"es-CL","potentialAction":[{"@type":"ReadAction","target":["https:\/\/dev.explora.cl\/aysen\/escolares-de-aysen-compartiran-experiencias-en-ciencia-e-innovacion-en-el-centro-cultural-coyhaique\/"]}]},{"@type":"ImageObject","inLanguage":"es-CL","@id":"https:\/\/dev.explora.cl\/aysen\/escolares-de-aysen-compartiran-experiencias-en-ciencia-e-innovacion-en-el-centro-cultural-coyhaique\/#primaryimage","url":"https:\/\/dev.explora.cl\/aysen\/wp-content\/uploads\/sites\/18\/2023\/11\/Portada-PPT-Encuentro.jpg","contentUrl":"https:\/\/dev.explora.cl\/aysen\/wp-content\/uploads\/sites\/18\/2023\/11\/Portada-PPT-Encuentro.jpg","width":8000,"height":4500},{"@type":"BreadcrumbList","@id":"https:\/\/dev.explora.cl\/aysen\/escolares-de-aysen-compartiran-experiencias-en-ciencia-e-innovacion-en-el-centro-cultural-coyhaique\/#breadcrumb","itemListElement":[{"@type":"ListItem","position":1,"name":"Portada","item":"https:\/\/dev.explora.cl\/aysen\/"},{"@type":"ListItem","position":2,"name":"Escolares de Ays\u00e9n compartir\u00e1n experiencias en ciencia e innovaci\u00f3n en el Centro Cultural Coyhaique"}]},{"@type":"WebSite","@id":"https:\/\/dev.explora.cl\/aysen\/#website","url":"https:\/\/dev.explora.cl\/aysen\/","name":"Aysen","description":"Otro sitio m\u00e1s de dev.explora.cl","potentialAction":[{"@type":"SearchAction","target":{"@type":"EntryPoint","urlTemplate":"https:\/\/dev.explora.cl\/aysen\/?s={search_term_string}"},"query-input":{"@type":"PropertyValueSpecification","valueRequired":true,"valueName":"search_term_string"}}],"inLanguage":"es-CL"},{"@type":"Person","@id":"https:\/\/dev.explora.cl\/aysen\/#\/schema\/person\/81c802b1e3b443e2575e555b39e60a05","name":"scisternas","image":{"@type":"ImageObject","inLanguage":"es-CL","@id":"https:\/\/dev.explora.cl\/aysen\/#\/schema\/person\/image\/","url":"https:\/\/secure.gravatar.com\/avatar\/611c8f1946b775bdf01b0521c85a9381c3ad08d928d8ead34ce577b0fa231c76?s=96&d=mm&r=g","contentUrl":"https:\/\/secure.gravatar.com\/avatar\/611c8f1946b775bdf01b0521c85a9381c3ad08d928d8ead34ce577b0fa231c76?s=96&d=mm&r=g","caption":"scisternas"},"url":"https:\/\/dev.explora.cl\/aysen\/author\/scisternas\/"}]}},"_links":{"self":[{"href":"https:\/\/dev.explora.cl\/aysen\/wp-json\/wp\/v2\/posts\/38705","targetHints":{"allow":["GET"]}}],"collection":[{"href":"https:\/\/dev.explora.cl\/aysen\/wp-json\/wp\/v2\/posts"}],"about":[{"href":"https:\/\/dev.explora.cl\/aysen\/wp-json\/wp\/v2\/types\/post"}],"author":[{"embeddable":true,"href":"https:\/\/dev.explora.cl\/aysen\/wp-json\/wp\/v2\/users\/37"}],"replies":[{"embeddable":true,"href":"https:\/\/dev.explora.cl\/aysen\/wp-json\/wp\/v2\/comments?post=38705"}],"version-history":[{"count":3,"href":"https:\/\/dev.explora.cl\/aysen\/wp-json\/wp\/v2\/posts\/38705\/revisions"}],"predecessor-version":[{"id":38711,"href":"https:\/\/dev.explora.cl\/aysen\/wp-json\/wp\/v2\/posts\/38705\/revisions\/38711"}],"wp:featuredmedia":[{"embeddable":true,"href":"https:\/\/dev.explora.cl\/aysen\/wp-json\/wp\/v2\/media\/38709"}],"wp:attachment":[{"href":"https:\/\/dev.explora.cl\/aysen\/wp-json\/wp\/v2\/media?parent=38705"}],"wp:term":[{"taxonomy":"category","embeddable":true,"href":"https:\/\/dev.explora.cl\/aysen\/wp-json\/wp\/v2\/categories?post=38705"},{"taxonomy":"post_tag","embeddable":true,"href":"https:\/\/dev.explora.cl\/aysen\/wp-json\/wp\/v2\/tags?post=38705"}],"curies":[{"name":"wp","href":"https:\/\/api.w.org\/{rel}","templated":true}]}}