{"id":38683,"date":"2023-10-10T12:45:39","date_gmt":"2023-10-10T15:45:39","guid":{"rendered":"https:\/\/dev.explora.cl\/aysen\/?p=38683"},"modified":"2023-12-05T10:53:53","modified_gmt":"2023-12-05T13:53:53","slug":"educadorases-finalizan-capacitacion-para-llevar-la-ciencia-a-ninas-y-ninos-de-aysen","status":"publish","type":"post","link":"https:\/\/dev.explora.cl\/aysen\/educadorases-finalizan-capacitacion-para-llevar-la-ciencia-a-ninas-y-ninos-de-aysen\/","title":{"rendered":"Educadoras(es) finalizan capacitaci\u00f3n para llevar la ciencia a ni\u00f1as y ni\u00f1os de Ays\u00e9n"},"content":{"rendered":"<p><em>Tras culminar la primera etapa de la ruta formativa del Programa en Indagaci\u00f3n para Primeras Edades del Proyecto Explora Ays\u00e9n, 34 educadoras y t\u00e9cnicos\/as en Educaci\u00f3n Parvularia de seis comunas de la Regi\u00f3n llevar\u00e1n las herramientas adquiridas a sus aulas.<\/em><\/p>\n<p><!--more--><\/p>\n<p>Fortalecer las competencias cient\u00edficas de los equipos pedag\u00f3gicos de educaci\u00f3n parvularia y desarrollar en ni\u00f1as y ni\u00f1os las competencias necesarias para que conozcan y comprendan el mundo que los rodea, es el objetivo del Programa de Indagaci\u00f3n en Primeras Edades (PIPE), implementado en la Regi\u00f3n por el Proyecto Explora Ays\u00e9n del Ministerio de Ciencia, Tecnolog\u00eda, Conocimiento e Innovaci\u00f3n, liderado por el Campus Patagonia UACh.<\/p>\n<p>Respecto a la finalizaci\u00f3n de la primera etapa del Programa, Melissa Zavala, encargada de PIPE en la regi\u00f3n de Ays\u00e9n, indic\u00f3 que \u201cestamos muy contentos de que haya culminado la primera etapa de PIPE, donde las y los participantes vivieron distintas experiencias en talleres que adem\u00e1s abrieron la oportunidad de generar espacios en los cuales se vincularon con distintos profesionales de las \u00e1reas de la ciencia, la educaci\u00f3n y perspectiva de g\u00e9nero\u201d.<\/p>\n<p>El desarrollo de PIPE contempla tres periodos de ejecuci\u00f3n. El primero corresponde a la ruta formativa, finalizada el 28 de septiembre. Un segundo periodo comprende los meses de octubre y noviembre, momento en que las educadoras y t\u00e9cnicos\/as en Educaci\u00f3n Parvularia llevar\u00e1n las herramientas adquiridas a sus salas de clase mediante diferentes experiencias de aprendizaje. Finalmente, en diciembre, el Programa concluye en su tercer periodo con un espacio de socializaci\u00f3n de las experiencias educativas implementadas.<\/p>\n<p><strong>Acompa\u00f1amiento en terreno\u00a0<\/strong><\/p>\n<p>Como parte de la implementaci\u00f3n de las experiencias educativas, durante los meses de octubre y noviembre, el equipo Explora llegar\u00e1 hasta las comunas de Lago Verde, Ays\u00e9n, Coyhaique, Chile Chico, Cisnes y R\u00edo Ib\u00e1\u00f1ez, para acompa\u00f1ar a educadoras y t\u00e9cnicos\/as en Educaci\u00f3n Parvularia participantes de PIPE en la implementaci\u00f3n de las experiencias.<\/p>\n<p>\u201cDurante la ruta formativa las y los educadores pudieron tener un apresto te\u00f3rico en torno a las actividades pr\u00e1cticas que van a comenzar a desarrollar en sus distintos establecimientos a lo largo de toda la Regi\u00f3n, donde ni\u00f1os y ni\u00f1as se van a ver beneficiados con las experiencias que promueve PIPE para ir fortaleciendo las competencias cient\u00edficas y apoyar a que ni\u00f1as y ni\u00f1os conozcan y comprendan el mundo que les rodea\u201d, resalt\u00f3 Melissa Zavala.<\/p>\n","protected":false},"excerpt":{"rendered":"<p>Tras culminar la primera etapa de la ruta formativa del Programa en Indagaci\u00f3n para Primeras Edades del Proyecto Explora Ays\u00e9n, 34 educadoras y t\u00e9cnicos\/as en Educaci\u00f3n Parvularia de seis comunas de la Regi\u00f3n llevar\u00e1n las herramientas adquiridas a sus aulas.<\/p>\n","protected":false},"author":37,"featured_media":38686,"comment_status":"open","ping_status":"open","sticky":false,"template":"","format":"standard","meta":{"_acf_changed":false,"_exactmetrics_skip_tracking":false,"_exactmetrics_sitenote_active":false,"_exactmetrics_sitenote_note":"","_exactmetrics_sitenote_category":0,"footnotes":"","_links_to":"","_links_to_target":""},"categories":[138,4],"tags":[],"class_list":["post-38683","post","type-post","status-publish","format-standard","has-post-thumbnail","hentry","category-lugar-3","category-noticias"],"acf":[],"yoast_head":"<!-- This site is optimized with the Yoast SEO plugin v26.7 - https:\/\/yoast.com\/wordpress\/plugins\/seo\/ -->\n<title>Educadoras(es) finalizan capacitaci\u00f3n para llevar la ciencia a ni\u00f1as y ni\u00f1os de Ays\u00e9n - Aysen<\/title>\n<meta name=\"robots\" content=\"index, follow, max-snippet:-1, max-image-preview:large, max-video-preview:-1\" \/>\n<link rel=\"canonical\" href=\"https:\/\/dev.explora.cl\/aysen\/educadorases-finalizan-capacitacion-para-llevar-la-ciencia-a-ninas-y-ninos-de-aysen\/\" class=\"yoast-seo-meta-tag\" \/>\n<meta property=\"og:locale\" content=\"es_ES\" class=\"yoast-seo-meta-tag\" \/>\n<meta property=\"og:type\" content=\"article\" class=\"yoast-seo-meta-tag\" \/>\n<meta property=\"og:title\" content=\"Educadoras(es) finalizan capacitaci\u00f3n para llevar la ciencia a ni\u00f1as y ni\u00f1os de Ays\u00e9n - Aysen\" class=\"yoast-seo-meta-tag\" \/>\n<meta property=\"og:description\" content=\"Tras culminar la primera etapa de la ruta formativa del Programa en Indagaci\u00f3n para Primeras Edades del Proyecto Explora Ays\u00e9n, 34 educadoras y t\u00e9cnicos\/as en Educaci\u00f3n Parvularia de seis comunas de la Regi\u00f3n llevar\u00e1n las herramientas adquiridas a sus aulas.\" class=\"yoast-seo-meta-tag\" \/>\n<meta property=\"og:url\" content=\"https:\/\/dev.explora.cl\/aysen\/educadorases-finalizan-capacitacion-para-llevar-la-ciencia-a-ninas-y-ninos-de-aysen\/\" class=\"yoast-seo-meta-tag\" \/>\n<meta property=\"og:site_name\" content=\"Aysen\" class=\"yoast-seo-meta-tag\" \/>\n<meta property=\"article:published_time\" content=\"2023-10-10T15:45:39+00:00\" class=\"yoast-seo-meta-tag\" \/>\n<meta property=\"article:modified_time\" content=\"2023-12-05T13:53:53+00:00\" class=\"yoast-seo-meta-tag\" \/>\n<meta property=\"og:image\" content=\"https:\/\/dev.explora.cl\/aysen\/wp-content\/uploads\/sites\/18\/2023\/10\/pipe-2023-1024x682.jpg\" class=\"yoast-seo-meta-tag\" \/>\n\t<meta property=\"og:image:width\" content=\"1024\" class=\"yoast-seo-meta-tag\" \/>\n\t<meta property=\"og:image:height\" content=\"682\" class=\"yoast-seo-meta-tag\" \/>\n\t<meta property=\"og:image:type\" content=\"image\/jpeg\" class=\"yoast-seo-meta-tag\" \/>\n<meta name=\"author\" content=\"scisternas\" class=\"yoast-seo-meta-tag\" \/>\n<meta name=\"twitter:card\" content=\"summary_large_image\" class=\"yoast-seo-meta-tag\" \/>\n<meta name=\"twitter:label1\" content=\"Escrito por\" class=\"yoast-seo-meta-tag\" \/>\n\t<meta name=\"twitter:data1\" content=\"scisternas\" class=\"yoast-seo-meta-tag\" \/>\n\t<meta name=\"twitter:label2\" content=\"Tiempo estimado de lectura\" class=\"yoast-seo-meta-tag\" \/>\n\t<meta name=\"twitter:data2\" content=\"2 minutos\" class=\"yoast-seo-meta-tag\" \/>\n<script type=\"application\/ld+json\" class=\"yoast-schema-graph\">{\"@context\":\"https:\/\/schema.org\",\"@graph\":[{\"@type\":\"Article\",\"@id\":\"https:\/\/dev.explora.cl\/aysen\/educadorases-finalizan-capacitacion-para-llevar-la-ciencia-a-ninas-y-ninos-de-aysen\/#article\",\"isPartOf\":{\"@id\":\"https:\/\/dev.explora.cl\/aysen\/educadorases-finalizan-capacitacion-para-llevar-la-ciencia-a-ninas-y-ninos-de-aysen\/\"},\"author\":{\"name\":\"scisternas\",\"@id\":\"https:\/\/dev.explora.cl\/aysen\/#\/schema\/person\/81c802b1e3b443e2575e555b39e60a05\"},\"headline\":\"Educadoras(es) finalizan capacitaci\u00f3n para llevar la ciencia a ni\u00f1as y ni\u00f1os de Ays\u00e9n\",\"datePublished\":\"2023-10-10T15:45:39+00:00\",\"dateModified\":\"2023-12-05T13:53:53+00:00\",\"mainEntityOfPage\":{\"@id\":\"https:\/\/dev.explora.cl\/aysen\/educadorases-finalizan-capacitacion-para-llevar-la-ciencia-a-ninas-y-ninos-de-aysen\/\"},\"wordCount\":444,\"commentCount\":0,\"image\":{\"@id\":\"https:\/\/dev.explora.cl\/aysen\/educadorases-finalizan-capacitacion-para-llevar-la-ciencia-a-ninas-y-ninos-de-aysen\/#primaryimage\"},\"thumbnailUrl\":\"https:\/\/dev.explora.cl\/aysen\/wp-content\/uploads\/sites\/18\/2023\/10\/pipe-2023.jpg\",\"articleSection\":[\"Lugar 3\",\"Noticias\"],\"inLanguage\":\"es-CL\",\"potentialAction\":[{\"@type\":\"CommentAction\",\"name\":\"Comment\",\"target\":[\"https:\/\/dev.explora.cl\/aysen\/educadorases-finalizan-capacitacion-para-llevar-la-ciencia-a-ninas-y-ninos-de-aysen\/#respond\"]}]},{\"@type\":\"WebPage\",\"@id\":\"https:\/\/dev.explora.cl\/aysen\/educadorases-finalizan-capacitacion-para-llevar-la-ciencia-a-ninas-y-ninos-de-aysen\/\",\"url\":\"https:\/\/dev.explora.cl\/aysen\/educadorases-finalizan-capacitacion-para-llevar-la-ciencia-a-ninas-y-ninos-de-aysen\/\",\"name\":\"Educadoras(es) finalizan capacitaci\u00f3n para llevar la ciencia a ni\u00f1as y ni\u00f1os de Ays\u00e9n - Aysen\",\"isPartOf\":{\"@id\":\"https:\/\/dev.explora.cl\/aysen\/#website\"},\"primaryImageOfPage\":{\"@id\":\"https:\/\/dev.explora.cl\/aysen\/educadorases-finalizan-capacitacion-para-llevar-la-ciencia-a-ninas-y-ninos-de-aysen\/#primaryimage\"},\"image\":{\"@id\":\"https:\/\/dev.explora.cl\/aysen\/educadorases-finalizan-capacitacion-para-llevar-la-ciencia-a-ninas-y-ninos-de-aysen\/#primaryimage\"},\"thumbnailUrl\":\"https:\/\/dev.explora.cl\/aysen\/wp-content\/uploads\/sites\/18\/2023\/10\/pipe-2023.jpg\",\"datePublished\":\"2023-10-10T15:45:39+00:00\",\"dateModified\":\"2023-12-05T13:53:53+00:00\",\"author\":{\"@id\":\"https:\/\/dev.explora.cl\/aysen\/#\/schema\/person\/81c802b1e3b443e2575e555b39e60a05\"},\"breadcrumb\":{\"@id\":\"https:\/\/dev.explora.cl\/aysen\/educadorases-finalizan-capacitacion-para-llevar-la-ciencia-a-ninas-y-ninos-de-aysen\/#breadcrumb\"},\"inLanguage\":\"es-CL\",\"potentialAction\":[{\"@type\":\"ReadAction\",\"target\":[\"https:\/\/dev.explora.cl\/aysen\/educadorases-finalizan-capacitacion-para-llevar-la-ciencia-a-ninas-y-ninos-de-aysen\/\"]}]},{\"@type\":\"ImageObject\",\"inLanguage\":\"es-CL\",\"@id\":\"https:\/\/dev.explora.cl\/aysen\/educadorases-finalizan-capacitacion-para-llevar-la-ciencia-a-ninas-y-ninos-de-aysen\/#primaryimage\",\"url\":\"https:\/\/dev.explora.cl\/aysen\/wp-content\/uploads\/sites\/18\/2023\/10\/pipe-2023.jpg\",\"contentUrl\":\"https:\/\/dev.explora.cl\/aysen\/wp-content\/uploads\/sites\/18\/2023\/10\/pipe-2023.jpg\",\"width\":6400,\"height\":4264},{\"@type\":\"BreadcrumbList\",\"@id\":\"https:\/\/dev.explora.cl\/aysen\/educadorases-finalizan-capacitacion-para-llevar-la-ciencia-a-ninas-y-ninos-de-aysen\/#breadcrumb\",\"itemListElement\":[{\"@type\":\"ListItem\",\"position\":1,\"name\":\"Portada\",\"item\":\"https:\/\/dev.explora.cl\/aysen\/\"},{\"@type\":\"ListItem\",\"position\":2,\"name\":\"Educadoras(es) finalizan capacitaci\u00f3n para llevar la ciencia a ni\u00f1as y ni\u00f1os de Ays\u00e9n\"}]},{\"@type\":\"WebSite\",\"@id\":\"https:\/\/dev.explora.cl\/aysen\/#website\",\"url\":\"https:\/\/dev.explora.cl\/aysen\/\",\"name\":\"Aysen\",\"description\":\"Otro sitio m\u00e1s de dev.explora.cl\",\"potentialAction\":[{\"@type\":\"SearchAction\",\"target\":{\"@type\":\"EntryPoint\",\"urlTemplate\":\"https:\/\/dev.explora.cl\/aysen\/?s={search_term_string}\"},\"query-input\":{\"@type\":\"PropertyValueSpecification\",\"valueRequired\":true,\"valueName\":\"search_term_string\"}}],\"inLanguage\":\"es-CL\"},{\"@type\":\"Person\",\"@id\":\"https:\/\/dev.explora.cl\/aysen\/#\/schema\/person\/81c802b1e3b443e2575e555b39e60a05\",\"name\":\"scisternas\",\"image\":{\"@type\":\"ImageObject\",\"inLanguage\":\"es-CL\",\"@id\":\"https:\/\/dev.explora.cl\/aysen\/#\/schema\/person\/image\/\",\"url\":\"https:\/\/secure.gravatar.com\/avatar\/611c8f1946b775bdf01b0521c85a9381c3ad08d928d8ead34ce577b0fa231c76?s=96&d=mm&r=g\",\"contentUrl\":\"https:\/\/secure.gravatar.com\/avatar\/611c8f1946b775bdf01b0521c85a9381c3ad08d928d8ead34ce577b0fa231c76?s=96&d=mm&r=g\",\"caption\":\"scisternas\"},\"url\":\"https:\/\/dev.explora.cl\/aysen\/author\/scisternas\/\"}]}<\/script>\n<!-- \/ Yoast SEO plugin. -->","yoast_head_json":{"title":"Educadoras(es) finalizan capacitaci\u00f3n para llevar la ciencia a ni\u00f1as y ni\u00f1os de Ays\u00e9n - Aysen","robots":{"index":"index","follow":"follow","max-snippet":"max-snippet:-1","max-image-preview":"max-image-preview:large","max-video-preview":"max-video-preview:-1"},"canonical":"https:\/\/dev.explora.cl\/aysen\/educadorases-finalizan-capacitacion-para-llevar-la-ciencia-a-ninas-y-ninos-de-aysen\/","og_locale":"es_ES","og_type":"article","og_title":"Educadoras(es) finalizan capacitaci\u00f3n para llevar la ciencia a ni\u00f1as y ni\u00f1os de Ays\u00e9n - Aysen","og_description":"Tras culminar la primera etapa de la ruta formativa del Programa en Indagaci\u00f3n para Primeras Edades del Proyecto Explora Ays\u00e9n, 34 educadoras y t\u00e9cnicos\/as en Educaci\u00f3n Parvularia de seis comunas de la Regi\u00f3n llevar\u00e1n las herramientas adquiridas a sus aulas.","og_url":"https:\/\/dev.explora.cl\/aysen\/educadorases-finalizan-capacitacion-para-llevar-la-ciencia-a-ninas-y-ninos-de-aysen\/","og_site_name":"Aysen","article_published_time":"2023-10-10T15:45:39+00:00","article_modified_time":"2023-12-05T13:53:53+00:00","og_image":[{"width":1024,"height":682,"url":"https:\/\/dev.explora.cl\/aysen\/wp-content\/uploads\/sites\/18\/2023\/10\/pipe-2023-1024x682.jpg","type":"image\/jpeg"}],"author":"scisternas","twitter_card":"summary_large_image","twitter_misc":{"Escrito por":"scisternas","Tiempo estimado de lectura":"2 minutos"},"schema":{"@context":"https:\/\/schema.org","@graph":[{"@type":"Article","@id":"https:\/\/dev.explora.cl\/aysen\/educadorases-finalizan-capacitacion-para-llevar-la-ciencia-a-ninas-y-ninos-de-aysen\/#article","isPartOf":{"@id":"https:\/\/dev.explora.cl\/aysen\/educadorases-finalizan-capacitacion-para-llevar-la-ciencia-a-ninas-y-ninos-de-aysen\/"},"author":{"name":"scisternas","@id":"https:\/\/dev.explora.cl\/aysen\/#\/schema\/person\/81c802b1e3b443e2575e555b39e60a05"},"headline":"Educadoras(es) finalizan capacitaci\u00f3n para llevar la ciencia a ni\u00f1as y ni\u00f1os de Ays\u00e9n","datePublished":"2023-10-10T15:45:39+00:00","dateModified":"2023-12-05T13:53:53+00:00","mainEntityOfPage":{"@id":"https:\/\/dev.explora.cl\/aysen\/educadorases-finalizan-capacitacion-para-llevar-la-ciencia-a-ninas-y-ninos-de-aysen\/"},"wordCount":444,"commentCount":0,"image":{"@id":"https:\/\/dev.explora.cl\/aysen\/educadorases-finalizan-capacitacion-para-llevar-la-ciencia-a-ninas-y-ninos-de-aysen\/#primaryimage"},"thumbnailUrl":"https:\/\/dev.explora.cl\/aysen\/wp-content\/uploads\/sites\/18\/2023\/10\/pipe-2023.jpg","articleSection":["Lugar 3","Noticias"],"inLanguage":"es-CL","potentialAction":[{"@type":"CommentAction","name":"Comment","target":["https:\/\/dev.explora.cl\/aysen\/educadorases-finalizan-capacitacion-para-llevar-la-ciencia-a-ninas-y-ninos-de-aysen\/#respond"]}]},{"@type":"WebPage","@id":"https:\/\/dev.explora.cl\/aysen\/educadorases-finalizan-capacitacion-para-llevar-la-ciencia-a-ninas-y-ninos-de-aysen\/","url":"https:\/\/dev.explora.cl\/aysen\/educadorases-finalizan-capacitacion-para-llevar-la-ciencia-a-ninas-y-ninos-de-aysen\/","name":"Educadoras(es) finalizan capacitaci\u00f3n para llevar la ciencia a ni\u00f1as y ni\u00f1os de Ays\u00e9n - Aysen","isPartOf":{"@id":"https:\/\/dev.explora.cl\/aysen\/#website"},"primaryImageOfPage":{"@id":"https:\/\/dev.explora.cl\/aysen\/educadorases-finalizan-capacitacion-para-llevar-la-ciencia-a-ninas-y-ninos-de-aysen\/#primaryimage"},"image":{"@id":"https:\/\/dev.explora.cl\/aysen\/educadorases-finalizan-capacitacion-para-llevar-la-ciencia-a-ninas-y-ninos-de-aysen\/#primaryimage"},"thumbnailUrl":"https:\/\/dev.explora.cl\/aysen\/wp-content\/uploads\/sites\/18\/2023\/10\/pipe-2023.jpg","datePublished":"2023-10-10T15:45:39+00:00","dateModified":"2023-12-05T13:53:53+00:00","author":{"@id":"https:\/\/dev.explora.cl\/aysen\/#\/schema\/person\/81c802b1e3b443e2575e555b39e60a05"},"breadcrumb":{"@id":"https:\/\/dev.explora.cl\/aysen\/educadorases-finalizan-capacitacion-para-llevar-la-ciencia-a-ninas-y-ninos-de-aysen\/#breadcrumb"},"inLanguage":"es-CL","potentialAction":[{"@type":"ReadAction","target":["https:\/\/dev.explora.cl\/aysen\/educadorases-finalizan-capacitacion-para-llevar-la-ciencia-a-ninas-y-ninos-de-aysen\/"]}]},{"@type":"ImageObject","inLanguage":"es-CL","@id":"https:\/\/dev.explora.cl\/aysen\/educadorases-finalizan-capacitacion-para-llevar-la-ciencia-a-ninas-y-ninos-de-aysen\/#primaryimage","url":"https:\/\/dev.explora.cl\/aysen\/wp-content\/uploads\/sites\/18\/2023\/10\/pipe-2023.jpg","contentUrl":"https:\/\/dev.explora.cl\/aysen\/wp-content\/uploads\/sites\/18\/2023\/10\/pipe-2023.jpg","width":6400,"height":4264},{"@type":"BreadcrumbList","@id":"https:\/\/dev.explora.cl\/aysen\/educadorases-finalizan-capacitacion-para-llevar-la-ciencia-a-ninas-y-ninos-de-aysen\/#breadcrumb","itemListElement":[{"@type":"ListItem","position":1,"name":"Portada","item":"https:\/\/dev.explora.cl\/aysen\/"},{"@type":"ListItem","position":2,"name":"Educadoras(es) finalizan capacitaci\u00f3n para llevar la ciencia a ni\u00f1as y ni\u00f1os de Ays\u00e9n"}]},{"@type":"WebSite","@id":"https:\/\/dev.explora.cl\/aysen\/#website","url":"https:\/\/dev.explora.cl\/aysen\/","name":"Aysen","description":"Otro sitio m\u00e1s de dev.explora.cl","potentialAction":[{"@type":"SearchAction","target":{"@type":"EntryPoint","urlTemplate":"https:\/\/dev.explora.cl\/aysen\/?s={search_term_string}"},"query-input":{"@type":"PropertyValueSpecification","valueRequired":true,"valueName":"search_term_string"}}],"inLanguage":"es-CL"},{"@type":"Person","@id":"https:\/\/dev.explora.cl\/aysen\/#\/schema\/person\/81c802b1e3b443e2575e555b39e60a05","name":"scisternas","image":{"@type":"ImageObject","inLanguage":"es-CL","@id":"https:\/\/dev.explora.cl\/aysen\/#\/schema\/person\/image\/","url":"https:\/\/secure.gravatar.com\/avatar\/611c8f1946b775bdf01b0521c85a9381c3ad08d928d8ead34ce577b0fa231c76?s=96&d=mm&r=g","contentUrl":"https:\/\/secure.gravatar.com\/avatar\/611c8f1946b775bdf01b0521c85a9381c3ad08d928d8ead34ce577b0fa231c76?s=96&d=mm&r=g","caption":"scisternas"},"url":"https:\/\/dev.explora.cl\/aysen\/author\/scisternas\/"}]}},"_links":{"self":[{"href":"https:\/\/dev.explora.cl\/aysen\/wp-json\/wp\/v2\/posts\/38683","targetHints":{"allow":["GET"]}}],"collection":[{"href":"https:\/\/dev.explora.cl\/aysen\/wp-json\/wp\/v2\/posts"}],"about":[{"href":"https:\/\/dev.explora.cl\/aysen\/wp-json\/wp\/v2\/types\/post"}],"author":[{"embeddable":true,"href":"https:\/\/dev.explora.cl\/aysen\/wp-json\/wp\/v2\/users\/37"}],"replies":[{"embeddable":true,"href":"https:\/\/dev.explora.cl\/aysen\/wp-json\/wp\/v2\/comments?post=38683"}],"version-history":[{"count":3,"href":"https:\/\/dev.explora.cl\/aysen\/wp-json\/wp\/v2\/posts\/38683\/revisions"}],"predecessor-version":[{"id":38694,"href":"https:\/\/dev.explora.cl\/aysen\/wp-json\/wp\/v2\/posts\/38683\/revisions\/38694"}],"wp:featuredmedia":[{"embeddable":true,"href":"https:\/\/dev.explora.cl\/aysen\/wp-json\/wp\/v2\/media\/38686"}],"wp:attachment":[{"href":"https:\/\/dev.explora.cl\/aysen\/wp-json\/wp\/v2\/media?parent=38683"}],"wp:term":[{"taxonomy":"category","embeddable":true,"href":"https:\/\/dev.explora.cl\/aysen\/wp-json\/wp\/v2\/categories?post=38683"},{"taxonomy":"post_tag","embeddable":true,"href":"https:\/\/dev.explora.cl\/aysen\/wp-json\/wp\/v2\/tags?post=38683"}],"curies":[{"name":"wp","href":"https:\/\/api.w.org\/{rel}","templated":true}]}}