{"id":38659,"date":"2023-09-25T11:23:19","date_gmt":"2023-09-25T14:23:19","guid":{"rendered":"https:\/\/dev.explora.cl\/aysen\/?p=38659"},"modified":"2023-10-11T10:43:46","modified_gmt":"2023-10-11T13:43:46","slug":"ya-esta-disponible-la-nomina-de-seleccionads-para-ser-parte-del-programa-parques-y-reservas-como-laboratorio-natural-2023","status":"publish","type":"post","link":"https:\/\/dev.explora.cl\/aysen\/ya-esta-disponible-la-nomina-de-seleccionads-para-ser-parte-del-programa-parques-y-reservas-como-laboratorio-natural-2023\/","title":{"rendered":"Ya est\u00e1 disponible la n\u00f3mina de seleccionad@s para ser parte del programa Parques y Reservas como Laboratorio Natural 2023"},"content":{"rendered":"<p class=\"p1\"><em>Revisa los resultados con los detalles de la selecci\u00f3n en tu correo electr\u00f3nico.<\/em><!--more--><\/p>\n<p class=\"p1\">Este a\u00f1o estamos felices de contar con la participaci\u00f3n con cursos de la Escuela Rural Valle Simpson, Escuela Rural Carretera Austral, Escuela Rural Pablo Cea, Escuela Pedro Quintana Mansilla, Liceo Ma\u00f1ihuales, Colegio Campo de Hielo, Colegio Antoine de Saint Exup\u00e9ry, Colegio El Camino a la Fuente, Siete colores, Bosque Ense\u00f1a, Jard\u00edn Infantil Vallecitos de Ays\u00e9n y Jard\u00edn Infantil Mackay<\/p>\n<p class=\"p1\">Agradecemos la motivaci\u00f3n de todos los establecimientos educacionales que postularon desde diferentes comunas de la Regi\u00f3n, \u00a1nos vemos en Parques y Reservas como Laboratorio Natural!<\/p>\n","protected":false},"excerpt":{"rendered":"<p>Revisa los resultados con los detalles de la selecci\u00f3n en tu correo electr\u00f3nico.<\/p>\n","protected":false},"author":37,"featured_media":38660,"comment_status":"open","ping_status":"open","sticky":false,"template":"","format":"standard","meta":{"_acf_changed":false,"_exactmetrics_skip_tracking":false,"_exactmetrics_sitenote_active":false,"_exactmetrics_sitenote_note":"","_exactmetrics_sitenote_category":0,"footnotes":"","_links_to":"","_links_to_target":""},"categories":[4],"tags":[],"class_list":["post-38659","post","type-post","status-publish","format-standard","has-post-thumbnail","hentry","category-noticias"],"acf":[],"yoast_head":"<!-- This site is optimized with the Yoast SEO plugin v26.7 - https:\/\/yoast.com\/wordpress\/plugins\/seo\/ -->\n<title>Ya est\u00e1 disponible la n\u00f3mina de seleccionad@s para ser parte del programa Parques y Reservas como Laboratorio Natural 2023 - Aysen<\/title>\n<meta name=\"robots\" content=\"index, follow, max-snippet:-1, max-image-preview:large, max-video-preview:-1\" \/>\n<link rel=\"canonical\" href=\"https:\/\/dev.explora.cl\/aysen\/ya-esta-disponible-la-nomina-de-seleccionads-para-ser-parte-del-programa-parques-y-reservas-como-laboratorio-natural-2023\/\" class=\"yoast-seo-meta-tag\" \/>\n<meta property=\"og:locale\" content=\"es_ES\" class=\"yoast-seo-meta-tag\" \/>\n<meta property=\"og:type\" content=\"article\" class=\"yoast-seo-meta-tag\" \/>\n<meta property=\"og:title\" content=\"Ya est\u00e1 disponible la n\u00f3mina de seleccionad@s para ser parte del programa Parques y Reservas como Laboratorio Natural 2023 - Aysen\" class=\"yoast-seo-meta-tag\" \/>\n<meta property=\"og:description\" content=\"Revisa los resultados con los detalles de la selecci\u00f3n en tu correo electr\u00f3nico.\" class=\"yoast-seo-meta-tag\" \/>\n<meta property=\"og:url\" content=\"https:\/\/dev.explora.cl\/aysen\/ya-esta-disponible-la-nomina-de-seleccionads-para-ser-parte-del-programa-parques-y-reservas-como-laboratorio-natural-2023\/\" class=\"yoast-seo-meta-tag\" \/>\n<meta property=\"og:site_name\" content=\"Aysen\" class=\"yoast-seo-meta-tag\" \/>\n<meta property=\"article:published_time\" content=\"2023-09-25T14:23:19+00:00\" class=\"yoast-seo-meta-tag\" \/>\n<meta property=\"article:modified_time\" content=\"2023-10-11T13:43:46+00:00\" class=\"yoast-seo-meta-tag\" \/>\n<meta property=\"og:image\" content=\"https:\/\/dev.explora.cl\/aysen\/wp-content\/uploads\/sites\/18\/2023\/09\/Se-viene-Parques-3.png\" class=\"yoast-seo-meta-tag\" \/>\n\t<meta property=\"og:image:width\" content=\"1200\" class=\"yoast-seo-meta-tag\" \/>\n\t<meta property=\"og:image:height\" content=\"1200\" class=\"yoast-seo-meta-tag\" \/>\n\t<meta property=\"og:image:type\" content=\"image\/png\" class=\"yoast-seo-meta-tag\" \/>\n<meta name=\"author\" content=\"scisternas\" class=\"yoast-seo-meta-tag\" \/>\n<meta name=\"twitter:card\" content=\"summary_large_image\" class=\"yoast-seo-meta-tag\" \/>\n<meta name=\"twitter:label1\" content=\"Escrito por\" class=\"yoast-seo-meta-tag\" \/>\n\t<meta name=\"twitter:data1\" content=\"scisternas\" class=\"yoast-seo-meta-tag\" \/>\n\t<meta name=\"twitter:label2\" content=\"Tiempo estimado de lectura\" class=\"yoast-seo-meta-tag\" \/>\n\t<meta name=\"twitter:data2\" content=\"1 minuto\" class=\"yoast-seo-meta-tag\" \/>\n<script type=\"application\/ld+json\" class=\"yoast-schema-graph\">{\"@context\":\"https:\/\/schema.org\",\"@graph\":[{\"@type\":\"Article\",\"@id\":\"https:\/\/dev.explora.cl\/aysen\/ya-esta-disponible-la-nomina-de-seleccionads-para-ser-parte-del-programa-parques-y-reservas-como-laboratorio-natural-2023\/#article\",\"isPartOf\":{\"@id\":\"https:\/\/dev.explora.cl\/aysen\/ya-esta-disponible-la-nomina-de-seleccionads-para-ser-parte-del-programa-parques-y-reservas-como-laboratorio-natural-2023\/\"},\"author\":{\"name\":\"scisternas\",\"@id\":\"https:\/\/dev.explora.cl\/aysen\/#\/schema\/person\/81c802b1e3b443e2575e555b39e60a05\"},\"headline\":\"Ya est\u00e1 disponible la n\u00f3mina de seleccionad@s para ser parte del programa Parques y Reservas como Laboratorio Natural 2023\",\"datePublished\":\"2023-09-25T14:23:19+00:00\",\"dateModified\":\"2023-10-11T13:43:46+00:00\",\"mainEntityOfPage\":{\"@id\":\"https:\/\/dev.explora.cl\/aysen\/ya-esta-disponible-la-nomina-de-seleccionads-para-ser-parte-del-programa-parques-y-reservas-como-laboratorio-natural-2023\/\"},\"wordCount\":129,\"commentCount\":0,\"image\":{\"@id\":\"https:\/\/dev.explora.cl\/aysen\/ya-esta-disponible-la-nomina-de-seleccionads-para-ser-parte-del-programa-parques-y-reservas-como-laboratorio-natural-2023\/#primaryimage\"},\"thumbnailUrl\":\"https:\/\/dev.explora.cl\/aysen\/wp-content\/uploads\/sites\/18\/2023\/09\/Se-viene-Parques-3.png\",\"articleSection\":[\"Noticias\"],\"inLanguage\":\"es-CL\",\"potentialAction\":[{\"@type\":\"CommentAction\",\"name\":\"Comment\",\"target\":[\"https:\/\/dev.explora.cl\/aysen\/ya-esta-disponible-la-nomina-de-seleccionads-para-ser-parte-del-programa-parques-y-reservas-como-laboratorio-natural-2023\/#respond\"]}]},{\"@type\":\"WebPage\",\"@id\":\"https:\/\/dev.explora.cl\/aysen\/ya-esta-disponible-la-nomina-de-seleccionads-para-ser-parte-del-programa-parques-y-reservas-como-laboratorio-natural-2023\/\",\"url\":\"https:\/\/dev.explora.cl\/aysen\/ya-esta-disponible-la-nomina-de-seleccionads-para-ser-parte-del-programa-parques-y-reservas-como-laboratorio-natural-2023\/\",\"name\":\"Ya est\u00e1 disponible la n\u00f3mina de seleccionad@s para ser parte del programa Parques y Reservas como Laboratorio Natural 2023 - Aysen\",\"isPartOf\":{\"@id\":\"https:\/\/dev.explora.cl\/aysen\/#website\"},\"primaryImageOfPage\":{\"@id\":\"https:\/\/dev.explora.cl\/aysen\/ya-esta-disponible-la-nomina-de-seleccionads-para-ser-parte-del-programa-parques-y-reservas-como-laboratorio-natural-2023\/#primaryimage\"},\"image\":{\"@id\":\"https:\/\/dev.explora.cl\/aysen\/ya-esta-disponible-la-nomina-de-seleccionads-para-ser-parte-del-programa-parques-y-reservas-como-laboratorio-natural-2023\/#primaryimage\"},\"thumbnailUrl\":\"https:\/\/dev.explora.cl\/aysen\/wp-content\/uploads\/sites\/18\/2023\/09\/Se-viene-Parques-3.png\",\"datePublished\":\"2023-09-25T14:23:19+00:00\",\"dateModified\":\"2023-10-11T13:43:46+00:00\",\"author\":{\"@id\":\"https:\/\/dev.explora.cl\/aysen\/#\/schema\/person\/81c802b1e3b443e2575e555b39e60a05\"},\"breadcrumb\":{\"@id\":\"https:\/\/dev.explora.cl\/aysen\/ya-esta-disponible-la-nomina-de-seleccionads-para-ser-parte-del-programa-parques-y-reservas-como-laboratorio-natural-2023\/#breadcrumb\"},\"inLanguage\":\"es-CL\",\"potentialAction\":[{\"@type\":\"ReadAction\",\"target\":[\"https:\/\/dev.explora.cl\/aysen\/ya-esta-disponible-la-nomina-de-seleccionads-para-ser-parte-del-programa-parques-y-reservas-como-laboratorio-natural-2023\/\"]}]},{\"@type\":\"ImageObject\",\"inLanguage\":\"es-CL\",\"@id\":\"https:\/\/dev.explora.cl\/aysen\/ya-esta-disponible-la-nomina-de-seleccionads-para-ser-parte-del-programa-parques-y-reservas-como-laboratorio-natural-2023\/#primaryimage\",\"url\":\"https:\/\/dev.explora.cl\/aysen\/wp-content\/uploads\/sites\/18\/2023\/09\/Se-viene-Parques-3.png\",\"contentUrl\":\"https:\/\/dev.explora.cl\/aysen\/wp-content\/uploads\/sites\/18\/2023\/09\/Se-viene-Parques-3.png\",\"width\":1200,\"height\":1200},{\"@type\":\"BreadcrumbList\",\"@id\":\"https:\/\/dev.explora.cl\/aysen\/ya-esta-disponible-la-nomina-de-seleccionads-para-ser-parte-del-programa-parques-y-reservas-como-laboratorio-natural-2023\/#breadcrumb\",\"itemListElement\":[{\"@type\":\"ListItem\",\"position\":1,\"name\":\"Portada\",\"item\":\"https:\/\/dev.explora.cl\/aysen\/\"},{\"@type\":\"ListItem\",\"position\":2,\"name\":\"Ya est\u00e1 disponible la n\u00f3mina de seleccionad@s para ser parte del programa Parques y Reservas como Laboratorio Natural 2023\"}]},{\"@type\":\"WebSite\",\"@id\":\"https:\/\/dev.explora.cl\/aysen\/#website\",\"url\":\"https:\/\/dev.explora.cl\/aysen\/\",\"name\":\"Aysen\",\"description\":\"Otro sitio m\u00e1s de dev.explora.cl\",\"potentialAction\":[{\"@type\":\"SearchAction\",\"target\":{\"@type\":\"EntryPoint\",\"urlTemplate\":\"https:\/\/dev.explora.cl\/aysen\/?s={search_term_string}\"},\"query-input\":{\"@type\":\"PropertyValueSpecification\",\"valueRequired\":true,\"valueName\":\"search_term_string\"}}],\"inLanguage\":\"es-CL\"},{\"@type\":\"Person\",\"@id\":\"https:\/\/dev.explora.cl\/aysen\/#\/schema\/person\/81c802b1e3b443e2575e555b39e60a05\",\"name\":\"scisternas\",\"image\":{\"@type\":\"ImageObject\",\"inLanguage\":\"es-CL\",\"@id\":\"https:\/\/dev.explora.cl\/aysen\/#\/schema\/person\/image\/\",\"url\":\"https:\/\/secure.gravatar.com\/avatar\/611c8f1946b775bdf01b0521c85a9381c3ad08d928d8ead34ce577b0fa231c76?s=96&d=mm&r=g\",\"contentUrl\":\"https:\/\/secure.gravatar.com\/avatar\/611c8f1946b775bdf01b0521c85a9381c3ad08d928d8ead34ce577b0fa231c76?s=96&d=mm&r=g\",\"caption\":\"scisternas\"},\"url\":\"https:\/\/dev.explora.cl\/aysen\/author\/scisternas\/\"}]}<\/script>\n<!-- \/ Yoast SEO plugin. -->","yoast_head_json":{"title":"Ya est\u00e1 disponible la n\u00f3mina de seleccionad@s para ser parte del programa Parques y Reservas como Laboratorio Natural 2023 - Aysen","robots":{"index":"index","follow":"follow","max-snippet":"max-snippet:-1","max-image-preview":"max-image-preview:large","max-video-preview":"max-video-preview:-1"},"canonical":"https:\/\/dev.explora.cl\/aysen\/ya-esta-disponible-la-nomina-de-seleccionads-para-ser-parte-del-programa-parques-y-reservas-como-laboratorio-natural-2023\/","og_locale":"es_ES","og_type":"article","og_title":"Ya est\u00e1 disponible la n\u00f3mina de seleccionad@s para ser parte del programa Parques y Reservas como Laboratorio Natural 2023 - Aysen","og_description":"Revisa los resultados con los detalles de la selecci\u00f3n en tu correo electr\u00f3nico.","og_url":"https:\/\/dev.explora.cl\/aysen\/ya-esta-disponible-la-nomina-de-seleccionads-para-ser-parte-del-programa-parques-y-reservas-como-laboratorio-natural-2023\/","og_site_name":"Aysen","article_published_time":"2023-09-25T14:23:19+00:00","article_modified_time":"2023-10-11T13:43:46+00:00","og_image":[{"width":1200,"height":1200,"url":"https:\/\/dev.explora.cl\/aysen\/wp-content\/uploads\/sites\/18\/2023\/09\/Se-viene-Parques-3.png","type":"image\/png"}],"author":"scisternas","twitter_card":"summary_large_image","twitter_misc":{"Escrito por":"scisternas","Tiempo estimado de lectura":"1 minuto"},"schema":{"@context":"https:\/\/schema.org","@graph":[{"@type":"Article","@id":"https:\/\/dev.explora.cl\/aysen\/ya-esta-disponible-la-nomina-de-seleccionads-para-ser-parte-del-programa-parques-y-reservas-como-laboratorio-natural-2023\/#article","isPartOf":{"@id":"https:\/\/dev.explora.cl\/aysen\/ya-esta-disponible-la-nomina-de-seleccionads-para-ser-parte-del-programa-parques-y-reservas-como-laboratorio-natural-2023\/"},"author":{"name":"scisternas","@id":"https:\/\/dev.explora.cl\/aysen\/#\/schema\/person\/81c802b1e3b443e2575e555b39e60a05"},"headline":"Ya est\u00e1 disponible la n\u00f3mina de seleccionad@s para ser parte del programa Parques y Reservas como Laboratorio Natural 2023","datePublished":"2023-09-25T14:23:19+00:00","dateModified":"2023-10-11T13:43:46+00:00","mainEntityOfPage":{"@id":"https:\/\/dev.explora.cl\/aysen\/ya-esta-disponible-la-nomina-de-seleccionads-para-ser-parte-del-programa-parques-y-reservas-como-laboratorio-natural-2023\/"},"wordCount":129,"commentCount":0,"image":{"@id":"https:\/\/dev.explora.cl\/aysen\/ya-esta-disponible-la-nomina-de-seleccionads-para-ser-parte-del-programa-parques-y-reservas-como-laboratorio-natural-2023\/#primaryimage"},"thumbnailUrl":"https:\/\/dev.explora.cl\/aysen\/wp-content\/uploads\/sites\/18\/2023\/09\/Se-viene-Parques-3.png","articleSection":["Noticias"],"inLanguage":"es-CL","potentialAction":[{"@type":"CommentAction","name":"Comment","target":["https:\/\/dev.explora.cl\/aysen\/ya-esta-disponible-la-nomina-de-seleccionads-para-ser-parte-del-programa-parques-y-reservas-como-laboratorio-natural-2023\/#respond"]}]},{"@type":"WebPage","@id":"https:\/\/dev.explora.cl\/aysen\/ya-esta-disponible-la-nomina-de-seleccionads-para-ser-parte-del-programa-parques-y-reservas-como-laboratorio-natural-2023\/","url":"https:\/\/dev.explora.cl\/aysen\/ya-esta-disponible-la-nomina-de-seleccionads-para-ser-parte-del-programa-parques-y-reservas-como-laboratorio-natural-2023\/","name":"Ya est\u00e1 disponible la n\u00f3mina de seleccionad@s para ser parte del programa Parques y Reservas como Laboratorio Natural 2023 - Aysen","isPartOf":{"@id":"https:\/\/dev.explora.cl\/aysen\/#website"},"primaryImageOfPage":{"@id":"https:\/\/dev.explora.cl\/aysen\/ya-esta-disponible-la-nomina-de-seleccionads-para-ser-parte-del-programa-parques-y-reservas-como-laboratorio-natural-2023\/#primaryimage"},"image":{"@id":"https:\/\/dev.explora.cl\/aysen\/ya-esta-disponible-la-nomina-de-seleccionads-para-ser-parte-del-programa-parques-y-reservas-como-laboratorio-natural-2023\/#primaryimage"},"thumbnailUrl":"https:\/\/dev.explora.cl\/aysen\/wp-content\/uploads\/sites\/18\/2023\/09\/Se-viene-Parques-3.png","datePublished":"2023-09-25T14:23:19+00:00","dateModified":"2023-10-11T13:43:46+00:00","author":{"@id":"https:\/\/dev.explora.cl\/aysen\/#\/schema\/person\/81c802b1e3b443e2575e555b39e60a05"},"breadcrumb":{"@id":"https:\/\/dev.explora.cl\/aysen\/ya-esta-disponible-la-nomina-de-seleccionads-para-ser-parte-del-programa-parques-y-reservas-como-laboratorio-natural-2023\/#breadcrumb"},"inLanguage":"es-CL","potentialAction":[{"@type":"ReadAction","target":["https:\/\/dev.explora.cl\/aysen\/ya-esta-disponible-la-nomina-de-seleccionads-para-ser-parte-del-programa-parques-y-reservas-como-laboratorio-natural-2023\/"]}]},{"@type":"ImageObject","inLanguage":"es-CL","@id":"https:\/\/dev.explora.cl\/aysen\/ya-esta-disponible-la-nomina-de-seleccionads-para-ser-parte-del-programa-parques-y-reservas-como-laboratorio-natural-2023\/#primaryimage","url":"https:\/\/dev.explora.cl\/aysen\/wp-content\/uploads\/sites\/18\/2023\/09\/Se-viene-Parques-3.png","contentUrl":"https:\/\/dev.explora.cl\/aysen\/wp-content\/uploads\/sites\/18\/2023\/09\/Se-viene-Parques-3.png","width":1200,"height":1200},{"@type":"BreadcrumbList","@id":"https:\/\/dev.explora.cl\/aysen\/ya-esta-disponible-la-nomina-de-seleccionads-para-ser-parte-del-programa-parques-y-reservas-como-laboratorio-natural-2023\/#breadcrumb","itemListElement":[{"@type":"ListItem","position":1,"name":"Portada","item":"https:\/\/dev.explora.cl\/aysen\/"},{"@type":"ListItem","position":2,"name":"Ya est\u00e1 disponible la n\u00f3mina de seleccionad@s para ser parte del programa Parques y Reservas como Laboratorio Natural 2023"}]},{"@type":"WebSite","@id":"https:\/\/dev.explora.cl\/aysen\/#website","url":"https:\/\/dev.explora.cl\/aysen\/","name":"Aysen","description":"Otro sitio m\u00e1s de dev.explora.cl","potentialAction":[{"@type":"SearchAction","target":{"@type":"EntryPoint","urlTemplate":"https:\/\/dev.explora.cl\/aysen\/?s={search_term_string}"},"query-input":{"@type":"PropertyValueSpecification","valueRequired":true,"valueName":"search_term_string"}}],"inLanguage":"es-CL"},{"@type":"Person","@id":"https:\/\/dev.explora.cl\/aysen\/#\/schema\/person\/81c802b1e3b443e2575e555b39e60a05","name":"scisternas","image":{"@type":"ImageObject","inLanguage":"es-CL","@id":"https:\/\/dev.explora.cl\/aysen\/#\/schema\/person\/image\/","url":"https:\/\/secure.gravatar.com\/avatar\/611c8f1946b775bdf01b0521c85a9381c3ad08d928d8ead34ce577b0fa231c76?s=96&d=mm&r=g","contentUrl":"https:\/\/secure.gravatar.com\/avatar\/611c8f1946b775bdf01b0521c85a9381c3ad08d928d8ead34ce577b0fa231c76?s=96&d=mm&r=g","caption":"scisternas"},"url":"https:\/\/dev.explora.cl\/aysen\/author\/scisternas\/"}]}},"_links":{"self":[{"href":"https:\/\/dev.explora.cl\/aysen\/wp-json\/wp\/v2\/posts\/38659","targetHints":{"allow":["GET"]}}],"collection":[{"href":"https:\/\/dev.explora.cl\/aysen\/wp-json\/wp\/v2\/posts"}],"about":[{"href":"https:\/\/dev.explora.cl\/aysen\/wp-json\/wp\/v2\/types\/post"}],"author":[{"embeddable":true,"href":"https:\/\/dev.explora.cl\/aysen\/wp-json\/wp\/v2\/users\/37"}],"replies":[{"embeddable":true,"href":"https:\/\/dev.explora.cl\/aysen\/wp-json\/wp\/v2\/comments?post=38659"}],"version-history":[{"count":1,"href":"https:\/\/dev.explora.cl\/aysen\/wp-json\/wp\/v2\/posts\/38659\/revisions"}],"predecessor-version":[{"id":38661,"href":"https:\/\/dev.explora.cl\/aysen\/wp-json\/wp\/v2\/posts\/38659\/revisions\/38661"}],"wp:featuredmedia":[{"embeddable":true,"href":"https:\/\/dev.explora.cl\/aysen\/wp-json\/wp\/v2\/media\/38660"}],"wp:attachment":[{"href":"https:\/\/dev.explora.cl\/aysen\/wp-json\/wp\/v2\/media?parent=38659"}],"wp:term":[{"taxonomy":"category","embeddable":true,"href":"https:\/\/dev.explora.cl\/aysen\/wp-json\/wp\/v2\/categories?post=38659"},{"taxonomy":"post_tag","embeddable":true,"href":"https:\/\/dev.explora.cl\/aysen\/wp-json\/wp\/v2\/tags?post=38659"}],"curies":[{"name":"wp","href":"https:\/\/api.w.org\/{rel}","templated":true}]}}