{"id":38642,"date":"2023-09-07T20:17:51","date_gmt":"2023-09-07T23:17:51","guid":{"rendered":"https:\/\/dev.explora.cl\/aysen\/?p=38642"},"modified":"2023-10-11T10:44:01","modified_gmt":"2023-10-11T13:44:01","slug":"participa-con-tu-curso-en-parques-y-reservas-como-laboratorio-natural-y-descubre-la-biodiversidad-de-aysen","status":"publish","type":"post","link":"https:\/\/dev.explora.cl\/aysen\/participa-con-tu-curso-en-parques-y-reservas-como-laboratorio-natural-y-descubre-la-biodiversidad-de-aysen\/","title":{"rendered":"Participa con tu curso en Parques y Reservas como Laboratorio natural y descubre la biodiversidad de Ays\u00e9n"},"content":{"rendered":"<p><i><span style=\"font-weight: 400\">Hasta el viernes 15 de septiembre, <\/span><\/i><i><span style=\"font-weight: 400\">cursos de nivel transici\u00f3n de educaci\u00f3n parvularia y primer ciclo b\u00e1sico de establecimientos educacionales de toda<\/span><\/i><i><span style=\"font-weight: 400\"> la regi\u00f3n podr\u00e1n inscribirse en la iniciativa que promueve el conocimiento y valoraci\u00f3n de la biodiversidad regional mediante recursos educativos.<\/span><\/i><!--more--><\/p>\n<p><span style=\"font-weight: 400\">Parques y reservas como laboratorio natural es una experiencia de aprendizaje impulsada por el Proyecto Explora Ays\u00e9n en la que docentes y estudiantes pueden conocer y valorar el patrimonio natural mediante un conjunto de recursos pedag\u00f3gicos que promueven la comprensi\u00f3n y la valoraci\u00f3n de la flora y fauna nativa presente en las \u00c1reas Silvestres Protegidas de la regi\u00f3n de Ays\u00e9n.\u00a0<\/span><\/p>\n<p><span style=\"font-weight: 400\">Las actividades realizadas en esta experiencia de aprendizaje consisten en la entrega de material educativo sobre aves, mam\u00edferos y anfibios, que incluye: micro animaciones, infograf\u00edas, gu\u00edas pedag\u00f3gicas y entrevistas con cient\u00edficos\/as, adem\u00e1s de la realizaci\u00f3n de un taller de transferencia metodol\u00f3gica para docentes. <\/span><span style=\"font-weight: 400\">Adicionalmente, entre quienes participen, ofreceremos 10 cupos para visitas guiadas por \u00c1reas Silvestres Protegidas de la Regi\u00f3n.<\/span><\/p>\n<p><span style=\"font-weight: 400\">\u201cEste conjunto de recursos pedag\u00f3gicos busca ser un apoyo para que docentes y educadoras desarrollen habilidades y competencias cient\u00edficas en ni\u00f1as y ni\u00f1os de manera l\u00fadica y entretenida, poniendo en valor y aprovechando el laboratorio natural en el que vivimos y desarrollando experiencias de aprendizaje significativas para las ni\u00f1as y ni\u00f1os\u201d, se\u00f1al\u00f3 Viviana Pizarro, directora del PAR Explora Ays\u00e9n del Ministerio de Ciencia, Tecnolog\u00eda, Conocimiento e Innovaci\u00f3n, implementado por el Campus Patagonia UACh.\u00a0<\/span><\/p>\n<p><span style=\"font-weight: 400\">La convocatoria de Parques y Reservas como Laboratorio natural estar\u00e1 abierta hasta el 15 de septiembre. La coordinaci\u00f3n de la entrega del material y el apoyo para su apropiaci\u00f3n ser\u00e1n coordinados<\/span> <span style=\"font-weight: 400\">entre cada curso inscrito y el Proyecto Explora Ays\u00e9n.<\/span><\/p>\n<p><b>Documentos de postulaci\u00f3n:<\/b><\/p>\n<p><a href=\"https:\/\/drive.google.com\/file\/d\/1nUWC04V6z1Sj6Dt5_vb3rvc0KrUuVPWL\/view?usp=drive_link\"><span style=\"font-weight: 400\">Bases de la actividad<\/span><\/a><\/p>\n<p><a href=\"https:\/\/bit.ly\/CartaCompromisoParques\"><span style=\"font-weight: 400\">Carta de compromiso<\/span><\/a><\/p>\n<p><a href=\"https:\/\/bit.ly\/ParquesyReservas\"><span style=\"font-weight: 400\">Formulario<\/span><\/a> <a href=\"https:\/\/bit.ly\/ParquesyReservas\" target=\"_blank\" rel=\"noopener noreferrer\"><span style=\"font-weight: 400\">de inscripci\u00f3n<\/span><\/a><\/p>\n","protected":false},"excerpt":{"rendered":"<p>Hasta el viernes 15 de septiembre, cursos de nivel transici\u00f3n de educaci\u00f3n parvularia y primer ciclo b\u00e1sico de establecimientos educacionales de toda la regi\u00f3n podr\u00e1n inscribirse en la iniciativa que promueve el conocimiento y valoraci\u00f3n de la biodiversidad regional mediante recursos educativos.<\/p>\n","protected":false},"author":37,"featured_media":38651,"comment_status":"open","ping_status":"open","sticky":false,"template":"","format":"standard","meta":{"_acf_changed":false,"_exactmetrics_skip_tracking":false,"_exactmetrics_sitenote_active":false,"_exactmetrics_sitenote_note":"","_exactmetrics_sitenote_category":0,"footnotes":"","_links_to":"","_links_to_target":""},"categories":[4],"tags":[],"class_list":["post-38642","post","type-post","status-publish","format-standard","has-post-thumbnail","hentry","category-noticias"],"acf":[],"yoast_head":"<!-- This site is optimized with the Yoast SEO plugin v26.7 - https:\/\/yoast.com\/wordpress\/plugins\/seo\/ -->\n<title>Participa con tu curso en Parques y Reservas como Laboratorio natural y descubre la biodiversidad de Ays\u00e9n - Aysen<\/title>\n<meta name=\"robots\" content=\"index, follow, max-snippet:-1, max-image-preview:large, max-video-preview:-1\" \/>\n<link rel=\"canonical\" href=\"https:\/\/dev.explora.cl\/aysen\/participa-con-tu-curso-en-parques-y-reservas-como-laboratorio-natural-y-descubre-la-biodiversidad-de-aysen\/\" class=\"yoast-seo-meta-tag\" \/>\n<meta property=\"og:locale\" content=\"es_ES\" class=\"yoast-seo-meta-tag\" \/>\n<meta property=\"og:type\" content=\"article\" class=\"yoast-seo-meta-tag\" \/>\n<meta property=\"og:title\" content=\"Participa con tu curso en Parques y Reservas como Laboratorio natural y descubre la biodiversidad de Ays\u00e9n - Aysen\" class=\"yoast-seo-meta-tag\" \/>\n<meta property=\"og:description\" content=\"Hasta el viernes 15 de septiembre, cursos de nivel transici\u00f3n de educaci\u00f3n parvularia y primer ciclo b\u00e1sico de establecimientos educacionales de toda la regi\u00f3n podr\u00e1n inscribirse en la iniciativa que promueve el conocimiento y valoraci\u00f3n de la biodiversidad regional mediante recursos educativos.\" class=\"yoast-seo-meta-tag\" \/>\n<meta property=\"og:url\" content=\"https:\/\/dev.explora.cl\/aysen\/participa-con-tu-curso-en-parques-y-reservas-como-laboratorio-natural-y-descubre-la-biodiversidad-de-aysen\/\" class=\"yoast-seo-meta-tag\" \/>\n<meta property=\"og:site_name\" content=\"Aysen\" class=\"yoast-seo-meta-tag\" \/>\n<meta property=\"article:published_time\" content=\"2023-09-07T23:17:51+00:00\" class=\"yoast-seo-meta-tag\" \/>\n<meta property=\"article:modified_time\" content=\"2023-10-11T13:44:01+00:00\" class=\"yoast-seo-meta-tag\" \/>\n<meta property=\"og:image\" content=\"https:\/\/dev.explora.cl\/aysen\/wp-content\/uploads\/sites\/18\/2023\/09\/Inscripciones-Parques-1.png\" class=\"yoast-seo-meta-tag\" \/>\n\t<meta property=\"og:image:width\" content=\"1200\" class=\"yoast-seo-meta-tag\" \/>\n\t<meta property=\"og:image:height\" content=\"1200\" class=\"yoast-seo-meta-tag\" \/>\n\t<meta property=\"og:image:type\" content=\"image\/png\" class=\"yoast-seo-meta-tag\" \/>\n<meta name=\"author\" content=\"scisternas\" class=\"yoast-seo-meta-tag\" \/>\n<meta name=\"twitter:card\" content=\"summary_large_image\" class=\"yoast-seo-meta-tag\" \/>\n<meta name=\"twitter:label1\" content=\"Escrito por\" class=\"yoast-seo-meta-tag\" \/>\n\t<meta name=\"twitter:data1\" content=\"scisternas\" class=\"yoast-seo-meta-tag\" \/>\n\t<meta name=\"twitter:label2\" content=\"Tiempo estimado de lectura\" class=\"yoast-seo-meta-tag\" \/>\n\t<meta name=\"twitter:data2\" content=\"2 minutos\" class=\"yoast-seo-meta-tag\" \/>\n<script type=\"application\/ld+json\" class=\"yoast-schema-graph\">{\"@context\":\"https:\/\/schema.org\",\"@graph\":[{\"@type\":\"Article\",\"@id\":\"https:\/\/dev.explora.cl\/aysen\/participa-con-tu-curso-en-parques-y-reservas-como-laboratorio-natural-y-descubre-la-biodiversidad-de-aysen\/#article\",\"isPartOf\":{\"@id\":\"https:\/\/dev.explora.cl\/aysen\/participa-con-tu-curso-en-parques-y-reservas-como-laboratorio-natural-y-descubre-la-biodiversidad-de-aysen\/\"},\"author\":{\"name\":\"scisternas\",\"@id\":\"https:\/\/dev.explora.cl\/aysen\/#\/schema\/person\/81c802b1e3b443e2575e555b39e60a05\"},\"headline\":\"Participa con tu curso en Parques y Reservas como Laboratorio natural y descubre la biodiversidad de Ays\u00e9n\",\"datePublished\":\"2023-09-07T23:17:51+00:00\",\"dateModified\":\"2023-10-11T13:44:01+00:00\",\"mainEntityOfPage\":{\"@id\":\"https:\/\/dev.explora.cl\/aysen\/participa-con-tu-curso-en-parques-y-reservas-como-laboratorio-natural-y-descubre-la-biodiversidad-de-aysen\/\"},\"wordCount\":342,\"commentCount\":0,\"image\":{\"@id\":\"https:\/\/dev.explora.cl\/aysen\/participa-con-tu-curso-en-parques-y-reservas-como-laboratorio-natural-y-descubre-la-biodiversidad-de-aysen\/#primaryimage\"},\"thumbnailUrl\":\"https:\/\/dev.explora.cl\/aysen\/wp-content\/uploads\/sites\/18\/2023\/09\/Inscripciones-Parques-1.png\",\"articleSection\":[\"Noticias\"],\"inLanguage\":\"es-CL\",\"potentialAction\":[{\"@type\":\"CommentAction\",\"name\":\"Comment\",\"target\":[\"https:\/\/dev.explora.cl\/aysen\/participa-con-tu-curso-en-parques-y-reservas-como-laboratorio-natural-y-descubre-la-biodiversidad-de-aysen\/#respond\"]}]},{\"@type\":\"WebPage\",\"@id\":\"https:\/\/dev.explora.cl\/aysen\/participa-con-tu-curso-en-parques-y-reservas-como-laboratorio-natural-y-descubre-la-biodiversidad-de-aysen\/\",\"url\":\"https:\/\/dev.explora.cl\/aysen\/participa-con-tu-curso-en-parques-y-reservas-como-laboratorio-natural-y-descubre-la-biodiversidad-de-aysen\/\",\"name\":\"Participa con tu curso en Parques y Reservas como Laboratorio natural y descubre la biodiversidad de Ays\u00e9n - Aysen\",\"isPartOf\":{\"@id\":\"https:\/\/dev.explora.cl\/aysen\/#website\"},\"primaryImageOfPage\":{\"@id\":\"https:\/\/dev.explora.cl\/aysen\/participa-con-tu-curso-en-parques-y-reservas-como-laboratorio-natural-y-descubre-la-biodiversidad-de-aysen\/#primaryimage\"},\"image\":{\"@id\":\"https:\/\/dev.explora.cl\/aysen\/participa-con-tu-curso-en-parques-y-reservas-como-laboratorio-natural-y-descubre-la-biodiversidad-de-aysen\/#primaryimage\"},\"thumbnailUrl\":\"https:\/\/dev.explora.cl\/aysen\/wp-content\/uploads\/sites\/18\/2023\/09\/Inscripciones-Parques-1.png\",\"datePublished\":\"2023-09-07T23:17:51+00:00\",\"dateModified\":\"2023-10-11T13:44:01+00:00\",\"author\":{\"@id\":\"https:\/\/dev.explora.cl\/aysen\/#\/schema\/person\/81c802b1e3b443e2575e555b39e60a05\"},\"breadcrumb\":{\"@id\":\"https:\/\/dev.explora.cl\/aysen\/participa-con-tu-curso-en-parques-y-reservas-como-laboratorio-natural-y-descubre-la-biodiversidad-de-aysen\/#breadcrumb\"},\"inLanguage\":\"es-CL\",\"potentialAction\":[{\"@type\":\"ReadAction\",\"target\":[\"https:\/\/dev.explora.cl\/aysen\/participa-con-tu-curso-en-parques-y-reservas-como-laboratorio-natural-y-descubre-la-biodiversidad-de-aysen\/\"]}]},{\"@type\":\"ImageObject\",\"inLanguage\":\"es-CL\",\"@id\":\"https:\/\/dev.explora.cl\/aysen\/participa-con-tu-curso-en-parques-y-reservas-como-laboratorio-natural-y-descubre-la-biodiversidad-de-aysen\/#primaryimage\",\"url\":\"https:\/\/dev.explora.cl\/aysen\/wp-content\/uploads\/sites\/18\/2023\/09\/Inscripciones-Parques-1.png\",\"contentUrl\":\"https:\/\/dev.explora.cl\/aysen\/wp-content\/uploads\/sites\/18\/2023\/09\/Inscripciones-Parques-1.png\",\"width\":1200,\"height\":1200},{\"@type\":\"BreadcrumbList\",\"@id\":\"https:\/\/dev.explora.cl\/aysen\/participa-con-tu-curso-en-parques-y-reservas-como-laboratorio-natural-y-descubre-la-biodiversidad-de-aysen\/#breadcrumb\",\"itemListElement\":[{\"@type\":\"ListItem\",\"position\":1,\"name\":\"Portada\",\"item\":\"https:\/\/dev.explora.cl\/aysen\/\"},{\"@type\":\"ListItem\",\"position\":2,\"name\":\"Participa con tu curso en Parques y Reservas como Laboratorio natural y descubre la biodiversidad de Ays\u00e9n\"}]},{\"@type\":\"WebSite\",\"@id\":\"https:\/\/dev.explora.cl\/aysen\/#website\",\"url\":\"https:\/\/dev.explora.cl\/aysen\/\",\"name\":\"Aysen\",\"description\":\"Otro sitio m\u00e1s de dev.explora.cl\",\"potentialAction\":[{\"@type\":\"SearchAction\",\"target\":{\"@type\":\"EntryPoint\",\"urlTemplate\":\"https:\/\/dev.explora.cl\/aysen\/?s={search_term_string}\"},\"query-input\":{\"@type\":\"PropertyValueSpecification\",\"valueRequired\":true,\"valueName\":\"search_term_string\"}}],\"inLanguage\":\"es-CL\"},{\"@type\":\"Person\",\"@id\":\"https:\/\/dev.explora.cl\/aysen\/#\/schema\/person\/81c802b1e3b443e2575e555b39e60a05\",\"name\":\"scisternas\",\"image\":{\"@type\":\"ImageObject\",\"inLanguage\":\"es-CL\",\"@id\":\"https:\/\/dev.explora.cl\/aysen\/#\/schema\/person\/image\/\",\"url\":\"https:\/\/secure.gravatar.com\/avatar\/611c8f1946b775bdf01b0521c85a9381c3ad08d928d8ead34ce577b0fa231c76?s=96&d=mm&r=g\",\"contentUrl\":\"https:\/\/secure.gravatar.com\/avatar\/611c8f1946b775bdf01b0521c85a9381c3ad08d928d8ead34ce577b0fa231c76?s=96&d=mm&r=g\",\"caption\":\"scisternas\"},\"url\":\"https:\/\/dev.explora.cl\/aysen\/author\/scisternas\/\"}]}<\/script>\n<!-- \/ Yoast SEO plugin. -->","yoast_head_json":{"title":"Participa con tu curso en Parques y Reservas como Laboratorio natural y descubre la biodiversidad de Ays\u00e9n - Aysen","robots":{"index":"index","follow":"follow","max-snippet":"max-snippet:-1","max-image-preview":"max-image-preview:large","max-video-preview":"max-video-preview:-1"},"canonical":"https:\/\/dev.explora.cl\/aysen\/participa-con-tu-curso-en-parques-y-reservas-como-laboratorio-natural-y-descubre-la-biodiversidad-de-aysen\/","og_locale":"es_ES","og_type":"article","og_title":"Participa con tu curso en Parques y Reservas como Laboratorio natural y descubre la biodiversidad de Ays\u00e9n - Aysen","og_description":"Hasta el viernes 15 de septiembre, cursos de nivel transici\u00f3n de educaci\u00f3n parvularia y primer ciclo b\u00e1sico de establecimientos educacionales de toda la regi\u00f3n podr\u00e1n inscribirse en la iniciativa que promueve el conocimiento y valoraci\u00f3n de la biodiversidad regional mediante recursos educativos.","og_url":"https:\/\/dev.explora.cl\/aysen\/participa-con-tu-curso-en-parques-y-reservas-como-laboratorio-natural-y-descubre-la-biodiversidad-de-aysen\/","og_site_name":"Aysen","article_published_time":"2023-09-07T23:17:51+00:00","article_modified_time":"2023-10-11T13:44:01+00:00","og_image":[{"width":1200,"height":1200,"url":"https:\/\/dev.explora.cl\/aysen\/wp-content\/uploads\/sites\/18\/2023\/09\/Inscripciones-Parques-1.png","type":"image\/png"}],"author":"scisternas","twitter_card":"summary_large_image","twitter_misc":{"Escrito por":"scisternas","Tiempo estimado de lectura":"2 minutos"},"schema":{"@context":"https:\/\/schema.org","@graph":[{"@type":"Article","@id":"https:\/\/dev.explora.cl\/aysen\/participa-con-tu-curso-en-parques-y-reservas-como-laboratorio-natural-y-descubre-la-biodiversidad-de-aysen\/#article","isPartOf":{"@id":"https:\/\/dev.explora.cl\/aysen\/participa-con-tu-curso-en-parques-y-reservas-como-laboratorio-natural-y-descubre-la-biodiversidad-de-aysen\/"},"author":{"name":"scisternas","@id":"https:\/\/dev.explora.cl\/aysen\/#\/schema\/person\/81c802b1e3b443e2575e555b39e60a05"},"headline":"Participa con tu curso en Parques y Reservas como Laboratorio natural y descubre la biodiversidad de Ays\u00e9n","datePublished":"2023-09-07T23:17:51+00:00","dateModified":"2023-10-11T13:44:01+00:00","mainEntityOfPage":{"@id":"https:\/\/dev.explora.cl\/aysen\/participa-con-tu-curso-en-parques-y-reservas-como-laboratorio-natural-y-descubre-la-biodiversidad-de-aysen\/"},"wordCount":342,"commentCount":0,"image":{"@id":"https:\/\/dev.explora.cl\/aysen\/participa-con-tu-curso-en-parques-y-reservas-como-laboratorio-natural-y-descubre-la-biodiversidad-de-aysen\/#primaryimage"},"thumbnailUrl":"https:\/\/dev.explora.cl\/aysen\/wp-content\/uploads\/sites\/18\/2023\/09\/Inscripciones-Parques-1.png","articleSection":["Noticias"],"inLanguage":"es-CL","potentialAction":[{"@type":"CommentAction","name":"Comment","target":["https:\/\/dev.explora.cl\/aysen\/participa-con-tu-curso-en-parques-y-reservas-como-laboratorio-natural-y-descubre-la-biodiversidad-de-aysen\/#respond"]}]},{"@type":"WebPage","@id":"https:\/\/dev.explora.cl\/aysen\/participa-con-tu-curso-en-parques-y-reservas-como-laboratorio-natural-y-descubre-la-biodiversidad-de-aysen\/","url":"https:\/\/dev.explora.cl\/aysen\/participa-con-tu-curso-en-parques-y-reservas-como-laboratorio-natural-y-descubre-la-biodiversidad-de-aysen\/","name":"Participa con tu curso en Parques y Reservas como Laboratorio natural y descubre la biodiversidad de Ays\u00e9n - Aysen","isPartOf":{"@id":"https:\/\/dev.explora.cl\/aysen\/#website"},"primaryImageOfPage":{"@id":"https:\/\/dev.explora.cl\/aysen\/participa-con-tu-curso-en-parques-y-reservas-como-laboratorio-natural-y-descubre-la-biodiversidad-de-aysen\/#primaryimage"},"image":{"@id":"https:\/\/dev.explora.cl\/aysen\/participa-con-tu-curso-en-parques-y-reservas-como-laboratorio-natural-y-descubre-la-biodiversidad-de-aysen\/#primaryimage"},"thumbnailUrl":"https:\/\/dev.explora.cl\/aysen\/wp-content\/uploads\/sites\/18\/2023\/09\/Inscripciones-Parques-1.png","datePublished":"2023-09-07T23:17:51+00:00","dateModified":"2023-10-11T13:44:01+00:00","author":{"@id":"https:\/\/dev.explora.cl\/aysen\/#\/schema\/person\/81c802b1e3b443e2575e555b39e60a05"},"breadcrumb":{"@id":"https:\/\/dev.explora.cl\/aysen\/participa-con-tu-curso-en-parques-y-reservas-como-laboratorio-natural-y-descubre-la-biodiversidad-de-aysen\/#breadcrumb"},"inLanguage":"es-CL","potentialAction":[{"@type":"ReadAction","target":["https:\/\/dev.explora.cl\/aysen\/participa-con-tu-curso-en-parques-y-reservas-como-laboratorio-natural-y-descubre-la-biodiversidad-de-aysen\/"]}]},{"@type":"ImageObject","inLanguage":"es-CL","@id":"https:\/\/dev.explora.cl\/aysen\/participa-con-tu-curso-en-parques-y-reservas-como-laboratorio-natural-y-descubre-la-biodiversidad-de-aysen\/#primaryimage","url":"https:\/\/dev.explora.cl\/aysen\/wp-content\/uploads\/sites\/18\/2023\/09\/Inscripciones-Parques-1.png","contentUrl":"https:\/\/dev.explora.cl\/aysen\/wp-content\/uploads\/sites\/18\/2023\/09\/Inscripciones-Parques-1.png","width":1200,"height":1200},{"@type":"BreadcrumbList","@id":"https:\/\/dev.explora.cl\/aysen\/participa-con-tu-curso-en-parques-y-reservas-como-laboratorio-natural-y-descubre-la-biodiversidad-de-aysen\/#breadcrumb","itemListElement":[{"@type":"ListItem","position":1,"name":"Portada","item":"https:\/\/dev.explora.cl\/aysen\/"},{"@type":"ListItem","position":2,"name":"Participa con tu curso en Parques y Reservas como Laboratorio natural y descubre la biodiversidad de Ays\u00e9n"}]},{"@type":"WebSite","@id":"https:\/\/dev.explora.cl\/aysen\/#website","url":"https:\/\/dev.explora.cl\/aysen\/","name":"Aysen","description":"Otro sitio m\u00e1s de dev.explora.cl","potentialAction":[{"@type":"SearchAction","target":{"@type":"EntryPoint","urlTemplate":"https:\/\/dev.explora.cl\/aysen\/?s={search_term_string}"},"query-input":{"@type":"PropertyValueSpecification","valueRequired":true,"valueName":"search_term_string"}}],"inLanguage":"es-CL"},{"@type":"Person","@id":"https:\/\/dev.explora.cl\/aysen\/#\/schema\/person\/81c802b1e3b443e2575e555b39e60a05","name":"scisternas","image":{"@type":"ImageObject","inLanguage":"es-CL","@id":"https:\/\/dev.explora.cl\/aysen\/#\/schema\/person\/image\/","url":"https:\/\/secure.gravatar.com\/avatar\/611c8f1946b775bdf01b0521c85a9381c3ad08d928d8ead34ce577b0fa231c76?s=96&d=mm&r=g","contentUrl":"https:\/\/secure.gravatar.com\/avatar\/611c8f1946b775bdf01b0521c85a9381c3ad08d928d8ead34ce577b0fa231c76?s=96&d=mm&r=g","caption":"scisternas"},"url":"https:\/\/dev.explora.cl\/aysen\/author\/scisternas\/"}]}},"_links":{"self":[{"href":"https:\/\/dev.explora.cl\/aysen\/wp-json\/wp\/v2\/posts\/38642","targetHints":{"allow":["GET"]}}],"collection":[{"href":"https:\/\/dev.explora.cl\/aysen\/wp-json\/wp\/v2\/posts"}],"about":[{"href":"https:\/\/dev.explora.cl\/aysen\/wp-json\/wp\/v2\/types\/post"}],"author":[{"embeddable":true,"href":"https:\/\/dev.explora.cl\/aysen\/wp-json\/wp\/v2\/users\/37"}],"replies":[{"embeddable":true,"href":"https:\/\/dev.explora.cl\/aysen\/wp-json\/wp\/v2\/comments?post=38642"}],"version-history":[{"count":7,"href":"https:\/\/dev.explora.cl\/aysen\/wp-json\/wp\/v2\/posts\/38642\/revisions"}],"predecessor-version":[{"id":38656,"href":"https:\/\/dev.explora.cl\/aysen\/wp-json\/wp\/v2\/posts\/38642\/revisions\/38656"}],"wp:featuredmedia":[{"embeddable":true,"href":"https:\/\/dev.explora.cl\/aysen\/wp-json\/wp\/v2\/media\/38651"}],"wp:attachment":[{"href":"https:\/\/dev.explora.cl\/aysen\/wp-json\/wp\/v2\/media?parent=38642"}],"wp:term":[{"taxonomy":"category","embeddable":true,"href":"https:\/\/dev.explora.cl\/aysen\/wp-json\/wp\/v2\/categories?post=38642"},{"taxonomy":"post_tag","embeddable":true,"href":"https:\/\/dev.explora.cl\/aysen\/wp-json\/wp\/v2\/tags?post=38642"}],"curies":[{"name":"wp","href":"https:\/\/api.w.org\/{rel}","templated":true}]}}