{"id":38589,"date":"2023-07-24T18:11:26","date_gmt":"2023-07-24T22:11:26","guid":{"rendered":"https:\/\/dev.explora.cl\/aysen\/?p=38589"},"modified":"2023-10-11T10:46:26","modified_gmt":"2023-10-11T13:46:26","slug":"regresa-parques-y-reservas-como-laboratorio-natural","status":"publish","type":"post","link":"https:\/\/dev.explora.cl\/aysen\/regresa-parques-y-reservas-como-laboratorio-natural\/","title":{"rendered":"Regresa Parques y Reservas como Laboratorio Natural"},"content":{"rendered":"<p><i><span style=\"font-weight: 400\">El programa del PAR Explora Ays\u00e9n abrir\u00e1 convocatoria en agosto y tiene por objetivo que estudiantes y docentes descubran la biodiversidad regional mediante recursos educativos, talleres de transferencia metodol\u00f3gica y visitas guiadas a \u00c1reas Silvestres Protegidas.\u00a0<\/span><\/i><\/p>\n<p><!--more--><\/p>\n<p><span style=\"font-weight: 400\">Parques y Reservas como Laboratorio Natural es una iniciativa regional del Proyecto Explora Ays\u00e9n que busca ser un espacio de aprendizaje donde docentes y estudiantes puedan conocer el patrimonio natural mediante un conjunto de recursos pedag\u00f3gicos que promueven la comprensi\u00f3n y la valoraci\u00f3n de la biodiversidad regional.<\/span><\/p>\n<p><span style=\"font-weight: 400\">Las actividades ofrecidas por el Programa consisten en la entrega de material educativo sobre aves, mam\u00edferos y anfibios, que incluye micro animaciones, infograf\u00edas, gu\u00edas pedag\u00f3gicas y entrevistas con cient\u00edficos\/as, adem\u00e1s de la realizaci\u00f3n de talleres de transferencia metodol\u00f3gica para docentes y visitas guiadas por \u00c1reas Silvestres Protegidas de la Regi\u00f3n.<\/span><\/p>\n<p><b>Experiencias 2022<\/b><\/p>\n<p><span style=\"font-weight: 400\">Durante el a\u00f1o 2022, el Programa realiz\u00f3 23 visitas guiadas por parques y reservas de la regi\u00f3n, contando con la participaci\u00f3n de m\u00e1s de 500 estudiantes de doce establecimientos educacionales de las comunas de Coyhaique, R\u00edo Ib\u00e1\u00f1ez, Cisnes y Ays\u00e9n, recibiendo positivos comentarios de parte de la comunidad educativa.\u00a0<\/span><\/p>\n<p><span style=\"font-weight: 400\">\u201cLa actividad fue muy bien guiada, con excelente material, espec\u00edficamente la gu\u00eda metodol\u00f3gica\u201d, afirm\u00f3 Evelyn Rozas, docente de la Escuela Hamburgo de Puyuhuapi.\u00a0<\/span><\/p>\n<p><span style=\"font-weight: 400\">\u201cLos alumnos pudieron conocer y valorar distintas especies como anfibios, aves y mam\u00edferos de la regi\u00f3n de una manera significativa y motivadora\u201d destac\u00f3 Ximena Vera, docente del Colegio Campos de Hielo de Coyhaique.<\/span><\/p>\n<p><span style=\"font-weight: 400\">Sobre la experiencia de descubrir la biodiversidad regional, Raimundo <\/span><span style=\"font-weight: 400\">Catal\u00e1n, docente de la Escuela Jos\u00e9 Antol\u00edn Silva Orme\u00f1o de <\/span><span style=\"font-weight: 400\">Coyhaique, coment\u00f3 que \u201c<\/span><span style=\"font-weight: 400\">la experiencia fue muy linda, muchos ni\u00f1os y ni\u00f1as la pasaron bien y se acordaron de lo expuesto en el Programa. Esta iniciativa les sirve para salir a conocer su regi\u00f3n\u201d.\u00a0<\/span><\/p>\n<p><span style=\"font-weight: 400\">La convocatoria de Parques y Reservas como Laboratorio Natural estar\u00e1 abierta a partir del mes de agosto y las fechas de cada salida ser\u00e1n programadas<\/span> <span style=\"font-weight: 400\">de forma flexible y coordinada\u00a0 entre cada curso inscrito y el Proyecto Explora Ays\u00e9n.<\/span><\/p>\n","protected":false},"excerpt":{"rendered":"<p>El programa del PAR Explora Ays\u00e9n abrir\u00e1 convocatoria en agosto y tiene por objetivo que estudiantes y docentes descubran la biodiversidad regional mediante recursos educativos, talleres de transferencia metodol\u00f3gica y visitas guiadas a \u00c1reas Silvestres Protegidas.\u00a0<\/p>\n","protected":false},"author":37,"featured_media":38590,"comment_status":"open","ping_status":"open","sticky":false,"template":"","format":"standard","meta":{"_acf_changed":false,"_exactmetrics_skip_tracking":false,"_exactmetrics_sitenote_active":false,"_exactmetrics_sitenote_note":"","_exactmetrics_sitenote_category":0,"footnotes":"","_links_to":"","_links_to_target":""},"categories":[4],"tags":[],"class_list":["post-38589","post","type-post","status-publish","format-standard","has-post-thumbnail","hentry","category-noticias"],"acf":[],"yoast_head":"<!-- This site is optimized with the Yoast SEO plugin v26.7 - https:\/\/yoast.com\/wordpress\/plugins\/seo\/ -->\n<title>Regresa Parques y Reservas como Laboratorio Natural - Aysen<\/title>\n<meta name=\"robots\" content=\"index, follow, max-snippet:-1, max-image-preview:large, max-video-preview:-1\" \/>\n<link rel=\"canonical\" href=\"https:\/\/dev.explora.cl\/aysen\/regresa-parques-y-reservas-como-laboratorio-natural\/\" class=\"yoast-seo-meta-tag\" \/>\n<meta property=\"og:locale\" content=\"es_ES\" class=\"yoast-seo-meta-tag\" \/>\n<meta property=\"og:type\" content=\"article\" class=\"yoast-seo-meta-tag\" \/>\n<meta property=\"og:title\" content=\"Regresa Parques y Reservas como Laboratorio Natural - Aysen\" class=\"yoast-seo-meta-tag\" \/>\n<meta property=\"og:description\" content=\"El programa del PAR Explora Ays\u00e9n abrir\u00e1 convocatoria en agosto y tiene por objetivo que estudiantes y docentes descubran la biodiversidad regional mediante recursos educativos, talleres de transferencia metodol\u00f3gica y visitas guiadas a \u00c1reas Silvestres Protegidas.\u00a0\" class=\"yoast-seo-meta-tag\" \/>\n<meta property=\"og:url\" content=\"https:\/\/dev.explora.cl\/aysen\/regresa-parques-y-reservas-como-laboratorio-natural\/\" class=\"yoast-seo-meta-tag\" \/>\n<meta property=\"og:site_name\" content=\"Aysen\" class=\"yoast-seo-meta-tag\" \/>\n<meta property=\"article:published_time\" content=\"2023-07-24T22:11:26+00:00\" class=\"yoast-seo-meta-tag\" \/>\n<meta property=\"article:modified_time\" content=\"2023-10-11T13:46:26+00:00\" class=\"yoast-seo-meta-tag\" \/>\n<meta property=\"og:image\" content=\"https:\/\/dev.explora.cl\/aysen\/wp-content\/uploads\/sites\/18\/2023\/07\/Parques-y-reservas.png\" class=\"yoast-seo-meta-tag\" \/>\n\t<meta property=\"og:image:width\" content=\"735\" class=\"yoast-seo-meta-tag\" \/>\n\t<meta property=\"og:image:height\" content=\"470\" class=\"yoast-seo-meta-tag\" \/>\n\t<meta property=\"og:image:type\" content=\"image\/png\" class=\"yoast-seo-meta-tag\" \/>\n<meta name=\"author\" content=\"scisternas\" class=\"yoast-seo-meta-tag\" \/>\n<meta name=\"twitter:card\" content=\"summary_large_image\" class=\"yoast-seo-meta-tag\" \/>\n<meta name=\"twitter:label1\" content=\"Escrito por\" class=\"yoast-seo-meta-tag\" \/>\n\t<meta name=\"twitter:data1\" content=\"scisternas\" class=\"yoast-seo-meta-tag\" \/>\n\t<meta name=\"twitter:label2\" content=\"Tiempo estimado de lectura\" class=\"yoast-seo-meta-tag\" \/>\n\t<meta name=\"twitter:data2\" content=\"2 minutos\" class=\"yoast-seo-meta-tag\" \/>\n<script type=\"application\/ld+json\" class=\"yoast-schema-graph\">{\"@context\":\"https:\/\/schema.org\",\"@graph\":[{\"@type\":\"Article\",\"@id\":\"https:\/\/dev.explora.cl\/aysen\/regresa-parques-y-reservas-como-laboratorio-natural\/#article\",\"isPartOf\":{\"@id\":\"https:\/\/dev.explora.cl\/aysen\/regresa-parques-y-reservas-como-laboratorio-natural\/\"},\"author\":{\"name\":\"scisternas\",\"@id\":\"https:\/\/dev.explora.cl\/aysen\/#\/schema\/person\/81c802b1e3b443e2575e555b39e60a05\"},\"headline\":\"Regresa Parques y Reservas como Laboratorio Natural\",\"datePublished\":\"2023-07-24T22:11:26+00:00\",\"dateModified\":\"2023-10-11T13:46:26+00:00\",\"mainEntityOfPage\":{\"@id\":\"https:\/\/dev.explora.cl\/aysen\/regresa-parques-y-reservas-como-laboratorio-natural\/\"},\"wordCount\":371,\"commentCount\":0,\"image\":{\"@id\":\"https:\/\/dev.explora.cl\/aysen\/regresa-parques-y-reservas-como-laboratorio-natural\/#primaryimage\"},\"thumbnailUrl\":\"https:\/\/dev.explora.cl\/aysen\/wp-content\/uploads\/sites\/18\/2023\/07\/Parques-y-reservas.png\",\"articleSection\":[\"Noticias\"],\"inLanguage\":\"es-CL\",\"potentialAction\":[{\"@type\":\"CommentAction\",\"name\":\"Comment\",\"target\":[\"https:\/\/dev.explora.cl\/aysen\/regresa-parques-y-reservas-como-laboratorio-natural\/#respond\"]}]},{\"@type\":\"WebPage\",\"@id\":\"https:\/\/dev.explora.cl\/aysen\/regresa-parques-y-reservas-como-laboratorio-natural\/\",\"url\":\"https:\/\/dev.explora.cl\/aysen\/regresa-parques-y-reservas-como-laboratorio-natural\/\",\"name\":\"Regresa Parques y Reservas como Laboratorio Natural - Aysen\",\"isPartOf\":{\"@id\":\"https:\/\/dev.explora.cl\/aysen\/#website\"},\"primaryImageOfPage\":{\"@id\":\"https:\/\/dev.explora.cl\/aysen\/regresa-parques-y-reservas-como-laboratorio-natural\/#primaryimage\"},\"image\":{\"@id\":\"https:\/\/dev.explora.cl\/aysen\/regresa-parques-y-reservas-como-laboratorio-natural\/#primaryimage\"},\"thumbnailUrl\":\"https:\/\/dev.explora.cl\/aysen\/wp-content\/uploads\/sites\/18\/2023\/07\/Parques-y-reservas.png\",\"datePublished\":\"2023-07-24T22:11:26+00:00\",\"dateModified\":\"2023-10-11T13:46:26+00:00\",\"author\":{\"@id\":\"https:\/\/dev.explora.cl\/aysen\/#\/schema\/person\/81c802b1e3b443e2575e555b39e60a05\"},\"breadcrumb\":{\"@id\":\"https:\/\/dev.explora.cl\/aysen\/regresa-parques-y-reservas-como-laboratorio-natural\/#breadcrumb\"},\"inLanguage\":\"es-CL\",\"potentialAction\":[{\"@type\":\"ReadAction\",\"target\":[\"https:\/\/dev.explora.cl\/aysen\/regresa-parques-y-reservas-como-laboratorio-natural\/\"]}]},{\"@type\":\"ImageObject\",\"inLanguage\":\"es-CL\",\"@id\":\"https:\/\/dev.explora.cl\/aysen\/regresa-parques-y-reservas-como-laboratorio-natural\/#primaryimage\",\"url\":\"https:\/\/dev.explora.cl\/aysen\/wp-content\/uploads\/sites\/18\/2023\/07\/Parques-y-reservas.png\",\"contentUrl\":\"https:\/\/dev.explora.cl\/aysen\/wp-content\/uploads\/sites\/18\/2023\/07\/Parques-y-reservas.png\",\"width\":735,\"height\":470},{\"@type\":\"BreadcrumbList\",\"@id\":\"https:\/\/dev.explora.cl\/aysen\/regresa-parques-y-reservas-como-laboratorio-natural\/#breadcrumb\",\"itemListElement\":[{\"@type\":\"ListItem\",\"position\":1,\"name\":\"Portada\",\"item\":\"https:\/\/dev.explora.cl\/aysen\/\"},{\"@type\":\"ListItem\",\"position\":2,\"name\":\"Regresa Parques y Reservas como Laboratorio Natural\"}]},{\"@type\":\"WebSite\",\"@id\":\"https:\/\/dev.explora.cl\/aysen\/#website\",\"url\":\"https:\/\/dev.explora.cl\/aysen\/\",\"name\":\"Aysen\",\"description\":\"Otro sitio m\u00e1s de dev.explora.cl\",\"potentialAction\":[{\"@type\":\"SearchAction\",\"target\":{\"@type\":\"EntryPoint\",\"urlTemplate\":\"https:\/\/dev.explora.cl\/aysen\/?s={search_term_string}\"},\"query-input\":{\"@type\":\"PropertyValueSpecification\",\"valueRequired\":true,\"valueName\":\"search_term_string\"}}],\"inLanguage\":\"es-CL\"},{\"@type\":\"Person\",\"@id\":\"https:\/\/dev.explora.cl\/aysen\/#\/schema\/person\/81c802b1e3b443e2575e555b39e60a05\",\"name\":\"scisternas\",\"image\":{\"@type\":\"ImageObject\",\"inLanguage\":\"es-CL\",\"@id\":\"https:\/\/dev.explora.cl\/aysen\/#\/schema\/person\/image\/\",\"url\":\"https:\/\/secure.gravatar.com\/avatar\/611c8f1946b775bdf01b0521c85a9381c3ad08d928d8ead34ce577b0fa231c76?s=96&d=mm&r=g\",\"contentUrl\":\"https:\/\/secure.gravatar.com\/avatar\/611c8f1946b775bdf01b0521c85a9381c3ad08d928d8ead34ce577b0fa231c76?s=96&d=mm&r=g\",\"caption\":\"scisternas\"},\"url\":\"https:\/\/dev.explora.cl\/aysen\/author\/scisternas\/\"}]}<\/script>\n<!-- \/ Yoast SEO plugin. -->","yoast_head_json":{"title":"Regresa Parques y Reservas como Laboratorio Natural - Aysen","robots":{"index":"index","follow":"follow","max-snippet":"max-snippet:-1","max-image-preview":"max-image-preview:large","max-video-preview":"max-video-preview:-1"},"canonical":"https:\/\/dev.explora.cl\/aysen\/regresa-parques-y-reservas-como-laboratorio-natural\/","og_locale":"es_ES","og_type":"article","og_title":"Regresa Parques y Reservas como Laboratorio Natural - Aysen","og_description":"El programa del PAR Explora Ays\u00e9n abrir\u00e1 convocatoria en agosto y tiene por objetivo que estudiantes y docentes descubran la biodiversidad regional mediante recursos educativos, talleres de transferencia metodol\u00f3gica y visitas guiadas a \u00c1reas Silvestres Protegidas.\u00a0","og_url":"https:\/\/dev.explora.cl\/aysen\/regresa-parques-y-reservas-como-laboratorio-natural\/","og_site_name":"Aysen","article_published_time":"2023-07-24T22:11:26+00:00","article_modified_time":"2023-10-11T13:46:26+00:00","og_image":[{"width":735,"height":470,"url":"https:\/\/dev.explora.cl\/aysen\/wp-content\/uploads\/sites\/18\/2023\/07\/Parques-y-reservas.png","type":"image\/png"}],"author":"scisternas","twitter_card":"summary_large_image","twitter_misc":{"Escrito por":"scisternas","Tiempo estimado de lectura":"2 minutos"},"schema":{"@context":"https:\/\/schema.org","@graph":[{"@type":"Article","@id":"https:\/\/dev.explora.cl\/aysen\/regresa-parques-y-reservas-como-laboratorio-natural\/#article","isPartOf":{"@id":"https:\/\/dev.explora.cl\/aysen\/regresa-parques-y-reservas-como-laboratorio-natural\/"},"author":{"name":"scisternas","@id":"https:\/\/dev.explora.cl\/aysen\/#\/schema\/person\/81c802b1e3b443e2575e555b39e60a05"},"headline":"Regresa Parques y Reservas como Laboratorio Natural","datePublished":"2023-07-24T22:11:26+00:00","dateModified":"2023-10-11T13:46:26+00:00","mainEntityOfPage":{"@id":"https:\/\/dev.explora.cl\/aysen\/regresa-parques-y-reservas-como-laboratorio-natural\/"},"wordCount":371,"commentCount":0,"image":{"@id":"https:\/\/dev.explora.cl\/aysen\/regresa-parques-y-reservas-como-laboratorio-natural\/#primaryimage"},"thumbnailUrl":"https:\/\/dev.explora.cl\/aysen\/wp-content\/uploads\/sites\/18\/2023\/07\/Parques-y-reservas.png","articleSection":["Noticias"],"inLanguage":"es-CL","potentialAction":[{"@type":"CommentAction","name":"Comment","target":["https:\/\/dev.explora.cl\/aysen\/regresa-parques-y-reservas-como-laboratorio-natural\/#respond"]}]},{"@type":"WebPage","@id":"https:\/\/dev.explora.cl\/aysen\/regresa-parques-y-reservas-como-laboratorio-natural\/","url":"https:\/\/dev.explora.cl\/aysen\/regresa-parques-y-reservas-como-laboratorio-natural\/","name":"Regresa Parques y Reservas como Laboratorio Natural - Aysen","isPartOf":{"@id":"https:\/\/dev.explora.cl\/aysen\/#website"},"primaryImageOfPage":{"@id":"https:\/\/dev.explora.cl\/aysen\/regresa-parques-y-reservas-como-laboratorio-natural\/#primaryimage"},"image":{"@id":"https:\/\/dev.explora.cl\/aysen\/regresa-parques-y-reservas-como-laboratorio-natural\/#primaryimage"},"thumbnailUrl":"https:\/\/dev.explora.cl\/aysen\/wp-content\/uploads\/sites\/18\/2023\/07\/Parques-y-reservas.png","datePublished":"2023-07-24T22:11:26+00:00","dateModified":"2023-10-11T13:46:26+00:00","author":{"@id":"https:\/\/dev.explora.cl\/aysen\/#\/schema\/person\/81c802b1e3b443e2575e555b39e60a05"},"breadcrumb":{"@id":"https:\/\/dev.explora.cl\/aysen\/regresa-parques-y-reservas-como-laboratorio-natural\/#breadcrumb"},"inLanguage":"es-CL","potentialAction":[{"@type":"ReadAction","target":["https:\/\/dev.explora.cl\/aysen\/regresa-parques-y-reservas-como-laboratorio-natural\/"]}]},{"@type":"ImageObject","inLanguage":"es-CL","@id":"https:\/\/dev.explora.cl\/aysen\/regresa-parques-y-reservas-como-laboratorio-natural\/#primaryimage","url":"https:\/\/dev.explora.cl\/aysen\/wp-content\/uploads\/sites\/18\/2023\/07\/Parques-y-reservas.png","contentUrl":"https:\/\/dev.explora.cl\/aysen\/wp-content\/uploads\/sites\/18\/2023\/07\/Parques-y-reservas.png","width":735,"height":470},{"@type":"BreadcrumbList","@id":"https:\/\/dev.explora.cl\/aysen\/regresa-parques-y-reservas-como-laboratorio-natural\/#breadcrumb","itemListElement":[{"@type":"ListItem","position":1,"name":"Portada","item":"https:\/\/dev.explora.cl\/aysen\/"},{"@type":"ListItem","position":2,"name":"Regresa Parques y Reservas como Laboratorio Natural"}]},{"@type":"WebSite","@id":"https:\/\/dev.explora.cl\/aysen\/#website","url":"https:\/\/dev.explora.cl\/aysen\/","name":"Aysen","description":"Otro sitio m\u00e1s de dev.explora.cl","potentialAction":[{"@type":"SearchAction","target":{"@type":"EntryPoint","urlTemplate":"https:\/\/dev.explora.cl\/aysen\/?s={search_term_string}"},"query-input":{"@type":"PropertyValueSpecification","valueRequired":true,"valueName":"search_term_string"}}],"inLanguage":"es-CL"},{"@type":"Person","@id":"https:\/\/dev.explora.cl\/aysen\/#\/schema\/person\/81c802b1e3b443e2575e555b39e60a05","name":"scisternas","image":{"@type":"ImageObject","inLanguage":"es-CL","@id":"https:\/\/dev.explora.cl\/aysen\/#\/schema\/person\/image\/","url":"https:\/\/secure.gravatar.com\/avatar\/611c8f1946b775bdf01b0521c85a9381c3ad08d928d8ead34ce577b0fa231c76?s=96&d=mm&r=g","contentUrl":"https:\/\/secure.gravatar.com\/avatar\/611c8f1946b775bdf01b0521c85a9381c3ad08d928d8ead34ce577b0fa231c76?s=96&d=mm&r=g","caption":"scisternas"},"url":"https:\/\/dev.explora.cl\/aysen\/author\/scisternas\/"}]}},"_links":{"self":[{"href":"https:\/\/dev.explora.cl\/aysen\/wp-json\/wp\/v2\/posts\/38589","targetHints":{"allow":["GET"]}}],"collection":[{"href":"https:\/\/dev.explora.cl\/aysen\/wp-json\/wp\/v2\/posts"}],"about":[{"href":"https:\/\/dev.explora.cl\/aysen\/wp-json\/wp\/v2\/types\/post"}],"author":[{"embeddable":true,"href":"https:\/\/dev.explora.cl\/aysen\/wp-json\/wp\/v2\/users\/37"}],"replies":[{"embeddable":true,"href":"https:\/\/dev.explora.cl\/aysen\/wp-json\/wp\/v2\/comments?post=38589"}],"version-history":[{"count":1,"href":"https:\/\/dev.explora.cl\/aysen\/wp-json\/wp\/v2\/posts\/38589\/revisions"}],"predecessor-version":[{"id":38591,"href":"https:\/\/dev.explora.cl\/aysen\/wp-json\/wp\/v2\/posts\/38589\/revisions\/38591"}],"wp:featuredmedia":[{"embeddable":true,"href":"https:\/\/dev.explora.cl\/aysen\/wp-json\/wp\/v2\/media\/38590"}],"wp:attachment":[{"href":"https:\/\/dev.explora.cl\/aysen\/wp-json\/wp\/v2\/media?parent=38589"}],"wp:term":[{"taxonomy":"category","embeddable":true,"href":"https:\/\/dev.explora.cl\/aysen\/wp-json\/wp\/v2\/categories?post=38589"},{"taxonomy":"post_tag","embeddable":true,"href":"https:\/\/dev.explora.cl\/aysen\/wp-json\/wp\/v2\/tags?post=38589"}],"curies":[{"name":"wp","href":"https:\/\/api.w.org\/{rel}","templated":true}]}}