{"id":38502,"date":"2023-06-09T17:16:33","date_gmt":"2023-06-09T21:16:33","guid":{"rendered":"https:\/\/dev.explora.cl\/aysen\/?p=38502"},"modified":"2023-07-22T03:08:38","modified_gmt":"2023-07-22T07:08:38","slug":"explora-aysen-invita-a-postular-al-programa-de-indagacion-para-primeras-edades-2023","status":"publish","type":"post","link":"https:\/\/dev.explora.cl\/aysen\/explora-aysen-invita-a-postular-al-programa-de-indagacion-para-primeras-edades-2023\/","title":{"rendered":"Explora Ays\u00e9n invita a postular al Programa de Indagaci\u00f3n para Primeras Edades 2023"},"content":{"rendered":"<p><i><span style=\"font-weight: 400\">Hasta el 23 de junio educadores\/as de p\u00e1rvulos, t\u00e9cnicos\/as de educaci\u00f3n parvularia y educadoras diferenciales que se desempe\u00f1an en niveles medios o de transici\u00f3n de establecimientos educacionales de Ays\u00e9n, podr\u00e1n postular al programa que busca promover el asombro y curiosidad cient\u00edfica en ni\u00f1as y ni\u00f1os de Educaci\u00f3n Parvularia. <\/span><\/i><!--more--><\/p>\n<p><span style=\"font-weight: 400\">El Programa de Indagaci\u00f3n para Primeras Edades (PIPE) es una iniciativa implementada por el Proyecto Explora Ays\u00e9n del Ministerio de Ciencia, Tecnolog\u00eda, Conocimiento e Innovaci\u00f3n, e impulsada por el Campus Patagonia de la Universidad Austral de Chile con el objetivo de entregar herramientas a equipos de Educaci\u00f3n Parvularia para fortalecer las competencias cient\u00edficas en ni\u00f1as y ni\u00f1os.<\/span><\/p>\n<p><span style=\"font-weight: 400\">En su edici\u00f3n 2023, el programa cuenta con 25 cupos disponibles y se desarrollar\u00e1 entre los meses de agosto y diciembre. A trav\u00e9s de una ruta formativa las y los participantes tendr\u00e1n la oportunidad de compartir y desarrollar actividades en talleres presenciales dirigidos por profesionales de diversas \u00e1reas de la ciencia y el conocimiento.\u00a0<\/span><\/p>\n<p><span style=\"font-weight: 400\">Para apoyar la implementaci\u00f3n de las experiencias en el aula, el proyecto Explora Ays\u00e9n entregar\u00e1 un kit de materiales para que las educadoras\/es puedan desarrollar diversas experiencias de aprendizaje relacionadas con las ciencias naturales, las ciencias sociales y la tecnolog\u00eda.\u00a0<\/span><\/p>\n<p><span style=\"font-weight: 400\">Asimismo, y como parte del compromiso del proyecto de brindar un acompa\u00f1amiento integral a las y los participantes, el equipo de Explora Ays\u00e9n realizar\u00e1 visitas a los establecimientos educacionales para vivenciar y ofrecer apoyo en las actividades realizadas con ni\u00f1as y ni\u00f1os en los distintos territorios.<\/span><\/p>\n<p><span style=\"font-weight: 400\">\u201cEstamos muy entusiasmados por esta nueva convocatoria de PIPE donde adem\u00e1s vamos a tener instancias de socializaci\u00f3n abiertas al p\u00fablico, donde queremos mostrar las experiencias de aprendizajes de las educadoras y las t\u00e9cnicas participantes. As\u00ed que la invitaci\u00f3n es a continuar reforzando y apoyando la educaci\u00f3n cient\u00edfica desde las primeras edades a partir de este programa PIPE\u201d, concluy\u00f3 Melissa Zavala, encargada de la iniciativa.\u00a0<\/span><\/p>\n<p><b>\u00bfC\u00f3mo postular?<\/b><span style=\"font-weight: 400\">\u00a0<\/span><\/p>\n<p><span style=\"font-weight: 400\">S\u00f3lo debes completar el formulario online disponible en dev.explora.cl\/aysen\/ y adjuntar la carta de compromiso del director\/a del Jard\u00edn Infantil hasta el 23 de junio 2023. <\/span><\/p>\n<ul>\n<li style=\"font-weight: 400\">\n<h4><a href=\"https:\/\/docs.google.com\/forms\/d\/e\/1FAIpQLSdkra2S6rGHSJBd54rrHeiYhosC8Z6paPbvtBqFIRb1jefDIg\/viewform\"><span style=\"font-weight: 400\">Formulario de Postulaci\u00f3n\u00a0<\/span><\/a><\/h4>\n<\/li>\n<li style=\"font-weight: 400\">\n<h4><a href=\"https:\/\/drive.google.com\/uc?id=12QZI9NiJvDkCawElbO6mGRPLHJuIIqvE&amp;export=download\"><span style=\"font-weight: 400\">Descarga bases aqu\u00ed.<\/span><\/a><\/h4>\n<\/li>\n<li style=\"font-weight: 400\">\n<h4><a href=\"https:\/\/drive.google.com\/uc?id=1wijhSjZ-YSHRIJhcyoxqm4m8LAXsokCH&amp;export=download\"><span style=\"font-weight: 400\">Descarga carta de compromiso aqu\u00ed.<\/span><span style=\"font-weight: 400\">\u00a0<\/span><\/a><\/h4>\n<\/li>\n<\/ul>\n<table>\n<tbody>\n<tr>\n<td><span style=\"font-weight: 400\">Aseg\u00farate de contar con la siguiente informaci\u00f3n al momento de postular:\u00a0<\/span><\/p>\n<ul>\n<li style=\"font-weight: 400\"><span style=\"font-weight: 400\">Informaci\u00f3n personal de el\/la postulante<\/span><\/li>\n<li style=\"font-weight: 400\"><span style=\"font-weight: 400\">Informaci\u00f3n establecimiento educaci\u00f3n en el que trabaja el\/la postulante<\/span><\/li>\n<li style=\"font-weight: 400\"><span style=\"font-weight: 400\">Informaci\u00f3n del director\/a de tu unidad educativa o establecimiento.<\/span><\/li>\n<\/ul>\n<\/td>\n<\/tr>\n<\/tbody>\n<\/table>\n","protected":false},"excerpt":{"rendered":"<p>Hasta el 23 de junio educadores\/as de p\u00e1rvulos, t\u00e9cnicos\/as de educaci\u00f3n parvularia y educadoras diferenciales que se desempe\u00f1an en niveles medios o de transici\u00f3n de establecimientos educacionales de Ays\u00e9n, podr\u00e1n postular al programa que busca promover el asombro y curiosidad cient\u00edfica en ni\u00f1as y ni\u00f1os de Educaci\u00f3n Parvularia.<\/p>\n","protected":false},"author":37,"featured_media":38508,"comment_status":"open","ping_status":"open","sticky":false,"template":"","format":"standard","meta":{"_acf_changed":false,"_exactmetrics_skip_tracking":false,"_exactmetrics_sitenote_active":false,"_exactmetrics_sitenote_note":"","_exactmetrics_sitenote_category":0,"footnotes":"","_links_to":"","_links_to_target":""},"categories":[4],"tags":[],"class_list":["post-38502","post","type-post","status-publish","format-standard","has-post-thumbnail","hentry","category-noticias"],"acf":[],"yoast_head":"<!-- This site is optimized with the Yoast SEO plugin v26.7 - https:\/\/yoast.com\/wordpress\/plugins\/seo\/ -->\n<title>Explora Ays\u00e9n invita a postular al Programa de Indagaci\u00f3n para Primeras Edades 2023 - Aysen<\/title>\n<meta name=\"robots\" content=\"index, follow, max-snippet:-1, max-image-preview:large, max-video-preview:-1\" \/>\n<link rel=\"canonical\" href=\"https:\/\/dev.explora.cl\/aysen\/explora-aysen-invita-a-postular-al-programa-de-indagacion-para-primeras-edades-2023\/\" class=\"yoast-seo-meta-tag\" \/>\n<meta property=\"og:locale\" content=\"es_ES\" class=\"yoast-seo-meta-tag\" \/>\n<meta property=\"og:type\" content=\"article\" class=\"yoast-seo-meta-tag\" \/>\n<meta property=\"og:title\" content=\"Explora Ays\u00e9n invita a postular al Programa de Indagaci\u00f3n para Primeras Edades 2023 - Aysen\" class=\"yoast-seo-meta-tag\" \/>\n<meta property=\"og:description\" content=\"Hasta el 23 de junio educadores\/as de p\u00e1rvulos, t\u00e9cnicos\/as de educaci\u00f3n parvularia y educadoras diferenciales que se desempe\u00f1an en niveles medios o de transici\u00f3n de establecimientos educacionales de Ays\u00e9n, podr\u00e1n postular al programa que busca promover el asombro y curiosidad cient\u00edfica en ni\u00f1as y ni\u00f1os de Educaci\u00f3n Parvularia.\" class=\"yoast-seo-meta-tag\" \/>\n<meta property=\"og:url\" content=\"https:\/\/dev.explora.cl\/aysen\/explora-aysen-invita-a-postular-al-programa-de-indagacion-para-primeras-edades-2023\/\" class=\"yoast-seo-meta-tag\" \/>\n<meta property=\"og:site_name\" content=\"Aysen\" class=\"yoast-seo-meta-tag\" \/>\n<meta property=\"article:published_time\" content=\"2023-06-09T21:16:33+00:00\" class=\"yoast-seo-meta-tag\" \/>\n<meta property=\"article:modified_time\" content=\"2023-07-22T07:08:38+00:00\" class=\"yoast-seo-meta-tag\" \/>\n<meta property=\"og:image\" content=\"https:\/\/dev.explora.cl\/aysen\/wp-content\/uploads\/sites\/18\/2023\/06\/pipe-web-tw.jpg\" class=\"yoast-seo-meta-tag\" \/>\n\t<meta property=\"og:image:width\" content=\"1920\" class=\"yoast-seo-meta-tag\" \/>\n\t<meta property=\"og:image:height\" content=\"1080\" class=\"yoast-seo-meta-tag\" \/>\n\t<meta property=\"og:image:type\" content=\"image\/jpeg\" class=\"yoast-seo-meta-tag\" \/>\n<meta name=\"author\" content=\"scisternas\" class=\"yoast-seo-meta-tag\" \/>\n<meta name=\"twitter:card\" content=\"summary_large_image\" class=\"yoast-seo-meta-tag\" \/>\n<meta name=\"twitter:label1\" content=\"Escrito por\" class=\"yoast-seo-meta-tag\" \/>\n\t<meta name=\"twitter:data1\" content=\"scisternas\" class=\"yoast-seo-meta-tag\" \/>\n\t<meta name=\"twitter:label2\" content=\"Tiempo estimado de lectura\" class=\"yoast-seo-meta-tag\" \/>\n\t<meta name=\"twitter:data2\" content=\"2 minutos\" class=\"yoast-seo-meta-tag\" \/>\n<script type=\"application\/ld+json\" class=\"yoast-schema-graph\">{\"@context\":\"https:\/\/schema.org\",\"@graph\":[{\"@type\":\"Article\",\"@id\":\"https:\/\/dev.explora.cl\/aysen\/explora-aysen-invita-a-postular-al-programa-de-indagacion-para-primeras-edades-2023\/#article\",\"isPartOf\":{\"@id\":\"https:\/\/dev.explora.cl\/aysen\/explora-aysen-invita-a-postular-al-programa-de-indagacion-para-primeras-edades-2023\/\"},\"author\":{\"name\":\"scisternas\",\"@id\":\"https:\/\/dev.explora.cl\/aysen\/#\/schema\/person\/81c802b1e3b443e2575e555b39e60a05\"},\"headline\":\"Explora Ays\u00e9n invita a postular al Programa de Indagaci\u00f3n para Primeras Edades 2023\",\"datePublished\":\"2023-06-09T21:16:33+00:00\",\"dateModified\":\"2023-07-22T07:08:38+00:00\",\"mainEntityOfPage\":{\"@id\":\"https:\/\/dev.explora.cl\/aysen\/explora-aysen-invita-a-postular-al-programa-de-indagacion-para-primeras-edades-2023\/\"},\"wordCount\":447,\"commentCount\":0,\"image\":{\"@id\":\"https:\/\/dev.explora.cl\/aysen\/explora-aysen-invita-a-postular-al-programa-de-indagacion-para-primeras-edades-2023\/#primaryimage\"},\"thumbnailUrl\":\"https:\/\/dev.explora.cl\/aysen\/wp-content\/uploads\/sites\/18\/2023\/06\/pipe-web-tw.jpg\",\"articleSection\":[\"Noticias\"],\"inLanguage\":\"es-CL\",\"potentialAction\":[{\"@type\":\"CommentAction\",\"name\":\"Comment\",\"target\":[\"https:\/\/dev.explora.cl\/aysen\/explora-aysen-invita-a-postular-al-programa-de-indagacion-para-primeras-edades-2023\/#respond\"]}]},{\"@type\":\"WebPage\",\"@id\":\"https:\/\/dev.explora.cl\/aysen\/explora-aysen-invita-a-postular-al-programa-de-indagacion-para-primeras-edades-2023\/\",\"url\":\"https:\/\/dev.explora.cl\/aysen\/explora-aysen-invita-a-postular-al-programa-de-indagacion-para-primeras-edades-2023\/\",\"name\":\"Explora Ays\u00e9n invita a postular al Programa de Indagaci\u00f3n para Primeras Edades 2023 - Aysen\",\"isPartOf\":{\"@id\":\"https:\/\/dev.explora.cl\/aysen\/#website\"},\"primaryImageOfPage\":{\"@id\":\"https:\/\/dev.explora.cl\/aysen\/explora-aysen-invita-a-postular-al-programa-de-indagacion-para-primeras-edades-2023\/#primaryimage\"},\"image\":{\"@id\":\"https:\/\/dev.explora.cl\/aysen\/explora-aysen-invita-a-postular-al-programa-de-indagacion-para-primeras-edades-2023\/#primaryimage\"},\"thumbnailUrl\":\"https:\/\/dev.explora.cl\/aysen\/wp-content\/uploads\/sites\/18\/2023\/06\/pipe-web-tw.jpg\",\"datePublished\":\"2023-06-09T21:16:33+00:00\",\"dateModified\":\"2023-07-22T07:08:38+00:00\",\"author\":{\"@id\":\"https:\/\/dev.explora.cl\/aysen\/#\/schema\/person\/81c802b1e3b443e2575e555b39e60a05\"},\"breadcrumb\":{\"@id\":\"https:\/\/dev.explora.cl\/aysen\/explora-aysen-invita-a-postular-al-programa-de-indagacion-para-primeras-edades-2023\/#breadcrumb\"},\"inLanguage\":\"es-CL\",\"potentialAction\":[{\"@type\":\"ReadAction\",\"target\":[\"https:\/\/dev.explora.cl\/aysen\/explora-aysen-invita-a-postular-al-programa-de-indagacion-para-primeras-edades-2023\/\"]}]},{\"@type\":\"ImageObject\",\"inLanguage\":\"es-CL\",\"@id\":\"https:\/\/dev.explora.cl\/aysen\/explora-aysen-invita-a-postular-al-programa-de-indagacion-para-primeras-edades-2023\/#primaryimage\",\"url\":\"https:\/\/dev.explora.cl\/aysen\/wp-content\/uploads\/sites\/18\/2023\/06\/pipe-web-tw.jpg\",\"contentUrl\":\"https:\/\/dev.explora.cl\/aysen\/wp-content\/uploads\/sites\/18\/2023\/06\/pipe-web-tw.jpg\",\"width\":1920,\"height\":1080},{\"@type\":\"BreadcrumbList\",\"@id\":\"https:\/\/dev.explora.cl\/aysen\/explora-aysen-invita-a-postular-al-programa-de-indagacion-para-primeras-edades-2023\/#breadcrumb\",\"itemListElement\":[{\"@type\":\"ListItem\",\"position\":1,\"name\":\"Portada\",\"item\":\"https:\/\/dev.explora.cl\/aysen\/\"},{\"@type\":\"ListItem\",\"position\":2,\"name\":\"Explora Ays\u00e9n invita a postular al Programa de Indagaci\u00f3n para Primeras Edades 2023\"}]},{\"@type\":\"WebSite\",\"@id\":\"https:\/\/dev.explora.cl\/aysen\/#website\",\"url\":\"https:\/\/dev.explora.cl\/aysen\/\",\"name\":\"Aysen\",\"description\":\"Otro sitio m\u00e1s de dev.explora.cl\",\"potentialAction\":[{\"@type\":\"SearchAction\",\"target\":{\"@type\":\"EntryPoint\",\"urlTemplate\":\"https:\/\/dev.explora.cl\/aysen\/?s={search_term_string}\"},\"query-input\":{\"@type\":\"PropertyValueSpecification\",\"valueRequired\":true,\"valueName\":\"search_term_string\"}}],\"inLanguage\":\"es-CL\"},{\"@type\":\"Person\",\"@id\":\"https:\/\/dev.explora.cl\/aysen\/#\/schema\/person\/81c802b1e3b443e2575e555b39e60a05\",\"name\":\"scisternas\",\"image\":{\"@type\":\"ImageObject\",\"inLanguage\":\"es-CL\",\"@id\":\"https:\/\/dev.explora.cl\/aysen\/#\/schema\/person\/image\/\",\"url\":\"https:\/\/secure.gravatar.com\/avatar\/611c8f1946b775bdf01b0521c85a9381c3ad08d928d8ead34ce577b0fa231c76?s=96&d=mm&r=g\",\"contentUrl\":\"https:\/\/secure.gravatar.com\/avatar\/611c8f1946b775bdf01b0521c85a9381c3ad08d928d8ead34ce577b0fa231c76?s=96&d=mm&r=g\",\"caption\":\"scisternas\"},\"url\":\"https:\/\/dev.explora.cl\/aysen\/author\/scisternas\/\"}]}<\/script>\n<!-- \/ Yoast SEO plugin. -->","yoast_head_json":{"title":"Explora Ays\u00e9n invita a postular al Programa de Indagaci\u00f3n para Primeras Edades 2023 - Aysen","robots":{"index":"index","follow":"follow","max-snippet":"max-snippet:-1","max-image-preview":"max-image-preview:large","max-video-preview":"max-video-preview:-1"},"canonical":"https:\/\/dev.explora.cl\/aysen\/explora-aysen-invita-a-postular-al-programa-de-indagacion-para-primeras-edades-2023\/","og_locale":"es_ES","og_type":"article","og_title":"Explora Ays\u00e9n invita a postular al Programa de Indagaci\u00f3n para Primeras Edades 2023 - Aysen","og_description":"Hasta el 23 de junio educadores\/as de p\u00e1rvulos, t\u00e9cnicos\/as de educaci\u00f3n parvularia y educadoras diferenciales que se desempe\u00f1an en niveles medios o de transici\u00f3n de establecimientos educacionales de Ays\u00e9n, podr\u00e1n postular al programa que busca promover el asombro y curiosidad cient\u00edfica en ni\u00f1as y ni\u00f1os de Educaci\u00f3n Parvularia.","og_url":"https:\/\/dev.explora.cl\/aysen\/explora-aysen-invita-a-postular-al-programa-de-indagacion-para-primeras-edades-2023\/","og_site_name":"Aysen","article_published_time":"2023-06-09T21:16:33+00:00","article_modified_time":"2023-07-22T07:08:38+00:00","og_image":[{"width":1920,"height":1080,"url":"https:\/\/dev.explora.cl\/aysen\/wp-content\/uploads\/sites\/18\/2023\/06\/pipe-web-tw.jpg","type":"image\/jpeg"}],"author":"scisternas","twitter_card":"summary_large_image","twitter_misc":{"Escrito por":"scisternas","Tiempo estimado de lectura":"2 minutos"},"schema":{"@context":"https:\/\/schema.org","@graph":[{"@type":"Article","@id":"https:\/\/dev.explora.cl\/aysen\/explora-aysen-invita-a-postular-al-programa-de-indagacion-para-primeras-edades-2023\/#article","isPartOf":{"@id":"https:\/\/dev.explora.cl\/aysen\/explora-aysen-invita-a-postular-al-programa-de-indagacion-para-primeras-edades-2023\/"},"author":{"name":"scisternas","@id":"https:\/\/dev.explora.cl\/aysen\/#\/schema\/person\/81c802b1e3b443e2575e555b39e60a05"},"headline":"Explora Ays\u00e9n invita a postular al Programa de Indagaci\u00f3n para Primeras Edades 2023","datePublished":"2023-06-09T21:16:33+00:00","dateModified":"2023-07-22T07:08:38+00:00","mainEntityOfPage":{"@id":"https:\/\/dev.explora.cl\/aysen\/explora-aysen-invita-a-postular-al-programa-de-indagacion-para-primeras-edades-2023\/"},"wordCount":447,"commentCount":0,"image":{"@id":"https:\/\/dev.explora.cl\/aysen\/explora-aysen-invita-a-postular-al-programa-de-indagacion-para-primeras-edades-2023\/#primaryimage"},"thumbnailUrl":"https:\/\/dev.explora.cl\/aysen\/wp-content\/uploads\/sites\/18\/2023\/06\/pipe-web-tw.jpg","articleSection":["Noticias"],"inLanguage":"es-CL","potentialAction":[{"@type":"CommentAction","name":"Comment","target":["https:\/\/dev.explora.cl\/aysen\/explora-aysen-invita-a-postular-al-programa-de-indagacion-para-primeras-edades-2023\/#respond"]}]},{"@type":"WebPage","@id":"https:\/\/dev.explora.cl\/aysen\/explora-aysen-invita-a-postular-al-programa-de-indagacion-para-primeras-edades-2023\/","url":"https:\/\/dev.explora.cl\/aysen\/explora-aysen-invita-a-postular-al-programa-de-indagacion-para-primeras-edades-2023\/","name":"Explora Ays\u00e9n invita a postular al Programa de Indagaci\u00f3n para Primeras Edades 2023 - Aysen","isPartOf":{"@id":"https:\/\/dev.explora.cl\/aysen\/#website"},"primaryImageOfPage":{"@id":"https:\/\/dev.explora.cl\/aysen\/explora-aysen-invita-a-postular-al-programa-de-indagacion-para-primeras-edades-2023\/#primaryimage"},"image":{"@id":"https:\/\/dev.explora.cl\/aysen\/explora-aysen-invita-a-postular-al-programa-de-indagacion-para-primeras-edades-2023\/#primaryimage"},"thumbnailUrl":"https:\/\/dev.explora.cl\/aysen\/wp-content\/uploads\/sites\/18\/2023\/06\/pipe-web-tw.jpg","datePublished":"2023-06-09T21:16:33+00:00","dateModified":"2023-07-22T07:08:38+00:00","author":{"@id":"https:\/\/dev.explora.cl\/aysen\/#\/schema\/person\/81c802b1e3b443e2575e555b39e60a05"},"breadcrumb":{"@id":"https:\/\/dev.explora.cl\/aysen\/explora-aysen-invita-a-postular-al-programa-de-indagacion-para-primeras-edades-2023\/#breadcrumb"},"inLanguage":"es-CL","potentialAction":[{"@type":"ReadAction","target":["https:\/\/dev.explora.cl\/aysen\/explora-aysen-invita-a-postular-al-programa-de-indagacion-para-primeras-edades-2023\/"]}]},{"@type":"ImageObject","inLanguage":"es-CL","@id":"https:\/\/dev.explora.cl\/aysen\/explora-aysen-invita-a-postular-al-programa-de-indagacion-para-primeras-edades-2023\/#primaryimage","url":"https:\/\/dev.explora.cl\/aysen\/wp-content\/uploads\/sites\/18\/2023\/06\/pipe-web-tw.jpg","contentUrl":"https:\/\/dev.explora.cl\/aysen\/wp-content\/uploads\/sites\/18\/2023\/06\/pipe-web-tw.jpg","width":1920,"height":1080},{"@type":"BreadcrumbList","@id":"https:\/\/dev.explora.cl\/aysen\/explora-aysen-invita-a-postular-al-programa-de-indagacion-para-primeras-edades-2023\/#breadcrumb","itemListElement":[{"@type":"ListItem","position":1,"name":"Portada","item":"https:\/\/dev.explora.cl\/aysen\/"},{"@type":"ListItem","position":2,"name":"Explora Ays\u00e9n invita a postular al Programa de Indagaci\u00f3n para Primeras Edades 2023"}]},{"@type":"WebSite","@id":"https:\/\/dev.explora.cl\/aysen\/#website","url":"https:\/\/dev.explora.cl\/aysen\/","name":"Aysen","description":"Otro sitio m\u00e1s de dev.explora.cl","potentialAction":[{"@type":"SearchAction","target":{"@type":"EntryPoint","urlTemplate":"https:\/\/dev.explora.cl\/aysen\/?s={search_term_string}"},"query-input":{"@type":"PropertyValueSpecification","valueRequired":true,"valueName":"search_term_string"}}],"inLanguage":"es-CL"},{"@type":"Person","@id":"https:\/\/dev.explora.cl\/aysen\/#\/schema\/person\/81c802b1e3b443e2575e555b39e60a05","name":"scisternas","image":{"@type":"ImageObject","inLanguage":"es-CL","@id":"https:\/\/dev.explora.cl\/aysen\/#\/schema\/person\/image\/","url":"https:\/\/secure.gravatar.com\/avatar\/611c8f1946b775bdf01b0521c85a9381c3ad08d928d8ead34ce577b0fa231c76?s=96&d=mm&r=g","contentUrl":"https:\/\/secure.gravatar.com\/avatar\/611c8f1946b775bdf01b0521c85a9381c3ad08d928d8ead34ce577b0fa231c76?s=96&d=mm&r=g","caption":"scisternas"},"url":"https:\/\/dev.explora.cl\/aysen\/author\/scisternas\/"}]}},"_links":{"self":[{"href":"https:\/\/dev.explora.cl\/aysen\/wp-json\/wp\/v2\/posts\/38502","targetHints":{"allow":["GET"]}}],"collection":[{"href":"https:\/\/dev.explora.cl\/aysen\/wp-json\/wp\/v2\/posts"}],"about":[{"href":"https:\/\/dev.explora.cl\/aysen\/wp-json\/wp\/v2\/types\/post"}],"author":[{"embeddable":true,"href":"https:\/\/dev.explora.cl\/aysen\/wp-json\/wp\/v2\/users\/37"}],"replies":[{"embeddable":true,"href":"https:\/\/dev.explora.cl\/aysen\/wp-json\/wp\/v2\/comments?post=38502"}],"version-history":[{"count":4,"href":"https:\/\/dev.explora.cl\/aysen\/wp-json\/wp\/v2\/posts\/38502\/revisions"}],"predecessor-version":[{"id":38539,"href":"https:\/\/dev.explora.cl\/aysen\/wp-json\/wp\/v2\/posts\/38502\/revisions\/38539"}],"wp:featuredmedia":[{"embeddable":true,"href":"https:\/\/dev.explora.cl\/aysen\/wp-json\/wp\/v2\/media\/38508"}],"wp:attachment":[{"href":"https:\/\/dev.explora.cl\/aysen\/wp-json\/wp\/v2\/media?parent=38502"}],"wp:term":[{"taxonomy":"category","embeddable":true,"href":"https:\/\/dev.explora.cl\/aysen\/wp-json\/wp\/v2\/categories?post=38502"},{"taxonomy":"post_tag","embeddable":true,"href":"https:\/\/dev.explora.cl\/aysen\/wp-json\/wp\/v2\/tags?post=38502"}],"curies":[{"name":"wp","href":"https:\/\/api.w.org\/{rel}","templated":true}]}}