{"id":38417,"date":"2023-01-27T12:21:27","date_gmt":"2023-01-27T15:21:27","guid":{"rendered":"https:\/\/dev.explora.cl\/aysen\/?p=38417"},"modified":"2023-07-22T02:29:40","modified_gmt":"2023-07-22T06:29:40","slug":"con-gran-participacion-ciudadana-finaliza-el-ciclo-de-talleres-explora-tu-verano-en-el-museo","status":"publish","type":"post","link":"https:\/\/dev.explora.cl\/aysen\/con-gran-participacion-ciudadana-finaliza-el-ciclo-de-talleres-explora-tu-verano-en-el-museo\/","title":{"rendered":"Con gran participaci\u00f3n ciudadana finaliza el ciclo de talleres Explora tu Verano en el Museo"},"content":{"rendered":"<p><em>M\u00e1s de 200 personas entre las edades de 4 a 72 a\u00f1os participaron de \u201cExplora tu verano en el Museo\u201d, un ciclo de talleres gratuitos que explor\u00f3 el arte, la ciencia y el patrimonio este verano en Coyhaique.<\/em><\/p>\n<p><!--more--><\/p>\n<p>Descubrir el cosmos desde la Patagonia, viajar al pasado arqueol\u00f3gico de Ays\u00e9n, explorar la naturaleza a trav\u00e9s de la fotograf\u00eda e ilustraci\u00f3n, conocer el patrimonio mediante fotograf\u00edas familiares y ejercitar el pensamiento estrat\u00e9gico mediante el ajedrez fueron algunas de las actividades que dieron vida al ciclo de talleres realizado entre el 10 y 21 de enero.La iniciativa fue organizada por el Museo Regional de Ays\u00e9n del Servicio Nacional del Patrimonio Cultural junto al Proyecto Explora Ays\u00e9n del Ministerio de Ciencia, ejecutado por el Campus Patagonia de la Universidad Austral de Chile, y cont\u00f3 con la colaboraci\u00f3n de las organizaciones ONG Aumen, Centro de Investigaci\u00f3n en Ecosistemas de la Patagonia (CIEP), Club de Ajedrez de Ays\u00e9n, Biota Ltda. y la Corporaci\u00f3n Nacional Forestal (CONAF).<\/p>\n<p><strong>Ciencia Abierta: conocimiento compartido<\/strong><\/p>\n<p>Las 15 actividades de \u201cExplora tu verano en el Museo: Talleres de Arte, Ciencia Abierta y Patrimonio\u201d, tuvieron como objetivo ser un encuentro entre especialistas de la ciencia y las artes con diversos p\u00fablicos, promoviendo la socializaci\u00f3n y apropiaci\u00f3n del conocimiento. \u201cComo Museo Regional estamos s\u00faper contentos con el resultado de los talleres.<\/p>\n<p><img loading=\"lazy\" decoding=\"async\" class=\" wp-image-38421 alignleft\" src=\"https:\/\/dev.explora.cl\/aysen\/wp-content\/uploads\/sites\/18\/2023\/01\/WhatsApp-Image-2023-01-26-at-16.03.58.jpeg\" alt=\"\" width=\"381\" height=\"254\" srcset=\"https:\/\/dev.explora.cl\/aysen\/wp-content\/uploads\/sites\/18\/2023\/01\/WhatsApp-Image-2023-01-26-at-16.03.58.jpeg 1280w, https:\/\/dev.explora.cl\/aysen\/wp-content\/uploads\/sites\/18\/2023\/01\/WhatsApp-Image-2023-01-26-at-16.03.58-300x200.jpeg 300w, https:\/\/dev.explora.cl\/aysen\/wp-content\/uploads\/sites\/18\/2023\/01\/WhatsApp-Image-2023-01-26-at-16.03.58-768x512.jpeg 768w, https:\/\/dev.explora.cl\/aysen\/wp-content\/uploads\/sites\/18\/2023\/01\/WhatsApp-Image-2023-01-26-at-16.03.58-1024x682.jpeg 1024w\" sizes=\"auto, (max-width: 381px) 100vw, 381px\" \/>Destacamos la alianza y el trabajo mancomunado con el equipo de Explora el cual nos permiti\u00f3 generar una diversidad de talleres y abordar distintas tem\u00e1ticas. Nos damos cuenta que hay mucho inter\u00e9s en temas cient\u00edficos y en temas culturales\u201d, coment\u00f3 Mar\u00eda Jos\u00e9 Fern\u00e1ndez, encargada Programaci\u00f3n y Gesti\u00f3n de P\u00fablicos del Museo Regional de Ays\u00e9n.<\/p>\n<p>El inter\u00e9s de la ciudadan\u00eda en estas tem\u00e1ticas se vio reflejado en las m\u00e1s de 200 personas de Coyhaique, Puerto Cisnes, Puerto Ays\u00e9n y Cochrane que llegaron hasta el Museo Regional de Ays\u00e9n para participar de la iniciativa.<\/p>\n<p>\u201cLos talleres est\u00e1n s\u00faper bien enfocados y siempre var\u00edan en su contenido. Mi experiencia es s\u00faper buena y espero que siga y que llegue a m\u00e1s personas y lugares. Como familia es muy bonita la experiencia, se agradece el poder involucrarse con los hijos en estos espacios\u201d, expres\u00f3 Lidia Moreno, madre de participantes de Explora tu verano en el Museo.<\/p>\n<p><img loading=\"lazy\" decoding=\"async\" class=\" wp-image-38419 alignright\" src=\"https:\/\/dev.explora.cl\/aysen\/wp-content\/uploads\/sites\/18\/2023\/01\/WhatsApp-Image-2023-01-26-at-16.04.05.jpeg\" alt=\"\" width=\"326\" height=\"217\" srcset=\"https:\/\/dev.explora.cl\/aysen\/wp-content\/uploads\/sites\/18\/2023\/01\/WhatsApp-Image-2023-01-26-at-16.04.05.jpeg 1280w, https:\/\/dev.explora.cl\/aysen\/wp-content\/uploads\/sites\/18\/2023\/01\/WhatsApp-Image-2023-01-26-at-16.04.05-300x200.jpeg 300w, https:\/\/dev.explora.cl\/aysen\/wp-content\/uploads\/sites\/18\/2023\/01\/WhatsApp-Image-2023-01-26-at-16.04.05-768x512.jpeg 768w, https:\/\/dev.explora.cl\/aysen\/wp-content\/uploads\/sites\/18\/2023\/01\/WhatsApp-Image-2023-01-26-at-16.04.05-1024x682.jpeg 1024w\" sizes=\"auto, (max-width: 326px) 100vw, 326px\" \/>Sobre el ciclo de talleres, Karina Ocampo, encargada de Ciencia P\u00fablica de Explora Ays\u00e9n concluy\u00f3: \u201cEn estas actividades buscamos abordar tem\u00e1ticas solicitadas por la comunidad incluyendo una mirada desde el arte, el patrimonio y la biodiversidad local. Destacamos la participaci\u00f3n de personas de todo Ays\u00e9n y resaltamos el impacto que tuvieron las actividades en p\u00fablicos de todas las edades. Esperamos que puedan seguir aplicando en su entorno lo que aprendimos durante estas semanas, ya que sin duda, el traspaso de conocimiento que hizo cada relator fue muy interesante y de gran nivel\u201d.<\/p>\n","protected":false},"excerpt":{"rendered":"<p>M\u00e1s de 200 personas entre las edades de 4 a 72 a\u00f1os participaron de \u201cExplora tu verano en el Museo\u201d, un ciclo de talleres gratuitos que explor\u00f3 el arte, la ciencia y el patrimonio este verano en Coyhaique.<\/p>\n","protected":false},"author":37,"featured_media":38420,"comment_status":"open","ping_status":"open","sticky":false,"template":"","format":"standard","meta":{"_acf_changed":false,"_exactmetrics_skip_tracking":false,"_exactmetrics_sitenote_active":false,"_exactmetrics_sitenote_note":"","_exactmetrics_sitenote_category":0,"footnotes":"","_links_to":"","_links_to_target":""},"categories":[4],"tags":[],"class_list":["post-38417","post","type-post","status-publish","format-standard","has-post-thumbnail","hentry","category-noticias"],"acf":[],"yoast_head":"<!-- This site is optimized with the Yoast SEO plugin v26.7 - https:\/\/yoast.com\/wordpress\/plugins\/seo\/ -->\n<title>Con gran participaci\u00f3n ciudadana finaliza el ciclo de talleres Explora tu Verano en el Museo - Aysen<\/title>\n<meta name=\"robots\" content=\"index, follow, max-snippet:-1, max-image-preview:large, max-video-preview:-1\" \/>\n<link rel=\"canonical\" href=\"https:\/\/dev.explora.cl\/aysen\/con-gran-participacion-ciudadana-finaliza-el-ciclo-de-talleres-explora-tu-verano-en-el-museo\/\" class=\"yoast-seo-meta-tag\" \/>\n<meta property=\"og:locale\" content=\"es_ES\" class=\"yoast-seo-meta-tag\" \/>\n<meta property=\"og:type\" content=\"article\" class=\"yoast-seo-meta-tag\" \/>\n<meta property=\"og:title\" content=\"Con gran participaci\u00f3n ciudadana finaliza el ciclo de talleres Explora tu Verano en el Museo - Aysen\" class=\"yoast-seo-meta-tag\" \/>\n<meta property=\"og:description\" content=\"M\u00e1s de 200 personas entre las edades de 4 a 72 a\u00f1os participaron de \u201cExplora tu verano en el Museo\u201d, un ciclo de talleres gratuitos que explor\u00f3 el arte, la ciencia y el patrimonio este verano en Coyhaique.\" class=\"yoast-seo-meta-tag\" \/>\n<meta property=\"og:url\" content=\"https:\/\/dev.explora.cl\/aysen\/con-gran-participacion-ciudadana-finaliza-el-ciclo-de-talleres-explora-tu-verano-en-el-museo\/\" class=\"yoast-seo-meta-tag\" \/>\n<meta property=\"og:site_name\" content=\"Aysen\" class=\"yoast-seo-meta-tag\" \/>\n<meta property=\"article:published_time\" content=\"2023-01-27T15:21:27+00:00\" class=\"yoast-seo-meta-tag\" \/>\n<meta property=\"article:modified_time\" content=\"2023-07-22T06:29:40+00:00\" class=\"yoast-seo-meta-tag\" \/>\n<meta property=\"og:image\" content=\"https:\/\/dev.explora.cl\/aysen\/wp-content\/uploads\/sites\/18\/2023\/01\/WhatsApp-Image-2023-01-26-at-16.04.01.jpeg\" class=\"yoast-seo-meta-tag\" \/>\n\t<meta property=\"og:image:width\" content=\"1280\" class=\"yoast-seo-meta-tag\" \/>\n\t<meta property=\"og:image:height\" content=\"853\" class=\"yoast-seo-meta-tag\" \/>\n\t<meta property=\"og:image:type\" content=\"image\/jpeg\" class=\"yoast-seo-meta-tag\" \/>\n<meta name=\"author\" content=\"scisternas\" class=\"yoast-seo-meta-tag\" \/>\n<meta name=\"twitter:card\" content=\"summary_large_image\" class=\"yoast-seo-meta-tag\" \/>\n<meta name=\"twitter:label1\" content=\"Escrito por\" class=\"yoast-seo-meta-tag\" \/>\n\t<meta name=\"twitter:data1\" content=\"scisternas\" class=\"yoast-seo-meta-tag\" \/>\n\t<meta name=\"twitter:label2\" content=\"Tiempo estimado de lectura\" class=\"yoast-seo-meta-tag\" \/>\n\t<meta name=\"twitter:data2\" content=\"3 minutos\" class=\"yoast-seo-meta-tag\" \/>\n<script type=\"application\/ld+json\" class=\"yoast-schema-graph\">{\"@context\":\"https:\/\/schema.org\",\"@graph\":[{\"@type\":\"Article\",\"@id\":\"https:\/\/dev.explora.cl\/aysen\/con-gran-participacion-ciudadana-finaliza-el-ciclo-de-talleres-explora-tu-verano-en-el-museo\/#article\",\"isPartOf\":{\"@id\":\"https:\/\/dev.explora.cl\/aysen\/con-gran-participacion-ciudadana-finaliza-el-ciclo-de-talleres-explora-tu-verano-en-el-museo\/\"},\"author\":{\"name\":\"scisternas\",\"@id\":\"https:\/\/dev.explora.cl\/aysen\/#\/schema\/person\/81c802b1e3b443e2575e555b39e60a05\"},\"headline\":\"Con gran participaci\u00f3n ciudadana finaliza el ciclo de talleres Explora tu Verano en el Museo\",\"datePublished\":\"2023-01-27T15:21:27+00:00\",\"dateModified\":\"2023-07-22T06:29:40+00:00\",\"mainEntityOfPage\":{\"@id\":\"https:\/\/dev.explora.cl\/aysen\/con-gran-participacion-ciudadana-finaliza-el-ciclo-de-talleres-explora-tu-verano-en-el-museo\/\"},\"wordCount\":517,\"commentCount\":0,\"image\":{\"@id\":\"https:\/\/dev.explora.cl\/aysen\/con-gran-participacion-ciudadana-finaliza-el-ciclo-de-talleres-explora-tu-verano-en-el-museo\/#primaryimage\"},\"thumbnailUrl\":\"https:\/\/dev.explora.cl\/aysen\/wp-content\/uploads\/sites\/18\/2023\/01\/WhatsApp-Image-2023-01-26-at-16.04.01.jpeg\",\"articleSection\":[\"Noticias\"],\"inLanguage\":\"es-CL\",\"potentialAction\":[{\"@type\":\"CommentAction\",\"name\":\"Comment\",\"target\":[\"https:\/\/dev.explora.cl\/aysen\/con-gran-participacion-ciudadana-finaliza-el-ciclo-de-talleres-explora-tu-verano-en-el-museo\/#respond\"]}]},{\"@type\":\"WebPage\",\"@id\":\"https:\/\/dev.explora.cl\/aysen\/con-gran-participacion-ciudadana-finaliza-el-ciclo-de-talleres-explora-tu-verano-en-el-museo\/\",\"url\":\"https:\/\/dev.explora.cl\/aysen\/con-gran-participacion-ciudadana-finaliza-el-ciclo-de-talleres-explora-tu-verano-en-el-museo\/\",\"name\":\"Con gran participaci\u00f3n ciudadana finaliza el ciclo de talleres Explora tu Verano en el Museo - Aysen\",\"isPartOf\":{\"@id\":\"https:\/\/dev.explora.cl\/aysen\/#website\"},\"primaryImageOfPage\":{\"@id\":\"https:\/\/dev.explora.cl\/aysen\/con-gran-participacion-ciudadana-finaliza-el-ciclo-de-talleres-explora-tu-verano-en-el-museo\/#primaryimage\"},\"image\":{\"@id\":\"https:\/\/dev.explora.cl\/aysen\/con-gran-participacion-ciudadana-finaliza-el-ciclo-de-talleres-explora-tu-verano-en-el-museo\/#primaryimage\"},\"thumbnailUrl\":\"https:\/\/dev.explora.cl\/aysen\/wp-content\/uploads\/sites\/18\/2023\/01\/WhatsApp-Image-2023-01-26-at-16.04.01.jpeg\",\"datePublished\":\"2023-01-27T15:21:27+00:00\",\"dateModified\":\"2023-07-22T06:29:40+00:00\",\"author\":{\"@id\":\"https:\/\/dev.explora.cl\/aysen\/#\/schema\/person\/81c802b1e3b443e2575e555b39e60a05\"},\"breadcrumb\":{\"@id\":\"https:\/\/dev.explora.cl\/aysen\/con-gran-participacion-ciudadana-finaliza-el-ciclo-de-talleres-explora-tu-verano-en-el-museo\/#breadcrumb\"},\"inLanguage\":\"es-CL\",\"potentialAction\":[{\"@type\":\"ReadAction\",\"target\":[\"https:\/\/dev.explora.cl\/aysen\/con-gran-participacion-ciudadana-finaliza-el-ciclo-de-talleres-explora-tu-verano-en-el-museo\/\"]}]},{\"@type\":\"ImageObject\",\"inLanguage\":\"es-CL\",\"@id\":\"https:\/\/dev.explora.cl\/aysen\/con-gran-participacion-ciudadana-finaliza-el-ciclo-de-talleres-explora-tu-verano-en-el-museo\/#primaryimage\",\"url\":\"https:\/\/dev.explora.cl\/aysen\/wp-content\/uploads\/sites\/18\/2023\/01\/WhatsApp-Image-2023-01-26-at-16.04.01.jpeg\",\"contentUrl\":\"https:\/\/dev.explora.cl\/aysen\/wp-content\/uploads\/sites\/18\/2023\/01\/WhatsApp-Image-2023-01-26-at-16.04.01.jpeg\",\"width\":1280,\"height\":853},{\"@type\":\"BreadcrumbList\",\"@id\":\"https:\/\/dev.explora.cl\/aysen\/con-gran-participacion-ciudadana-finaliza-el-ciclo-de-talleres-explora-tu-verano-en-el-museo\/#breadcrumb\",\"itemListElement\":[{\"@type\":\"ListItem\",\"position\":1,\"name\":\"Portada\",\"item\":\"https:\/\/dev.explora.cl\/aysen\/\"},{\"@type\":\"ListItem\",\"position\":2,\"name\":\"Con gran participaci\u00f3n ciudadana finaliza el ciclo de talleres Explora tu Verano en el Museo\"}]},{\"@type\":\"WebSite\",\"@id\":\"https:\/\/dev.explora.cl\/aysen\/#website\",\"url\":\"https:\/\/dev.explora.cl\/aysen\/\",\"name\":\"Aysen\",\"description\":\"Otro sitio m\u00e1s de dev.explora.cl\",\"potentialAction\":[{\"@type\":\"SearchAction\",\"target\":{\"@type\":\"EntryPoint\",\"urlTemplate\":\"https:\/\/dev.explora.cl\/aysen\/?s={search_term_string}\"},\"query-input\":{\"@type\":\"PropertyValueSpecification\",\"valueRequired\":true,\"valueName\":\"search_term_string\"}}],\"inLanguage\":\"es-CL\"},{\"@type\":\"Person\",\"@id\":\"https:\/\/dev.explora.cl\/aysen\/#\/schema\/person\/81c802b1e3b443e2575e555b39e60a05\",\"name\":\"scisternas\",\"image\":{\"@type\":\"ImageObject\",\"inLanguage\":\"es-CL\",\"@id\":\"https:\/\/dev.explora.cl\/aysen\/#\/schema\/person\/image\/\",\"url\":\"https:\/\/secure.gravatar.com\/avatar\/611c8f1946b775bdf01b0521c85a9381c3ad08d928d8ead34ce577b0fa231c76?s=96&d=mm&r=g\",\"contentUrl\":\"https:\/\/secure.gravatar.com\/avatar\/611c8f1946b775bdf01b0521c85a9381c3ad08d928d8ead34ce577b0fa231c76?s=96&d=mm&r=g\",\"caption\":\"scisternas\"},\"url\":\"https:\/\/dev.explora.cl\/aysen\/author\/scisternas\/\"}]}<\/script>\n<!-- \/ Yoast SEO plugin. -->","yoast_head_json":{"title":"Con gran participaci\u00f3n ciudadana finaliza el ciclo de talleres Explora tu Verano en el Museo - Aysen","robots":{"index":"index","follow":"follow","max-snippet":"max-snippet:-1","max-image-preview":"max-image-preview:large","max-video-preview":"max-video-preview:-1"},"canonical":"https:\/\/dev.explora.cl\/aysen\/con-gran-participacion-ciudadana-finaliza-el-ciclo-de-talleres-explora-tu-verano-en-el-museo\/","og_locale":"es_ES","og_type":"article","og_title":"Con gran participaci\u00f3n ciudadana finaliza el ciclo de talleres Explora tu Verano en el Museo - Aysen","og_description":"M\u00e1s de 200 personas entre las edades de 4 a 72 a\u00f1os participaron de \u201cExplora tu verano en el Museo\u201d, un ciclo de talleres gratuitos que explor\u00f3 el arte, la ciencia y el patrimonio este verano en Coyhaique.","og_url":"https:\/\/dev.explora.cl\/aysen\/con-gran-participacion-ciudadana-finaliza-el-ciclo-de-talleres-explora-tu-verano-en-el-museo\/","og_site_name":"Aysen","article_published_time":"2023-01-27T15:21:27+00:00","article_modified_time":"2023-07-22T06:29:40+00:00","og_image":[{"width":1280,"height":853,"url":"https:\/\/dev.explora.cl\/aysen\/wp-content\/uploads\/sites\/18\/2023\/01\/WhatsApp-Image-2023-01-26-at-16.04.01.jpeg","type":"image\/jpeg"}],"author":"scisternas","twitter_card":"summary_large_image","twitter_misc":{"Escrito por":"scisternas","Tiempo estimado de lectura":"3 minutos"},"schema":{"@context":"https:\/\/schema.org","@graph":[{"@type":"Article","@id":"https:\/\/dev.explora.cl\/aysen\/con-gran-participacion-ciudadana-finaliza-el-ciclo-de-talleres-explora-tu-verano-en-el-museo\/#article","isPartOf":{"@id":"https:\/\/dev.explora.cl\/aysen\/con-gran-participacion-ciudadana-finaliza-el-ciclo-de-talleres-explora-tu-verano-en-el-museo\/"},"author":{"name":"scisternas","@id":"https:\/\/dev.explora.cl\/aysen\/#\/schema\/person\/81c802b1e3b443e2575e555b39e60a05"},"headline":"Con gran participaci\u00f3n ciudadana finaliza el ciclo de talleres Explora tu Verano en el Museo","datePublished":"2023-01-27T15:21:27+00:00","dateModified":"2023-07-22T06:29:40+00:00","mainEntityOfPage":{"@id":"https:\/\/dev.explora.cl\/aysen\/con-gran-participacion-ciudadana-finaliza-el-ciclo-de-talleres-explora-tu-verano-en-el-museo\/"},"wordCount":517,"commentCount":0,"image":{"@id":"https:\/\/dev.explora.cl\/aysen\/con-gran-participacion-ciudadana-finaliza-el-ciclo-de-talleres-explora-tu-verano-en-el-museo\/#primaryimage"},"thumbnailUrl":"https:\/\/dev.explora.cl\/aysen\/wp-content\/uploads\/sites\/18\/2023\/01\/WhatsApp-Image-2023-01-26-at-16.04.01.jpeg","articleSection":["Noticias"],"inLanguage":"es-CL","potentialAction":[{"@type":"CommentAction","name":"Comment","target":["https:\/\/dev.explora.cl\/aysen\/con-gran-participacion-ciudadana-finaliza-el-ciclo-de-talleres-explora-tu-verano-en-el-museo\/#respond"]}]},{"@type":"WebPage","@id":"https:\/\/dev.explora.cl\/aysen\/con-gran-participacion-ciudadana-finaliza-el-ciclo-de-talleres-explora-tu-verano-en-el-museo\/","url":"https:\/\/dev.explora.cl\/aysen\/con-gran-participacion-ciudadana-finaliza-el-ciclo-de-talleres-explora-tu-verano-en-el-museo\/","name":"Con gran participaci\u00f3n ciudadana finaliza el ciclo de talleres Explora tu Verano en el Museo - Aysen","isPartOf":{"@id":"https:\/\/dev.explora.cl\/aysen\/#website"},"primaryImageOfPage":{"@id":"https:\/\/dev.explora.cl\/aysen\/con-gran-participacion-ciudadana-finaliza-el-ciclo-de-talleres-explora-tu-verano-en-el-museo\/#primaryimage"},"image":{"@id":"https:\/\/dev.explora.cl\/aysen\/con-gran-participacion-ciudadana-finaliza-el-ciclo-de-talleres-explora-tu-verano-en-el-museo\/#primaryimage"},"thumbnailUrl":"https:\/\/dev.explora.cl\/aysen\/wp-content\/uploads\/sites\/18\/2023\/01\/WhatsApp-Image-2023-01-26-at-16.04.01.jpeg","datePublished":"2023-01-27T15:21:27+00:00","dateModified":"2023-07-22T06:29:40+00:00","author":{"@id":"https:\/\/dev.explora.cl\/aysen\/#\/schema\/person\/81c802b1e3b443e2575e555b39e60a05"},"breadcrumb":{"@id":"https:\/\/dev.explora.cl\/aysen\/con-gran-participacion-ciudadana-finaliza-el-ciclo-de-talleres-explora-tu-verano-en-el-museo\/#breadcrumb"},"inLanguage":"es-CL","potentialAction":[{"@type":"ReadAction","target":["https:\/\/dev.explora.cl\/aysen\/con-gran-participacion-ciudadana-finaliza-el-ciclo-de-talleres-explora-tu-verano-en-el-museo\/"]}]},{"@type":"ImageObject","inLanguage":"es-CL","@id":"https:\/\/dev.explora.cl\/aysen\/con-gran-participacion-ciudadana-finaliza-el-ciclo-de-talleres-explora-tu-verano-en-el-museo\/#primaryimage","url":"https:\/\/dev.explora.cl\/aysen\/wp-content\/uploads\/sites\/18\/2023\/01\/WhatsApp-Image-2023-01-26-at-16.04.01.jpeg","contentUrl":"https:\/\/dev.explora.cl\/aysen\/wp-content\/uploads\/sites\/18\/2023\/01\/WhatsApp-Image-2023-01-26-at-16.04.01.jpeg","width":1280,"height":853},{"@type":"BreadcrumbList","@id":"https:\/\/dev.explora.cl\/aysen\/con-gran-participacion-ciudadana-finaliza-el-ciclo-de-talleres-explora-tu-verano-en-el-museo\/#breadcrumb","itemListElement":[{"@type":"ListItem","position":1,"name":"Portada","item":"https:\/\/dev.explora.cl\/aysen\/"},{"@type":"ListItem","position":2,"name":"Con gran participaci\u00f3n ciudadana finaliza el ciclo de talleres Explora tu Verano en el Museo"}]},{"@type":"WebSite","@id":"https:\/\/dev.explora.cl\/aysen\/#website","url":"https:\/\/dev.explora.cl\/aysen\/","name":"Aysen","description":"Otro sitio m\u00e1s de dev.explora.cl","potentialAction":[{"@type":"SearchAction","target":{"@type":"EntryPoint","urlTemplate":"https:\/\/dev.explora.cl\/aysen\/?s={search_term_string}"},"query-input":{"@type":"PropertyValueSpecification","valueRequired":true,"valueName":"search_term_string"}}],"inLanguage":"es-CL"},{"@type":"Person","@id":"https:\/\/dev.explora.cl\/aysen\/#\/schema\/person\/81c802b1e3b443e2575e555b39e60a05","name":"scisternas","image":{"@type":"ImageObject","inLanguage":"es-CL","@id":"https:\/\/dev.explora.cl\/aysen\/#\/schema\/person\/image\/","url":"https:\/\/secure.gravatar.com\/avatar\/611c8f1946b775bdf01b0521c85a9381c3ad08d928d8ead34ce577b0fa231c76?s=96&d=mm&r=g","contentUrl":"https:\/\/secure.gravatar.com\/avatar\/611c8f1946b775bdf01b0521c85a9381c3ad08d928d8ead34ce577b0fa231c76?s=96&d=mm&r=g","caption":"scisternas"},"url":"https:\/\/dev.explora.cl\/aysen\/author\/scisternas\/"}]}},"_links":{"self":[{"href":"https:\/\/dev.explora.cl\/aysen\/wp-json\/wp\/v2\/posts\/38417","targetHints":{"allow":["GET"]}}],"collection":[{"href":"https:\/\/dev.explora.cl\/aysen\/wp-json\/wp\/v2\/posts"}],"about":[{"href":"https:\/\/dev.explora.cl\/aysen\/wp-json\/wp\/v2\/types\/post"}],"author":[{"embeddable":true,"href":"https:\/\/dev.explora.cl\/aysen\/wp-json\/wp\/v2\/users\/37"}],"replies":[{"embeddable":true,"href":"https:\/\/dev.explora.cl\/aysen\/wp-json\/wp\/v2\/comments?post=38417"}],"version-history":[{"count":4,"href":"https:\/\/dev.explora.cl\/aysen\/wp-json\/wp\/v2\/posts\/38417\/revisions"}],"predecessor-version":[{"id":38425,"href":"https:\/\/dev.explora.cl\/aysen\/wp-json\/wp\/v2\/posts\/38417\/revisions\/38425"}],"wp:featuredmedia":[{"embeddable":true,"href":"https:\/\/dev.explora.cl\/aysen\/wp-json\/wp\/v2\/media\/38420"}],"wp:attachment":[{"href":"https:\/\/dev.explora.cl\/aysen\/wp-json\/wp\/v2\/media?parent=38417"}],"wp:term":[{"taxonomy":"category","embeddable":true,"href":"https:\/\/dev.explora.cl\/aysen\/wp-json\/wp\/v2\/categories?post=38417"},{"taxonomy":"post_tag","embeddable":true,"href":"https:\/\/dev.explora.cl\/aysen\/wp-json\/wp\/v2\/tags?post=38417"}],"curies":[{"name":"wp","href":"https:\/\/api.w.org\/{rel}","templated":true}]}}