{"id":38411,"date":"2023-01-13T17:01:25","date_gmt":"2023-01-13T20:01:25","guid":{"rendered":"https:\/\/dev.explora.cl\/aysen\/?p=38411"},"modified":"2023-07-28T11:26:32","modified_gmt":"2023-07-28T15:26:32","slug":"estudiantes-de-aysen-crean-innovadores-proyectos-con-foco-en-la-region","status":"publish","type":"post","link":"https:\/\/dev.explora.cl\/aysen\/estudiantes-de-aysen-crean-innovadores-proyectos-con-foco-en-la-region\/","title":{"rendered":"Estudiantes de Ays\u00e9n crean innovadores proyectos con foco en la regi\u00f3n"},"content":{"rendered":"<p><em>Descubrir los efectos anticancer\u00edgenos de hongos presentes en Ays\u00e9n, generar prototipos de bloques sustentables para la construcci\u00f3n modular y crear mascarillas biodegradables son algunos de los proyectos realizados por estudiantes de 7 comunas de la regi\u00f3n en el marco del Programa de Investigaci\u00f3n e Innovaci\u00f3n Escolar del Proyecto Explora Ays\u00e9n.<\/em><!--more--><\/p>\n<p>Durante siete meses, 132 estudiantes de ense\u00f1anza b\u00e1sica y media de la regi\u00f3n de Ays\u00e9n, junto a docentes y asesores cient\u00edficos, desarrollaron proyectos de innovaci\u00f3n e investigaci\u00f3n enfocados en problem\u00e1ticas de la regi\u00f3n en el marco del Programa de Investigaci\u00f3n e Innovaci\u00f3n Escolar (IIE), una iniciativa del Proyecto Explora Ays\u00e9n que finaliz\u00f3 su versi\u00f3n 2022 durante el mes de diciembre.<\/p>\n<p><img loading=\"lazy\" decoding=\"async\" class=\"wp-image-38413 alignleft\" src=\"https:\/\/dev.explora.cl\/aysen\/wp-content\/uploads\/sites\/18\/2023\/01\/1_IIE-1.jpg\" alt=\"\" width=\"447\" height=\"251\" srcset=\"https:\/\/dev.explora.cl\/aysen\/wp-content\/uploads\/sites\/18\/2023\/01\/1_IIE-1.jpg 6000w, https:\/\/dev.explora.cl\/aysen\/wp-content\/uploads\/sites\/18\/2023\/01\/1_IIE-1-300x168.jpg 300w, https:\/\/dev.explora.cl\/aysen\/wp-content\/uploads\/sites\/18\/2023\/01\/1_IIE-1-768x431.jpg 768w, https:\/\/dev.explora.cl\/aysen\/wp-content\/uploads\/sites\/18\/2023\/01\/1_IIE-1-1024x575.jpg 1024w\" sizes=\"auto, (max-width: 447px) 100vw, 447px\" \/>Con el objetivo de promover el conocimiento y el desarrollo de habilidades de divulgaci\u00f3n y valoraci\u00f3n de la ciencia y tecnolog\u00eda en estudiantes, el Proyecto Explora Ays\u00e9n del Ministerio de Ciencia, ejecutado por el Campus Patagonia de la Universidad Austral de Chile, impuls\u00f3 la iniciativa IIE que en su versi\u00f3n 2022 alcanz\u00f3 20 establecimientos educacionales de siete comunas de la regi\u00f3n.<\/p>\n<p><strong>\u00a0<\/strong><strong>Ruta de experiencias cient\u00edficas<\/strong><\/p>\n<p>Entre los meses de junio y diciembre de 2022, los equipos de IIE -conformados por estudiantes, un\/a docente y un asesor\/a cient\u00edfico\/a- participaron de talleres, capacitaciones y reuniones donde pudieron descubrir, discutir y crear diversos proyectos de investigaci\u00f3n e innovaci\u00f3n que buscan dar soluciones a problem\u00e1ticas y necesidades que los equipos identifican en sus entornos, con un sello de sustentabilidad.<\/p>\n<p>\u201cMi experiencia en IIE de Explora Ays\u00e9n fue muy c\u00e1lida debido a que se realizaron actividades para que nos relacionemos con todos los equipos. Fue algo muy lindo como esta actividad nos logr\u00f3 unir a distintas personas y estoy segura que esta experiencia nos marcar\u00e1 la vida a muchos futuros cient\u00edficos\u201d, coment\u00f3 Javiera Aguilar, participante del Liceo Bicentenario Altos del Mackay.<\/p>\n<p><strong>Sello sustentable y territorial<\/strong><\/p>\n<p>Fueron 33 equipos participantes de IIE que se destacaron por su car\u00e1cter sustentable y con enfoque territorial, de los cuales cuatro equipos fueron seleccionados para viajar hasta la ciudad de Santiago en marzo de 2023 para participar del Congreso Nacional de Investigaci\u00f3n e Innovaci\u00f3n Escolar del Programa Explora del Ministerio de Ciencia, Tecnolog\u00eda, Conocimiento e Innovaci\u00f3n.<\/p>\n<p><img loading=\"lazy\" decoding=\"async\" class=\" wp-image-38414 alignleft\" src=\"https:\/\/dev.explora.cl\/aysen\/wp-content\/uploads\/sites\/18\/2023\/01\/4_IIE-1.jpg\" alt=\"\" width=\"294\" height=\"366\" srcset=\"https:\/\/dev.explora.cl\/aysen\/wp-content\/uploads\/sites\/18\/2023\/01\/4_IIE-1.jpg 2160w, https:\/\/dev.explora.cl\/aysen\/wp-content\/uploads\/sites\/18\/2023\/01\/4_IIE-1-241x300.jpg 241w, https:\/\/dev.explora.cl\/aysen\/wp-content\/uploads\/sites\/18\/2023\/01\/4_IIE-1-768x956.jpg 768w, https:\/\/dev.explora.cl\/aysen\/wp-content\/uploads\/sites\/18\/2023\/01\/4_IIE-1-822x1024.jpg 822w\" sizes=\"auto, (max-width: 294px) 100vw, 294px\" \/>Sobre el desarrollo de esta iniciativa, Nicol\u00e1s L\u00f3pez, encargado de IIE en la Regi\u00f3n de Ays\u00e9n concluy\u00f3: \u201cEste a\u00f1o tuvimos una muy linda experiencia en IIE, hubo mucho inter\u00e9s por parte de los establecimientos educacionales, docentes y estudiantes de la regi\u00f3n de Ays\u00e9n en participar. En su mayor\u00eda, los proyectos que han desarrollado los equipos abordan temas ambientales, como contaminaci\u00f3n, remediaci\u00f3n, reutilizaci\u00f3n y reciclaje de materiales, inclusi\u00f3n, entre otras problem\u00e1ticas. De los 33 equipos que participaron de IIE, 15 finalizaron su proyecto y participaron del Congreso Regional Explora, por lo que estamos muy contentos y contentas con el resultado\u201d.<\/p>\n","protected":false},"excerpt":{"rendered":"<p>Descubrir los efectos anticancer\u00edgenos de hongos presentes en Ays\u00e9n, generar prototipos de bloques sustentables para la construcci\u00f3n modular y crear mascarillas biodegradables son algunos de los proyectos realizados por estudiantes de 7 comunas de la regi\u00f3n en el marco del Programa de Investigaci\u00f3n e Innovaci\u00f3n Escolar del Proyecto Explora Ays\u00e9n.<\/p>\n","protected":false},"author":37,"featured_media":38412,"comment_status":"open","ping_status":"open","sticky":false,"template":"","format":"standard","meta":{"_acf_changed":false,"_exactmetrics_skip_tracking":false,"_exactmetrics_sitenote_active":false,"_exactmetrics_sitenote_note":"","_exactmetrics_sitenote_category":0,"footnotes":"","_links_to":"","_links_to_target":""},"categories":[4],"tags":[],"class_list":["post-38411","post","type-post","status-publish","format-standard","has-post-thumbnail","hentry","category-noticias"],"acf":[],"yoast_head":"<!-- This site is optimized with the Yoast SEO plugin v26.7 - https:\/\/yoast.com\/wordpress\/plugins\/seo\/ -->\n<title>Estudiantes de Ays\u00e9n crean innovadores proyectos con foco en la regi\u00f3n - Aysen<\/title>\n<meta name=\"robots\" content=\"index, follow, max-snippet:-1, max-image-preview:large, max-video-preview:-1\" \/>\n<link rel=\"canonical\" href=\"https:\/\/dev.explora.cl\/aysen\/estudiantes-de-aysen-crean-innovadores-proyectos-con-foco-en-la-region\/\" class=\"yoast-seo-meta-tag\" \/>\n<meta property=\"og:locale\" content=\"es_ES\" class=\"yoast-seo-meta-tag\" \/>\n<meta property=\"og:type\" content=\"article\" class=\"yoast-seo-meta-tag\" \/>\n<meta property=\"og:title\" content=\"Estudiantes de Ays\u00e9n crean innovadores proyectos con foco en la regi\u00f3n - Aysen\" class=\"yoast-seo-meta-tag\" \/>\n<meta property=\"og:description\" content=\"Descubrir los efectos anticancer\u00edgenos de hongos presentes en Ays\u00e9n, generar prototipos de bloques sustentables para la construcci\u00f3n modular y crear mascarillas biodegradables son algunos de los proyectos realizados por estudiantes de 7 comunas de la regi\u00f3n en el marco del Programa de Investigaci\u00f3n e Innovaci\u00f3n Escolar del Proyecto Explora Ays\u00e9n.\" class=\"yoast-seo-meta-tag\" \/>\n<meta property=\"og:url\" content=\"https:\/\/dev.explora.cl\/aysen\/estudiantes-de-aysen-crean-innovadores-proyectos-con-foco-en-la-region\/\" class=\"yoast-seo-meta-tag\" \/>\n<meta property=\"og:site_name\" content=\"Aysen\" class=\"yoast-seo-meta-tag\" \/>\n<meta property=\"article:published_time\" content=\"2023-01-13T20:01:25+00:00\" class=\"yoast-seo-meta-tag\" \/>\n<meta property=\"article:modified_time\" content=\"2023-07-28T15:26:32+00:00\" class=\"yoast-seo-meta-tag\" \/>\n<meta property=\"og:image\" content=\"https:\/\/dev.explora.cl\/aysen\/wp-content\/uploads\/sites\/18\/2023\/01\/7_IIE-1.jpeg\" class=\"yoast-seo-meta-tag\" \/>\n\t<meta property=\"og:image:width\" content=\"1200\" class=\"yoast-seo-meta-tag\" \/>\n\t<meta property=\"og:image:height\" content=\"1600\" class=\"yoast-seo-meta-tag\" \/>\n\t<meta property=\"og:image:type\" content=\"image\/jpeg\" class=\"yoast-seo-meta-tag\" \/>\n<meta name=\"author\" content=\"scisternas\" class=\"yoast-seo-meta-tag\" \/>\n<meta name=\"twitter:card\" content=\"summary_large_image\" class=\"yoast-seo-meta-tag\" \/>\n<meta name=\"twitter:label1\" content=\"Escrito por\" class=\"yoast-seo-meta-tag\" \/>\n\t<meta name=\"twitter:data1\" content=\"scisternas\" class=\"yoast-seo-meta-tag\" \/>\n\t<meta name=\"twitter:label2\" content=\"Tiempo estimado de lectura\" class=\"yoast-seo-meta-tag\" \/>\n\t<meta name=\"twitter:data2\" content=\"3 minutos\" class=\"yoast-seo-meta-tag\" \/>\n<script type=\"application\/ld+json\" class=\"yoast-schema-graph\">{\"@context\":\"https:\/\/schema.org\",\"@graph\":[{\"@type\":\"Article\",\"@id\":\"https:\/\/dev.explora.cl\/aysen\/estudiantes-de-aysen-crean-innovadores-proyectos-con-foco-en-la-region\/#article\",\"isPartOf\":{\"@id\":\"https:\/\/dev.explora.cl\/aysen\/estudiantes-de-aysen-crean-innovadores-proyectos-con-foco-en-la-region\/\"},\"author\":{\"name\":\"scisternas\",\"@id\":\"https:\/\/dev.explora.cl\/aysen\/#\/schema\/person\/81c802b1e3b443e2575e555b39e60a05\"},\"headline\":\"Estudiantes de Ays\u00e9n crean innovadores proyectos con foco en la regi\u00f3n\",\"datePublished\":\"2023-01-13T20:01:25+00:00\",\"dateModified\":\"2023-07-28T15:26:32+00:00\",\"mainEntityOfPage\":{\"@id\":\"https:\/\/dev.explora.cl\/aysen\/estudiantes-de-aysen-crean-innovadores-proyectos-con-foco-en-la-region\/\"},\"wordCount\":514,\"commentCount\":0,\"image\":{\"@id\":\"https:\/\/dev.explora.cl\/aysen\/estudiantes-de-aysen-crean-innovadores-proyectos-con-foco-en-la-region\/#primaryimage\"},\"thumbnailUrl\":\"https:\/\/dev.explora.cl\/aysen\/wp-content\/uploads\/sites\/18\/2023\/01\/7_IIE-1.jpeg\",\"articleSection\":[\"Noticias\"],\"inLanguage\":\"es-CL\",\"potentialAction\":[{\"@type\":\"CommentAction\",\"name\":\"Comment\",\"target\":[\"https:\/\/dev.explora.cl\/aysen\/estudiantes-de-aysen-crean-innovadores-proyectos-con-foco-en-la-region\/#respond\"]}]},{\"@type\":\"WebPage\",\"@id\":\"https:\/\/dev.explora.cl\/aysen\/estudiantes-de-aysen-crean-innovadores-proyectos-con-foco-en-la-region\/\",\"url\":\"https:\/\/dev.explora.cl\/aysen\/estudiantes-de-aysen-crean-innovadores-proyectos-con-foco-en-la-region\/\",\"name\":\"Estudiantes de Ays\u00e9n crean innovadores proyectos con foco en la regi\u00f3n - Aysen\",\"isPartOf\":{\"@id\":\"https:\/\/dev.explora.cl\/aysen\/#website\"},\"primaryImageOfPage\":{\"@id\":\"https:\/\/dev.explora.cl\/aysen\/estudiantes-de-aysen-crean-innovadores-proyectos-con-foco-en-la-region\/#primaryimage\"},\"image\":{\"@id\":\"https:\/\/dev.explora.cl\/aysen\/estudiantes-de-aysen-crean-innovadores-proyectos-con-foco-en-la-region\/#primaryimage\"},\"thumbnailUrl\":\"https:\/\/dev.explora.cl\/aysen\/wp-content\/uploads\/sites\/18\/2023\/01\/7_IIE-1.jpeg\",\"datePublished\":\"2023-01-13T20:01:25+00:00\",\"dateModified\":\"2023-07-28T15:26:32+00:00\",\"author\":{\"@id\":\"https:\/\/dev.explora.cl\/aysen\/#\/schema\/person\/81c802b1e3b443e2575e555b39e60a05\"},\"breadcrumb\":{\"@id\":\"https:\/\/dev.explora.cl\/aysen\/estudiantes-de-aysen-crean-innovadores-proyectos-con-foco-en-la-region\/#breadcrumb\"},\"inLanguage\":\"es-CL\",\"potentialAction\":[{\"@type\":\"ReadAction\",\"target\":[\"https:\/\/dev.explora.cl\/aysen\/estudiantes-de-aysen-crean-innovadores-proyectos-con-foco-en-la-region\/\"]}]},{\"@type\":\"ImageObject\",\"inLanguage\":\"es-CL\",\"@id\":\"https:\/\/dev.explora.cl\/aysen\/estudiantes-de-aysen-crean-innovadores-proyectos-con-foco-en-la-region\/#primaryimage\",\"url\":\"https:\/\/dev.explora.cl\/aysen\/wp-content\/uploads\/sites\/18\/2023\/01\/7_IIE-1.jpeg\",\"contentUrl\":\"https:\/\/dev.explora.cl\/aysen\/wp-content\/uploads\/sites\/18\/2023\/01\/7_IIE-1.jpeg\",\"width\":1200,\"height\":1600},{\"@type\":\"BreadcrumbList\",\"@id\":\"https:\/\/dev.explora.cl\/aysen\/estudiantes-de-aysen-crean-innovadores-proyectos-con-foco-en-la-region\/#breadcrumb\",\"itemListElement\":[{\"@type\":\"ListItem\",\"position\":1,\"name\":\"Portada\",\"item\":\"https:\/\/dev.explora.cl\/aysen\/\"},{\"@type\":\"ListItem\",\"position\":2,\"name\":\"Estudiantes de Ays\u00e9n crean innovadores proyectos con foco en la regi\u00f3n\"}]},{\"@type\":\"WebSite\",\"@id\":\"https:\/\/dev.explora.cl\/aysen\/#website\",\"url\":\"https:\/\/dev.explora.cl\/aysen\/\",\"name\":\"Aysen\",\"description\":\"Otro sitio m\u00e1s de dev.explora.cl\",\"potentialAction\":[{\"@type\":\"SearchAction\",\"target\":{\"@type\":\"EntryPoint\",\"urlTemplate\":\"https:\/\/dev.explora.cl\/aysen\/?s={search_term_string}\"},\"query-input\":{\"@type\":\"PropertyValueSpecification\",\"valueRequired\":true,\"valueName\":\"search_term_string\"}}],\"inLanguage\":\"es-CL\"},{\"@type\":\"Person\",\"@id\":\"https:\/\/dev.explora.cl\/aysen\/#\/schema\/person\/81c802b1e3b443e2575e555b39e60a05\",\"name\":\"scisternas\",\"image\":{\"@type\":\"ImageObject\",\"inLanguage\":\"es-CL\",\"@id\":\"https:\/\/dev.explora.cl\/aysen\/#\/schema\/person\/image\/\",\"url\":\"https:\/\/secure.gravatar.com\/avatar\/611c8f1946b775bdf01b0521c85a9381c3ad08d928d8ead34ce577b0fa231c76?s=96&d=mm&r=g\",\"contentUrl\":\"https:\/\/secure.gravatar.com\/avatar\/611c8f1946b775bdf01b0521c85a9381c3ad08d928d8ead34ce577b0fa231c76?s=96&d=mm&r=g\",\"caption\":\"scisternas\"},\"url\":\"https:\/\/dev.explora.cl\/aysen\/author\/scisternas\/\"}]}<\/script>\n<!-- \/ Yoast SEO plugin. -->","yoast_head_json":{"title":"Estudiantes de Ays\u00e9n crean innovadores proyectos con foco en la regi\u00f3n - Aysen","robots":{"index":"index","follow":"follow","max-snippet":"max-snippet:-1","max-image-preview":"max-image-preview:large","max-video-preview":"max-video-preview:-1"},"canonical":"https:\/\/dev.explora.cl\/aysen\/estudiantes-de-aysen-crean-innovadores-proyectos-con-foco-en-la-region\/","og_locale":"es_ES","og_type":"article","og_title":"Estudiantes de Ays\u00e9n crean innovadores proyectos con foco en la regi\u00f3n - Aysen","og_description":"Descubrir los efectos anticancer\u00edgenos de hongos presentes en Ays\u00e9n, generar prototipos de bloques sustentables para la construcci\u00f3n modular y crear mascarillas biodegradables son algunos de los proyectos realizados por estudiantes de 7 comunas de la regi\u00f3n en el marco del Programa de Investigaci\u00f3n e Innovaci\u00f3n Escolar del Proyecto Explora Ays\u00e9n.","og_url":"https:\/\/dev.explora.cl\/aysen\/estudiantes-de-aysen-crean-innovadores-proyectos-con-foco-en-la-region\/","og_site_name":"Aysen","article_published_time":"2023-01-13T20:01:25+00:00","article_modified_time":"2023-07-28T15:26:32+00:00","og_image":[{"width":1200,"height":1600,"url":"https:\/\/dev.explora.cl\/aysen\/wp-content\/uploads\/sites\/18\/2023\/01\/7_IIE-1.jpeg","type":"image\/jpeg"}],"author":"scisternas","twitter_card":"summary_large_image","twitter_misc":{"Escrito por":"scisternas","Tiempo estimado de lectura":"3 minutos"},"schema":{"@context":"https:\/\/schema.org","@graph":[{"@type":"Article","@id":"https:\/\/dev.explora.cl\/aysen\/estudiantes-de-aysen-crean-innovadores-proyectos-con-foco-en-la-region\/#article","isPartOf":{"@id":"https:\/\/dev.explora.cl\/aysen\/estudiantes-de-aysen-crean-innovadores-proyectos-con-foco-en-la-region\/"},"author":{"name":"scisternas","@id":"https:\/\/dev.explora.cl\/aysen\/#\/schema\/person\/81c802b1e3b443e2575e555b39e60a05"},"headline":"Estudiantes de Ays\u00e9n crean innovadores proyectos con foco en la regi\u00f3n","datePublished":"2023-01-13T20:01:25+00:00","dateModified":"2023-07-28T15:26:32+00:00","mainEntityOfPage":{"@id":"https:\/\/dev.explora.cl\/aysen\/estudiantes-de-aysen-crean-innovadores-proyectos-con-foco-en-la-region\/"},"wordCount":514,"commentCount":0,"image":{"@id":"https:\/\/dev.explora.cl\/aysen\/estudiantes-de-aysen-crean-innovadores-proyectos-con-foco-en-la-region\/#primaryimage"},"thumbnailUrl":"https:\/\/dev.explora.cl\/aysen\/wp-content\/uploads\/sites\/18\/2023\/01\/7_IIE-1.jpeg","articleSection":["Noticias"],"inLanguage":"es-CL","potentialAction":[{"@type":"CommentAction","name":"Comment","target":["https:\/\/dev.explora.cl\/aysen\/estudiantes-de-aysen-crean-innovadores-proyectos-con-foco-en-la-region\/#respond"]}]},{"@type":"WebPage","@id":"https:\/\/dev.explora.cl\/aysen\/estudiantes-de-aysen-crean-innovadores-proyectos-con-foco-en-la-region\/","url":"https:\/\/dev.explora.cl\/aysen\/estudiantes-de-aysen-crean-innovadores-proyectos-con-foco-en-la-region\/","name":"Estudiantes de Ays\u00e9n crean innovadores proyectos con foco en la regi\u00f3n - Aysen","isPartOf":{"@id":"https:\/\/dev.explora.cl\/aysen\/#website"},"primaryImageOfPage":{"@id":"https:\/\/dev.explora.cl\/aysen\/estudiantes-de-aysen-crean-innovadores-proyectos-con-foco-en-la-region\/#primaryimage"},"image":{"@id":"https:\/\/dev.explora.cl\/aysen\/estudiantes-de-aysen-crean-innovadores-proyectos-con-foco-en-la-region\/#primaryimage"},"thumbnailUrl":"https:\/\/dev.explora.cl\/aysen\/wp-content\/uploads\/sites\/18\/2023\/01\/7_IIE-1.jpeg","datePublished":"2023-01-13T20:01:25+00:00","dateModified":"2023-07-28T15:26:32+00:00","author":{"@id":"https:\/\/dev.explora.cl\/aysen\/#\/schema\/person\/81c802b1e3b443e2575e555b39e60a05"},"breadcrumb":{"@id":"https:\/\/dev.explora.cl\/aysen\/estudiantes-de-aysen-crean-innovadores-proyectos-con-foco-en-la-region\/#breadcrumb"},"inLanguage":"es-CL","potentialAction":[{"@type":"ReadAction","target":["https:\/\/dev.explora.cl\/aysen\/estudiantes-de-aysen-crean-innovadores-proyectos-con-foco-en-la-region\/"]}]},{"@type":"ImageObject","inLanguage":"es-CL","@id":"https:\/\/dev.explora.cl\/aysen\/estudiantes-de-aysen-crean-innovadores-proyectos-con-foco-en-la-region\/#primaryimage","url":"https:\/\/dev.explora.cl\/aysen\/wp-content\/uploads\/sites\/18\/2023\/01\/7_IIE-1.jpeg","contentUrl":"https:\/\/dev.explora.cl\/aysen\/wp-content\/uploads\/sites\/18\/2023\/01\/7_IIE-1.jpeg","width":1200,"height":1600},{"@type":"BreadcrumbList","@id":"https:\/\/dev.explora.cl\/aysen\/estudiantes-de-aysen-crean-innovadores-proyectos-con-foco-en-la-region\/#breadcrumb","itemListElement":[{"@type":"ListItem","position":1,"name":"Portada","item":"https:\/\/dev.explora.cl\/aysen\/"},{"@type":"ListItem","position":2,"name":"Estudiantes de Ays\u00e9n crean innovadores proyectos con foco en la regi\u00f3n"}]},{"@type":"WebSite","@id":"https:\/\/dev.explora.cl\/aysen\/#website","url":"https:\/\/dev.explora.cl\/aysen\/","name":"Aysen","description":"Otro sitio m\u00e1s de dev.explora.cl","potentialAction":[{"@type":"SearchAction","target":{"@type":"EntryPoint","urlTemplate":"https:\/\/dev.explora.cl\/aysen\/?s={search_term_string}"},"query-input":{"@type":"PropertyValueSpecification","valueRequired":true,"valueName":"search_term_string"}}],"inLanguage":"es-CL"},{"@type":"Person","@id":"https:\/\/dev.explora.cl\/aysen\/#\/schema\/person\/81c802b1e3b443e2575e555b39e60a05","name":"scisternas","image":{"@type":"ImageObject","inLanguage":"es-CL","@id":"https:\/\/dev.explora.cl\/aysen\/#\/schema\/person\/image\/","url":"https:\/\/secure.gravatar.com\/avatar\/611c8f1946b775bdf01b0521c85a9381c3ad08d928d8ead34ce577b0fa231c76?s=96&d=mm&r=g","contentUrl":"https:\/\/secure.gravatar.com\/avatar\/611c8f1946b775bdf01b0521c85a9381c3ad08d928d8ead34ce577b0fa231c76?s=96&d=mm&r=g","caption":"scisternas"},"url":"https:\/\/dev.explora.cl\/aysen\/author\/scisternas\/"}]}},"_links":{"self":[{"href":"https:\/\/dev.explora.cl\/aysen\/wp-json\/wp\/v2\/posts\/38411","targetHints":{"allow":["GET"]}}],"collection":[{"href":"https:\/\/dev.explora.cl\/aysen\/wp-json\/wp\/v2\/posts"}],"about":[{"href":"https:\/\/dev.explora.cl\/aysen\/wp-json\/wp\/v2\/types\/post"}],"author":[{"embeddable":true,"href":"https:\/\/dev.explora.cl\/aysen\/wp-json\/wp\/v2\/users\/37"}],"replies":[{"embeddable":true,"href":"https:\/\/dev.explora.cl\/aysen\/wp-json\/wp\/v2\/comments?post=38411"}],"version-history":[{"count":1,"href":"https:\/\/dev.explora.cl\/aysen\/wp-json\/wp\/v2\/posts\/38411\/revisions"}],"predecessor-version":[{"id":38415,"href":"https:\/\/dev.explora.cl\/aysen\/wp-json\/wp\/v2\/posts\/38411\/revisions\/38415"}],"wp:featuredmedia":[{"embeddable":true,"href":"https:\/\/dev.explora.cl\/aysen\/wp-json\/wp\/v2\/media\/38412"}],"wp:attachment":[{"href":"https:\/\/dev.explora.cl\/aysen\/wp-json\/wp\/v2\/media?parent=38411"}],"wp:term":[{"taxonomy":"category","embeddable":true,"href":"https:\/\/dev.explora.cl\/aysen\/wp-json\/wp\/v2\/categories?post=38411"},{"taxonomy":"post_tag","embeddable":true,"href":"https:\/\/dev.explora.cl\/aysen\/wp-json\/wp\/v2\/tags?post=38411"}],"curies":[{"name":"wp","href":"https:\/\/api.w.org\/{rel}","templated":true}]}}