{"id":38375,"date":"2022-12-22T18:27:27","date_gmt":"2022-12-22T21:27:27","guid":{"rendered":"https:\/\/dev.explora.cl\/aysen\/?p=38375"},"modified":"2023-07-28T11:26:50","modified_gmt":"2023-07-28T15:26:50","slug":"ninos-y-ninas-de-la-primera-infancia-exploraron-la-ciencia-en-ocho-comunas-de-la-region-de-aysen","status":"publish","type":"post","link":"https:\/\/dev.explora.cl\/aysen\/ninos-y-ninas-de-la-primera-infancia-exploraron-la-ciencia-en-ocho-comunas-de-la-region-de-aysen\/","title":{"rendered":"Ni\u00f1os y ni\u00f1as de la primera infancia exploraron la ciencia en ocho comunas de la regi\u00f3n de Ays\u00e9n"},"content":{"rendered":"<p><em>En el marco de la finalizaci\u00f3n del Programa de Indagaci\u00f3n para Primeras Edades (PIPE) 2022 del Proyecto Explora Ays\u00e9n, se destac\u00f3 el trabajo realizado por educadoras y t\u00e9cnicas en Educaci\u00f3n Parvularia de ocho comunas de la regi\u00f3n, quienes desarrollaron experiencias educativas cient\u00edficas y de indagaci\u00f3n con p\u00e1rvulos para promover las habilidades cient\u00edficas desde la primera infancia.<\/em><!--more--><\/p>\n<p>El mi\u00e9rcoles 14 de diciembre se realiz\u00f3 la jornada de cierre del Programa de Indagaci\u00f3n para Primeras Edades (PIPE) 2022, instancia en la cual se destac\u00f3 el trabajo de las educadoras y t\u00e9cnicas en Educaci\u00f3n Parvularia participantes del Programa, qui\u00e9nes durante el segundo semestre implementaron experiencias de indagaci\u00f3n cient\u00edfica con m\u00e1s de 200 p\u00e1rvulos de ocho comunas de la regi\u00f3n de Ays\u00e9n, promoviendo as\u00ed el conocimiento cient\u00edfico desde las primeras edades.<\/p>\n<p>PIPE es una iniciativa impulsada por el Proyecto Explora Ays\u00e9n del Ministerio de Ciencia ejecutada por el Campus Patagonia de la Universidad Austral de Chile, con el objetivo entregar herramientas a equipos educativos y t\u00e9cnicas de Educaci\u00f3n Parvularia para fortalecer las competencias cient\u00edficas y desarrollar en ni\u00f1os y ni\u00f1as las habilidades necesarias para comprender el mundo que les rodea.<\/p>\n<p><strong>Competencias cient\u00edficas desde la primera infancia<\/strong><\/p>\n<p>A partir de una ruta de experiencias con diferentes etapas y espacios de capacitaci\u00f3n, las participantes de PIPE pudieron compartir experiencias y desarrollar actividades a trav\u00e9s de talleres presenciales guiados por profesionales de diversas \u00e1reas de la ciencia, educaci\u00f3n y medioambiente desde una perspectiva de g\u00e9nero.<\/p>\n<p>\u201cNos entregaron grandes herramientas para desarrollar y estimular el pensamiento cient\u00edfico en las actividades que realizamos. Logramos realizar todo el cuadernillo de actividades, lo cual culmin\u00f3 en una huerta que tenemos hasta hoy. Para las ni\u00f1as y los ni\u00f1os fue muy gratificante poder comprobar lo aprendido a trav\u00e9s de evidencias tangibles y concretas. As\u00ed que agradecemos mucho haber sido parte del\u00a0 Proyecto\u201d, mencion\u00f3 Fernanda Parra, educadora del Jard\u00edn Infantil JUNJI Mart\u00edn Pescador.<\/p>\n<p>Para apoyar la implementaci\u00f3n de las experiencias, el equipo de Explora Ays\u00e9n entreg\u00f3 un kit de materiales y realiz\u00f3 un seguimiento a trav\u00e9s de visitas a los establecimientos educacionales de las participantes para vivenciar las actividades con las ni\u00f1as y ni\u00f1os desde los territorios.<\/p>\n<p><img loading=\"lazy\" decoding=\"async\" class=\"wp-image-38378 alignleft\" src=\"https:\/\/dev.explora.cl\/aysen\/wp-content\/uploads\/sites\/18\/2022\/12\/J.I-Caminito-Austral-Pto-Ri\u0301o-Tranquilo-INTEGRA_2.jpeg\" alt=\"\" width=\"462\" height=\"347\" srcset=\"https:\/\/dev.explora.cl\/aysen\/wp-content\/uploads\/sites\/18\/2022\/12\/J.I-Caminito-Austral-Pto-Ri\u0301o-Tranquilo-INTEGRA_2.jpeg 1600w, https:\/\/dev.explora.cl\/aysen\/wp-content\/uploads\/sites\/18\/2022\/12\/J.I-Caminito-Austral-Pto-Ri\u0301o-Tranquilo-INTEGRA_2-300x225.jpeg 300w, https:\/\/dev.explora.cl\/aysen\/wp-content\/uploads\/sites\/18\/2022\/12\/J.I-Caminito-Austral-Pto-Ri\u0301o-Tranquilo-INTEGRA_2-768x576.jpeg 768w, https:\/\/dev.explora.cl\/aysen\/wp-content\/uploads\/sites\/18\/2022\/12\/J.I-Caminito-Austral-Pto-Ri\u0301o-Tranquilo-INTEGRA_2-1024x768.jpeg 1024w\" sizes=\"auto, (max-width: 462px) 100vw, 462px\" \/>\u201cPara nosotros ha sido una tremenda oportunidad porque nuestros equipos se han capacitado, han experimentado nuevas t\u00e9cnicas y nuevas estrategias metodol\u00f3gicas con los ni\u00f1os y ni\u00f1as. Esto ha tenido un impacto muy positivo, no s\u00f3lo en la formaci\u00f3n de los equipos sino tambi\u00e9n en los jardines infantiles de nuestra Regi\u00f3n\u201d, se\u00f1al\u00f3 Lorena Navarro, coordinadora t\u00e9cnica de Fundaci\u00f3n Integra.<\/p>\n<p>Melissa Zavala, encargada de PIPE en la regi\u00f3n de Ays\u00e9n, concluy\u00f3: \u201cDesde Explora Ays\u00e9n estamos muy felices con esta experiencia. Volver a actividades presenciales nos permiti\u00f3 ver las realidades de<\/p>\n<p>los territorios y tambi\u00e9n las diferentes modalidades ya que participaron jardines JUNJI en modalidad alternativa y tradicional, VTF, Integra y colegios, que permitir\u00e1 continuar armando una red de cooperaci\u00f3n e intercambio de experiencias en ciencia para primeras edades\u201d.<\/p>\n","protected":false},"excerpt":{"rendered":"<p>En el marco de la finalizaci\u00f3n del Programa de Indagaci\u00f3n para Primeras Edades (PIPE) 2022 del Proyecto Explora Ays\u00e9n, se destac\u00f3 el trabajo realizado por educadoras y t\u00e9cnicas en Educaci\u00f3n Parvularia de ocho comunas de la regi\u00f3n, quienes desarrollaron experiencias educativas cient\u00edficas y de indagaci\u00f3n con p\u00e1rvulos para promover las habilidades cient\u00edficas desde la primera [&hellip;]<\/p>\n","protected":false},"author":37,"featured_media":38384,"comment_status":"open","ping_status":"open","sticky":false,"template":"","format":"standard","meta":{"_acf_changed":false,"_exactmetrics_skip_tracking":false,"_exactmetrics_sitenote_active":false,"_exactmetrics_sitenote_note":"","_exactmetrics_sitenote_category":0,"footnotes":"","_links_to":"","_links_to_target":""},"categories":[4],"tags":[],"class_list":["post-38375","post","type-post","status-publish","format-standard","has-post-thumbnail","hentry","category-noticias"],"acf":[],"yoast_head":"<!-- This site is optimized with the Yoast SEO plugin v26.7 - https:\/\/yoast.com\/wordpress\/plugins\/seo\/ -->\n<title>Ni\u00f1os y ni\u00f1as de la primera infancia exploraron la ciencia en ocho comunas de la regi\u00f3n de Ays\u00e9n - Aysen<\/title>\n<meta name=\"robots\" content=\"index, follow, max-snippet:-1, max-image-preview:large, max-video-preview:-1\" \/>\n<link rel=\"canonical\" href=\"https:\/\/dev.explora.cl\/aysen\/ninos-y-ninas-de-la-primera-infancia-exploraron-la-ciencia-en-ocho-comunas-de-la-region-de-aysen\/\" class=\"yoast-seo-meta-tag\" \/>\n<meta property=\"og:locale\" content=\"es_ES\" class=\"yoast-seo-meta-tag\" \/>\n<meta property=\"og:type\" content=\"article\" class=\"yoast-seo-meta-tag\" \/>\n<meta property=\"og:title\" content=\"Ni\u00f1os y ni\u00f1as de la primera infancia exploraron la ciencia en ocho comunas de la regi\u00f3n de Ays\u00e9n - Aysen\" class=\"yoast-seo-meta-tag\" \/>\n<meta property=\"og:description\" content=\"En el marco de la finalizaci\u00f3n del Programa de Indagaci\u00f3n para Primeras Edades (PIPE) 2022 del Proyecto Explora Ays\u00e9n, se destac\u00f3 el trabajo realizado por educadoras y t\u00e9cnicas en Educaci\u00f3n Parvularia de ocho comunas de la regi\u00f3n, quienes desarrollaron experiencias educativas cient\u00edficas y de indagaci\u00f3n con p\u00e1rvulos para promover las habilidades cient\u00edficas desde la primera [&hellip;]\" class=\"yoast-seo-meta-tag\" \/>\n<meta property=\"og:url\" content=\"https:\/\/dev.explora.cl\/aysen\/ninos-y-ninas-de-la-primera-infancia-exploraron-la-ciencia-en-ocho-comunas-de-la-region-de-aysen\/\" class=\"yoast-seo-meta-tag\" \/>\n<meta property=\"og:site_name\" content=\"Aysen\" class=\"yoast-seo-meta-tag\" \/>\n<meta property=\"article:published_time\" content=\"2022-12-22T21:27:27+00:00\" class=\"yoast-seo-meta-tag\" \/>\n<meta property=\"article:modified_time\" content=\"2023-07-28T15:26:50+00:00\" class=\"yoast-seo-meta-tag\" \/>\n<meta property=\"og:image\" content=\"https:\/\/dev.explora.cl\/aysen\/wp-content\/uploads\/sites\/18\/2022\/12\/Jari\u0301n-Infantil-Los-PionerosCochrane-2.jpeg\" class=\"yoast-seo-meta-tag\" \/>\n\t<meta property=\"og:image:width\" content=\"960\" class=\"yoast-seo-meta-tag\" \/>\n\t<meta property=\"og:image:height\" content=\"664\" class=\"yoast-seo-meta-tag\" \/>\n\t<meta property=\"og:image:type\" content=\"image\/jpeg\" class=\"yoast-seo-meta-tag\" \/>\n<meta name=\"author\" content=\"scisternas\" class=\"yoast-seo-meta-tag\" \/>\n<meta name=\"twitter:card\" content=\"summary_large_image\" class=\"yoast-seo-meta-tag\" \/>\n<meta name=\"twitter:label1\" content=\"Escrito por\" class=\"yoast-seo-meta-tag\" \/>\n\t<meta name=\"twitter:data1\" content=\"scisternas\" class=\"yoast-seo-meta-tag\" \/>\n\t<meta name=\"twitter:label2\" content=\"Tiempo estimado de lectura\" class=\"yoast-seo-meta-tag\" \/>\n\t<meta name=\"twitter:data2\" content=\"3 minutos\" class=\"yoast-seo-meta-tag\" \/>\n<script type=\"application\/ld+json\" class=\"yoast-schema-graph\">{\"@context\":\"https:\/\/schema.org\",\"@graph\":[{\"@type\":\"Article\",\"@id\":\"https:\/\/dev.explora.cl\/aysen\/ninos-y-ninas-de-la-primera-infancia-exploraron-la-ciencia-en-ocho-comunas-de-la-region-de-aysen\/#article\",\"isPartOf\":{\"@id\":\"https:\/\/dev.explora.cl\/aysen\/ninos-y-ninas-de-la-primera-infancia-exploraron-la-ciencia-en-ocho-comunas-de-la-region-de-aysen\/\"},\"author\":{\"name\":\"scisternas\",\"@id\":\"https:\/\/dev.explora.cl\/aysen\/#\/schema\/person\/81c802b1e3b443e2575e555b39e60a05\"},\"headline\":\"Ni\u00f1os y ni\u00f1as de la primera infancia exploraron la ciencia en ocho comunas de la regi\u00f3n de Ays\u00e9n\",\"datePublished\":\"2022-12-22T21:27:27+00:00\",\"dateModified\":\"2023-07-28T15:26:50+00:00\",\"mainEntityOfPage\":{\"@id\":\"https:\/\/dev.explora.cl\/aysen\/ninos-y-ninas-de-la-primera-infancia-exploraron-la-ciencia-en-ocho-comunas-de-la-region-de-aysen\/\"},\"wordCount\":558,\"commentCount\":0,\"image\":{\"@id\":\"https:\/\/dev.explora.cl\/aysen\/ninos-y-ninas-de-la-primera-infancia-exploraron-la-ciencia-en-ocho-comunas-de-la-region-de-aysen\/#primaryimage\"},\"thumbnailUrl\":\"https:\/\/dev.explora.cl\/aysen\/wp-content\/uploads\/sites\/18\/2022\/12\/Jari\u0301n-Infantil-Los-PionerosCochrane-2.jpeg\",\"articleSection\":[\"Noticias\"],\"inLanguage\":\"es-CL\",\"potentialAction\":[{\"@type\":\"CommentAction\",\"name\":\"Comment\",\"target\":[\"https:\/\/dev.explora.cl\/aysen\/ninos-y-ninas-de-la-primera-infancia-exploraron-la-ciencia-en-ocho-comunas-de-la-region-de-aysen\/#respond\"]}]},{\"@type\":\"WebPage\",\"@id\":\"https:\/\/dev.explora.cl\/aysen\/ninos-y-ninas-de-la-primera-infancia-exploraron-la-ciencia-en-ocho-comunas-de-la-region-de-aysen\/\",\"url\":\"https:\/\/dev.explora.cl\/aysen\/ninos-y-ninas-de-la-primera-infancia-exploraron-la-ciencia-en-ocho-comunas-de-la-region-de-aysen\/\",\"name\":\"Ni\u00f1os y ni\u00f1as de la primera infancia exploraron la ciencia en ocho comunas de la regi\u00f3n de Ays\u00e9n - Aysen\",\"isPartOf\":{\"@id\":\"https:\/\/dev.explora.cl\/aysen\/#website\"},\"primaryImageOfPage\":{\"@id\":\"https:\/\/dev.explora.cl\/aysen\/ninos-y-ninas-de-la-primera-infancia-exploraron-la-ciencia-en-ocho-comunas-de-la-region-de-aysen\/#primaryimage\"},\"image\":{\"@id\":\"https:\/\/dev.explora.cl\/aysen\/ninos-y-ninas-de-la-primera-infancia-exploraron-la-ciencia-en-ocho-comunas-de-la-region-de-aysen\/#primaryimage\"},\"thumbnailUrl\":\"https:\/\/dev.explora.cl\/aysen\/wp-content\/uploads\/sites\/18\/2022\/12\/Jari\u0301n-Infantil-Los-PionerosCochrane-2.jpeg\",\"datePublished\":\"2022-12-22T21:27:27+00:00\",\"dateModified\":\"2023-07-28T15:26:50+00:00\",\"author\":{\"@id\":\"https:\/\/dev.explora.cl\/aysen\/#\/schema\/person\/81c802b1e3b443e2575e555b39e60a05\"},\"breadcrumb\":{\"@id\":\"https:\/\/dev.explora.cl\/aysen\/ninos-y-ninas-de-la-primera-infancia-exploraron-la-ciencia-en-ocho-comunas-de-la-region-de-aysen\/#breadcrumb\"},\"inLanguage\":\"es-CL\",\"potentialAction\":[{\"@type\":\"ReadAction\",\"target\":[\"https:\/\/dev.explora.cl\/aysen\/ninos-y-ninas-de-la-primera-infancia-exploraron-la-ciencia-en-ocho-comunas-de-la-region-de-aysen\/\"]}]},{\"@type\":\"ImageObject\",\"inLanguage\":\"es-CL\",\"@id\":\"https:\/\/dev.explora.cl\/aysen\/ninos-y-ninas-de-la-primera-infancia-exploraron-la-ciencia-en-ocho-comunas-de-la-region-de-aysen\/#primaryimage\",\"url\":\"https:\/\/dev.explora.cl\/aysen\/wp-content\/uploads\/sites\/18\/2022\/12\/Jari\u0301n-Infantil-Los-PionerosCochrane-2.jpeg\",\"contentUrl\":\"https:\/\/dev.explora.cl\/aysen\/wp-content\/uploads\/sites\/18\/2022\/12\/Jari\u0301n-Infantil-Los-PionerosCochrane-2.jpeg\",\"width\":960,\"height\":664},{\"@type\":\"BreadcrumbList\",\"@id\":\"https:\/\/dev.explora.cl\/aysen\/ninos-y-ninas-de-la-primera-infancia-exploraron-la-ciencia-en-ocho-comunas-de-la-region-de-aysen\/#breadcrumb\",\"itemListElement\":[{\"@type\":\"ListItem\",\"position\":1,\"name\":\"Portada\",\"item\":\"https:\/\/dev.explora.cl\/aysen\/\"},{\"@type\":\"ListItem\",\"position\":2,\"name\":\"Ni\u00f1os y ni\u00f1as de la primera infancia exploraron la ciencia en ocho comunas de la regi\u00f3n de Ays\u00e9n\"}]},{\"@type\":\"WebSite\",\"@id\":\"https:\/\/dev.explora.cl\/aysen\/#website\",\"url\":\"https:\/\/dev.explora.cl\/aysen\/\",\"name\":\"Aysen\",\"description\":\"Otro sitio m\u00e1s de dev.explora.cl\",\"potentialAction\":[{\"@type\":\"SearchAction\",\"target\":{\"@type\":\"EntryPoint\",\"urlTemplate\":\"https:\/\/dev.explora.cl\/aysen\/?s={search_term_string}\"},\"query-input\":{\"@type\":\"PropertyValueSpecification\",\"valueRequired\":true,\"valueName\":\"search_term_string\"}}],\"inLanguage\":\"es-CL\"},{\"@type\":\"Person\",\"@id\":\"https:\/\/dev.explora.cl\/aysen\/#\/schema\/person\/81c802b1e3b443e2575e555b39e60a05\",\"name\":\"scisternas\",\"image\":{\"@type\":\"ImageObject\",\"inLanguage\":\"es-CL\",\"@id\":\"https:\/\/dev.explora.cl\/aysen\/#\/schema\/person\/image\/\",\"url\":\"https:\/\/secure.gravatar.com\/avatar\/611c8f1946b775bdf01b0521c85a9381c3ad08d928d8ead34ce577b0fa231c76?s=96&d=mm&r=g\",\"contentUrl\":\"https:\/\/secure.gravatar.com\/avatar\/611c8f1946b775bdf01b0521c85a9381c3ad08d928d8ead34ce577b0fa231c76?s=96&d=mm&r=g\",\"caption\":\"scisternas\"},\"url\":\"https:\/\/dev.explora.cl\/aysen\/author\/scisternas\/\"}]}<\/script>\n<!-- \/ Yoast SEO plugin. -->","yoast_head_json":{"title":"Ni\u00f1os y ni\u00f1as de la primera infancia exploraron la ciencia en ocho comunas de la regi\u00f3n de Ays\u00e9n - Aysen","robots":{"index":"index","follow":"follow","max-snippet":"max-snippet:-1","max-image-preview":"max-image-preview:large","max-video-preview":"max-video-preview:-1"},"canonical":"https:\/\/dev.explora.cl\/aysen\/ninos-y-ninas-de-la-primera-infancia-exploraron-la-ciencia-en-ocho-comunas-de-la-region-de-aysen\/","og_locale":"es_ES","og_type":"article","og_title":"Ni\u00f1os y ni\u00f1as de la primera infancia exploraron la ciencia en ocho comunas de la regi\u00f3n de Ays\u00e9n - Aysen","og_description":"En el marco de la finalizaci\u00f3n del Programa de Indagaci\u00f3n para Primeras Edades (PIPE) 2022 del Proyecto Explora Ays\u00e9n, se destac\u00f3 el trabajo realizado por educadoras y t\u00e9cnicas en Educaci\u00f3n Parvularia de ocho comunas de la regi\u00f3n, quienes desarrollaron experiencias educativas cient\u00edficas y de indagaci\u00f3n con p\u00e1rvulos para promover las habilidades cient\u00edficas desde la primera [&hellip;]","og_url":"https:\/\/dev.explora.cl\/aysen\/ninos-y-ninas-de-la-primera-infancia-exploraron-la-ciencia-en-ocho-comunas-de-la-region-de-aysen\/","og_site_name":"Aysen","article_published_time":"2022-12-22T21:27:27+00:00","article_modified_time":"2023-07-28T15:26:50+00:00","og_image":[{"width":960,"height":664,"url":"https:\/\/dev.explora.cl\/aysen\/wp-content\/uploads\/sites\/18\/2022\/12\/Jari\u0301n-Infantil-Los-PionerosCochrane-2.jpeg","type":"image\/jpeg"}],"author":"scisternas","twitter_card":"summary_large_image","twitter_misc":{"Escrito por":"scisternas","Tiempo estimado de lectura":"3 minutos"},"schema":{"@context":"https:\/\/schema.org","@graph":[{"@type":"Article","@id":"https:\/\/dev.explora.cl\/aysen\/ninos-y-ninas-de-la-primera-infancia-exploraron-la-ciencia-en-ocho-comunas-de-la-region-de-aysen\/#article","isPartOf":{"@id":"https:\/\/dev.explora.cl\/aysen\/ninos-y-ninas-de-la-primera-infancia-exploraron-la-ciencia-en-ocho-comunas-de-la-region-de-aysen\/"},"author":{"name":"scisternas","@id":"https:\/\/dev.explora.cl\/aysen\/#\/schema\/person\/81c802b1e3b443e2575e555b39e60a05"},"headline":"Ni\u00f1os y ni\u00f1as de la primera infancia exploraron la ciencia en ocho comunas de la regi\u00f3n de Ays\u00e9n","datePublished":"2022-12-22T21:27:27+00:00","dateModified":"2023-07-28T15:26:50+00:00","mainEntityOfPage":{"@id":"https:\/\/dev.explora.cl\/aysen\/ninos-y-ninas-de-la-primera-infancia-exploraron-la-ciencia-en-ocho-comunas-de-la-region-de-aysen\/"},"wordCount":558,"commentCount":0,"image":{"@id":"https:\/\/dev.explora.cl\/aysen\/ninos-y-ninas-de-la-primera-infancia-exploraron-la-ciencia-en-ocho-comunas-de-la-region-de-aysen\/#primaryimage"},"thumbnailUrl":"https:\/\/dev.explora.cl\/aysen\/wp-content\/uploads\/sites\/18\/2022\/12\/Jari\u0301n-Infantil-Los-PionerosCochrane-2.jpeg","articleSection":["Noticias"],"inLanguage":"es-CL","potentialAction":[{"@type":"CommentAction","name":"Comment","target":["https:\/\/dev.explora.cl\/aysen\/ninos-y-ninas-de-la-primera-infancia-exploraron-la-ciencia-en-ocho-comunas-de-la-region-de-aysen\/#respond"]}]},{"@type":"WebPage","@id":"https:\/\/dev.explora.cl\/aysen\/ninos-y-ninas-de-la-primera-infancia-exploraron-la-ciencia-en-ocho-comunas-de-la-region-de-aysen\/","url":"https:\/\/dev.explora.cl\/aysen\/ninos-y-ninas-de-la-primera-infancia-exploraron-la-ciencia-en-ocho-comunas-de-la-region-de-aysen\/","name":"Ni\u00f1os y ni\u00f1as de la primera infancia exploraron la ciencia en ocho comunas de la regi\u00f3n de Ays\u00e9n - Aysen","isPartOf":{"@id":"https:\/\/dev.explora.cl\/aysen\/#website"},"primaryImageOfPage":{"@id":"https:\/\/dev.explora.cl\/aysen\/ninos-y-ninas-de-la-primera-infancia-exploraron-la-ciencia-en-ocho-comunas-de-la-region-de-aysen\/#primaryimage"},"image":{"@id":"https:\/\/dev.explora.cl\/aysen\/ninos-y-ninas-de-la-primera-infancia-exploraron-la-ciencia-en-ocho-comunas-de-la-region-de-aysen\/#primaryimage"},"thumbnailUrl":"https:\/\/dev.explora.cl\/aysen\/wp-content\/uploads\/sites\/18\/2022\/12\/Jari\u0301n-Infantil-Los-PionerosCochrane-2.jpeg","datePublished":"2022-12-22T21:27:27+00:00","dateModified":"2023-07-28T15:26:50+00:00","author":{"@id":"https:\/\/dev.explora.cl\/aysen\/#\/schema\/person\/81c802b1e3b443e2575e555b39e60a05"},"breadcrumb":{"@id":"https:\/\/dev.explora.cl\/aysen\/ninos-y-ninas-de-la-primera-infancia-exploraron-la-ciencia-en-ocho-comunas-de-la-region-de-aysen\/#breadcrumb"},"inLanguage":"es-CL","potentialAction":[{"@type":"ReadAction","target":["https:\/\/dev.explora.cl\/aysen\/ninos-y-ninas-de-la-primera-infancia-exploraron-la-ciencia-en-ocho-comunas-de-la-region-de-aysen\/"]}]},{"@type":"ImageObject","inLanguage":"es-CL","@id":"https:\/\/dev.explora.cl\/aysen\/ninos-y-ninas-de-la-primera-infancia-exploraron-la-ciencia-en-ocho-comunas-de-la-region-de-aysen\/#primaryimage","url":"https:\/\/dev.explora.cl\/aysen\/wp-content\/uploads\/sites\/18\/2022\/12\/Jari\u0301n-Infantil-Los-PionerosCochrane-2.jpeg","contentUrl":"https:\/\/dev.explora.cl\/aysen\/wp-content\/uploads\/sites\/18\/2022\/12\/Jari\u0301n-Infantil-Los-PionerosCochrane-2.jpeg","width":960,"height":664},{"@type":"BreadcrumbList","@id":"https:\/\/dev.explora.cl\/aysen\/ninos-y-ninas-de-la-primera-infancia-exploraron-la-ciencia-en-ocho-comunas-de-la-region-de-aysen\/#breadcrumb","itemListElement":[{"@type":"ListItem","position":1,"name":"Portada","item":"https:\/\/dev.explora.cl\/aysen\/"},{"@type":"ListItem","position":2,"name":"Ni\u00f1os y ni\u00f1as de la primera infancia exploraron la ciencia en ocho comunas de la regi\u00f3n de Ays\u00e9n"}]},{"@type":"WebSite","@id":"https:\/\/dev.explora.cl\/aysen\/#website","url":"https:\/\/dev.explora.cl\/aysen\/","name":"Aysen","description":"Otro sitio m\u00e1s de dev.explora.cl","potentialAction":[{"@type":"SearchAction","target":{"@type":"EntryPoint","urlTemplate":"https:\/\/dev.explora.cl\/aysen\/?s={search_term_string}"},"query-input":{"@type":"PropertyValueSpecification","valueRequired":true,"valueName":"search_term_string"}}],"inLanguage":"es-CL"},{"@type":"Person","@id":"https:\/\/dev.explora.cl\/aysen\/#\/schema\/person\/81c802b1e3b443e2575e555b39e60a05","name":"scisternas","image":{"@type":"ImageObject","inLanguage":"es-CL","@id":"https:\/\/dev.explora.cl\/aysen\/#\/schema\/person\/image\/","url":"https:\/\/secure.gravatar.com\/avatar\/611c8f1946b775bdf01b0521c85a9381c3ad08d928d8ead34ce577b0fa231c76?s=96&d=mm&r=g","contentUrl":"https:\/\/secure.gravatar.com\/avatar\/611c8f1946b775bdf01b0521c85a9381c3ad08d928d8ead34ce577b0fa231c76?s=96&d=mm&r=g","caption":"scisternas"},"url":"https:\/\/dev.explora.cl\/aysen\/author\/scisternas\/"}]}},"_links":{"self":[{"href":"https:\/\/dev.explora.cl\/aysen\/wp-json\/wp\/v2\/posts\/38375","targetHints":{"allow":["GET"]}}],"collection":[{"href":"https:\/\/dev.explora.cl\/aysen\/wp-json\/wp\/v2\/posts"}],"about":[{"href":"https:\/\/dev.explora.cl\/aysen\/wp-json\/wp\/v2\/types\/post"}],"author":[{"embeddable":true,"href":"https:\/\/dev.explora.cl\/aysen\/wp-json\/wp\/v2\/users\/37"}],"replies":[{"embeddable":true,"href":"https:\/\/dev.explora.cl\/aysen\/wp-json\/wp\/v2\/comments?post=38375"}],"version-history":[{"count":2,"href":"https:\/\/dev.explora.cl\/aysen\/wp-json\/wp\/v2\/posts\/38375\/revisions"}],"predecessor-version":[{"id":38382,"href":"https:\/\/dev.explora.cl\/aysen\/wp-json\/wp\/v2\/posts\/38375\/revisions\/38382"}],"wp:featuredmedia":[{"embeddable":true,"href":"https:\/\/dev.explora.cl\/aysen\/wp-json\/wp\/v2\/media\/38384"}],"wp:attachment":[{"href":"https:\/\/dev.explora.cl\/aysen\/wp-json\/wp\/v2\/media?parent=38375"}],"wp:term":[{"taxonomy":"category","embeddable":true,"href":"https:\/\/dev.explora.cl\/aysen\/wp-json\/wp\/v2\/categories?post=38375"},{"taxonomy":"post_tag","embeddable":true,"href":"https:\/\/dev.explora.cl\/aysen\/wp-json\/wp\/v2\/tags?post=38375"}],"curies":[{"name":"wp","href":"https:\/\/api.w.org\/{rel}","templated":true}]}}