{"id":38333,"date":"2022-10-24T10:21:29","date_gmt":"2022-10-24T13:21:29","guid":{"rendered":"https:\/\/dev.explora.cl\/aysen\/?p=38333"},"modified":"2023-07-22T02:31:24","modified_gmt":"2023-07-22T06:31:24","slug":"proyectos-de-cochrane-y-coyhaique-son-los-representantes-regionales-en-congreso-nacional-explora","status":"publish","type":"post","link":"https:\/\/dev.explora.cl\/aysen\/proyectos-de-cochrane-y-coyhaique-son-los-representantes-regionales-en-congreso-nacional-explora\/","title":{"rendered":"Proyectos de Cochrane y Coyhaique son los representantes regionales en Congreso Nacional Explora"},"content":{"rendered":"<p><em>Son dos proyectos de ense\u00f1anza b\u00e1sica y dos de media, quienes van a representar a la regi\u00f3n en el Congreso Nacional Explora que se realizar\u00e1 en enero de 2023 en Santiago.<\/em><!--more--><\/p>\n<p>Este jueves 20 de octubre y luego de 3 d\u00edas de actividades de la versi\u00f3n 16\u00ba del Congreso Explora Ays\u00e9n, se dieron a conocer los proyectos seleccionados para representar a la regi\u00f3n en la instancia nacional a realizarse en enero del pr\u00f3ximo a\u00f1o.<\/p>\n<p>En esta edici\u00f3n el Congreso cont\u00f3 con 16 equipos participantes, 7 de ense\u00f1anza b\u00e1sica y 9 de ense\u00f1anza media, de las comunas de Coyhaique, Ays\u00e9n, Cochrane y O\u2019Higgins.<\/p>\n<p>De esta manera en educaci\u00f3n media, el proyecto \u201cEfectos citot\u00f3xicos de <em>Nothophellinus Andinopatagonicus<\/em> disuelto en etanol 96%, acetato de etilo, diclorometano y hexano, y sus implicancias en compuestos de car\u00e1cter antitumoral\u201d del Liceo Bicentenario Alto del Mackay de Coyhaique, de los estudiantes Facundo Saldivia y Angelina Ojeda junto al docente Luis L\u00f3pez, ser\u00e1n los representantes en categor\u00eda Investigaci\u00f3n.<\/p>\n<p>En esta misma categor\u00eda, pero en educaci\u00f3n b\u00e1sica, los representantes ser\u00e1n el proyecto \u201cCaracter\u00edsticas generales de un liquen que habita en el bosque del colegio El Camino a la Fuente\u201d, de los estudiantes Mateo Aguiar y Camila Alvarado, junto al profesor V\u00edctor Aguilera.<\/p>\n<p>Mientras tanto en categor\u00eda innovaci\u00f3n, los reconocimientos fueron para estudiantes de la comuna de Cochrane, donde en educaci\u00f3n media los representantes ser\u00e1 el proyecto \u201cBalanch\u00e9\u201d, del Liceo Bicentenario Austral Lord Cochrane, integrado por los estudiantes Mat\u00edas Gam\u00edn y Mat\u00edas Cadag\u00e1n, junto con el docente Juan Monsalve.<\/p>\n<p>El cuarto proyecto seleccionado fue en categor\u00eda innovaci\u00f3n, pero en ense\u00f1anza b\u00e1sica, denominado \u201cTETRAnsformo\u201d, de los estudiantes Isidora Contreras y Renzo Caviglia junto a la docente Katherine Contreras.<\/p>\n<p>Adem\u00e1s de los establecimientos mencionados, participaron equipos de los establecimientos Liceo Bicentenario Santa Teresa de Los Andes, Escuela Poetisa Gabriela Mistral, Liceo Bicentenario Patagonia Agr\u00edcola Industrial, Escuela Rural R\u00edo Blanco, Lyon College, Colegio Alianza Austral, Colegio Mater Dei y Liceo Pioneros del Sur.<\/p>\n<p>Respecto al sello que tuvo esta versi\u00f3n 16 del Congreso Regional Explora Ays\u00e9n, Viviana Pizarro Varas, directora del PAR Explora Ays\u00e9n destac\u00f3 la b\u00fasqueda de soluciones de manera colaborativa entre los distintos habitantes de la regi\u00f3n.<\/p>\n<p>\u201cFue la invitaci\u00f3n que hicimos desde un inicio, a estar juntos, a conocernos, a compartir y asumir el desaf\u00edo de trabajar colaborativamente. Con eso los ni\u00f1os se quedaron, lo vimos, nos dimos cuenta de que en Cochrane, por ejemplo, est\u00e1n preocupados de la contaminaci\u00f3n ambiental, ac\u00e1 en Coyhaique tambi\u00e9n tenemos ese problema, entonces hay ni\u00f1os de distintos territorios, que est\u00e1n preocupados de las mismas problem\u00e1ticas, y de manera integrativa y colaborativa, podemos llegar a soluciones que van a ser mucho m\u00e1s eficientes. Si desde distintas miradas, desde distintos territorios, leemos sobre lo que nos est\u00e1 pasando y aportamos a buscar una soluci\u00f3n, esa soluci\u00f3n ser\u00e1 mucho m\u00e1s enriquecedora, m\u00e1s completa, y atacar\u00e1 el problema de una mejor forma\u201d explic\u00f3 Pizarro.<\/p>\n<p>Ver\u00f3nica Vallejos, seremi de Ciencia, Tecnolog\u00eda, Conocimiento e Innovaci\u00f3n de la macro zona austral, destac\u00f3 el esfuerzo que hacen estudiantes, profesores y el equipo Explora para desarrollar esta instancia de encuentro cient\u00edfico.<\/p>\n<p>\u201cEstoy s\u00faper contenta, primero por tener la posibilidad de participar en el primer Congreso a nivel nacional que se est\u00e1 realizando, y m\u00e1s encima en formato presencial con la posibilidad de ver a todos estas ni\u00f1as y ni\u00f1os, adolecentes, participando con muchas ganas, presentando y defendiendo sus ideas. Yo creo para cualquiera de nosotros que estamos en ciencia y tecnolog\u00eda, es sumamente revitalizante. Y adem\u00e1s ver el equipo de trabajo de PAR Explora Ays\u00e9n, que ha estado apoyando el desarrollo de estas actividades, y no solamente este a\u00f1o, sino que otras que ya ven\u00edan en ejecuci\u00f3n desde el a\u00f1o previo que fueron mejorando\u201d.<\/p>\n<p>Katherine Contreras, profesora de Educaci\u00f3n Diferencial de la Escuela Hern\u00e1n Merino Correa de Cochrane, se mostr\u00f3 muy contenta por el logro obtenido por sus alumnos. \u201cEstamos emocionados, trabajamos mucho con nuestros estudiantes. Me gustar\u00eda destacar que Isidora y Renzo son representantes de un grupo de 8 estudiantes de cuarto, quinto y sexto, que formamos un equipo con los mismos intereses. No soy la \u00fanica profesora, Ninfa Luna es quien nos acompa\u00f1a tambi\u00e9n y estamos contentos, emocionados, con muchas ganas de seguir trabajando, y tambi\u00e9n de llevar a cabo todas las ideas que obtuvimos en este Congreso\u201d dijo Contreras.<\/p>\n<p>El Congreso es una instancia impulsada por el Proyecto Explora Ays\u00e9n del Ministerio de Ciencia y ejecutado por el Campus Patagonia de la Universidad Austral de Chile, con el objetivo de socializar las investigaciones y proyectos desarrollados por equipos de estudiantes, adem\u00e1s de generar encuentros entre participantes y visibilizar a los j\u00f3venes respecto a la soluci\u00f3n de problem\u00e1ticas y\/o generaci\u00f3n de nuevos conocimientos locales y regionales.<\/p>\n","protected":false},"excerpt":{"rendered":"<p>Son dos proyectos de ense\u00f1anza b\u00e1sica y dos de media, quienes van a representar a la regi\u00f3n en el Congreso Nacional Explora que se realizar\u00e1 en enero de 2023 en Santiago.<\/p>\n","protected":false},"author":37,"featured_media":38334,"comment_status":"open","ping_status":"open","sticky":false,"template":"","format":"standard","meta":{"_acf_changed":false,"_exactmetrics_skip_tracking":false,"_exactmetrics_sitenote_active":false,"_exactmetrics_sitenote_note":"","_exactmetrics_sitenote_category":0,"footnotes":"","_links_to":"","_links_to_target":""},"categories":[4],"tags":[],"class_list":["post-38333","post","type-post","status-publish","format-standard","has-post-thumbnail","hentry","category-noticias"],"acf":[],"yoast_head":"<!-- This site is optimized with the Yoast SEO plugin v26.7 - https:\/\/yoast.com\/wordpress\/plugins\/seo\/ -->\n<title>Proyectos de Cochrane y Coyhaique son los representantes regionales en Congreso Nacional Explora - Aysen<\/title>\n<meta name=\"robots\" content=\"index, follow, max-snippet:-1, max-image-preview:large, max-video-preview:-1\" \/>\n<link rel=\"canonical\" href=\"https:\/\/dev.explora.cl\/aysen\/proyectos-de-cochrane-y-coyhaique-son-los-representantes-regionales-en-congreso-nacional-explora\/\" class=\"yoast-seo-meta-tag\" \/>\n<meta property=\"og:locale\" content=\"es_ES\" class=\"yoast-seo-meta-tag\" \/>\n<meta property=\"og:type\" content=\"article\" class=\"yoast-seo-meta-tag\" \/>\n<meta property=\"og:title\" content=\"Proyectos de Cochrane y Coyhaique son los representantes regionales en Congreso Nacional Explora - Aysen\" class=\"yoast-seo-meta-tag\" \/>\n<meta property=\"og:description\" content=\"Son dos proyectos de ense\u00f1anza b\u00e1sica y dos de media, quienes van a representar a la regi\u00f3n en el Congreso Nacional Explora que se realizar\u00e1 en enero de 2023 en Santiago.\" class=\"yoast-seo-meta-tag\" \/>\n<meta property=\"og:url\" content=\"https:\/\/dev.explora.cl\/aysen\/proyectos-de-cochrane-y-coyhaique-son-los-representantes-regionales-en-congreso-nacional-explora\/\" class=\"yoast-seo-meta-tag\" \/>\n<meta property=\"og:site_name\" content=\"Aysen\" class=\"yoast-seo-meta-tag\" \/>\n<meta property=\"article:published_time\" content=\"2022-10-24T13:21:29+00:00\" class=\"yoast-seo-meta-tag\" \/>\n<meta property=\"article:modified_time\" content=\"2023-07-22T06:31:24+00:00\" class=\"yoast-seo-meta-tag\" \/>\n<meta property=\"og:image\" content=\"https:\/\/dev.explora.cl\/aysen\/wp-content\/uploads\/sites\/18\/2022\/10\/Cierre-Congreso-2022.jpeg\" class=\"yoast-seo-meta-tag\" \/>\n\t<meta property=\"og:image:width\" content=\"1600\" class=\"yoast-seo-meta-tag\" \/>\n\t<meta property=\"og:image:height\" content=\"1200\" class=\"yoast-seo-meta-tag\" \/>\n\t<meta property=\"og:image:type\" content=\"image\/jpeg\" class=\"yoast-seo-meta-tag\" \/>\n<meta name=\"author\" content=\"scisternas\" class=\"yoast-seo-meta-tag\" \/>\n<meta name=\"twitter:card\" content=\"summary_large_image\" class=\"yoast-seo-meta-tag\" \/>\n<meta name=\"twitter:label1\" content=\"Escrito por\" class=\"yoast-seo-meta-tag\" \/>\n\t<meta name=\"twitter:data1\" content=\"scisternas\" class=\"yoast-seo-meta-tag\" \/>\n\t<meta name=\"twitter:label2\" content=\"Tiempo estimado de lectura\" class=\"yoast-seo-meta-tag\" \/>\n\t<meta name=\"twitter:data2\" content=\"4 minutos\" class=\"yoast-seo-meta-tag\" \/>\n<script type=\"application\/ld+json\" class=\"yoast-schema-graph\">{\"@context\":\"https:\/\/schema.org\",\"@graph\":[{\"@type\":\"Article\",\"@id\":\"https:\/\/dev.explora.cl\/aysen\/proyectos-de-cochrane-y-coyhaique-son-los-representantes-regionales-en-congreso-nacional-explora\/#article\",\"isPartOf\":{\"@id\":\"https:\/\/dev.explora.cl\/aysen\/proyectos-de-cochrane-y-coyhaique-son-los-representantes-regionales-en-congreso-nacional-explora\/\"},\"author\":{\"name\":\"scisternas\",\"@id\":\"https:\/\/dev.explora.cl\/aysen\/#\/schema\/person\/81c802b1e3b443e2575e555b39e60a05\"},\"headline\":\"Proyectos de Cochrane y Coyhaique son los representantes regionales en Congreso Nacional Explora\",\"datePublished\":\"2022-10-24T13:21:29+00:00\",\"dateModified\":\"2023-07-22T06:31:24+00:00\",\"mainEntityOfPage\":{\"@id\":\"https:\/\/dev.explora.cl\/aysen\/proyectos-de-cochrane-y-coyhaique-son-los-representantes-regionales-en-congreso-nacional-explora\/\"},\"wordCount\":867,\"commentCount\":0,\"image\":{\"@id\":\"https:\/\/dev.explora.cl\/aysen\/proyectos-de-cochrane-y-coyhaique-son-los-representantes-regionales-en-congreso-nacional-explora\/#primaryimage\"},\"thumbnailUrl\":\"https:\/\/dev.explora.cl\/aysen\/wp-content\/uploads\/sites\/18\/2022\/10\/Cierre-Congreso-2022.jpeg\",\"articleSection\":[\"Noticias\"],\"inLanguage\":\"es-CL\",\"potentialAction\":[{\"@type\":\"CommentAction\",\"name\":\"Comment\",\"target\":[\"https:\/\/dev.explora.cl\/aysen\/proyectos-de-cochrane-y-coyhaique-son-los-representantes-regionales-en-congreso-nacional-explora\/#respond\"]}]},{\"@type\":\"WebPage\",\"@id\":\"https:\/\/dev.explora.cl\/aysen\/proyectos-de-cochrane-y-coyhaique-son-los-representantes-regionales-en-congreso-nacional-explora\/\",\"url\":\"https:\/\/dev.explora.cl\/aysen\/proyectos-de-cochrane-y-coyhaique-son-los-representantes-regionales-en-congreso-nacional-explora\/\",\"name\":\"Proyectos de Cochrane y Coyhaique son los representantes regionales en Congreso Nacional Explora - Aysen\",\"isPartOf\":{\"@id\":\"https:\/\/dev.explora.cl\/aysen\/#website\"},\"primaryImageOfPage\":{\"@id\":\"https:\/\/dev.explora.cl\/aysen\/proyectos-de-cochrane-y-coyhaique-son-los-representantes-regionales-en-congreso-nacional-explora\/#primaryimage\"},\"image\":{\"@id\":\"https:\/\/dev.explora.cl\/aysen\/proyectos-de-cochrane-y-coyhaique-son-los-representantes-regionales-en-congreso-nacional-explora\/#primaryimage\"},\"thumbnailUrl\":\"https:\/\/dev.explora.cl\/aysen\/wp-content\/uploads\/sites\/18\/2022\/10\/Cierre-Congreso-2022.jpeg\",\"datePublished\":\"2022-10-24T13:21:29+00:00\",\"dateModified\":\"2023-07-22T06:31:24+00:00\",\"author\":{\"@id\":\"https:\/\/dev.explora.cl\/aysen\/#\/schema\/person\/81c802b1e3b443e2575e555b39e60a05\"},\"breadcrumb\":{\"@id\":\"https:\/\/dev.explora.cl\/aysen\/proyectos-de-cochrane-y-coyhaique-son-los-representantes-regionales-en-congreso-nacional-explora\/#breadcrumb\"},\"inLanguage\":\"es-CL\",\"potentialAction\":[{\"@type\":\"ReadAction\",\"target\":[\"https:\/\/dev.explora.cl\/aysen\/proyectos-de-cochrane-y-coyhaique-son-los-representantes-regionales-en-congreso-nacional-explora\/\"]}]},{\"@type\":\"ImageObject\",\"inLanguage\":\"es-CL\",\"@id\":\"https:\/\/dev.explora.cl\/aysen\/proyectos-de-cochrane-y-coyhaique-son-los-representantes-regionales-en-congreso-nacional-explora\/#primaryimage\",\"url\":\"https:\/\/dev.explora.cl\/aysen\/wp-content\/uploads\/sites\/18\/2022\/10\/Cierre-Congreso-2022.jpeg\",\"contentUrl\":\"https:\/\/dev.explora.cl\/aysen\/wp-content\/uploads\/sites\/18\/2022\/10\/Cierre-Congreso-2022.jpeg\",\"width\":1600,\"height\":1200},{\"@type\":\"BreadcrumbList\",\"@id\":\"https:\/\/dev.explora.cl\/aysen\/proyectos-de-cochrane-y-coyhaique-son-los-representantes-regionales-en-congreso-nacional-explora\/#breadcrumb\",\"itemListElement\":[{\"@type\":\"ListItem\",\"position\":1,\"name\":\"Portada\",\"item\":\"https:\/\/dev.explora.cl\/aysen\/\"},{\"@type\":\"ListItem\",\"position\":2,\"name\":\"Proyectos de Cochrane y Coyhaique son los representantes regionales en Congreso Nacional Explora\"}]},{\"@type\":\"WebSite\",\"@id\":\"https:\/\/dev.explora.cl\/aysen\/#website\",\"url\":\"https:\/\/dev.explora.cl\/aysen\/\",\"name\":\"Aysen\",\"description\":\"Otro sitio m\u00e1s de dev.explora.cl\",\"potentialAction\":[{\"@type\":\"SearchAction\",\"target\":{\"@type\":\"EntryPoint\",\"urlTemplate\":\"https:\/\/dev.explora.cl\/aysen\/?s={search_term_string}\"},\"query-input\":{\"@type\":\"PropertyValueSpecification\",\"valueRequired\":true,\"valueName\":\"search_term_string\"}}],\"inLanguage\":\"es-CL\"},{\"@type\":\"Person\",\"@id\":\"https:\/\/dev.explora.cl\/aysen\/#\/schema\/person\/81c802b1e3b443e2575e555b39e60a05\",\"name\":\"scisternas\",\"image\":{\"@type\":\"ImageObject\",\"inLanguage\":\"es-CL\",\"@id\":\"https:\/\/dev.explora.cl\/aysen\/#\/schema\/person\/image\/\",\"url\":\"https:\/\/secure.gravatar.com\/avatar\/611c8f1946b775bdf01b0521c85a9381c3ad08d928d8ead34ce577b0fa231c76?s=96&d=mm&r=g\",\"contentUrl\":\"https:\/\/secure.gravatar.com\/avatar\/611c8f1946b775bdf01b0521c85a9381c3ad08d928d8ead34ce577b0fa231c76?s=96&d=mm&r=g\",\"caption\":\"scisternas\"},\"url\":\"https:\/\/dev.explora.cl\/aysen\/author\/scisternas\/\"}]}<\/script>\n<!-- \/ Yoast SEO plugin. -->","yoast_head_json":{"title":"Proyectos de Cochrane y Coyhaique son los representantes regionales en Congreso Nacional Explora - Aysen","robots":{"index":"index","follow":"follow","max-snippet":"max-snippet:-1","max-image-preview":"max-image-preview:large","max-video-preview":"max-video-preview:-1"},"canonical":"https:\/\/dev.explora.cl\/aysen\/proyectos-de-cochrane-y-coyhaique-son-los-representantes-regionales-en-congreso-nacional-explora\/","og_locale":"es_ES","og_type":"article","og_title":"Proyectos de Cochrane y Coyhaique son los representantes regionales en Congreso Nacional Explora - Aysen","og_description":"Son dos proyectos de ense\u00f1anza b\u00e1sica y dos de media, quienes van a representar a la regi\u00f3n en el Congreso Nacional Explora que se realizar\u00e1 en enero de 2023 en Santiago.","og_url":"https:\/\/dev.explora.cl\/aysen\/proyectos-de-cochrane-y-coyhaique-son-los-representantes-regionales-en-congreso-nacional-explora\/","og_site_name":"Aysen","article_published_time":"2022-10-24T13:21:29+00:00","article_modified_time":"2023-07-22T06:31:24+00:00","og_image":[{"width":1600,"height":1200,"url":"https:\/\/dev.explora.cl\/aysen\/wp-content\/uploads\/sites\/18\/2022\/10\/Cierre-Congreso-2022.jpeg","type":"image\/jpeg"}],"author":"scisternas","twitter_card":"summary_large_image","twitter_misc":{"Escrito por":"scisternas","Tiempo estimado de lectura":"4 minutos"},"schema":{"@context":"https:\/\/schema.org","@graph":[{"@type":"Article","@id":"https:\/\/dev.explora.cl\/aysen\/proyectos-de-cochrane-y-coyhaique-son-los-representantes-regionales-en-congreso-nacional-explora\/#article","isPartOf":{"@id":"https:\/\/dev.explora.cl\/aysen\/proyectos-de-cochrane-y-coyhaique-son-los-representantes-regionales-en-congreso-nacional-explora\/"},"author":{"name":"scisternas","@id":"https:\/\/dev.explora.cl\/aysen\/#\/schema\/person\/81c802b1e3b443e2575e555b39e60a05"},"headline":"Proyectos de Cochrane y Coyhaique son los representantes regionales en Congreso Nacional Explora","datePublished":"2022-10-24T13:21:29+00:00","dateModified":"2023-07-22T06:31:24+00:00","mainEntityOfPage":{"@id":"https:\/\/dev.explora.cl\/aysen\/proyectos-de-cochrane-y-coyhaique-son-los-representantes-regionales-en-congreso-nacional-explora\/"},"wordCount":867,"commentCount":0,"image":{"@id":"https:\/\/dev.explora.cl\/aysen\/proyectos-de-cochrane-y-coyhaique-son-los-representantes-regionales-en-congreso-nacional-explora\/#primaryimage"},"thumbnailUrl":"https:\/\/dev.explora.cl\/aysen\/wp-content\/uploads\/sites\/18\/2022\/10\/Cierre-Congreso-2022.jpeg","articleSection":["Noticias"],"inLanguage":"es-CL","potentialAction":[{"@type":"CommentAction","name":"Comment","target":["https:\/\/dev.explora.cl\/aysen\/proyectos-de-cochrane-y-coyhaique-son-los-representantes-regionales-en-congreso-nacional-explora\/#respond"]}]},{"@type":"WebPage","@id":"https:\/\/dev.explora.cl\/aysen\/proyectos-de-cochrane-y-coyhaique-son-los-representantes-regionales-en-congreso-nacional-explora\/","url":"https:\/\/dev.explora.cl\/aysen\/proyectos-de-cochrane-y-coyhaique-son-los-representantes-regionales-en-congreso-nacional-explora\/","name":"Proyectos de Cochrane y Coyhaique son los representantes regionales en Congreso Nacional Explora - Aysen","isPartOf":{"@id":"https:\/\/dev.explora.cl\/aysen\/#website"},"primaryImageOfPage":{"@id":"https:\/\/dev.explora.cl\/aysen\/proyectos-de-cochrane-y-coyhaique-son-los-representantes-regionales-en-congreso-nacional-explora\/#primaryimage"},"image":{"@id":"https:\/\/dev.explora.cl\/aysen\/proyectos-de-cochrane-y-coyhaique-son-los-representantes-regionales-en-congreso-nacional-explora\/#primaryimage"},"thumbnailUrl":"https:\/\/dev.explora.cl\/aysen\/wp-content\/uploads\/sites\/18\/2022\/10\/Cierre-Congreso-2022.jpeg","datePublished":"2022-10-24T13:21:29+00:00","dateModified":"2023-07-22T06:31:24+00:00","author":{"@id":"https:\/\/dev.explora.cl\/aysen\/#\/schema\/person\/81c802b1e3b443e2575e555b39e60a05"},"breadcrumb":{"@id":"https:\/\/dev.explora.cl\/aysen\/proyectos-de-cochrane-y-coyhaique-son-los-representantes-regionales-en-congreso-nacional-explora\/#breadcrumb"},"inLanguage":"es-CL","potentialAction":[{"@type":"ReadAction","target":["https:\/\/dev.explora.cl\/aysen\/proyectos-de-cochrane-y-coyhaique-son-los-representantes-regionales-en-congreso-nacional-explora\/"]}]},{"@type":"ImageObject","inLanguage":"es-CL","@id":"https:\/\/dev.explora.cl\/aysen\/proyectos-de-cochrane-y-coyhaique-son-los-representantes-regionales-en-congreso-nacional-explora\/#primaryimage","url":"https:\/\/dev.explora.cl\/aysen\/wp-content\/uploads\/sites\/18\/2022\/10\/Cierre-Congreso-2022.jpeg","contentUrl":"https:\/\/dev.explora.cl\/aysen\/wp-content\/uploads\/sites\/18\/2022\/10\/Cierre-Congreso-2022.jpeg","width":1600,"height":1200},{"@type":"BreadcrumbList","@id":"https:\/\/dev.explora.cl\/aysen\/proyectos-de-cochrane-y-coyhaique-son-los-representantes-regionales-en-congreso-nacional-explora\/#breadcrumb","itemListElement":[{"@type":"ListItem","position":1,"name":"Portada","item":"https:\/\/dev.explora.cl\/aysen\/"},{"@type":"ListItem","position":2,"name":"Proyectos de Cochrane y Coyhaique son los representantes regionales en Congreso Nacional Explora"}]},{"@type":"WebSite","@id":"https:\/\/dev.explora.cl\/aysen\/#website","url":"https:\/\/dev.explora.cl\/aysen\/","name":"Aysen","description":"Otro sitio m\u00e1s de dev.explora.cl","potentialAction":[{"@type":"SearchAction","target":{"@type":"EntryPoint","urlTemplate":"https:\/\/dev.explora.cl\/aysen\/?s={search_term_string}"},"query-input":{"@type":"PropertyValueSpecification","valueRequired":true,"valueName":"search_term_string"}}],"inLanguage":"es-CL"},{"@type":"Person","@id":"https:\/\/dev.explora.cl\/aysen\/#\/schema\/person\/81c802b1e3b443e2575e555b39e60a05","name":"scisternas","image":{"@type":"ImageObject","inLanguage":"es-CL","@id":"https:\/\/dev.explora.cl\/aysen\/#\/schema\/person\/image\/","url":"https:\/\/secure.gravatar.com\/avatar\/611c8f1946b775bdf01b0521c85a9381c3ad08d928d8ead34ce577b0fa231c76?s=96&d=mm&r=g","contentUrl":"https:\/\/secure.gravatar.com\/avatar\/611c8f1946b775bdf01b0521c85a9381c3ad08d928d8ead34ce577b0fa231c76?s=96&d=mm&r=g","caption":"scisternas"},"url":"https:\/\/dev.explora.cl\/aysen\/author\/scisternas\/"}]}},"_links":{"self":[{"href":"https:\/\/dev.explora.cl\/aysen\/wp-json\/wp\/v2\/posts\/38333","targetHints":{"allow":["GET"]}}],"collection":[{"href":"https:\/\/dev.explora.cl\/aysen\/wp-json\/wp\/v2\/posts"}],"about":[{"href":"https:\/\/dev.explora.cl\/aysen\/wp-json\/wp\/v2\/types\/post"}],"author":[{"embeddable":true,"href":"https:\/\/dev.explora.cl\/aysen\/wp-json\/wp\/v2\/users\/37"}],"replies":[{"embeddable":true,"href":"https:\/\/dev.explora.cl\/aysen\/wp-json\/wp\/v2\/comments?post=38333"}],"version-history":[{"count":1,"href":"https:\/\/dev.explora.cl\/aysen\/wp-json\/wp\/v2\/posts\/38333\/revisions"}],"predecessor-version":[{"id":38335,"href":"https:\/\/dev.explora.cl\/aysen\/wp-json\/wp\/v2\/posts\/38333\/revisions\/38335"}],"wp:featuredmedia":[{"embeddable":true,"href":"https:\/\/dev.explora.cl\/aysen\/wp-json\/wp\/v2\/media\/38334"}],"wp:attachment":[{"href":"https:\/\/dev.explora.cl\/aysen\/wp-json\/wp\/v2\/media?parent=38333"}],"wp:term":[{"taxonomy":"category","embeddable":true,"href":"https:\/\/dev.explora.cl\/aysen\/wp-json\/wp\/v2\/categories?post=38333"},{"taxonomy":"post_tag","embeddable":true,"href":"https:\/\/dev.explora.cl\/aysen\/wp-json\/wp\/v2\/tags?post=38333"}],"curies":[{"name":"wp","href":"https:\/\/api.w.org\/{rel}","templated":true}]}}