{"id":38329,"date":"2022-10-24T10:14:12","date_gmt":"2022-10-24T13:14:12","guid":{"rendered":"https:\/\/dev.explora.cl\/aysen\/?p=38329"},"modified":"2023-07-22T02:32:04","modified_gmt":"2023-07-22T06:32:04","slug":"convocatoria-abierta-cupo-explora-2023","status":"publish","type":"post","link":"https:\/\/dev.explora.cl\/aysen\/convocatoria-abierta-cupo-explora-2023\/","title":{"rendered":"Convocatoria abierta: Cupo Explora 2023"},"content":{"rendered":"<p class=\"p1\">Hasta el 02 de diciembre estar\u00e1 abierta la convocatoria para postular al Cupo Explora 2023<\/p>\n<p><!--more--><\/p>\n<p class=\"p1\">Cupo Explora-UNESCO es una v\u00eda de admisi\u00f3n especial a la Educaci\u00f3n Superior a trav\u00e9s de la cual diferentes instituciones ofrecen vacantes para que j\u00f3venes con trayectoria escolar en el \u00e1rea de la ciencia, tecnolog\u00eda e innovaci\u00f3n, puedan estudiar cualquier carrera de las que se encuentren en convenio con Cupo Explora UNESCO, independiente del puntaje de corte de la carrera escogida.<\/p>\n<p class=\"p1\">Esta iniciativa busca garantizar el acceso inclusivo a la Educaci\u00f3n Superior, reconociendo el m\u00e9rito de j\u00f3venes con talento y la vocaci\u00f3n cient\u00edfica durante su etapa escolar. Los y las estudiantes que postulan a este beneficio deben haber participado al menos dos a\u00f1os en Investigaci\u00f3n e Innovaci\u00f3n Escolar y\/o Congresos, ambos del Programa Explora.<\/p>\n<p class=\"p1\">Para saber m\u00e1s sobre esta v\u00eda de ingreso a la universidad y c\u00f3mo postular, visita el sitio web <a href=\"https:\/\/dev.explora.cl\/blog\/cupoexploraunesco\/\"><span class=\"s1\">https:\/\/dev.explora.cl\/blog\/cupoexploraunesco\/<\/span><\/a><\/p>\n","protected":false},"excerpt":{"rendered":"<p>Hasta el 02 de diciembre estar\u00e1 abierta la convocatoria para postular al Cupo Explora 2023<\/p>\n","protected":false},"author":37,"featured_media":38330,"comment_status":"open","ping_status":"open","sticky":false,"template":"","format":"standard","meta":{"_acf_changed":false,"_exactmetrics_skip_tracking":false,"_exactmetrics_sitenote_active":false,"_exactmetrics_sitenote_note":"","_exactmetrics_sitenote_category":0,"footnotes":"","_links_to":"","_links_to_target":""},"categories":[4],"tags":[],"class_list":["post-38329","post","type-post","status-publish","format-standard","has-post-thumbnail","hentry","category-noticias"],"acf":[],"yoast_head":"<!-- This site is optimized with the Yoast SEO plugin v26.7 - https:\/\/yoast.com\/wordpress\/plugins\/seo\/ -->\n<title>Convocatoria abierta: Cupo Explora 2023 - Aysen<\/title>\n<meta name=\"robots\" content=\"index, follow, max-snippet:-1, max-image-preview:large, max-video-preview:-1\" \/>\n<link rel=\"canonical\" href=\"https:\/\/dev.explora.cl\/aysen\/convocatoria-abierta-cupo-explora-2023\/\" class=\"yoast-seo-meta-tag\" \/>\n<meta property=\"og:locale\" content=\"es_ES\" class=\"yoast-seo-meta-tag\" \/>\n<meta property=\"og:type\" content=\"article\" class=\"yoast-seo-meta-tag\" \/>\n<meta property=\"og:title\" content=\"Convocatoria abierta: Cupo Explora 2023 - Aysen\" class=\"yoast-seo-meta-tag\" \/>\n<meta property=\"og:description\" content=\"Hasta el 02 de diciembre estar\u00e1 abierta la convocatoria para postular al Cupo Explora 2023\" class=\"yoast-seo-meta-tag\" \/>\n<meta property=\"og:url\" content=\"https:\/\/dev.explora.cl\/aysen\/convocatoria-abierta-cupo-explora-2023\/\" class=\"yoast-seo-meta-tag\" \/>\n<meta property=\"og:site_name\" content=\"Aysen\" class=\"yoast-seo-meta-tag\" \/>\n<meta property=\"article:published_time\" content=\"2022-10-24T13:14:12+00:00\" class=\"yoast-seo-meta-tag\" \/>\n<meta property=\"article:modified_time\" content=\"2023-07-22T06:32:04+00:00\" class=\"yoast-seo-meta-tag\" \/>\n<meta property=\"og:image\" content=\"https:\/\/dev.explora.cl\/aysen\/wp-content\/uploads\/sites\/18\/2022\/10\/tw.png\" class=\"yoast-seo-meta-tag\" \/>\n\t<meta property=\"og:image:width\" content=\"4001\" class=\"yoast-seo-meta-tag\" \/>\n\t<meta property=\"og:image:height\" content=\"2251\" class=\"yoast-seo-meta-tag\" \/>\n\t<meta property=\"og:image:type\" content=\"image\/png\" class=\"yoast-seo-meta-tag\" \/>\n<meta name=\"author\" content=\"scisternas\" class=\"yoast-seo-meta-tag\" \/>\n<meta name=\"twitter:card\" content=\"summary_large_image\" class=\"yoast-seo-meta-tag\" \/>\n<meta name=\"twitter:label1\" content=\"Escrito por\" class=\"yoast-seo-meta-tag\" \/>\n\t<meta name=\"twitter:data1\" content=\"scisternas\" class=\"yoast-seo-meta-tag\" \/>\n\t<meta name=\"twitter:label2\" content=\"Tiempo estimado de lectura\" class=\"yoast-seo-meta-tag\" \/>\n\t<meta name=\"twitter:data2\" content=\"1 minuto\" class=\"yoast-seo-meta-tag\" \/>\n<script type=\"application\/ld+json\" class=\"yoast-schema-graph\">{\"@context\":\"https:\/\/schema.org\",\"@graph\":[{\"@type\":\"Article\",\"@id\":\"https:\/\/dev.explora.cl\/aysen\/convocatoria-abierta-cupo-explora-2023\/#article\",\"isPartOf\":{\"@id\":\"https:\/\/dev.explora.cl\/aysen\/convocatoria-abierta-cupo-explora-2023\/\"},\"author\":{\"name\":\"scisternas\",\"@id\":\"https:\/\/dev.explora.cl\/aysen\/#\/schema\/person\/81c802b1e3b443e2575e555b39e60a05\"},\"headline\":\"Convocatoria abierta: Cupo Explora 2023\",\"datePublished\":\"2022-10-24T13:14:12+00:00\",\"dateModified\":\"2023-07-22T06:32:04+00:00\",\"mainEntityOfPage\":{\"@id\":\"https:\/\/dev.explora.cl\/aysen\/convocatoria-abierta-cupo-explora-2023\/\"},\"wordCount\":173,\"commentCount\":0,\"image\":{\"@id\":\"https:\/\/dev.explora.cl\/aysen\/convocatoria-abierta-cupo-explora-2023\/#primaryimage\"},\"thumbnailUrl\":\"https:\/\/dev.explora.cl\/aysen\/wp-content\/uploads\/sites\/18\/2022\/10\/tw.png\",\"articleSection\":[\"Noticias\"],\"inLanguage\":\"es-CL\",\"potentialAction\":[{\"@type\":\"CommentAction\",\"name\":\"Comment\",\"target\":[\"https:\/\/dev.explora.cl\/aysen\/convocatoria-abierta-cupo-explora-2023\/#respond\"]}]},{\"@type\":\"WebPage\",\"@id\":\"https:\/\/dev.explora.cl\/aysen\/convocatoria-abierta-cupo-explora-2023\/\",\"url\":\"https:\/\/dev.explora.cl\/aysen\/convocatoria-abierta-cupo-explora-2023\/\",\"name\":\"Convocatoria abierta: Cupo Explora 2023 - Aysen\",\"isPartOf\":{\"@id\":\"https:\/\/dev.explora.cl\/aysen\/#website\"},\"primaryImageOfPage\":{\"@id\":\"https:\/\/dev.explora.cl\/aysen\/convocatoria-abierta-cupo-explora-2023\/#primaryimage\"},\"image\":{\"@id\":\"https:\/\/dev.explora.cl\/aysen\/convocatoria-abierta-cupo-explora-2023\/#primaryimage\"},\"thumbnailUrl\":\"https:\/\/dev.explora.cl\/aysen\/wp-content\/uploads\/sites\/18\/2022\/10\/tw.png\",\"datePublished\":\"2022-10-24T13:14:12+00:00\",\"dateModified\":\"2023-07-22T06:32:04+00:00\",\"author\":{\"@id\":\"https:\/\/dev.explora.cl\/aysen\/#\/schema\/person\/81c802b1e3b443e2575e555b39e60a05\"},\"breadcrumb\":{\"@id\":\"https:\/\/dev.explora.cl\/aysen\/convocatoria-abierta-cupo-explora-2023\/#breadcrumb\"},\"inLanguage\":\"es-CL\",\"potentialAction\":[{\"@type\":\"ReadAction\",\"target\":[\"https:\/\/dev.explora.cl\/aysen\/convocatoria-abierta-cupo-explora-2023\/\"]}]},{\"@type\":\"ImageObject\",\"inLanguage\":\"es-CL\",\"@id\":\"https:\/\/dev.explora.cl\/aysen\/convocatoria-abierta-cupo-explora-2023\/#primaryimage\",\"url\":\"https:\/\/dev.explora.cl\/aysen\/wp-content\/uploads\/sites\/18\/2022\/10\/tw.png\",\"contentUrl\":\"https:\/\/dev.explora.cl\/aysen\/wp-content\/uploads\/sites\/18\/2022\/10\/tw.png\",\"width\":4001,\"height\":2251},{\"@type\":\"BreadcrumbList\",\"@id\":\"https:\/\/dev.explora.cl\/aysen\/convocatoria-abierta-cupo-explora-2023\/#breadcrumb\",\"itemListElement\":[{\"@type\":\"ListItem\",\"position\":1,\"name\":\"Portada\",\"item\":\"https:\/\/dev.explora.cl\/aysen\/\"},{\"@type\":\"ListItem\",\"position\":2,\"name\":\"Convocatoria abierta: Cupo Explora 2023\"}]},{\"@type\":\"WebSite\",\"@id\":\"https:\/\/dev.explora.cl\/aysen\/#website\",\"url\":\"https:\/\/dev.explora.cl\/aysen\/\",\"name\":\"Aysen\",\"description\":\"Otro sitio m\u00e1s de dev.explora.cl\",\"potentialAction\":[{\"@type\":\"SearchAction\",\"target\":{\"@type\":\"EntryPoint\",\"urlTemplate\":\"https:\/\/dev.explora.cl\/aysen\/?s={search_term_string}\"},\"query-input\":{\"@type\":\"PropertyValueSpecification\",\"valueRequired\":true,\"valueName\":\"search_term_string\"}}],\"inLanguage\":\"es-CL\"},{\"@type\":\"Person\",\"@id\":\"https:\/\/dev.explora.cl\/aysen\/#\/schema\/person\/81c802b1e3b443e2575e555b39e60a05\",\"name\":\"scisternas\",\"image\":{\"@type\":\"ImageObject\",\"inLanguage\":\"es-CL\",\"@id\":\"https:\/\/dev.explora.cl\/aysen\/#\/schema\/person\/image\/\",\"url\":\"https:\/\/secure.gravatar.com\/avatar\/611c8f1946b775bdf01b0521c85a9381c3ad08d928d8ead34ce577b0fa231c76?s=96&d=mm&r=g\",\"contentUrl\":\"https:\/\/secure.gravatar.com\/avatar\/611c8f1946b775bdf01b0521c85a9381c3ad08d928d8ead34ce577b0fa231c76?s=96&d=mm&r=g\",\"caption\":\"scisternas\"},\"url\":\"https:\/\/dev.explora.cl\/aysen\/author\/scisternas\/\"}]}<\/script>\n<!-- \/ Yoast SEO plugin. -->","yoast_head_json":{"title":"Convocatoria abierta: Cupo Explora 2023 - Aysen","robots":{"index":"index","follow":"follow","max-snippet":"max-snippet:-1","max-image-preview":"max-image-preview:large","max-video-preview":"max-video-preview:-1"},"canonical":"https:\/\/dev.explora.cl\/aysen\/convocatoria-abierta-cupo-explora-2023\/","og_locale":"es_ES","og_type":"article","og_title":"Convocatoria abierta: Cupo Explora 2023 - Aysen","og_description":"Hasta el 02 de diciembre estar\u00e1 abierta la convocatoria para postular al Cupo Explora 2023","og_url":"https:\/\/dev.explora.cl\/aysen\/convocatoria-abierta-cupo-explora-2023\/","og_site_name":"Aysen","article_published_time":"2022-10-24T13:14:12+00:00","article_modified_time":"2023-07-22T06:32:04+00:00","og_image":[{"width":4001,"height":2251,"url":"https:\/\/dev.explora.cl\/aysen\/wp-content\/uploads\/sites\/18\/2022\/10\/tw.png","type":"image\/png"}],"author":"scisternas","twitter_card":"summary_large_image","twitter_misc":{"Escrito por":"scisternas","Tiempo estimado de lectura":"1 minuto"},"schema":{"@context":"https:\/\/schema.org","@graph":[{"@type":"Article","@id":"https:\/\/dev.explora.cl\/aysen\/convocatoria-abierta-cupo-explora-2023\/#article","isPartOf":{"@id":"https:\/\/dev.explora.cl\/aysen\/convocatoria-abierta-cupo-explora-2023\/"},"author":{"name":"scisternas","@id":"https:\/\/dev.explora.cl\/aysen\/#\/schema\/person\/81c802b1e3b443e2575e555b39e60a05"},"headline":"Convocatoria abierta: Cupo Explora 2023","datePublished":"2022-10-24T13:14:12+00:00","dateModified":"2023-07-22T06:32:04+00:00","mainEntityOfPage":{"@id":"https:\/\/dev.explora.cl\/aysen\/convocatoria-abierta-cupo-explora-2023\/"},"wordCount":173,"commentCount":0,"image":{"@id":"https:\/\/dev.explora.cl\/aysen\/convocatoria-abierta-cupo-explora-2023\/#primaryimage"},"thumbnailUrl":"https:\/\/dev.explora.cl\/aysen\/wp-content\/uploads\/sites\/18\/2022\/10\/tw.png","articleSection":["Noticias"],"inLanguage":"es-CL","potentialAction":[{"@type":"CommentAction","name":"Comment","target":["https:\/\/dev.explora.cl\/aysen\/convocatoria-abierta-cupo-explora-2023\/#respond"]}]},{"@type":"WebPage","@id":"https:\/\/dev.explora.cl\/aysen\/convocatoria-abierta-cupo-explora-2023\/","url":"https:\/\/dev.explora.cl\/aysen\/convocatoria-abierta-cupo-explora-2023\/","name":"Convocatoria abierta: Cupo Explora 2023 - Aysen","isPartOf":{"@id":"https:\/\/dev.explora.cl\/aysen\/#website"},"primaryImageOfPage":{"@id":"https:\/\/dev.explora.cl\/aysen\/convocatoria-abierta-cupo-explora-2023\/#primaryimage"},"image":{"@id":"https:\/\/dev.explora.cl\/aysen\/convocatoria-abierta-cupo-explora-2023\/#primaryimage"},"thumbnailUrl":"https:\/\/dev.explora.cl\/aysen\/wp-content\/uploads\/sites\/18\/2022\/10\/tw.png","datePublished":"2022-10-24T13:14:12+00:00","dateModified":"2023-07-22T06:32:04+00:00","author":{"@id":"https:\/\/dev.explora.cl\/aysen\/#\/schema\/person\/81c802b1e3b443e2575e555b39e60a05"},"breadcrumb":{"@id":"https:\/\/dev.explora.cl\/aysen\/convocatoria-abierta-cupo-explora-2023\/#breadcrumb"},"inLanguage":"es-CL","potentialAction":[{"@type":"ReadAction","target":["https:\/\/dev.explora.cl\/aysen\/convocatoria-abierta-cupo-explora-2023\/"]}]},{"@type":"ImageObject","inLanguage":"es-CL","@id":"https:\/\/dev.explora.cl\/aysen\/convocatoria-abierta-cupo-explora-2023\/#primaryimage","url":"https:\/\/dev.explora.cl\/aysen\/wp-content\/uploads\/sites\/18\/2022\/10\/tw.png","contentUrl":"https:\/\/dev.explora.cl\/aysen\/wp-content\/uploads\/sites\/18\/2022\/10\/tw.png","width":4001,"height":2251},{"@type":"BreadcrumbList","@id":"https:\/\/dev.explora.cl\/aysen\/convocatoria-abierta-cupo-explora-2023\/#breadcrumb","itemListElement":[{"@type":"ListItem","position":1,"name":"Portada","item":"https:\/\/dev.explora.cl\/aysen\/"},{"@type":"ListItem","position":2,"name":"Convocatoria abierta: Cupo Explora 2023"}]},{"@type":"WebSite","@id":"https:\/\/dev.explora.cl\/aysen\/#website","url":"https:\/\/dev.explora.cl\/aysen\/","name":"Aysen","description":"Otro sitio m\u00e1s de dev.explora.cl","potentialAction":[{"@type":"SearchAction","target":{"@type":"EntryPoint","urlTemplate":"https:\/\/dev.explora.cl\/aysen\/?s={search_term_string}"},"query-input":{"@type":"PropertyValueSpecification","valueRequired":true,"valueName":"search_term_string"}}],"inLanguage":"es-CL"},{"@type":"Person","@id":"https:\/\/dev.explora.cl\/aysen\/#\/schema\/person\/81c802b1e3b443e2575e555b39e60a05","name":"scisternas","image":{"@type":"ImageObject","inLanguage":"es-CL","@id":"https:\/\/dev.explora.cl\/aysen\/#\/schema\/person\/image\/","url":"https:\/\/secure.gravatar.com\/avatar\/611c8f1946b775bdf01b0521c85a9381c3ad08d928d8ead34ce577b0fa231c76?s=96&d=mm&r=g","contentUrl":"https:\/\/secure.gravatar.com\/avatar\/611c8f1946b775bdf01b0521c85a9381c3ad08d928d8ead34ce577b0fa231c76?s=96&d=mm&r=g","caption":"scisternas"},"url":"https:\/\/dev.explora.cl\/aysen\/author\/scisternas\/"}]}},"_links":{"self":[{"href":"https:\/\/dev.explora.cl\/aysen\/wp-json\/wp\/v2\/posts\/38329","targetHints":{"allow":["GET"]}}],"collection":[{"href":"https:\/\/dev.explora.cl\/aysen\/wp-json\/wp\/v2\/posts"}],"about":[{"href":"https:\/\/dev.explora.cl\/aysen\/wp-json\/wp\/v2\/types\/post"}],"author":[{"embeddable":true,"href":"https:\/\/dev.explora.cl\/aysen\/wp-json\/wp\/v2\/users\/37"}],"replies":[{"embeddable":true,"href":"https:\/\/dev.explora.cl\/aysen\/wp-json\/wp\/v2\/comments?post=38329"}],"version-history":[{"count":2,"href":"https:\/\/dev.explora.cl\/aysen\/wp-json\/wp\/v2\/posts\/38329\/revisions"}],"predecessor-version":[{"id":38332,"href":"https:\/\/dev.explora.cl\/aysen\/wp-json\/wp\/v2\/posts\/38329\/revisions\/38332"}],"wp:featuredmedia":[{"embeddable":true,"href":"https:\/\/dev.explora.cl\/aysen\/wp-json\/wp\/v2\/media\/38330"}],"wp:attachment":[{"href":"https:\/\/dev.explora.cl\/aysen\/wp-json\/wp\/v2\/media?parent=38329"}],"wp:term":[{"taxonomy":"category","embeddable":true,"href":"https:\/\/dev.explora.cl\/aysen\/wp-json\/wp\/v2\/categories?post=38329"},{"taxonomy":"post_tag","embeddable":true,"href":"https:\/\/dev.explora.cl\/aysen\/wp-json\/wp\/v2\/tags?post=38329"}],"curies":[{"name":"wp","href":"https:\/\/api.w.org\/{rel}","templated":true}]}}