{"id":38326,"date":"2022-10-15T10:05:47","date_gmt":"2022-10-15T13:05:47","guid":{"rendered":"https:\/\/dev.explora.cl\/aysen\/?p=38326"},"modified":"2023-07-22T03:09:28","modified_gmt":"2023-07-22T07:09:28","slug":"festival-de-las-ciencias-2022-naturaleza-arte-y-ciencia-confluyen-para-celebrar-el-agua-en-aysen","status":"publish","type":"post","link":"https:\/\/dev.explora.cl\/aysen\/festival-de-las-ciencias-2022-naturaleza-arte-y-ciencia-confluyen-para-celebrar-el-agua-en-aysen\/","title":{"rendered":"Festival de las Ciencias 2022: Naturaleza, arte y ciencia confluyen para celebrar el agua en Ays\u00e9n"},"content":{"rendered":"<p><em>Con m\u00e1s de 20 actividades realizadas en localidades de 9 comunas de la regi\u00f3n, el Festival de las Ciencias (FECI) del Proyecto Explora Ays\u00e9n celebr\u00f3 en grande el patrimonio h\u00eddrico de la regi\u00f3n, reflexionando sobre el cambio clim\u00e1tico e incentivando a la ciudadan\u00eda a reconectarse con la naturaleza y los ecosistemas de los cuales forma parte.<\/em><!--more--><\/p>\n<p>Descubrir la inmensidad de la ballena Sei, explorar la naturaleza mediante el grabado, la ilustraci\u00f3n bot\u00e1nica y visitas a \u00e1reas protegidas, crear modelos en 3D, reflexionar sobre la resiliencia de la Tierra a trav\u00e9s del teatro y la m\u00fasica, adem\u00e1s de charlas, intervenciones urbanas, y visitas a museos y laboratorios, fueron algunas de las actividades que dieron vida al Festival de las Ciencias 2022, una iniciativa impulsada en la regi\u00f3n por el Proyecto Explora Ays\u00e9n del Ministerio de Ciencias y ejecutada por el Campus Patagonia de la Universidad Austral de Chile.<\/p>\n<p>El Festival de las Ciencias es una iniciativa del Ministerio de Ciencia, Tecnolog\u00eda, Conocimiento e Innovaci\u00f3n que busca acercar la ciencia a la ciudadan\u00eda mediante una fiesta inclusiva que ofrece diversas actividades gratuitas e interactivas para todos los p\u00fablicos. Este a\u00f1o el Festival se desarroll\u00f3 entre el 2 y 9 de octubre con actividades centradas en el cambio clim\u00e1tico y la regeneraci\u00f3n a partir de uno de los elementos m\u00e1s sensibles a la crisis clim\u00e1tica: el agua.<\/p>\n<p>Entre fiordos, glaciares, bosque nativo e imponentes cerros se sit\u00faan las 8 localidades que, desde La Junta hasta Villa O\u2019Higgins, fueron protagonistas de FECI 2022. Gracias a la colaboraci\u00f3n con centros de investigaci\u00f3n y universidades, laboratorios, museos y centros culturales, organizaciones locales y organismos p\u00fablicos, el Proyecto Explora Ays\u00e9n pudo llevar el Festival de las Ciencias a los territorios para celebrar en terreno el patrimonio h\u00eddrico de la regi\u00f3n.<\/p>\n<p><strong>Ciencia, arte y ciudadan\u00eda<\/strong><\/p>\n<p>Las actividades realizadas se destacaron por entrelazar la ciencia y tecnolog\u00eda con el arte, la m\u00fasica, la innovaci\u00f3n y las experiencias en la naturaleza, con el objetivo de despertar la curiosidad cient\u00edfica y promover el reencuentro con los ecosistemas de la regi\u00f3n. Entre las actividades art\u00edsticas se cont\u00f3 con orquestas, conciertos y la obra de teatro <em>Voces del agua<\/em>.<\/p>\n<p>Diana Fern\u00e1ndez, espectadora de la obra <em>Voces del Agua<\/em> y estudiante del Liceo Arturo Prat Chac\u00f3n de Puerto Cisnes, se\u00f1al\u00f3: \u201cFue una gran obra, muy bien enfocada, bien realizada y muy entretenida. Enfocar estos temas que se centran en la regi\u00f3n, para las nuevas generaciones que vivimos en la regi\u00f3n, es s\u00faper importante\u201d.<\/p>\n<p>Tras dos ediciones virtuales, debido a la pandemia, este a\u00f1o el Festival de las Ciencias volvi\u00f3 a la ciudad a trav\u00e9s de actividades como el <em>Carnaval de las m\u00e1scaras <\/em>y la cicletada ciudadana<em> El agua de Ays\u00e9n<\/em>, adem\u00e1s de actividades presenciales \u00edconos en la regi\u00f3n como lo es <em>La ciencia sale a la Calle<\/em>, una feria de ciencias que este a\u00f1o se realiz\u00f3 en Coyhaique y Puerto Ays\u00e9n.<\/p>\n<p>Respecto a <em>La ciencia sale a la calle, <\/em>Samuel Navarro, Delegado Presidencial Regional (s) enfatiz\u00f3, \u201cMe parece muy importante esta actividad abierta al p\u00fablico, adem\u00e1s como dice su eslogan <em>La ciencia sale a la calle<\/em>, porque la ciencia es algo que debemos promover y fortalecer\u201d.<\/p>\n<p>El despliegue territorial y la diversidad de actividades fue el car\u00e1cter distintivo de FECI 2022 en Ays\u00e9n. Sobre esto, Karina Ocampo, encargada del Festival de las Ciencias en la regi\u00f3n, concluy\u00f3: \u201cEs destacable el inter\u00e9s que tienen las personas del territorio por aceptar actividades distintas de ciencia y en que cient\u00edficos lleguen hasta los territorios. Sin las alianzas con diversos organismos y en especial con las organizaciones territoriales esto no habr\u00eda sido posible\u201d.<\/p>\n","protected":false},"excerpt":{"rendered":"<p>Con m\u00e1s de 20 actividades realizadas en localidades de 9 comunas de la regi\u00f3n, el Festival de las Ciencias (FECI) del Proyecto Explora Ays\u00e9n celebr\u00f3 en grande el patrimonio h\u00eddrico de la regi\u00f3n, reflexionando sobre el cambio clim\u00e1tico e incentivando a la ciudadan\u00eda a reconectarse con la naturaleza y los ecosistemas de los cuales forma [&hellip;]<\/p>\n","protected":false},"author":37,"featured_media":38327,"comment_status":"open","ping_status":"open","sticky":false,"template":"","format":"standard","meta":{"_acf_changed":false,"_exactmetrics_skip_tracking":false,"_exactmetrics_sitenote_active":false,"_exactmetrics_sitenote_note":"","_exactmetrics_sitenote_category":0,"footnotes":"","_links_to":"","_links_to_target":""},"categories":[4],"tags":[],"class_list":["post-38326","post","type-post","status-publish","format-standard","has-post-thumbnail","hentry","category-noticias"],"acf":[],"yoast_head":"<!-- This site is optimized with the Yoast SEO plugin v26.7 - https:\/\/yoast.com\/wordpress\/plugins\/seo\/ -->\n<title>Festival de las Ciencias 2022: Naturaleza, arte y ciencia confluyen para celebrar el agua en Ays\u00e9n - Aysen<\/title>\n<meta name=\"robots\" content=\"index, follow, max-snippet:-1, max-image-preview:large, max-video-preview:-1\" \/>\n<link rel=\"canonical\" href=\"https:\/\/dev.explora.cl\/aysen\/festival-de-las-ciencias-2022-naturaleza-arte-y-ciencia-confluyen-para-celebrar-el-agua-en-aysen\/\" class=\"yoast-seo-meta-tag\" \/>\n<meta property=\"og:locale\" content=\"es_ES\" class=\"yoast-seo-meta-tag\" \/>\n<meta property=\"og:type\" content=\"article\" class=\"yoast-seo-meta-tag\" \/>\n<meta property=\"og:title\" content=\"Festival de las Ciencias 2022: Naturaleza, arte y ciencia confluyen para celebrar el agua en Ays\u00e9n - Aysen\" class=\"yoast-seo-meta-tag\" \/>\n<meta property=\"og:description\" content=\"Con m\u00e1s de 20 actividades realizadas en localidades de 9 comunas de la regi\u00f3n, el Festival de las Ciencias (FECI) del Proyecto Explora Ays\u00e9n celebr\u00f3 en grande el patrimonio h\u00eddrico de la regi\u00f3n, reflexionando sobre el cambio clim\u00e1tico e incentivando a la ciudadan\u00eda a reconectarse con la naturaleza y los ecosistemas de los cuales forma [&hellip;]\" class=\"yoast-seo-meta-tag\" \/>\n<meta property=\"og:url\" content=\"https:\/\/dev.explora.cl\/aysen\/festival-de-las-ciencias-2022-naturaleza-arte-y-ciencia-confluyen-para-celebrar-el-agua-en-aysen\/\" class=\"yoast-seo-meta-tag\" \/>\n<meta property=\"og:site_name\" content=\"Aysen\" class=\"yoast-seo-meta-tag\" \/>\n<meta property=\"article:published_time\" content=\"2022-10-15T13:05:47+00:00\" class=\"yoast-seo-meta-tag\" \/>\n<meta property=\"article:modified_time\" content=\"2023-07-22T07:09:28+00:00\" class=\"yoast-seo-meta-tag\" \/>\n<meta property=\"og:image\" content=\"https:\/\/dev.explora.cl\/aysen\/wp-content\/uploads\/sites\/18\/2022\/10\/FECI-3.jpeg\" class=\"yoast-seo-meta-tag\" \/>\n\t<meta property=\"og:image:width\" content=\"1280\" class=\"yoast-seo-meta-tag\" \/>\n\t<meta property=\"og:image:height\" content=\"852\" class=\"yoast-seo-meta-tag\" \/>\n\t<meta property=\"og:image:type\" content=\"image\/jpeg\" class=\"yoast-seo-meta-tag\" \/>\n<meta name=\"author\" content=\"scisternas\" class=\"yoast-seo-meta-tag\" \/>\n<meta name=\"twitter:card\" content=\"summary_large_image\" class=\"yoast-seo-meta-tag\" \/>\n<meta name=\"twitter:label1\" content=\"Escrito por\" class=\"yoast-seo-meta-tag\" \/>\n\t<meta name=\"twitter:data1\" content=\"scisternas\" class=\"yoast-seo-meta-tag\" \/>\n\t<meta name=\"twitter:label2\" content=\"Tiempo estimado de lectura\" class=\"yoast-seo-meta-tag\" \/>\n\t<meta name=\"twitter:data2\" content=\"3 minutos\" class=\"yoast-seo-meta-tag\" \/>\n<script type=\"application\/ld+json\" class=\"yoast-schema-graph\">{\"@context\":\"https:\/\/schema.org\",\"@graph\":[{\"@type\":\"Article\",\"@id\":\"https:\/\/dev.explora.cl\/aysen\/festival-de-las-ciencias-2022-naturaleza-arte-y-ciencia-confluyen-para-celebrar-el-agua-en-aysen\/#article\",\"isPartOf\":{\"@id\":\"https:\/\/dev.explora.cl\/aysen\/festival-de-las-ciencias-2022-naturaleza-arte-y-ciencia-confluyen-para-celebrar-el-agua-en-aysen\/\"},\"author\":{\"name\":\"scisternas\",\"@id\":\"https:\/\/dev.explora.cl\/aysen\/#\/schema\/person\/81c802b1e3b443e2575e555b39e60a05\"},\"headline\":\"Festival de las Ciencias 2022: Naturaleza, arte y ciencia confluyen para celebrar el agua en Ays\u00e9n\",\"datePublished\":\"2022-10-15T13:05:47+00:00\",\"dateModified\":\"2023-07-22T07:09:28+00:00\",\"mainEntityOfPage\":{\"@id\":\"https:\/\/dev.explora.cl\/aysen\/festival-de-las-ciencias-2022-naturaleza-arte-y-ciencia-confluyen-para-celebrar-el-agua-en-aysen\/\"},\"wordCount\":663,\"commentCount\":0,\"image\":{\"@id\":\"https:\/\/dev.explora.cl\/aysen\/festival-de-las-ciencias-2022-naturaleza-arte-y-ciencia-confluyen-para-celebrar-el-agua-en-aysen\/#primaryimage\"},\"thumbnailUrl\":\"https:\/\/dev.explora.cl\/aysen\/wp-content\/uploads\/sites\/18\/2022\/10\/FECI-3.jpeg\",\"articleSection\":[\"Noticias\"],\"inLanguage\":\"es-CL\",\"potentialAction\":[{\"@type\":\"CommentAction\",\"name\":\"Comment\",\"target\":[\"https:\/\/dev.explora.cl\/aysen\/festival-de-las-ciencias-2022-naturaleza-arte-y-ciencia-confluyen-para-celebrar-el-agua-en-aysen\/#respond\"]}]},{\"@type\":\"WebPage\",\"@id\":\"https:\/\/dev.explora.cl\/aysen\/festival-de-las-ciencias-2022-naturaleza-arte-y-ciencia-confluyen-para-celebrar-el-agua-en-aysen\/\",\"url\":\"https:\/\/dev.explora.cl\/aysen\/festival-de-las-ciencias-2022-naturaleza-arte-y-ciencia-confluyen-para-celebrar-el-agua-en-aysen\/\",\"name\":\"Festival de las Ciencias 2022: Naturaleza, arte y ciencia confluyen para celebrar el agua en Ays\u00e9n - Aysen\",\"isPartOf\":{\"@id\":\"https:\/\/dev.explora.cl\/aysen\/#website\"},\"primaryImageOfPage\":{\"@id\":\"https:\/\/dev.explora.cl\/aysen\/festival-de-las-ciencias-2022-naturaleza-arte-y-ciencia-confluyen-para-celebrar-el-agua-en-aysen\/#primaryimage\"},\"image\":{\"@id\":\"https:\/\/dev.explora.cl\/aysen\/festival-de-las-ciencias-2022-naturaleza-arte-y-ciencia-confluyen-para-celebrar-el-agua-en-aysen\/#primaryimage\"},\"thumbnailUrl\":\"https:\/\/dev.explora.cl\/aysen\/wp-content\/uploads\/sites\/18\/2022\/10\/FECI-3.jpeg\",\"datePublished\":\"2022-10-15T13:05:47+00:00\",\"dateModified\":\"2023-07-22T07:09:28+00:00\",\"author\":{\"@id\":\"https:\/\/dev.explora.cl\/aysen\/#\/schema\/person\/81c802b1e3b443e2575e555b39e60a05\"},\"breadcrumb\":{\"@id\":\"https:\/\/dev.explora.cl\/aysen\/festival-de-las-ciencias-2022-naturaleza-arte-y-ciencia-confluyen-para-celebrar-el-agua-en-aysen\/#breadcrumb\"},\"inLanguage\":\"es-CL\",\"potentialAction\":[{\"@type\":\"ReadAction\",\"target\":[\"https:\/\/dev.explora.cl\/aysen\/festival-de-las-ciencias-2022-naturaleza-arte-y-ciencia-confluyen-para-celebrar-el-agua-en-aysen\/\"]}]},{\"@type\":\"ImageObject\",\"inLanguage\":\"es-CL\",\"@id\":\"https:\/\/dev.explora.cl\/aysen\/festival-de-las-ciencias-2022-naturaleza-arte-y-ciencia-confluyen-para-celebrar-el-agua-en-aysen\/#primaryimage\",\"url\":\"https:\/\/dev.explora.cl\/aysen\/wp-content\/uploads\/sites\/18\/2022\/10\/FECI-3.jpeg\",\"contentUrl\":\"https:\/\/dev.explora.cl\/aysen\/wp-content\/uploads\/sites\/18\/2022\/10\/FECI-3.jpeg\",\"width\":1280,\"height\":852},{\"@type\":\"BreadcrumbList\",\"@id\":\"https:\/\/dev.explora.cl\/aysen\/festival-de-las-ciencias-2022-naturaleza-arte-y-ciencia-confluyen-para-celebrar-el-agua-en-aysen\/#breadcrumb\",\"itemListElement\":[{\"@type\":\"ListItem\",\"position\":1,\"name\":\"Portada\",\"item\":\"https:\/\/dev.explora.cl\/aysen\/\"},{\"@type\":\"ListItem\",\"position\":2,\"name\":\"Festival de las Ciencias 2022: Naturaleza, arte y ciencia confluyen para celebrar el agua en Ays\u00e9n\"}]},{\"@type\":\"WebSite\",\"@id\":\"https:\/\/dev.explora.cl\/aysen\/#website\",\"url\":\"https:\/\/dev.explora.cl\/aysen\/\",\"name\":\"Aysen\",\"description\":\"Otro sitio m\u00e1s de dev.explora.cl\",\"potentialAction\":[{\"@type\":\"SearchAction\",\"target\":{\"@type\":\"EntryPoint\",\"urlTemplate\":\"https:\/\/dev.explora.cl\/aysen\/?s={search_term_string}\"},\"query-input\":{\"@type\":\"PropertyValueSpecification\",\"valueRequired\":true,\"valueName\":\"search_term_string\"}}],\"inLanguage\":\"es-CL\"},{\"@type\":\"Person\",\"@id\":\"https:\/\/dev.explora.cl\/aysen\/#\/schema\/person\/81c802b1e3b443e2575e555b39e60a05\",\"name\":\"scisternas\",\"image\":{\"@type\":\"ImageObject\",\"inLanguage\":\"es-CL\",\"@id\":\"https:\/\/dev.explora.cl\/aysen\/#\/schema\/person\/image\/\",\"url\":\"https:\/\/secure.gravatar.com\/avatar\/611c8f1946b775bdf01b0521c85a9381c3ad08d928d8ead34ce577b0fa231c76?s=96&d=mm&r=g\",\"contentUrl\":\"https:\/\/secure.gravatar.com\/avatar\/611c8f1946b775bdf01b0521c85a9381c3ad08d928d8ead34ce577b0fa231c76?s=96&d=mm&r=g\",\"caption\":\"scisternas\"},\"url\":\"https:\/\/dev.explora.cl\/aysen\/author\/scisternas\/\"}]}<\/script>\n<!-- \/ Yoast SEO plugin. -->","yoast_head_json":{"title":"Festival de las Ciencias 2022: Naturaleza, arte y ciencia confluyen para celebrar el agua en Ays\u00e9n - Aysen","robots":{"index":"index","follow":"follow","max-snippet":"max-snippet:-1","max-image-preview":"max-image-preview:large","max-video-preview":"max-video-preview:-1"},"canonical":"https:\/\/dev.explora.cl\/aysen\/festival-de-las-ciencias-2022-naturaleza-arte-y-ciencia-confluyen-para-celebrar-el-agua-en-aysen\/","og_locale":"es_ES","og_type":"article","og_title":"Festival de las Ciencias 2022: Naturaleza, arte y ciencia confluyen para celebrar el agua en Ays\u00e9n - Aysen","og_description":"Con m\u00e1s de 20 actividades realizadas en localidades de 9 comunas de la regi\u00f3n, el Festival de las Ciencias (FECI) del Proyecto Explora Ays\u00e9n celebr\u00f3 en grande el patrimonio h\u00eddrico de la regi\u00f3n, reflexionando sobre el cambio clim\u00e1tico e incentivando a la ciudadan\u00eda a reconectarse con la naturaleza y los ecosistemas de los cuales forma [&hellip;]","og_url":"https:\/\/dev.explora.cl\/aysen\/festival-de-las-ciencias-2022-naturaleza-arte-y-ciencia-confluyen-para-celebrar-el-agua-en-aysen\/","og_site_name":"Aysen","article_published_time":"2022-10-15T13:05:47+00:00","article_modified_time":"2023-07-22T07:09:28+00:00","og_image":[{"width":1280,"height":852,"url":"https:\/\/dev.explora.cl\/aysen\/wp-content\/uploads\/sites\/18\/2022\/10\/FECI-3.jpeg","type":"image\/jpeg"}],"author":"scisternas","twitter_card":"summary_large_image","twitter_misc":{"Escrito por":"scisternas","Tiempo estimado de lectura":"3 minutos"},"schema":{"@context":"https:\/\/schema.org","@graph":[{"@type":"Article","@id":"https:\/\/dev.explora.cl\/aysen\/festival-de-las-ciencias-2022-naturaleza-arte-y-ciencia-confluyen-para-celebrar-el-agua-en-aysen\/#article","isPartOf":{"@id":"https:\/\/dev.explora.cl\/aysen\/festival-de-las-ciencias-2022-naturaleza-arte-y-ciencia-confluyen-para-celebrar-el-agua-en-aysen\/"},"author":{"name":"scisternas","@id":"https:\/\/dev.explora.cl\/aysen\/#\/schema\/person\/81c802b1e3b443e2575e555b39e60a05"},"headline":"Festival de las Ciencias 2022: Naturaleza, arte y ciencia confluyen para celebrar el agua en Ays\u00e9n","datePublished":"2022-10-15T13:05:47+00:00","dateModified":"2023-07-22T07:09:28+00:00","mainEntityOfPage":{"@id":"https:\/\/dev.explora.cl\/aysen\/festival-de-las-ciencias-2022-naturaleza-arte-y-ciencia-confluyen-para-celebrar-el-agua-en-aysen\/"},"wordCount":663,"commentCount":0,"image":{"@id":"https:\/\/dev.explora.cl\/aysen\/festival-de-las-ciencias-2022-naturaleza-arte-y-ciencia-confluyen-para-celebrar-el-agua-en-aysen\/#primaryimage"},"thumbnailUrl":"https:\/\/dev.explora.cl\/aysen\/wp-content\/uploads\/sites\/18\/2022\/10\/FECI-3.jpeg","articleSection":["Noticias"],"inLanguage":"es-CL","potentialAction":[{"@type":"CommentAction","name":"Comment","target":["https:\/\/dev.explora.cl\/aysen\/festival-de-las-ciencias-2022-naturaleza-arte-y-ciencia-confluyen-para-celebrar-el-agua-en-aysen\/#respond"]}]},{"@type":"WebPage","@id":"https:\/\/dev.explora.cl\/aysen\/festival-de-las-ciencias-2022-naturaleza-arte-y-ciencia-confluyen-para-celebrar-el-agua-en-aysen\/","url":"https:\/\/dev.explora.cl\/aysen\/festival-de-las-ciencias-2022-naturaleza-arte-y-ciencia-confluyen-para-celebrar-el-agua-en-aysen\/","name":"Festival de las Ciencias 2022: Naturaleza, arte y ciencia confluyen para celebrar el agua en Ays\u00e9n - Aysen","isPartOf":{"@id":"https:\/\/dev.explora.cl\/aysen\/#website"},"primaryImageOfPage":{"@id":"https:\/\/dev.explora.cl\/aysen\/festival-de-las-ciencias-2022-naturaleza-arte-y-ciencia-confluyen-para-celebrar-el-agua-en-aysen\/#primaryimage"},"image":{"@id":"https:\/\/dev.explora.cl\/aysen\/festival-de-las-ciencias-2022-naturaleza-arte-y-ciencia-confluyen-para-celebrar-el-agua-en-aysen\/#primaryimage"},"thumbnailUrl":"https:\/\/dev.explora.cl\/aysen\/wp-content\/uploads\/sites\/18\/2022\/10\/FECI-3.jpeg","datePublished":"2022-10-15T13:05:47+00:00","dateModified":"2023-07-22T07:09:28+00:00","author":{"@id":"https:\/\/dev.explora.cl\/aysen\/#\/schema\/person\/81c802b1e3b443e2575e555b39e60a05"},"breadcrumb":{"@id":"https:\/\/dev.explora.cl\/aysen\/festival-de-las-ciencias-2022-naturaleza-arte-y-ciencia-confluyen-para-celebrar-el-agua-en-aysen\/#breadcrumb"},"inLanguage":"es-CL","potentialAction":[{"@type":"ReadAction","target":["https:\/\/dev.explora.cl\/aysen\/festival-de-las-ciencias-2022-naturaleza-arte-y-ciencia-confluyen-para-celebrar-el-agua-en-aysen\/"]}]},{"@type":"ImageObject","inLanguage":"es-CL","@id":"https:\/\/dev.explora.cl\/aysen\/festival-de-las-ciencias-2022-naturaleza-arte-y-ciencia-confluyen-para-celebrar-el-agua-en-aysen\/#primaryimage","url":"https:\/\/dev.explora.cl\/aysen\/wp-content\/uploads\/sites\/18\/2022\/10\/FECI-3.jpeg","contentUrl":"https:\/\/dev.explora.cl\/aysen\/wp-content\/uploads\/sites\/18\/2022\/10\/FECI-3.jpeg","width":1280,"height":852},{"@type":"BreadcrumbList","@id":"https:\/\/dev.explora.cl\/aysen\/festival-de-las-ciencias-2022-naturaleza-arte-y-ciencia-confluyen-para-celebrar-el-agua-en-aysen\/#breadcrumb","itemListElement":[{"@type":"ListItem","position":1,"name":"Portada","item":"https:\/\/dev.explora.cl\/aysen\/"},{"@type":"ListItem","position":2,"name":"Festival de las Ciencias 2022: Naturaleza, arte y ciencia confluyen para celebrar el agua en Ays\u00e9n"}]},{"@type":"WebSite","@id":"https:\/\/dev.explora.cl\/aysen\/#website","url":"https:\/\/dev.explora.cl\/aysen\/","name":"Aysen","description":"Otro sitio m\u00e1s de dev.explora.cl","potentialAction":[{"@type":"SearchAction","target":{"@type":"EntryPoint","urlTemplate":"https:\/\/dev.explora.cl\/aysen\/?s={search_term_string}"},"query-input":{"@type":"PropertyValueSpecification","valueRequired":true,"valueName":"search_term_string"}}],"inLanguage":"es-CL"},{"@type":"Person","@id":"https:\/\/dev.explora.cl\/aysen\/#\/schema\/person\/81c802b1e3b443e2575e555b39e60a05","name":"scisternas","image":{"@type":"ImageObject","inLanguage":"es-CL","@id":"https:\/\/dev.explora.cl\/aysen\/#\/schema\/person\/image\/","url":"https:\/\/secure.gravatar.com\/avatar\/611c8f1946b775bdf01b0521c85a9381c3ad08d928d8ead34ce577b0fa231c76?s=96&d=mm&r=g","contentUrl":"https:\/\/secure.gravatar.com\/avatar\/611c8f1946b775bdf01b0521c85a9381c3ad08d928d8ead34ce577b0fa231c76?s=96&d=mm&r=g","caption":"scisternas"},"url":"https:\/\/dev.explora.cl\/aysen\/author\/scisternas\/"}]}},"_links":{"self":[{"href":"https:\/\/dev.explora.cl\/aysen\/wp-json\/wp\/v2\/posts\/38326","targetHints":{"allow":["GET"]}}],"collection":[{"href":"https:\/\/dev.explora.cl\/aysen\/wp-json\/wp\/v2\/posts"}],"about":[{"href":"https:\/\/dev.explora.cl\/aysen\/wp-json\/wp\/v2\/types\/post"}],"author":[{"embeddable":true,"href":"https:\/\/dev.explora.cl\/aysen\/wp-json\/wp\/v2\/users\/37"}],"replies":[{"embeddable":true,"href":"https:\/\/dev.explora.cl\/aysen\/wp-json\/wp\/v2\/comments?post=38326"}],"version-history":[{"count":2,"href":"https:\/\/dev.explora.cl\/aysen\/wp-json\/wp\/v2\/posts\/38326\/revisions"}],"predecessor-version":[{"id":38346,"href":"https:\/\/dev.explora.cl\/aysen\/wp-json\/wp\/v2\/posts\/38326\/revisions\/38346"}],"wp:featuredmedia":[{"embeddable":true,"href":"https:\/\/dev.explora.cl\/aysen\/wp-json\/wp\/v2\/media\/38327"}],"wp:attachment":[{"href":"https:\/\/dev.explora.cl\/aysen\/wp-json\/wp\/v2\/media?parent=38326"}],"wp:term":[{"taxonomy":"category","embeddable":true,"href":"https:\/\/dev.explora.cl\/aysen\/wp-json\/wp\/v2\/categories?post=38326"},{"taxonomy":"post_tag","embeddable":true,"href":"https:\/\/dev.explora.cl\/aysen\/wp-json\/wp\/v2\/tags?post=38326"}],"curies":[{"name":"wp","href":"https:\/\/api.w.org\/{rel}","templated":true}]}}