{"id":38323,"date":"2022-10-21T09:58:55","date_gmt":"2022-10-21T12:58:55","guid":{"rendered":"https:\/\/dev.explora.cl\/aysen\/?p=38323"},"modified":"2023-07-22T02:32:18","modified_gmt":"2023-07-22T06:32:18","slug":"convocatoria-campamento-explora-va-aysen-descubre-las-ciencias-desde-el-territorio","status":"publish","type":"post","link":"https:\/\/dev.explora.cl\/aysen\/convocatoria-campamento-explora-va-aysen-descubre-las-ciencias-desde-el-territorio\/","title":{"rendered":"Convocatoria Campamento Explora Va! Ays\u00e9n: descubre las ciencias desde el territorio"},"content":{"rendered":"<p><em>Hasta el 24 de octubre docentes y educadores\/as de todas las disciplinas podr\u00e1n postular al Campamento Explora VA! Ays\u00e9n que en su versi\u00f3n 2022 invita a fortalecer competencias vinculadas a la generaci\u00f3n de conocimientos a trav\u00e9s de experiencias compartidas y l\u00fadicas. <\/em><\/p>\n<p>Promover la socializaci\u00f3n del conocimiento dentro de la comunidad educativa, contribuyendo al desarrollo de competencias en las distintas \u00e1reas del conocimiento, la tecnolog\u00eda y la innovaci\u00f3n es el objetivo del Campamento Explora Va!, iniciativa impulsada en la regi\u00f3n por el Proyecto Explora Ays\u00e9n del Ministerio de Ciencia y ejecutado por el Campus Patagonia de la Universidad Austral de Chile.<\/p>\n<p>El Campamento Explora Va! Ays\u00e9n en su versi\u00f3n 2022 cuenta con 40 cupos para docentes y educadores\/as de la regi\u00f3n, quienes durante el mes de noviembre podr\u00e1n ser parte de una experiencia de intercambio y aprendizaje a trav\u00e9s de talleres donde se desarrollar\u00e1n competencias en \u00e1reas del conocimiento, la tecnolog\u00eda y la innovaci\u00f3n desde una perspectiva socioambiental.<\/p>\n<p>\u201cEste a\u00f1o contaremos con una modalidad mixta. En el espacio virtual abordaremos contenido te\u00f3rico a trav\u00e9s dos m\u00f3dulos: <em>Ciencia, Experiencias e Innovaci\u00f3n<\/em> y <em>Juego y<\/em> <em>Aprendizaje creativo<\/em>. El formato presencial ser\u00e1 m\u00e1s metodol\u00f3gico, donde vamos a poder llevar lo aprendido 100% a terreno y a la experiencia mediante tres m\u00f3dulos: <em>Metodolog\u00edas e Innovaci\u00f3n<\/em>; <em>Experiencias desde el territorio<\/em>; y <em>Compartiendo Experiencias<\/em>\u201d, se\u00f1al\u00f3 Melissa Zavala, encargada del Campamento Explora Va! Ays\u00e9n.<\/p>\n<p><strong>Conocimiento compartido<\/strong><\/p>\n<p>En su versi\u00f3n 2022, el Campamento Explora Va! Ays\u00e9n contar\u00e1 con la participaci\u00f3n de destacados\/as especialistas, quienes compartir\u00e1n sus conocimientos y experiencias, adem\u00e1s de acompa\u00f1ar a las y los participantes durante los talleres. Los\/as expositores invitados\/as ser\u00e1n: Mario Quintanilla, investigador experto en educaci\u00f3n y ciencia; Dinelly Soto, divulgadora cient\u00edfica y especialista en el Reino Fungi; y el Observatorio del Juego.<\/p>\n<p>\u201cInvitamos a profesores y educadores\/as a postular y aprovechar de participar de esta instancia \u00fanica en la regi\u00f3n, donde docentes de todas las \u00e1reas podr\u00e1n trabajar en pro de las problem\u00e1ticas del contexto y aprender para la innovaci\u00f3n. Ser\u00e1 un espacio inmersivo en la que docentes podr\u00e1n capacitarse y enriquecerse no solamente desde la disciplina, sino tambi\u00e9n desde la conformaci\u00f3n de redes de colaboraci\u00f3n para as\u00ed convertirse en agentes de cambio dentro de nuestras salas de clases\u201d, concluy\u00f3 Melissa Zavala.<\/p>\n<p><strong>\u00bfC\u00f3mo participar? <\/strong><strong>\u00a0<\/strong><\/p>\n<p>Educadores(as) y docentes de educaci\u00f3n diferencial, parvularia, b\u00e1sica y\/o media de cualquier disciplina que se encuentren ejerciendo sus labores en establecimientos educacionales podr\u00e1n inscribirse en el formulario disponible en la p\u00e1gina web <a href=\"https:\/\/dev.explora.cl\/aysen\/\">https:\/\/dev.explora.cl\/aysen\/<\/a>. Las bases y documentos necesarios para la postulaci\u00f3n se pueden descargar en los siguientes enlaces:<\/p>\n<p><a href=\"https:\/\/dev.explora.cl\/aysen\/wp-content\/uploads\/sites\/18\/2022\/10\/Bases-Convocatoria-Campamento-Explora-Va-2022-1.pdf\"><strong>Bases<\/strong><\/a><\/p>\n<p><a href=\"https:\/\/docs.google.com\/forms\/d\/e\/1FAIpQLSdAectsJ57JThhE8cN97GiJ8BdqDBN52QztxAb-kKhkE2IWLQ\/viewform\"><strong>Formulario de inscripci\u00f3n<\/strong><\/a><\/p>\n<p><a href=\"https:\/\/drive.google.com\/uc?id=1pdiz40-dftt4NmjKLf4nyomC-LQPfDs8&amp;export=download\"><strong>Carta de compromiso <\/strong><\/a><\/p>\n","protected":false},"excerpt":{"rendered":"<p>Hasta el 24 de octubre docentes y educadores\/as de todas las disciplinas podr\u00e1n postular al Campamento Explora VA! Ays\u00e9n que en su versi\u00f3n 2022 invita a fortalecer competencias vinculadas a la generaci\u00f3n de conocimientos a trav\u00e9s de experiencias compartidas y l\u00fadicas. Promover la socializaci\u00f3n del conocimiento dentro de la comunidad educativa, contribuyendo al desarrollo de [&hellip;]<\/p>\n","protected":false},"author":37,"featured_media":38324,"comment_status":"open","ping_status":"open","sticky":false,"template":"","format":"standard","meta":{"_acf_changed":false,"_exactmetrics_skip_tracking":false,"_exactmetrics_sitenote_active":false,"_exactmetrics_sitenote_note":"","_exactmetrics_sitenote_category":0,"footnotes":"","_links_to":"","_links_to_target":""},"categories":[4],"tags":[],"class_list":["post-38323","post","type-post","status-publish","format-standard","has-post-thumbnail","hentry","category-noticias"],"acf":[],"yoast_head":"<!-- This site is optimized with the Yoast SEO plugin v26.7 - https:\/\/yoast.com\/wordpress\/plugins\/seo\/ -->\n<title>Convocatoria Campamento Explora Va! Ays\u00e9n: descubre las ciencias desde el territorio - Aysen<\/title>\n<meta name=\"robots\" content=\"index, follow, max-snippet:-1, max-image-preview:large, max-video-preview:-1\" \/>\n<link rel=\"canonical\" href=\"https:\/\/dev.explora.cl\/aysen\/convocatoria-campamento-explora-va-aysen-descubre-las-ciencias-desde-el-territorio\/\" class=\"yoast-seo-meta-tag\" \/>\n<meta property=\"og:locale\" content=\"es_ES\" class=\"yoast-seo-meta-tag\" \/>\n<meta property=\"og:type\" content=\"article\" class=\"yoast-seo-meta-tag\" \/>\n<meta property=\"og:title\" content=\"Convocatoria Campamento Explora Va! Ays\u00e9n: descubre las ciencias desde el territorio - Aysen\" class=\"yoast-seo-meta-tag\" \/>\n<meta property=\"og:description\" content=\"Hasta el 24 de octubre docentes y educadores\/as de todas las disciplinas podr\u00e1n postular al Campamento Explora VA! Ays\u00e9n que en su versi\u00f3n 2022 invita a fortalecer competencias vinculadas a la generaci\u00f3n de conocimientos a trav\u00e9s de experiencias compartidas y l\u00fadicas. Promover la socializaci\u00f3n del conocimiento dentro de la comunidad educativa, contribuyendo al desarrollo de [&hellip;]\" class=\"yoast-seo-meta-tag\" \/>\n<meta property=\"og:url\" content=\"https:\/\/dev.explora.cl\/aysen\/convocatoria-campamento-explora-va-aysen-descubre-las-ciencias-desde-el-territorio\/\" class=\"yoast-seo-meta-tag\" \/>\n<meta property=\"og:site_name\" content=\"Aysen\" class=\"yoast-seo-meta-tag\" \/>\n<meta property=\"article:published_time\" content=\"2022-10-21T12:58:55+00:00\" class=\"yoast-seo-meta-tag\" \/>\n<meta property=\"article:modified_time\" content=\"2023-07-22T06:32:18+00:00\" class=\"yoast-seo-meta-tag\" \/>\n<meta property=\"og:image\" content=\"https:\/\/dev.explora.cl\/aysen\/wp-content\/uploads\/sites\/18\/2022\/10\/02_Convo_ExploraVa_Banner_Web.jpg\" class=\"yoast-seo-meta-tag\" \/>\n\t<meta property=\"og:image:width\" content=\"1521\" class=\"yoast-seo-meta-tag\" \/>\n\t<meta property=\"og:image:height\" content=\"969\" class=\"yoast-seo-meta-tag\" \/>\n\t<meta property=\"og:image:type\" content=\"image\/jpeg\" class=\"yoast-seo-meta-tag\" \/>\n<meta name=\"author\" content=\"scisternas\" class=\"yoast-seo-meta-tag\" \/>\n<meta name=\"twitter:card\" content=\"summary_large_image\" class=\"yoast-seo-meta-tag\" \/>\n<meta name=\"twitter:label1\" content=\"Escrito por\" class=\"yoast-seo-meta-tag\" \/>\n\t<meta name=\"twitter:data1\" content=\"scisternas\" class=\"yoast-seo-meta-tag\" \/>\n\t<meta name=\"twitter:label2\" content=\"Tiempo estimado de lectura\" class=\"yoast-seo-meta-tag\" \/>\n\t<meta name=\"twitter:data2\" content=\"2 minutos\" class=\"yoast-seo-meta-tag\" \/>\n<script type=\"application\/ld+json\" class=\"yoast-schema-graph\">{\"@context\":\"https:\/\/schema.org\",\"@graph\":[{\"@type\":\"Article\",\"@id\":\"https:\/\/dev.explora.cl\/aysen\/convocatoria-campamento-explora-va-aysen-descubre-las-ciencias-desde-el-territorio\/#article\",\"isPartOf\":{\"@id\":\"https:\/\/dev.explora.cl\/aysen\/convocatoria-campamento-explora-va-aysen-descubre-las-ciencias-desde-el-territorio\/\"},\"author\":{\"name\":\"scisternas\",\"@id\":\"https:\/\/dev.explora.cl\/aysen\/#\/schema\/person\/81c802b1e3b443e2575e555b39e60a05\"},\"headline\":\"Convocatoria Campamento Explora Va! Ays\u00e9n: descubre las ciencias desde el territorio\",\"datePublished\":\"2022-10-21T12:58:55+00:00\",\"dateModified\":\"2023-07-22T06:32:18+00:00\",\"mainEntityOfPage\":{\"@id\":\"https:\/\/dev.explora.cl\/aysen\/convocatoria-campamento-explora-va-aysen-descubre-las-ciencias-desde-el-territorio\/\"},\"wordCount\":498,\"commentCount\":0,\"image\":{\"@id\":\"https:\/\/dev.explora.cl\/aysen\/convocatoria-campamento-explora-va-aysen-descubre-las-ciencias-desde-el-territorio\/#primaryimage\"},\"thumbnailUrl\":\"https:\/\/dev.explora.cl\/aysen\/wp-content\/uploads\/sites\/18\/2022\/10\/02_Convo_ExploraVa_Banner_Web.jpg\",\"articleSection\":[\"Noticias\"],\"inLanguage\":\"es-CL\",\"potentialAction\":[{\"@type\":\"CommentAction\",\"name\":\"Comment\",\"target\":[\"https:\/\/dev.explora.cl\/aysen\/convocatoria-campamento-explora-va-aysen-descubre-las-ciencias-desde-el-territorio\/#respond\"]}]},{\"@type\":\"WebPage\",\"@id\":\"https:\/\/dev.explora.cl\/aysen\/convocatoria-campamento-explora-va-aysen-descubre-las-ciencias-desde-el-territorio\/\",\"url\":\"https:\/\/dev.explora.cl\/aysen\/convocatoria-campamento-explora-va-aysen-descubre-las-ciencias-desde-el-territorio\/\",\"name\":\"Convocatoria Campamento Explora Va! Ays\u00e9n: descubre las ciencias desde el territorio - Aysen\",\"isPartOf\":{\"@id\":\"https:\/\/dev.explora.cl\/aysen\/#website\"},\"primaryImageOfPage\":{\"@id\":\"https:\/\/dev.explora.cl\/aysen\/convocatoria-campamento-explora-va-aysen-descubre-las-ciencias-desde-el-territorio\/#primaryimage\"},\"image\":{\"@id\":\"https:\/\/dev.explora.cl\/aysen\/convocatoria-campamento-explora-va-aysen-descubre-las-ciencias-desde-el-territorio\/#primaryimage\"},\"thumbnailUrl\":\"https:\/\/dev.explora.cl\/aysen\/wp-content\/uploads\/sites\/18\/2022\/10\/02_Convo_ExploraVa_Banner_Web.jpg\",\"datePublished\":\"2022-10-21T12:58:55+00:00\",\"dateModified\":\"2023-07-22T06:32:18+00:00\",\"author\":{\"@id\":\"https:\/\/dev.explora.cl\/aysen\/#\/schema\/person\/81c802b1e3b443e2575e555b39e60a05\"},\"breadcrumb\":{\"@id\":\"https:\/\/dev.explora.cl\/aysen\/convocatoria-campamento-explora-va-aysen-descubre-las-ciencias-desde-el-territorio\/#breadcrumb\"},\"inLanguage\":\"es-CL\",\"potentialAction\":[{\"@type\":\"ReadAction\",\"target\":[\"https:\/\/dev.explora.cl\/aysen\/convocatoria-campamento-explora-va-aysen-descubre-las-ciencias-desde-el-territorio\/\"]}]},{\"@type\":\"ImageObject\",\"inLanguage\":\"es-CL\",\"@id\":\"https:\/\/dev.explora.cl\/aysen\/convocatoria-campamento-explora-va-aysen-descubre-las-ciencias-desde-el-territorio\/#primaryimage\",\"url\":\"https:\/\/dev.explora.cl\/aysen\/wp-content\/uploads\/sites\/18\/2022\/10\/02_Convo_ExploraVa_Banner_Web.jpg\",\"contentUrl\":\"https:\/\/dev.explora.cl\/aysen\/wp-content\/uploads\/sites\/18\/2022\/10\/02_Convo_ExploraVa_Banner_Web.jpg\",\"width\":1521,\"height\":969},{\"@type\":\"BreadcrumbList\",\"@id\":\"https:\/\/dev.explora.cl\/aysen\/convocatoria-campamento-explora-va-aysen-descubre-las-ciencias-desde-el-territorio\/#breadcrumb\",\"itemListElement\":[{\"@type\":\"ListItem\",\"position\":1,\"name\":\"Portada\",\"item\":\"https:\/\/dev.explora.cl\/aysen\/\"},{\"@type\":\"ListItem\",\"position\":2,\"name\":\"Convocatoria Campamento Explora Va! Ays\u00e9n: descubre las ciencias desde el territorio\"}]},{\"@type\":\"WebSite\",\"@id\":\"https:\/\/dev.explora.cl\/aysen\/#website\",\"url\":\"https:\/\/dev.explora.cl\/aysen\/\",\"name\":\"Aysen\",\"description\":\"Otro sitio m\u00e1s de dev.explora.cl\",\"potentialAction\":[{\"@type\":\"SearchAction\",\"target\":{\"@type\":\"EntryPoint\",\"urlTemplate\":\"https:\/\/dev.explora.cl\/aysen\/?s={search_term_string}\"},\"query-input\":{\"@type\":\"PropertyValueSpecification\",\"valueRequired\":true,\"valueName\":\"search_term_string\"}}],\"inLanguage\":\"es-CL\"},{\"@type\":\"Person\",\"@id\":\"https:\/\/dev.explora.cl\/aysen\/#\/schema\/person\/81c802b1e3b443e2575e555b39e60a05\",\"name\":\"scisternas\",\"image\":{\"@type\":\"ImageObject\",\"inLanguage\":\"es-CL\",\"@id\":\"https:\/\/dev.explora.cl\/aysen\/#\/schema\/person\/image\/\",\"url\":\"https:\/\/secure.gravatar.com\/avatar\/611c8f1946b775bdf01b0521c85a9381c3ad08d928d8ead34ce577b0fa231c76?s=96&d=mm&r=g\",\"contentUrl\":\"https:\/\/secure.gravatar.com\/avatar\/611c8f1946b775bdf01b0521c85a9381c3ad08d928d8ead34ce577b0fa231c76?s=96&d=mm&r=g\",\"caption\":\"scisternas\"},\"url\":\"https:\/\/dev.explora.cl\/aysen\/author\/scisternas\/\"}]}<\/script>\n<!-- \/ Yoast SEO plugin. -->","yoast_head_json":{"title":"Convocatoria Campamento Explora Va! Ays\u00e9n: descubre las ciencias desde el territorio - Aysen","robots":{"index":"index","follow":"follow","max-snippet":"max-snippet:-1","max-image-preview":"max-image-preview:large","max-video-preview":"max-video-preview:-1"},"canonical":"https:\/\/dev.explora.cl\/aysen\/convocatoria-campamento-explora-va-aysen-descubre-las-ciencias-desde-el-territorio\/","og_locale":"es_ES","og_type":"article","og_title":"Convocatoria Campamento Explora Va! Ays\u00e9n: descubre las ciencias desde el territorio - Aysen","og_description":"Hasta el 24 de octubre docentes y educadores\/as de todas las disciplinas podr\u00e1n postular al Campamento Explora VA! Ays\u00e9n que en su versi\u00f3n 2022 invita a fortalecer competencias vinculadas a la generaci\u00f3n de conocimientos a trav\u00e9s de experiencias compartidas y l\u00fadicas. Promover la socializaci\u00f3n del conocimiento dentro de la comunidad educativa, contribuyendo al desarrollo de [&hellip;]","og_url":"https:\/\/dev.explora.cl\/aysen\/convocatoria-campamento-explora-va-aysen-descubre-las-ciencias-desde-el-territorio\/","og_site_name":"Aysen","article_published_time":"2022-10-21T12:58:55+00:00","article_modified_time":"2023-07-22T06:32:18+00:00","og_image":[{"width":1521,"height":969,"url":"https:\/\/dev.explora.cl\/aysen\/wp-content\/uploads\/sites\/18\/2022\/10\/02_Convo_ExploraVa_Banner_Web.jpg","type":"image\/jpeg"}],"author":"scisternas","twitter_card":"summary_large_image","twitter_misc":{"Escrito por":"scisternas","Tiempo estimado de lectura":"2 minutos"},"schema":{"@context":"https:\/\/schema.org","@graph":[{"@type":"Article","@id":"https:\/\/dev.explora.cl\/aysen\/convocatoria-campamento-explora-va-aysen-descubre-las-ciencias-desde-el-territorio\/#article","isPartOf":{"@id":"https:\/\/dev.explora.cl\/aysen\/convocatoria-campamento-explora-va-aysen-descubre-las-ciencias-desde-el-territorio\/"},"author":{"name":"scisternas","@id":"https:\/\/dev.explora.cl\/aysen\/#\/schema\/person\/81c802b1e3b443e2575e555b39e60a05"},"headline":"Convocatoria Campamento Explora Va! Ays\u00e9n: descubre las ciencias desde el territorio","datePublished":"2022-10-21T12:58:55+00:00","dateModified":"2023-07-22T06:32:18+00:00","mainEntityOfPage":{"@id":"https:\/\/dev.explora.cl\/aysen\/convocatoria-campamento-explora-va-aysen-descubre-las-ciencias-desde-el-territorio\/"},"wordCount":498,"commentCount":0,"image":{"@id":"https:\/\/dev.explora.cl\/aysen\/convocatoria-campamento-explora-va-aysen-descubre-las-ciencias-desde-el-territorio\/#primaryimage"},"thumbnailUrl":"https:\/\/dev.explora.cl\/aysen\/wp-content\/uploads\/sites\/18\/2022\/10\/02_Convo_ExploraVa_Banner_Web.jpg","articleSection":["Noticias"],"inLanguage":"es-CL","potentialAction":[{"@type":"CommentAction","name":"Comment","target":["https:\/\/dev.explora.cl\/aysen\/convocatoria-campamento-explora-va-aysen-descubre-las-ciencias-desde-el-territorio\/#respond"]}]},{"@type":"WebPage","@id":"https:\/\/dev.explora.cl\/aysen\/convocatoria-campamento-explora-va-aysen-descubre-las-ciencias-desde-el-territorio\/","url":"https:\/\/dev.explora.cl\/aysen\/convocatoria-campamento-explora-va-aysen-descubre-las-ciencias-desde-el-territorio\/","name":"Convocatoria Campamento Explora Va! Ays\u00e9n: descubre las ciencias desde el territorio - Aysen","isPartOf":{"@id":"https:\/\/dev.explora.cl\/aysen\/#website"},"primaryImageOfPage":{"@id":"https:\/\/dev.explora.cl\/aysen\/convocatoria-campamento-explora-va-aysen-descubre-las-ciencias-desde-el-territorio\/#primaryimage"},"image":{"@id":"https:\/\/dev.explora.cl\/aysen\/convocatoria-campamento-explora-va-aysen-descubre-las-ciencias-desde-el-territorio\/#primaryimage"},"thumbnailUrl":"https:\/\/dev.explora.cl\/aysen\/wp-content\/uploads\/sites\/18\/2022\/10\/02_Convo_ExploraVa_Banner_Web.jpg","datePublished":"2022-10-21T12:58:55+00:00","dateModified":"2023-07-22T06:32:18+00:00","author":{"@id":"https:\/\/dev.explora.cl\/aysen\/#\/schema\/person\/81c802b1e3b443e2575e555b39e60a05"},"breadcrumb":{"@id":"https:\/\/dev.explora.cl\/aysen\/convocatoria-campamento-explora-va-aysen-descubre-las-ciencias-desde-el-territorio\/#breadcrumb"},"inLanguage":"es-CL","potentialAction":[{"@type":"ReadAction","target":["https:\/\/dev.explora.cl\/aysen\/convocatoria-campamento-explora-va-aysen-descubre-las-ciencias-desde-el-territorio\/"]}]},{"@type":"ImageObject","inLanguage":"es-CL","@id":"https:\/\/dev.explora.cl\/aysen\/convocatoria-campamento-explora-va-aysen-descubre-las-ciencias-desde-el-territorio\/#primaryimage","url":"https:\/\/dev.explora.cl\/aysen\/wp-content\/uploads\/sites\/18\/2022\/10\/02_Convo_ExploraVa_Banner_Web.jpg","contentUrl":"https:\/\/dev.explora.cl\/aysen\/wp-content\/uploads\/sites\/18\/2022\/10\/02_Convo_ExploraVa_Banner_Web.jpg","width":1521,"height":969},{"@type":"BreadcrumbList","@id":"https:\/\/dev.explora.cl\/aysen\/convocatoria-campamento-explora-va-aysen-descubre-las-ciencias-desde-el-territorio\/#breadcrumb","itemListElement":[{"@type":"ListItem","position":1,"name":"Portada","item":"https:\/\/dev.explora.cl\/aysen\/"},{"@type":"ListItem","position":2,"name":"Convocatoria Campamento Explora Va! Ays\u00e9n: descubre las ciencias desde el territorio"}]},{"@type":"WebSite","@id":"https:\/\/dev.explora.cl\/aysen\/#website","url":"https:\/\/dev.explora.cl\/aysen\/","name":"Aysen","description":"Otro sitio m\u00e1s de dev.explora.cl","potentialAction":[{"@type":"SearchAction","target":{"@type":"EntryPoint","urlTemplate":"https:\/\/dev.explora.cl\/aysen\/?s={search_term_string}"},"query-input":{"@type":"PropertyValueSpecification","valueRequired":true,"valueName":"search_term_string"}}],"inLanguage":"es-CL"},{"@type":"Person","@id":"https:\/\/dev.explora.cl\/aysen\/#\/schema\/person\/81c802b1e3b443e2575e555b39e60a05","name":"scisternas","image":{"@type":"ImageObject","inLanguage":"es-CL","@id":"https:\/\/dev.explora.cl\/aysen\/#\/schema\/person\/image\/","url":"https:\/\/secure.gravatar.com\/avatar\/611c8f1946b775bdf01b0521c85a9381c3ad08d928d8ead34ce577b0fa231c76?s=96&d=mm&r=g","contentUrl":"https:\/\/secure.gravatar.com\/avatar\/611c8f1946b775bdf01b0521c85a9381c3ad08d928d8ead34ce577b0fa231c76?s=96&d=mm&r=g","caption":"scisternas"},"url":"https:\/\/dev.explora.cl\/aysen\/author\/scisternas\/"}]}},"_links":{"self":[{"href":"https:\/\/dev.explora.cl\/aysen\/wp-json\/wp\/v2\/posts\/38323","targetHints":{"allow":["GET"]}}],"collection":[{"href":"https:\/\/dev.explora.cl\/aysen\/wp-json\/wp\/v2\/posts"}],"about":[{"href":"https:\/\/dev.explora.cl\/aysen\/wp-json\/wp\/v2\/types\/post"}],"author":[{"embeddable":true,"href":"https:\/\/dev.explora.cl\/aysen\/wp-json\/wp\/v2\/users\/37"}],"replies":[{"embeddable":true,"href":"https:\/\/dev.explora.cl\/aysen\/wp-json\/wp\/v2\/comments?post=38323"}],"version-history":[{"count":1,"href":"https:\/\/dev.explora.cl\/aysen\/wp-json\/wp\/v2\/posts\/38323\/revisions"}],"predecessor-version":[{"id":38325,"href":"https:\/\/dev.explora.cl\/aysen\/wp-json\/wp\/v2\/posts\/38323\/revisions\/38325"}],"wp:featuredmedia":[{"embeddable":true,"href":"https:\/\/dev.explora.cl\/aysen\/wp-json\/wp\/v2\/media\/38324"}],"wp:attachment":[{"href":"https:\/\/dev.explora.cl\/aysen\/wp-json\/wp\/v2\/media?parent=38323"}],"wp:term":[{"taxonomy":"category","embeddable":true,"href":"https:\/\/dev.explora.cl\/aysen\/wp-json\/wp\/v2\/categories?post=38323"},{"taxonomy":"post_tag","embeddable":true,"href":"https:\/\/dev.explora.cl\/aysen\/wp-json\/wp\/v2\/tags?post=38323"}],"curies":[{"name":"wp","href":"https:\/\/api.w.org\/{rel}","templated":true}]}}