{"id":38308,"date":"2022-10-06T21:23:07","date_gmt":"2022-10-07T00:23:07","guid":{"rendered":"https:\/\/dev.explora.cl\/aysen\/?p=38308"},"modified":"2023-07-22T02:36:37","modified_gmt":"2023-07-22T06:36:37","slug":"se-abre-la-convocatoria-para-campamento-explora-va-aysen","status":"publish","type":"post","link":"https:\/\/dev.explora.cl\/aysen\/se-abre-la-convocatoria-para-campamento-explora-va-aysen\/","title":{"rendered":"Se abre la convocatoria para Campamento Explora VA! Ays\u00e9n"},"content":{"rendered":"<p><em>Desde el 6 al 24 de octubre, Docentes y Educadoras\/es podr\u00e1n postular al campamento Explora VA!, iniciativa gratuita de aprendizaje que busca fortalecer competencias vinculadas a la generaci\u00f3n de conocimientos a trav\u00e9s de compartir experiencias de manera colaborativa y l\u00fadica al aire libre<\/em><!--more--><\/p>\n<p><span style=\"font-weight: 400\">La ruta del Campamento Explora Va!, invita a sus participantes, al desarrollo de experiencias cient\u00edficas, estrategias did\u00e1cticas, recursos y herramientas de evaluaci\u00f3n, donde cada espacio se estructura sobre la base de la construcci\u00f3n a partir de la propia experiencia de los participantes.<\/span><\/p>\n<p>El Campamento Explora Va! tendr\u00e1 un cupo m\u00e1ximo para 40 participantes provenientes de la regi\u00f3n de Ays\u00e9n, con una duraci\u00f3n de 2 sesiones virtuales (10 y 11 de noviembre) y 3 d\u00edas de Campamento presencial (17 al 19 de noviembre). Esta iniciativa se realizar\u00e1 en modalidad MIXTA, en primera instancia por la plataforma Zoom y posteriormente a trav\u00e9s de\u00a0 sesiones presenciales que se realizar\u00e1n en el Pangue Lodge, cercano a la localidad de Puyuhuapi.<\/p>\n<p><strong>\u00bfQui\u00e9nes pueden postular?<\/strong><\/p>\n<p><span style=\"font-weight: 400\">Podr\u00e1n postular educadores(as) y docentes de educaci\u00f3n diferencial, parvularia, b\u00e1sica y\/o media de cualquier disciplina que se encuentren ejerciendo sus labores en establecimientos educacionales de la regi\u00f3n de Ays\u00e9n.<\/span><\/p>\n<p><strong>\u00bfC\u00f3mo postular?<\/strong><\/p>\n<p>Debes leer, descargar las bases y luego inscribirte<\/p>\n<p>Descarga las bases <a href=\"https:\/\/dev.explora.cl\/aysen\/wp-content\/uploads\/sites\/18\/2022\/10\/Bases-Convocatoria-Campamento-Explora-Va-2022-1.pdf\">aqu\u00ed<\/a><\/p>\n<p>Inscripciones <a href=\"https:\/\/docs.google.com\/forms\/d\/e\/1FAIpQLSdAectsJ57JThhE8cN97GiJ8BdqDBN52QztxAb-kKhkE2IWLQ\/viewform\">aqu\u00ed<\/a><\/p>\n<p>Carta de compromiso <a href=\"https:\/\/dev.explora.cl\/aysen\/wp-content\/uploads\/sites\/18\/2022\/10\/Carta-de-compromiso_Campamento-1.docx\">aqu\u00ed<\/a><\/p>\n<p>El Campamento Explora Va! es una iniciativa impulsada por el Programa Explora del Ministerio de Ciencia, Tecnolog\u00eda, Conocimiento e Innovaci\u00f3n, que tiene por objetivo promover la socializaci\u00f3n del conocimiento dentro de la comunidad educativa, contribuyendo al desarrollo de competencias en las distintas \u00e1reas del conocimiento, la tecnolog\u00eda y la innovaci\u00f3n.<\/p>\n<p>&nbsp;<\/p>\n","protected":false},"excerpt":{"rendered":"<p>Desde el 6 al 24 de octubre, Docentes y Educadoras\/es podr\u00e1n postular al campamento Explora VA!, iniciativa gratuita de aprendizaje que busca fortalecer competencias vinculadas a la generaci\u00f3n de conocimientos a trav\u00e9s de compartir experiencias de manera colaborativa y l\u00fadica al aire libre<\/p>\n","protected":false},"author":37,"featured_media":38309,"comment_status":"open","ping_status":"open","sticky":false,"template":"","format":"standard","meta":{"_acf_changed":false,"_exactmetrics_skip_tracking":false,"_exactmetrics_sitenote_active":false,"_exactmetrics_sitenote_note":"","_exactmetrics_sitenote_category":0,"footnotes":"","_links_to":"","_links_to_target":""},"categories":[4],"tags":[],"class_list":["post-38308","post","type-post","status-publish","format-standard","has-post-thumbnail","hentry","category-noticias"],"acf":[],"yoast_head":"<!-- This site is optimized with the Yoast SEO plugin v26.7 - https:\/\/yoast.com\/wordpress\/plugins\/seo\/ -->\n<title>Se abre la convocatoria para Campamento Explora VA! Ays\u00e9n - Aysen<\/title>\n<meta name=\"robots\" content=\"index, follow, max-snippet:-1, max-image-preview:large, max-video-preview:-1\" \/>\n<link rel=\"canonical\" href=\"https:\/\/dev.explora.cl\/aysen\/se-abre-la-convocatoria-para-campamento-explora-va-aysen\/\" class=\"yoast-seo-meta-tag\" \/>\n<meta property=\"og:locale\" content=\"es_ES\" class=\"yoast-seo-meta-tag\" \/>\n<meta property=\"og:type\" content=\"article\" class=\"yoast-seo-meta-tag\" \/>\n<meta property=\"og:title\" content=\"Se abre la convocatoria para Campamento Explora VA! Ays\u00e9n - Aysen\" class=\"yoast-seo-meta-tag\" \/>\n<meta property=\"og:description\" content=\"Desde el 6 al 24 de octubre, Docentes y Educadoras\/es podr\u00e1n postular al campamento Explora VA!, iniciativa gratuita de aprendizaje que busca fortalecer competencias vinculadas a la generaci\u00f3n de conocimientos a trav\u00e9s de compartir experiencias de manera colaborativa y l\u00fadica al aire libre\" class=\"yoast-seo-meta-tag\" \/>\n<meta property=\"og:url\" content=\"https:\/\/dev.explora.cl\/aysen\/se-abre-la-convocatoria-para-campamento-explora-va-aysen\/\" class=\"yoast-seo-meta-tag\" \/>\n<meta property=\"og:site_name\" content=\"Aysen\" class=\"yoast-seo-meta-tag\" \/>\n<meta property=\"article:published_time\" content=\"2022-10-07T00:23:07+00:00\" class=\"yoast-seo-meta-tag\" \/>\n<meta property=\"article:modified_time\" content=\"2023-07-22T06:36:37+00:00\" class=\"yoast-seo-meta-tag\" \/>\n<meta property=\"og:image\" content=\"https:\/\/dev.explora.cl\/aysen\/wp-content\/uploads\/sites\/18\/2022\/10\/Campamento-corregido-banner_Banner_Web.png\" class=\"yoast-seo-meta-tag\" \/>\n\t<meta property=\"og:image:width\" content=\"1522\" class=\"yoast-seo-meta-tag\" \/>\n\t<meta property=\"og:image:height\" content=\"970\" class=\"yoast-seo-meta-tag\" \/>\n\t<meta property=\"og:image:type\" content=\"image\/png\" class=\"yoast-seo-meta-tag\" \/>\n<meta name=\"author\" content=\"scisternas\" class=\"yoast-seo-meta-tag\" \/>\n<meta name=\"twitter:card\" content=\"summary_large_image\" class=\"yoast-seo-meta-tag\" \/>\n<meta name=\"twitter:label1\" content=\"Escrito por\" class=\"yoast-seo-meta-tag\" \/>\n\t<meta name=\"twitter:data1\" content=\"scisternas\" class=\"yoast-seo-meta-tag\" \/>\n\t<meta name=\"twitter:label2\" content=\"Tiempo estimado de lectura\" class=\"yoast-seo-meta-tag\" \/>\n\t<meta name=\"twitter:data2\" content=\"1 minuto\" class=\"yoast-seo-meta-tag\" \/>\n<script type=\"application\/ld+json\" class=\"yoast-schema-graph\">{\"@context\":\"https:\/\/schema.org\",\"@graph\":[{\"@type\":\"Article\",\"@id\":\"https:\/\/dev.explora.cl\/aysen\/se-abre-la-convocatoria-para-campamento-explora-va-aysen\/#article\",\"isPartOf\":{\"@id\":\"https:\/\/dev.explora.cl\/aysen\/se-abre-la-convocatoria-para-campamento-explora-va-aysen\/\"},\"author\":{\"name\":\"scisternas\",\"@id\":\"https:\/\/dev.explora.cl\/aysen\/#\/schema\/person\/81c802b1e3b443e2575e555b39e60a05\"},\"headline\":\"Se abre la convocatoria para Campamento Explora VA! Ays\u00e9n\",\"datePublished\":\"2022-10-07T00:23:07+00:00\",\"dateModified\":\"2023-07-22T06:36:37+00:00\",\"mainEntityOfPage\":{\"@id\":\"https:\/\/dev.explora.cl\/aysen\/se-abre-la-convocatoria-para-campamento-explora-va-aysen\/\"},\"wordCount\":293,\"commentCount\":0,\"image\":{\"@id\":\"https:\/\/dev.explora.cl\/aysen\/se-abre-la-convocatoria-para-campamento-explora-va-aysen\/#primaryimage\"},\"thumbnailUrl\":\"https:\/\/dev.explora.cl\/aysen\/wp-content\/uploads\/sites\/18\/2022\/10\/Campamento-corregido-banner_Banner_Web.png\",\"articleSection\":[\"Noticias\"],\"inLanguage\":\"es-CL\",\"potentialAction\":[{\"@type\":\"CommentAction\",\"name\":\"Comment\",\"target\":[\"https:\/\/dev.explora.cl\/aysen\/se-abre-la-convocatoria-para-campamento-explora-va-aysen\/#respond\"]}]},{\"@type\":\"WebPage\",\"@id\":\"https:\/\/dev.explora.cl\/aysen\/se-abre-la-convocatoria-para-campamento-explora-va-aysen\/\",\"url\":\"https:\/\/dev.explora.cl\/aysen\/se-abre-la-convocatoria-para-campamento-explora-va-aysen\/\",\"name\":\"Se abre la convocatoria para Campamento Explora VA! Ays\u00e9n - Aysen\",\"isPartOf\":{\"@id\":\"https:\/\/dev.explora.cl\/aysen\/#website\"},\"primaryImageOfPage\":{\"@id\":\"https:\/\/dev.explora.cl\/aysen\/se-abre-la-convocatoria-para-campamento-explora-va-aysen\/#primaryimage\"},\"image\":{\"@id\":\"https:\/\/dev.explora.cl\/aysen\/se-abre-la-convocatoria-para-campamento-explora-va-aysen\/#primaryimage\"},\"thumbnailUrl\":\"https:\/\/dev.explora.cl\/aysen\/wp-content\/uploads\/sites\/18\/2022\/10\/Campamento-corregido-banner_Banner_Web.png\",\"datePublished\":\"2022-10-07T00:23:07+00:00\",\"dateModified\":\"2023-07-22T06:36:37+00:00\",\"author\":{\"@id\":\"https:\/\/dev.explora.cl\/aysen\/#\/schema\/person\/81c802b1e3b443e2575e555b39e60a05\"},\"breadcrumb\":{\"@id\":\"https:\/\/dev.explora.cl\/aysen\/se-abre-la-convocatoria-para-campamento-explora-va-aysen\/#breadcrumb\"},\"inLanguage\":\"es-CL\",\"potentialAction\":[{\"@type\":\"ReadAction\",\"target\":[\"https:\/\/dev.explora.cl\/aysen\/se-abre-la-convocatoria-para-campamento-explora-va-aysen\/\"]}]},{\"@type\":\"ImageObject\",\"inLanguage\":\"es-CL\",\"@id\":\"https:\/\/dev.explora.cl\/aysen\/se-abre-la-convocatoria-para-campamento-explora-va-aysen\/#primaryimage\",\"url\":\"https:\/\/dev.explora.cl\/aysen\/wp-content\/uploads\/sites\/18\/2022\/10\/Campamento-corregido-banner_Banner_Web.png\",\"contentUrl\":\"https:\/\/dev.explora.cl\/aysen\/wp-content\/uploads\/sites\/18\/2022\/10\/Campamento-corregido-banner_Banner_Web.png\",\"width\":1522,\"height\":970},{\"@type\":\"BreadcrumbList\",\"@id\":\"https:\/\/dev.explora.cl\/aysen\/se-abre-la-convocatoria-para-campamento-explora-va-aysen\/#breadcrumb\",\"itemListElement\":[{\"@type\":\"ListItem\",\"position\":1,\"name\":\"Portada\",\"item\":\"https:\/\/dev.explora.cl\/aysen\/\"},{\"@type\":\"ListItem\",\"position\":2,\"name\":\"Se abre la convocatoria para Campamento Explora VA! Ays\u00e9n\"}]},{\"@type\":\"WebSite\",\"@id\":\"https:\/\/dev.explora.cl\/aysen\/#website\",\"url\":\"https:\/\/dev.explora.cl\/aysen\/\",\"name\":\"Aysen\",\"description\":\"Otro sitio m\u00e1s de dev.explora.cl\",\"potentialAction\":[{\"@type\":\"SearchAction\",\"target\":{\"@type\":\"EntryPoint\",\"urlTemplate\":\"https:\/\/dev.explora.cl\/aysen\/?s={search_term_string}\"},\"query-input\":{\"@type\":\"PropertyValueSpecification\",\"valueRequired\":true,\"valueName\":\"search_term_string\"}}],\"inLanguage\":\"es-CL\"},{\"@type\":\"Person\",\"@id\":\"https:\/\/dev.explora.cl\/aysen\/#\/schema\/person\/81c802b1e3b443e2575e555b39e60a05\",\"name\":\"scisternas\",\"image\":{\"@type\":\"ImageObject\",\"inLanguage\":\"es-CL\",\"@id\":\"https:\/\/dev.explora.cl\/aysen\/#\/schema\/person\/image\/\",\"url\":\"https:\/\/secure.gravatar.com\/avatar\/611c8f1946b775bdf01b0521c85a9381c3ad08d928d8ead34ce577b0fa231c76?s=96&d=mm&r=g\",\"contentUrl\":\"https:\/\/secure.gravatar.com\/avatar\/611c8f1946b775bdf01b0521c85a9381c3ad08d928d8ead34ce577b0fa231c76?s=96&d=mm&r=g\",\"caption\":\"scisternas\"},\"url\":\"https:\/\/dev.explora.cl\/aysen\/author\/scisternas\/\"}]}<\/script>\n<!-- \/ Yoast SEO plugin. -->","yoast_head_json":{"title":"Se abre la convocatoria para Campamento Explora VA! Ays\u00e9n - Aysen","robots":{"index":"index","follow":"follow","max-snippet":"max-snippet:-1","max-image-preview":"max-image-preview:large","max-video-preview":"max-video-preview:-1"},"canonical":"https:\/\/dev.explora.cl\/aysen\/se-abre-la-convocatoria-para-campamento-explora-va-aysen\/","og_locale":"es_ES","og_type":"article","og_title":"Se abre la convocatoria para Campamento Explora VA! Ays\u00e9n - Aysen","og_description":"Desde el 6 al 24 de octubre, Docentes y Educadoras\/es podr\u00e1n postular al campamento Explora VA!, iniciativa gratuita de aprendizaje que busca fortalecer competencias vinculadas a la generaci\u00f3n de conocimientos a trav\u00e9s de compartir experiencias de manera colaborativa y l\u00fadica al aire libre","og_url":"https:\/\/dev.explora.cl\/aysen\/se-abre-la-convocatoria-para-campamento-explora-va-aysen\/","og_site_name":"Aysen","article_published_time":"2022-10-07T00:23:07+00:00","article_modified_time":"2023-07-22T06:36:37+00:00","og_image":[{"width":1522,"height":970,"url":"https:\/\/dev.explora.cl\/aysen\/wp-content\/uploads\/sites\/18\/2022\/10\/Campamento-corregido-banner_Banner_Web.png","type":"image\/png"}],"author":"scisternas","twitter_card":"summary_large_image","twitter_misc":{"Escrito por":"scisternas","Tiempo estimado de lectura":"1 minuto"},"schema":{"@context":"https:\/\/schema.org","@graph":[{"@type":"Article","@id":"https:\/\/dev.explora.cl\/aysen\/se-abre-la-convocatoria-para-campamento-explora-va-aysen\/#article","isPartOf":{"@id":"https:\/\/dev.explora.cl\/aysen\/se-abre-la-convocatoria-para-campamento-explora-va-aysen\/"},"author":{"name":"scisternas","@id":"https:\/\/dev.explora.cl\/aysen\/#\/schema\/person\/81c802b1e3b443e2575e555b39e60a05"},"headline":"Se abre la convocatoria para Campamento Explora VA! Ays\u00e9n","datePublished":"2022-10-07T00:23:07+00:00","dateModified":"2023-07-22T06:36:37+00:00","mainEntityOfPage":{"@id":"https:\/\/dev.explora.cl\/aysen\/se-abre-la-convocatoria-para-campamento-explora-va-aysen\/"},"wordCount":293,"commentCount":0,"image":{"@id":"https:\/\/dev.explora.cl\/aysen\/se-abre-la-convocatoria-para-campamento-explora-va-aysen\/#primaryimage"},"thumbnailUrl":"https:\/\/dev.explora.cl\/aysen\/wp-content\/uploads\/sites\/18\/2022\/10\/Campamento-corregido-banner_Banner_Web.png","articleSection":["Noticias"],"inLanguage":"es-CL","potentialAction":[{"@type":"CommentAction","name":"Comment","target":["https:\/\/dev.explora.cl\/aysen\/se-abre-la-convocatoria-para-campamento-explora-va-aysen\/#respond"]}]},{"@type":"WebPage","@id":"https:\/\/dev.explora.cl\/aysen\/se-abre-la-convocatoria-para-campamento-explora-va-aysen\/","url":"https:\/\/dev.explora.cl\/aysen\/se-abre-la-convocatoria-para-campamento-explora-va-aysen\/","name":"Se abre la convocatoria para Campamento Explora VA! Ays\u00e9n - Aysen","isPartOf":{"@id":"https:\/\/dev.explora.cl\/aysen\/#website"},"primaryImageOfPage":{"@id":"https:\/\/dev.explora.cl\/aysen\/se-abre-la-convocatoria-para-campamento-explora-va-aysen\/#primaryimage"},"image":{"@id":"https:\/\/dev.explora.cl\/aysen\/se-abre-la-convocatoria-para-campamento-explora-va-aysen\/#primaryimage"},"thumbnailUrl":"https:\/\/dev.explora.cl\/aysen\/wp-content\/uploads\/sites\/18\/2022\/10\/Campamento-corregido-banner_Banner_Web.png","datePublished":"2022-10-07T00:23:07+00:00","dateModified":"2023-07-22T06:36:37+00:00","author":{"@id":"https:\/\/dev.explora.cl\/aysen\/#\/schema\/person\/81c802b1e3b443e2575e555b39e60a05"},"breadcrumb":{"@id":"https:\/\/dev.explora.cl\/aysen\/se-abre-la-convocatoria-para-campamento-explora-va-aysen\/#breadcrumb"},"inLanguage":"es-CL","potentialAction":[{"@type":"ReadAction","target":["https:\/\/dev.explora.cl\/aysen\/se-abre-la-convocatoria-para-campamento-explora-va-aysen\/"]}]},{"@type":"ImageObject","inLanguage":"es-CL","@id":"https:\/\/dev.explora.cl\/aysen\/se-abre-la-convocatoria-para-campamento-explora-va-aysen\/#primaryimage","url":"https:\/\/dev.explora.cl\/aysen\/wp-content\/uploads\/sites\/18\/2022\/10\/Campamento-corregido-banner_Banner_Web.png","contentUrl":"https:\/\/dev.explora.cl\/aysen\/wp-content\/uploads\/sites\/18\/2022\/10\/Campamento-corregido-banner_Banner_Web.png","width":1522,"height":970},{"@type":"BreadcrumbList","@id":"https:\/\/dev.explora.cl\/aysen\/se-abre-la-convocatoria-para-campamento-explora-va-aysen\/#breadcrumb","itemListElement":[{"@type":"ListItem","position":1,"name":"Portada","item":"https:\/\/dev.explora.cl\/aysen\/"},{"@type":"ListItem","position":2,"name":"Se abre la convocatoria para Campamento Explora VA! Ays\u00e9n"}]},{"@type":"WebSite","@id":"https:\/\/dev.explora.cl\/aysen\/#website","url":"https:\/\/dev.explora.cl\/aysen\/","name":"Aysen","description":"Otro sitio m\u00e1s de dev.explora.cl","potentialAction":[{"@type":"SearchAction","target":{"@type":"EntryPoint","urlTemplate":"https:\/\/dev.explora.cl\/aysen\/?s={search_term_string}"},"query-input":{"@type":"PropertyValueSpecification","valueRequired":true,"valueName":"search_term_string"}}],"inLanguage":"es-CL"},{"@type":"Person","@id":"https:\/\/dev.explora.cl\/aysen\/#\/schema\/person\/81c802b1e3b443e2575e555b39e60a05","name":"scisternas","image":{"@type":"ImageObject","inLanguage":"es-CL","@id":"https:\/\/dev.explora.cl\/aysen\/#\/schema\/person\/image\/","url":"https:\/\/secure.gravatar.com\/avatar\/611c8f1946b775bdf01b0521c85a9381c3ad08d928d8ead34ce577b0fa231c76?s=96&d=mm&r=g","contentUrl":"https:\/\/secure.gravatar.com\/avatar\/611c8f1946b775bdf01b0521c85a9381c3ad08d928d8ead34ce577b0fa231c76?s=96&d=mm&r=g","caption":"scisternas"},"url":"https:\/\/dev.explora.cl\/aysen\/author\/scisternas\/"}]}},"_links":{"self":[{"href":"https:\/\/dev.explora.cl\/aysen\/wp-json\/wp\/v2\/posts\/38308","targetHints":{"allow":["GET"]}}],"collection":[{"href":"https:\/\/dev.explora.cl\/aysen\/wp-json\/wp\/v2\/posts"}],"about":[{"href":"https:\/\/dev.explora.cl\/aysen\/wp-json\/wp\/v2\/types\/post"}],"author":[{"embeddable":true,"href":"https:\/\/dev.explora.cl\/aysen\/wp-json\/wp\/v2\/users\/37"}],"replies":[{"embeddable":true,"href":"https:\/\/dev.explora.cl\/aysen\/wp-json\/wp\/v2\/comments?post=38308"}],"version-history":[{"count":5,"href":"https:\/\/dev.explora.cl\/aysen\/wp-json\/wp\/v2\/posts\/38308\/revisions"}],"predecessor-version":[{"id":38318,"href":"https:\/\/dev.explora.cl\/aysen\/wp-json\/wp\/v2\/posts\/38308\/revisions\/38318"}],"wp:featuredmedia":[{"embeddable":true,"href":"https:\/\/dev.explora.cl\/aysen\/wp-json\/wp\/v2\/media\/38309"}],"wp:attachment":[{"href":"https:\/\/dev.explora.cl\/aysen\/wp-json\/wp\/v2\/media?parent=38308"}],"wp:term":[{"taxonomy":"category","embeddable":true,"href":"https:\/\/dev.explora.cl\/aysen\/wp-json\/wp\/v2\/categories?post=38308"},{"taxonomy":"post_tag","embeddable":true,"href":"https:\/\/dev.explora.cl\/aysen\/wp-json\/wp\/v2\/tags?post=38308"}],"curies":[{"name":"wp","href":"https:\/\/api.w.org\/{rel}","templated":true}]}}