{"id":38285,"date":"2022-09-21T15:53:47","date_gmt":"2022-09-21T18:53:47","guid":{"rendered":"https:\/\/dev.explora.cl\/aysen\/?p=38285"},"modified":"2023-07-22T02:32:37","modified_gmt":"2023-07-22T06:32:37","slug":"numerosas-actividades-dan-vida-al-festival-de-las-ciencias-2022","status":"publish","type":"post","link":"https:\/\/dev.explora.cl\/aysen\/numerosas-actividades-dan-vida-al-festival-de-las-ciencias-2022\/","title":{"rendered":"Numerosas actividades dan vida al Festival de las Ciencias 2022"},"content":{"rendered":"<p><em>Entre el 2 y el 9 de octubre se realizar\u00e1 una nueva versi\u00f3n del evento de divulgaci\u00f3n cient\u00edfica m\u00e1s grande del pa\u00eds, con diversas actividades centradas en el agua y cambio clim\u00e1tico.<\/em><!--more--><\/p>\n<p>Revisa el programa de actividades <a href=\"https:\/\/dev.explora.cl\/aysen\/wp-content\/uploads\/sites\/18\/2022\/09\/Programa-FECI-2022_FINAL.pdf\">aqu\u00ed<\/a><\/p>\n<p>Una obra teatral, talleres, conversatorios, intervenciones urbanas, un espect\u00e1culo musical; y visitas a museos, laboratorios y \u00e1reas protegidas. Eso y mucho m\u00e1s trae este a\u00f1o el Festival de las Ciencias (FECI), que se desarrollar\u00e1 entre el 2 y 9 de octubre, y que en esta edici\u00f3n busca acercar las experiencias cient\u00edficas a la ciudadan\u00eda y contribuir a enfrentar la actual crisis clim\u00e1tica desde una mirada ecosist\u00e9mica con eje en el patrimonio h\u00eddrico.<\/p>\n<p>El encuentro organizado por el Proyecto Explora Ays\u00e9n, perteneciente al Ministerio de Ciencia y ejecutado por la Universidad Austral de Chile campus Patagonia, <strong>reunir\u00e1 m\u00e1s de 20 actividades gratuitas en 8 localidades de la regi\u00f3n<\/strong>, donde se incluyen colaboraciones con centros de investigaci\u00f3n, museos, universidades, centros culturales y laboratorios, entre otros organismos.<\/p>\n<p>Formulario de inscripci\u00f3n <a href=\"https:\/\/docs.google.com\/forms\/d\/e\/1FAIpQLSewdB0ybls2HOTmDsPIHmP-RArHu_CScZc2cBekY551CWXXJA\/viewform\">aqu\u00ed<\/a><\/p>\n<p><strong>*\u00bfQuieres participar del carnaval de m\u00e1scaras?<\/strong><\/p>\n<p><a href=\"https:\/\/dev.explora.cl\/aysen\/wp-content\/uploads\/sites\/18\/2022\/09\/Bases-concurso-m\u00e1scaras-FECI-2022.docx.pdf\">Bases aqu\u00ed<\/a><\/p>\n","protected":false},"excerpt":{"rendered":"<p>Entre el 2 y el 9 de octubre se realizar\u00e1 una nueva versi\u00f3n del evento de divulgaci\u00f3n cient\u00edfica m\u00e1s grande del pa\u00eds, con diversas actividades centradas en el agua y cambio clim\u00e1tico.<\/p>\n","protected":false},"author":37,"featured_media":38289,"comment_status":"open","ping_status":"open","sticky":false,"template":"","format":"standard","meta":{"_acf_changed":false,"_exactmetrics_skip_tracking":false,"_exactmetrics_sitenote_active":false,"_exactmetrics_sitenote_note":"","_exactmetrics_sitenote_category":0,"footnotes":"","_links_to":"","_links_to_target":""},"categories":[4,126],"tags":[],"class_list":["post-38285","post","type-post","status-publish","format-standard","has-post-thumbnail","hentry","category-noticias","category-para-publico-general"],"acf":[],"yoast_head":"<!-- This site is optimized with the Yoast SEO plugin v26.7 - https:\/\/yoast.com\/wordpress\/plugins\/seo\/ -->\n<title>Numerosas actividades dan vida al Festival de las Ciencias 2022 - Aysen<\/title>\n<meta name=\"robots\" content=\"index, follow, max-snippet:-1, max-image-preview:large, max-video-preview:-1\" \/>\n<link rel=\"canonical\" href=\"https:\/\/dev.explora.cl\/aysen\/numerosas-actividades-dan-vida-al-festival-de-las-ciencias-2022\/\" class=\"yoast-seo-meta-tag\" \/>\n<meta property=\"og:locale\" content=\"es_ES\" class=\"yoast-seo-meta-tag\" \/>\n<meta property=\"og:type\" content=\"article\" class=\"yoast-seo-meta-tag\" \/>\n<meta property=\"og:title\" content=\"Numerosas actividades dan vida al Festival de las Ciencias 2022 - Aysen\" class=\"yoast-seo-meta-tag\" \/>\n<meta property=\"og:description\" content=\"Entre el 2 y el 9 de octubre se realizar\u00e1 una nueva versi\u00f3n del evento de divulgaci\u00f3n cient\u00edfica m\u00e1s grande del pa\u00eds, con diversas actividades centradas en el agua y cambio clim\u00e1tico.\" class=\"yoast-seo-meta-tag\" \/>\n<meta property=\"og:url\" content=\"https:\/\/dev.explora.cl\/aysen\/numerosas-actividades-dan-vida-al-festival-de-las-ciencias-2022\/\" class=\"yoast-seo-meta-tag\" \/>\n<meta property=\"og:site_name\" content=\"Aysen\" class=\"yoast-seo-meta-tag\" \/>\n<meta property=\"article:published_time\" content=\"2022-09-21T18:53:47+00:00\" class=\"yoast-seo-meta-tag\" \/>\n<meta property=\"article:modified_time\" content=\"2023-07-22T06:32:37+00:00\" class=\"yoast-seo-meta-tag\" \/>\n<meta property=\"og:image\" content=\"https:\/\/dev.explora.cl\/aysen\/wp-content\/uploads\/sites\/18\/2022\/09\/FECI_PendonEscenario-FINAL_300x200-cm.jpg\" class=\"yoast-seo-meta-tag\" \/>\n\t<meta property=\"og:image:width\" content=\"8504\" class=\"yoast-seo-meta-tag\" \/>\n\t<meta property=\"og:image:height\" content=\"5670\" class=\"yoast-seo-meta-tag\" \/>\n\t<meta property=\"og:image:type\" content=\"image\/jpeg\" class=\"yoast-seo-meta-tag\" \/>\n<meta name=\"author\" content=\"scisternas\" class=\"yoast-seo-meta-tag\" \/>\n<meta name=\"twitter:card\" content=\"summary_large_image\" class=\"yoast-seo-meta-tag\" \/>\n<meta name=\"twitter:label1\" content=\"Escrito por\" class=\"yoast-seo-meta-tag\" \/>\n\t<meta name=\"twitter:data1\" content=\"scisternas\" class=\"yoast-seo-meta-tag\" \/>\n\t<meta name=\"twitter:label2\" content=\"Tiempo estimado de lectura\" class=\"yoast-seo-meta-tag\" \/>\n\t<meta name=\"twitter:data2\" content=\"1 minuto\" class=\"yoast-seo-meta-tag\" \/>\n<script type=\"application\/ld+json\" class=\"yoast-schema-graph\">{\"@context\":\"https:\/\/schema.org\",\"@graph\":[{\"@type\":\"Article\",\"@id\":\"https:\/\/dev.explora.cl\/aysen\/numerosas-actividades-dan-vida-al-festival-de-las-ciencias-2022\/#article\",\"isPartOf\":{\"@id\":\"https:\/\/dev.explora.cl\/aysen\/numerosas-actividades-dan-vida-al-festival-de-las-ciencias-2022\/\"},\"author\":{\"name\":\"scisternas\",\"@id\":\"https:\/\/dev.explora.cl\/aysen\/#\/schema\/person\/81c802b1e3b443e2575e555b39e60a05\"},\"headline\":\"Numerosas actividades dan vida al Festival de las Ciencias 2022\",\"datePublished\":\"2022-09-21T18:53:47+00:00\",\"dateModified\":\"2023-07-22T06:32:37+00:00\",\"mainEntityOfPage\":{\"@id\":\"https:\/\/dev.explora.cl\/aysen\/numerosas-actividades-dan-vida-al-festival-de-las-ciencias-2022\/\"},\"wordCount\":198,\"commentCount\":0,\"image\":{\"@id\":\"https:\/\/dev.explora.cl\/aysen\/numerosas-actividades-dan-vida-al-festival-de-las-ciencias-2022\/#primaryimage\"},\"thumbnailUrl\":\"https:\/\/dev.explora.cl\/aysen\/wp-content\/uploads\/sites\/18\/2022\/09\/FECI_PendonEscenario-FINAL_300x200-cm.jpg\",\"articleSection\":[\"Noticias\",\"Para P\u00fablico General\"],\"inLanguage\":\"es-CL\",\"potentialAction\":[{\"@type\":\"CommentAction\",\"name\":\"Comment\",\"target\":[\"https:\/\/dev.explora.cl\/aysen\/numerosas-actividades-dan-vida-al-festival-de-las-ciencias-2022\/#respond\"]}]},{\"@type\":\"WebPage\",\"@id\":\"https:\/\/dev.explora.cl\/aysen\/numerosas-actividades-dan-vida-al-festival-de-las-ciencias-2022\/\",\"url\":\"https:\/\/dev.explora.cl\/aysen\/numerosas-actividades-dan-vida-al-festival-de-las-ciencias-2022\/\",\"name\":\"Numerosas actividades dan vida al Festival de las Ciencias 2022 - Aysen\",\"isPartOf\":{\"@id\":\"https:\/\/dev.explora.cl\/aysen\/#website\"},\"primaryImageOfPage\":{\"@id\":\"https:\/\/dev.explora.cl\/aysen\/numerosas-actividades-dan-vida-al-festival-de-las-ciencias-2022\/#primaryimage\"},\"image\":{\"@id\":\"https:\/\/dev.explora.cl\/aysen\/numerosas-actividades-dan-vida-al-festival-de-las-ciencias-2022\/#primaryimage\"},\"thumbnailUrl\":\"https:\/\/dev.explora.cl\/aysen\/wp-content\/uploads\/sites\/18\/2022\/09\/FECI_PendonEscenario-FINAL_300x200-cm.jpg\",\"datePublished\":\"2022-09-21T18:53:47+00:00\",\"dateModified\":\"2023-07-22T06:32:37+00:00\",\"author\":{\"@id\":\"https:\/\/dev.explora.cl\/aysen\/#\/schema\/person\/81c802b1e3b443e2575e555b39e60a05\"},\"breadcrumb\":{\"@id\":\"https:\/\/dev.explora.cl\/aysen\/numerosas-actividades-dan-vida-al-festival-de-las-ciencias-2022\/#breadcrumb\"},\"inLanguage\":\"es-CL\",\"potentialAction\":[{\"@type\":\"ReadAction\",\"target\":[\"https:\/\/dev.explora.cl\/aysen\/numerosas-actividades-dan-vida-al-festival-de-las-ciencias-2022\/\"]}]},{\"@type\":\"ImageObject\",\"inLanguage\":\"es-CL\",\"@id\":\"https:\/\/dev.explora.cl\/aysen\/numerosas-actividades-dan-vida-al-festival-de-las-ciencias-2022\/#primaryimage\",\"url\":\"https:\/\/dev.explora.cl\/aysen\/wp-content\/uploads\/sites\/18\/2022\/09\/FECI_PendonEscenario-FINAL_300x200-cm.jpg\",\"contentUrl\":\"https:\/\/dev.explora.cl\/aysen\/wp-content\/uploads\/sites\/18\/2022\/09\/FECI_PendonEscenario-FINAL_300x200-cm.jpg\",\"width\":8504,\"height\":5670},{\"@type\":\"BreadcrumbList\",\"@id\":\"https:\/\/dev.explora.cl\/aysen\/numerosas-actividades-dan-vida-al-festival-de-las-ciencias-2022\/#breadcrumb\",\"itemListElement\":[{\"@type\":\"ListItem\",\"position\":1,\"name\":\"Portada\",\"item\":\"https:\/\/dev.explora.cl\/aysen\/\"},{\"@type\":\"ListItem\",\"position\":2,\"name\":\"Numerosas actividades dan vida al Festival de las Ciencias 2022\"}]},{\"@type\":\"WebSite\",\"@id\":\"https:\/\/dev.explora.cl\/aysen\/#website\",\"url\":\"https:\/\/dev.explora.cl\/aysen\/\",\"name\":\"Aysen\",\"description\":\"Otro sitio m\u00e1s de dev.explora.cl\",\"potentialAction\":[{\"@type\":\"SearchAction\",\"target\":{\"@type\":\"EntryPoint\",\"urlTemplate\":\"https:\/\/dev.explora.cl\/aysen\/?s={search_term_string}\"},\"query-input\":{\"@type\":\"PropertyValueSpecification\",\"valueRequired\":true,\"valueName\":\"search_term_string\"}}],\"inLanguage\":\"es-CL\"},{\"@type\":\"Person\",\"@id\":\"https:\/\/dev.explora.cl\/aysen\/#\/schema\/person\/81c802b1e3b443e2575e555b39e60a05\",\"name\":\"scisternas\",\"image\":{\"@type\":\"ImageObject\",\"inLanguage\":\"es-CL\",\"@id\":\"https:\/\/dev.explora.cl\/aysen\/#\/schema\/person\/image\/\",\"url\":\"https:\/\/secure.gravatar.com\/avatar\/611c8f1946b775bdf01b0521c85a9381c3ad08d928d8ead34ce577b0fa231c76?s=96&d=mm&r=g\",\"contentUrl\":\"https:\/\/secure.gravatar.com\/avatar\/611c8f1946b775bdf01b0521c85a9381c3ad08d928d8ead34ce577b0fa231c76?s=96&d=mm&r=g\",\"caption\":\"scisternas\"},\"url\":\"https:\/\/dev.explora.cl\/aysen\/author\/scisternas\/\"}]}<\/script>\n<!-- \/ Yoast SEO plugin. -->","yoast_head_json":{"title":"Numerosas actividades dan vida al Festival de las Ciencias 2022 - Aysen","robots":{"index":"index","follow":"follow","max-snippet":"max-snippet:-1","max-image-preview":"max-image-preview:large","max-video-preview":"max-video-preview:-1"},"canonical":"https:\/\/dev.explora.cl\/aysen\/numerosas-actividades-dan-vida-al-festival-de-las-ciencias-2022\/","og_locale":"es_ES","og_type":"article","og_title":"Numerosas actividades dan vida al Festival de las Ciencias 2022 - Aysen","og_description":"Entre el 2 y el 9 de octubre se realizar\u00e1 una nueva versi\u00f3n del evento de divulgaci\u00f3n cient\u00edfica m\u00e1s grande del pa\u00eds, con diversas actividades centradas en el agua y cambio clim\u00e1tico.","og_url":"https:\/\/dev.explora.cl\/aysen\/numerosas-actividades-dan-vida-al-festival-de-las-ciencias-2022\/","og_site_name":"Aysen","article_published_time":"2022-09-21T18:53:47+00:00","article_modified_time":"2023-07-22T06:32:37+00:00","og_image":[{"width":8504,"height":5670,"url":"https:\/\/dev.explora.cl\/aysen\/wp-content\/uploads\/sites\/18\/2022\/09\/FECI_PendonEscenario-FINAL_300x200-cm.jpg","type":"image\/jpeg"}],"author":"scisternas","twitter_card":"summary_large_image","twitter_misc":{"Escrito por":"scisternas","Tiempo estimado de lectura":"1 minuto"},"schema":{"@context":"https:\/\/schema.org","@graph":[{"@type":"Article","@id":"https:\/\/dev.explora.cl\/aysen\/numerosas-actividades-dan-vida-al-festival-de-las-ciencias-2022\/#article","isPartOf":{"@id":"https:\/\/dev.explora.cl\/aysen\/numerosas-actividades-dan-vida-al-festival-de-las-ciencias-2022\/"},"author":{"name":"scisternas","@id":"https:\/\/dev.explora.cl\/aysen\/#\/schema\/person\/81c802b1e3b443e2575e555b39e60a05"},"headline":"Numerosas actividades dan vida al Festival de las Ciencias 2022","datePublished":"2022-09-21T18:53:47+00:00","dateModified":"2023-07-22T06:32:37+00:00","mainEntityOfPage":{"@id":"https:\/\/dev.explora.cl\/aysen\/numerosas-actividades-dan-vida-al-festival-de-las-ciencias-2022\/"},"wordCount":198,"commentCount":0,"image":{"@id":"https:\/\/dev.explora.cl\/aysen\/numerosas-actividades-dan-vida-al-festival-de-las-ciencias-2022\/#primaryimage"},"thumbnailUrl":"https:\/\/dev.explora.cl\/aysen\/wp-content\/uploads\/sites\/18\/2022\/09\/FECI_PendonEscenario-FINAL_300x200-cm.jpg","articleSection":["Noticias","Para P\u00fablico General"],"inLanguage":"es-CL","potentialAction":[{"@type":"CommentAction","name":"Comment","target":["https:\/\/dev.explora.cl\/aysen\/numerosas-actividades-dan-vida-al-festival-de-las-ciencias-2022\/#respond"]}]},{"@type":"WebPage","@id":"https:\/\/dev.explora.cl\/aysen\/numerosas-actividades-dan-vida-al-festival-de-las-ciencias-2022\/","url":"https:\/\/dev.explora.cl\/aysen\/numerosas-actividades-dan-vida-al-festival-de-las-ciencias-2022\/","name":"Numerosas actividades dan vida al Festival de las Ciencias 2022 - Aysen","isPartOf":{"@id":"https:\/\/dev.explora.cl\/aysen\/#website"},"primaryImageOfPage":{"@id":"https:\/\/dev.explora.cl\/aysen\/numerosas-actividades-dan-vida-al-festival-de-las-ciencias-2022\/#primaryimage"},"image":{"@id":"https:\/\/dev.explora.cl\/aysen\/numerosas-actividades-dan-vida-al-festival-de-las-ciencias-2022\/#primaryimage"},"thumbnailUrl":"https:\/\/dev.explora.cl\/aysen\/wp-content\/uploads\/sites\/18\/2022\/09\/FECI_PendonEscenario-FINAL_300x200-cm.jpg","datePublished":"2022-09-21T18:53:47+00:00","dateModified":"2023-07-22T06:32:37+00:00","author":{"@id":"https:\/\/dev.explora.cl\/aysen\/#\/schema\/person\/81c802b1e3b443e2575e555b39e60a05"},"breadcrumb":{"@id":"https:\/\/dev.explora.cl\/aysen\/numerosas-actividades-dan-vida-al-festival-de-las-ciencias-2022\/#breadcrumb"},"inLanguage":"es-CL","potentialAction":[{"@type":"ReadAction","target":["https:\/\/dev.explora.cl\/aysen\/numerosas-actividades-dan-vida-al-festival-de-las-ciencias-2022\/"]}]},{"@type":"ImageObject","inLanguage":"es-CL","@id":"https:\/\/dev.explora.cl\/aysen\/numerosas-actividades-dan-vida-al-festival-de-las-ciencias-2022\/#primaryimage","url":"https:\/\/dev.explora.cl\/aysen\/wp-content\/uploads\/sites\/18\/2022\/09\/FECI_PendonEscenario-FINAL_300x200-cm.jpg","contentUrl":"https:\/\/dev.explora.cl\/aysen\/wp-content\/uploads\/sites\/18\/2022\/09\/FECI_PendonEscenario-FINAL_300x200-cm.jpg","width":8504,"height":5670},{"@type":"BreadcrumbList","@id":"https:\/\/dev.explora.cl\/aysen\/numerosas-actividades-dan-vida-al-festival-de-las-ciencias-2022\/#breadcrumb","itemListElement":[{"@type":"ListItem","position":1,"name":"Portada","item":"https:\/\/dev.explora.cl\/aysen\/"},{"@type":"ListItem","position":2,"name":"Numerosas actividades dan vida al Festival de las Ciencias 2022"}]},{"@type":"WebSite","@id":"https:\/\/dev.explora.cl\/aysen\/#website","url":"https:\/\/dev.explora.cl\/aysen\/","name":"Aysen","description":"Otro sitio m\u00e1s de dev.explora.cl","potentialAction":[{"@type":"SearchAction","target":{"@type":"EntryPoint","urlTemplate":"https:\/\/dev.explora.cl\/aysen\/?s={search_term_string}"},"query-input":{"@type":"PropertyValueSpecification","valueRequired":true,"valueName":"search_term_string"}}],"inLanguage":"es-CL"},{"@type":"Person","@id":"https:\/\/dev.explora.cl\/aysen\/#\/schema\/person\/81c802b1e3b443e2575e555b39e60a05","name":"scisternas","image":{"@type":"ImageObject","inLanguage":"es-CL","@id":"https:\/\/dev.explora.cl\/aysen\/#\/schema\/person\/image\/","url":"https:\/\/secure.gravatar.com\/avatar\/611c8f1946b775bdf01b0521c85a9381c3ad08d928d8ead34ce577b0fa231c76?s=96&d=mm&r=g","contentUrl":"https:\/\/secure.gravatar.com\/avatar\/611c8f1946b775bdf01b0521c85a9381c3ad08d928d8ead34ce577b0fa231c76?s=96&d=mm&r=g","caption":"scisternas"},"url":"https:\/\/dev.explora.cl\/aysen\/author\/scisternas\/"}]}},"_links":{"self":[{"href":"https:\/\/dev.explora.cl\/aysen\/wp-json\/wp\/v2\/posts\/38285","targetHints":{"allow":["GET"]}}],"collection":[{"href":"https:\/\/dev.explora.cl\/aysen\/wp-json\/wp\/v2\/posts"}],"about":[{"href":"https:\/\/dev.explora.cl\/aysen\/wp-json\/wp\/v2\/types\/post"}],"author":[{"embeddable":true,"href":"https:\/\/dev.explora.cl\/aysen\/wp-json\/wp\/v2\/users\/37"}],"replies":[{"embeddable":true,"href":"https:\/\/dev.explora.cl\/aysen\/wp-json\/wp\/v2\/comments?post=38285"}],"version-history":[{"count":9,"href":"https:\/\/dev.explora.cl\/aysen\/wp-json\/wp\/v2\/posts\/38285\/revisions"}],"predecessor-version":[{"id":38348,"href":"https:\/\/dev.explora.cl\/aysen\/wp-json\/wp\/v2\/posts\/38285\/revisions\/38348"}],"wp:featuredmedia":[{"embeddable":true,"href":"https:\/\/dev.explora.cl\/aysen\/wp-json\/wp\/v2\/media\/38289"}],"wp:attachment":[{"href":"https:\/\/dev.explora.cl\/aysen\/wp-json\/wp\/v2\/media?parent=38285"}],"wp:term":[{"taxonomy":"category","embeddable":true,"href":"https:\/\/dev.explora.cl\/aysen\/wp-json\/wp\/v2\/categories?post=38285"},{"taxonomy":"post_tag","embeddable":true,"href":"https:\/\/dev.explora.cl\/aysen\/wp-json\/wp\/v2\/tags?post=38285"}],"curies":[{"name":"wp","href":"https:\/\/api.w.org\/{rel}","templated":true}]}}