{"id":38255,"date":"2022-08-19T22:18:25","date_gmt":"2022-08-20T02:18:25","guid":{"rendered":"https:\/\/dev.explora.cl\/aysen\/?p=38255"},"modified":"2023-07-22T02:33:17","modified_gmt":"2023-07-22T06:33:17","slug":"conversatorio-mas-alternativas-de-calefaccion-en-puerto-cisnes","status":"publish","type":"post","link":"https:\/\/dev.explora.cl\/aysen\/conversatorio-mas-alternativas-de-calefaccion-en-puerto-cisnes\/","title":{"rendered":"Conversatorio &#8220;M\u00e1s alternativas de calefacci\u00f3n&#8221; en Puerto Cisnes."},"content":{"rendered":"<p><strong>\u00a1CONVOCATORIA ABIERTA!<\/strong><br \/>\nEste martes 23 de agosto a las 18 hrs, en la biblioteca P\u00fablica de Puerto Cisnes, se llevar\u00e1 a cabo el conversatorio sobre Geotermia &#8220;M\u00e1s alternativas de calefacci\u00f3n&#8221; liderado por el Ge\u00f3logo Mauricio Mu\u00f1oz.<\/p>\n<p>La actividad se enmarca dentro del ciclo de charlas &#8220;Entre Mate y Ciencia&#8221; realizados por el instrumento Ciencia Abierta, perteneciente al Proyecto Asociativo Regional (PAR) Explora Ays\u00e9n<\/p>\n<p>El conversatorio busca promover soluciones a\u00a0 las problem\u00e1ticas ambientales de la regi\u00f3n y del pa\u00eds. Para lo que se centrar\u00e1 en tres aspectos:<\/p>\n<ol>\n<li>Por qu\u00e9 buscar nuevas alternativas de calefacci\u00f3n (exposici\u00f3n y espacio de consultas).<\/li>\n<li>La descripci\u00f3n de nuestra experiencia con geotermia en la regi\u00f3n (exposici\u00f3n y espacio de consultas).<\/li>\n<li>Conocer las aprensiones y\/o dudas respecto del\u00a0proceso de transici\u00f3n energ\u00e9tica (conversaci\u00f3n\/taller).<\/li>\n<\/ol>\n<p><strong>\u00bfC\u00f3mo participar?<\/strong><br \/>\nMuy simple, s\u00f3lo debes inscribirte en el Formulario disponible a continuaci\u00f3n.<\/p>\n<p><a href=\"https:\/\/docs.google.com\/forms\/d\/e\/1FAIpQLSdDd8-OIQI6uKB1ppfN6dCi_1PvBPmEU2qgBgKZ_bt0NbMjGQ\/viewform\">Formulario aqu\u00ed<\/a><\/p>\n","protected":false},"excerpt":{"rendered":"<p>\u00a1CONVOCATORIA ABIERTA! Este martes 23 de agosto a las 18 hrs, en la biblioteca P\u00fablica de Puerto Cisnes, se llevar\u00e1 a cabo el conversatorio sobre Geotermia &#8220;M\u00e1s alternativas de calefacci\u00f3n&#8221; liderado por el Ge\u00f3logo Mauricio Mu\u00f1oz. La actividad se enmarca dentro del ciclo de charlas &#8220;Entre Mate y Ciencia&#8221; realizados por el instrumento Ciencia Abierta, [&hellip;]<\/p>\n","protected":false},"author":37,"featured_media":38259,"comment_status":"open","ping_status":"open","sticky":false,"template":"","format":"standard","meta":{"_acf_changed":false,"_exactmetrics_skip_tracking":false,"_exactmetrics_sitenote_active":false,"_exactmetrics_sitenote_note":"","_exactmetrics_sitenote_category":0,"footnotes":"","_links_to":"","_links_to_target":""},"categories":[4],"tags":[],"class_list":["post-38255","post","type-post","status-publish","format-standard","has-post-thumbnail","hentry","category-noticias"],"acf":[],"yoast_head":"<!-- This site is optimized with the Yoast SEO plugin v26.7 - https:\/\/yoast.com\/wordpress\/plugins\/seo\/ -->\n<title>Conversatorio &quot;M\u00e1s alternativas de calefacci\u00f3n&quot; en Puerto Cisnes. - Aysen<\/title>\n<meta name=\"robots\" content=\"index, follow, max-snippet:-1, max-image-preview:large, max-video-preview:-1\" \/>\n<link rel=\"canonical\" href=\"https:\/\/dev.explora.cl\/aysen\/conversatorio-mas-alternativas-de-calefaccion-en-puerto-cisnes\/\" class=\"yoast-seo-meta-tag\" \/>\n<meta property=\"og:locale\" content=\"es_ES\" class=\"yoast-seo-meta-tag\" \/>\n<meta property=\"og:type\" content=\"article\" class=\"yoast-seo-meta-tag\" \/>\n<meta property=\"og:title\" content=\"Conversatorio &quot;M\u00e1s alternativas de calefacci\u00f3n&quot; en Puerto Cisnes. - Aysen\" class=\"yoast-seo-meta-tag\" \/>\n<meta property=\"og:description\" content=\"\u00a1CONVOCATORIA ABIERTA! Este martes 23 de agosto a las 18 hrs, en la biblioteca P\u00fablica de Puerto Cisnes, se llevar\u00e1 a cabo el conversatorio sobre Geotermia &#8220;M\u00e1s alternativas de calefacci\u00f3n&#8221; liderado por el Ge\u00f3logo Mauricio Mu\u00f1oz. La actividad se enmarca dentro del ciclo de charlas &#8220;Entre Mate y Ciencia&#8221; realizados por el instrumento Ciencia Abierta, [&hellip;]\" class=\"yoast-seo-meta-tag\" \/>\n<meta property=\"og:url\" content=\"https:\/\/dev.explora.cl\/aysen\/conversatorio-mas-alternativas-de-calefaccion-en-puerto-cisnes\/\" class=\"yoast-seo-meta-tag\" \/>\n<meta property=\"og:site_name\" content=\"Aysen\" class=\"yoast-seo-meta-tag\" \/>\n<meta property=\"article:published_time\" content=\"2022-08-20T02:18:25+00:00\" class=\"yoast-seo-meta-tag\" \/>\n<meta property=\"article:modified_time\" content=\"2023-07-22T06:33:17+00:00\" class=\"yoast-seo-meta-tag\" \/>\n<meta property=\"og:image\" content=\"https:\/\/dev.explora.cl\/aysen\/wp-content\/uploads\/sites\/18\/2022\/08\/Mesa-de-trabajo-1.png\" class=\"yoast-seo-meta-tag\" \/>\n\t<meta property=\"og:image:width\" content=\"1320\" class=\"yoast-seo-meta-tag\" \/>\n\t<meta property=\"og:image:height\" content=\"841\" class=\"yoast-seo-meta-tag\" \/>\n\t<meta property=\"og:image:type\" content=\"image\/png\" class=\"yoast-seo-meta-tag\" \/>\n<meta name=\"author\" content=\"scisternas\" class=\"yoast-seo-meta-tag\" \/>\n<meta name=\"twitter:card\" content=\"summary_large_image\" class=\"yoast-seo-meta-tag\" \/>\n<meta name=\"twitter:label1\" content=\"Escrito por\" class=\"yoast-seo-meta-tag\" \/>\n\t<meta name=\"twitter:data1\" content=\"scisternas\" class=\"yoast-seo-meta-tag\" \/>\n\t<meta name=\"twitter:label2\" content=\"Tiempo estimado de lectura\" class=\"yoast-seo-meta-tag\" \/>\n\t<meta name=\"twitter:data2\" content=\"1 minuto\" class=\"yoast-seo-meta-tag\" \/>\n<script type=\"application\/ld+json\" class=\"yoast-schema-graph\">{\"@context\":\"https:\/\/schema.org\",\"@graph\":[{\"@type\":\"Article\",\"@id\":\"https:\/\/dev.explora.cl\/aysen\/conversatorio-mas-alternativas-de-calefaccion-en-puerto-cisnes\/#article\",\"isPartOf\":{\"@id\":\"https:\/\/dev.explora.cl\/aysen\/conversatorio-mas-alternativas-de-calefaccion-en-puerto-cisnes\/\"},\"author\":{\"name\":\"scisternas\",\"@id\":\"https:\/\/dev.explora.cl\/aysen\/#\/schema\/person\/81c802b1e3b443e2575e555b39e60a05\"},\"headline\":\"Conversatorio &#8220;M\u00e1s alternativas de calefacci\u00f3n&#8221; en Puerto Cisnes.\",\"datePublished\":\"2022-08-20T02:18:25+00:00\",\"dateModified\":\"2023-07-22T06:33:17+00:00\",\"mainEntityOfPage\":{\"@id\":\"https:\/\/dev.explora.cl\/aysen\/conversatorio-mas-alternativas-de-calefaccion-en-puerto-cisnes\/\"},\"wordCount\":170,\"commentCount\":0,\"image\":{\"@id\":\"https:\/\/dev.explora.cl\/aysen\/conversatorio-mas-alternativas-de-calefaccion-en-puerto-cisnes\/#primaryimage\"},\"thumbnailUrl\":\"https:\/\/dev.explora.cl\/aysen\/wp-content\/uploads\/sites\/18\/2022\/08\/Mesa-de-trabajo-1.png\",\"articleSection\":[\"Noticias\"],\"inLanguage\":\"es-CL\",\"potentialAction\":[{\"@type\":\"CommentAction\",\"name\":\"Comment\",\"target\":[\"https:\/\/dev.explora.cl\/aysen\/conversatorio-mas-alternativas-de-calefaccion-en-puerto-cisnes\/#respond\"]}]},{\"@type\":\"WebPage\",\"@id\":\"https:\/\/dev.explora.cl\/aysen\/conversatorio-mas-alternativas-de-calefaccion-en-puerto-cisnes\/\",\"url\":\"https:\/\/dev.explora.cl\/aysen\/conversatorio-mas-alternativas-de-calefaccion-en-puerto-cisnes\/\",\"name\":\"Conversatorio \\\"M\u00e1s alternativas de calefacci\u00f3n\\\" en Puerto Cisnes. - Aysen\",\"isPartOf\":{\"@id\":\"https:\/\/dev.explora.cl\/aysen\/#website\"},\"primaryImageOfPage\":{\"@id\":\"https:\/\/dev.explora.cl\/aysen\/conversatorio-mas-alternativas-de-calefaccion-en-puerto-cisnes\/#primaryimage\"},\"image\":{\"@id\":\"https:\/\/dev.explora.cl\/aysen\/conversatorio-mas-alternativas-de-calefaccion-en-puerto-cisnes\/#primaryimage\"},\"thumbnailUrl\":\"https:\/\/dev.explora.cl\/aysen\/wp-content\/uploads\/sites\/18\/2022\/08\/Mesa-de-trabajo-1.png\",\"datePublished\":\"2022-08-20T02:18:25+00:00\",\"dateModified\":\"2023-07-22T06:33:17+00:00\",\"author\":{\"@id\":\"https:\/\/dev.explora.cl\/aysen\/#\/schema\/person\/81c802b1e3b443e2575e555b39e60a05\"},\"breadcrumb\":{\"@id\":\"https:\/\/dev.explora.cl\/aysen\/conversatorio-mas-alternativas-de-calefaccion-en-puerto-cisnes\/#breadcrumb\"},\"inLanguage\":\"es-CL\",\"potentialAction\":[{\"@type\":\"ReadAction\",\"target\":[\"https:\/\/dev.explora.cl\/aysen\/conversatorio-mas-alternativas-de-calefaccion-en-puerto-cisnes\/\"]}]},{\"@type\":\"ImageObject\",\"inLanguage\":\"es-CL\",\"@id\":\"https:\/\/dev.explora.cl\/aysen\/conversatorio-mas-alternativas-de-calefaccion-en-puerto-cisnes\/#primaryimage\",\"url\":\"https:\/\/dev.explora.cl\/aysen\/wp-content\/uploads\/sites\/18\/2022\/08\/Mesa-de-trabajo-1.png\",\"contentUrl\":\"https:\/\/dev.explora.cl\/aysen\/wp-content\/uploads\/sites\/18\/2022\/08\/Mesa-de-trabajo-1.png\",\"width\":1320,\"height\":841},{\"@type\":\"BreadcrumbList\",\"@id\":\"https:\/\/dev.explora.cl\/aysen\/conversatorio-mas-alternativas-de-calefaccion-en-puerto-cisnes\/#breadcrumb\",\"itemListElement\":[{\"@type\":\"ListItem\",\"position\":1,\"name\":\"Portada\",\"item\":\"https:\/\/dev.explora.cl\/aysen\/\"},{\"@type\":\"ListItem\",\"position\":2,\"name\":\"Conversatorio &#8220;M\u00e1s alternativas de calefacci\u00f3n&#8221; en Puerto Cisnes.\"}]},{\"@type\":\"WebSite\",\"@id\":\"https:\/\/dev.explora.cl\/aysen\/#website\",\"url\":\"https:\/\/dev.explora.cl\/aysen\/\",\"name\":\"Aysen\",\"description\":\"Otro sitio m\u00e1s de dev.explora.cl\",\"potentialAction\":[{\"@type\":\"SearchAction\",\"target\":{\"@type\":\"EntryPoint\",\"urlTemplate\":\"https:\/\/dev.explora.cl\/aysen\/?s={search_term_string}\"},\"query-input\":{\"@type\":\"PropertyValueSpecification\",\"valueRequired\":true,\"valueName\":\"search_term_string\"}}],\"inLanguage\":\"es-CL\"},{\"@type\":\"Person\",\"@id\":\"https:\/\/dev.explora.cl\/aysen\/#\/schema\/person\/81c802b1e3b443e2575e555b39e60a05\",\"name\":\"scisternas\",\"image\":{\"@type\":\"ImageObject\",\"inLanguage\":\"es-CL\",\"@id\":\"https:\/\/dev.explora.cl\/aysen\/#\/schema\/person\/image\/\",\"url\":\"https:\/\/secure.gravatar.com\/avatar\/611c8f1946b775bdf01b0521c85a9381c3ad08d928d8ead34ce577b0fa231c76?s=96&d=mm&r=g\",\"contentUrl\":\"https:\/\/secure.gravatar.com\/avatar\/611c8f1946b775bdf01b0521c85a9381c3ad08d928d8ead34ce577b0fa231c76?s=96&d=mm&r=g\",\"caption\":\"scisternas\"},\"url\":\"https:\/\/dev.explora.cl\/aysen\/author\/scisternas\/\"}]}<\/script>\n<!-- \/ Yoast SEO plugin. -->","yoast_head_json":{"title":"Conversatorio \"M\u00e1s alternativas de calefacci\u00f3n\" en Puerto Cisnes. - Aysen","robots":{"index":"index","follow":"follow","max-snippet":"max-snippet:-1","max-image-preview":"max-image-preview:large","max-video-preview":"max-video-preview:-1"},"canonical":"https:\/\/dev.explora.cl\/aysen\/conversatorio-mas-alternativas-de-calefaccion-en-puerto-cisnes\/","og_locale":"es_ES","og_type":"article","og_title":"Conversatorio \"M\u00e1s alternativas de calefacci\u00f3n\" en Puerto Cisnes. - Aysen","og_description":"\u00a1CONVOCATORIA ABIERTA! Este martes 23 de agosto a las 18 hrs, en la biblioteca P\u00fablica de Puerto Cisnes, se llevar\u00e1 a cabo el conversatorio sobre Geotermia &#8220;M\u00e1s alternativas de calefacci\u00f3n&#8221; liderado por el Ge\u00f3logo Mauricio Mu\u00f1oz. La actividad se enmarca dentro del ciclo de charlas &#8220;Entre Mate y Ciencia&#8221; realizados por el instrumento Ciencia Abierta, [&hellip;]","og_url":"https:\/\/dev.explora.cl\/aysen\/conversatorio-mas-alternativas-de-calefaccion-en-puerto-cisnes\/","og_site_name":"Aysen","article_published_time":"2022-08-20T02:18:25+00:00","article_modified_time":"2023-07-22T06:33:17+00:00","og_image":[{"width":1320,"height":841,"url":"https:\/\/dev.explora.cl\/aysen\/wp-content\/uploads\/sites\/18\/2022\/08\/Mesa-de-trabajo-1.png","type":"image\/png"}],"author":"scisternas","twitter_card":"summary_large_image","twitter_misc":{"Escrito por":"scisternas","Tiempo estimado de lectura":"1 minuto"},"schema":{"@context":"https:\/\/schema.org","@graph":[{"@type":"Article","@id":"https:\/\/dev.explora.cl\/aysen\/conversatorio-mas-alternativas-de-calefaccion-en-puerto-cisnes\/#article","isPartOf":{"@id":"https:\/\/dev.explora.cl\/aysen\/conversatorio-mas-alternativas-de-calefaccion-en-puerto-cisnes\/"},"author":{"name":"scisternas","@id":"https:\/\/dev.explora.cl\/aysen\/#\/schema\/person\/81c802b1e3b443e2575e555b39e60a05"},"headline":"Conversatorio &#8220;M\u00e1s alternativas de calefacci\u00f3n&#8221; en Puerto Cisnes.","datePublished":"2022-08-20T02:18:25+00:00","dateModified":"2023-07-22T06:33:17+00:00","mainEntityOfPage":{"@id":"https:\/\/dev.explora.cl\/aysen\/conversatorio-mas-alternativas-de-calefaccion-en-puerto-cisnes\/"},"wordCount":170,"commentCount":0,"image":{"@id":"https:\/\/dev.explora.cl\/aysen\/conversatorio-mas-alternativas-de-calefaccion-en-puerto-cisnes\/#primaryimage"},"thumbnailUrl":"https:\/\/dev.explora.cl\/aysen\/wp-content\/uploads\/sites\/18\/2022\/08\/Mesa-de-trabajo-1.png","articleSection":["Noticias"],"inLanguage":"es-CL","potentialAction":[{"@type":"CommentAction","name":"Comment","target":["https:\/\/dev.explora.cl\/aysen\/conversatorio-mas-alternativas-de-calefaccion-en-puerto-cisnes\/#respond"]}]},{"@type":"WebPage","@id":"https:\/\/dev.explora.cl\/aysen\/conversatorio-mas-alternativas-de-calefaccion-en-puerto-cisnes\/","url":"https:\/\/dev.explora.cl\/aysen\/conversatorio-mas-alternativas-de-calefaccion-en-puerto-cisnes\/","name":"Conversatorio \"M\u00e1s alternativas de calefacci\u00f3n\" en Puerto Cisnes. - Aysen","isPartOf":{"@id":"https:\/\/dev.explora.cl\/aysen\/#website"},"primaryImageOfPage":{"@id":"https:\/\/dev.explora.cl\/aysen\/conversatorio-mas-alternativas-de-calefaccion-en-puerto-cisnes\/#primaryimage"},"image":{"@id":"https:\/\/dev.explora.cl\/aysen\/conversatorio-mas-alternativas-de-calefaccion-en-puerto-cisnes\/#primaryimage"},"thumbnailUrl":"https:\/\/dev.explora.cl\/aysen\/wp-content\/uploads\/sites\/18\/2022\/08\/Mesa-de-trabajo-1.png","datePublished":"2022-08-20T02:18:25+00:00","dateModified":"2023-07-22T06:33:17+00:00","author":{"@id":"https:\/\/dev.explora.cl\/aysen\/#\/schema\/person\/81c802b1e3b443e2575e555b39e60a05"},"breadcrumb":{"@id":"https:\/\/dev.explora.cl\/aysen\/conversatorio-mas-alternativas-de-calefaccion-en-puerto-cisnes\/#breadcrumb"},"inLanguage":"es-CL","potentialAction":[{"@type":"ReadAction","target":["https:\/\/dev.explora.cl\/aysen\/conversatorio-mas-alternativas-de-calefaccion-en-puerto-cisnes\/"]}]},{"@type":"ImageObject","inLanguage":"es-CL","@id":"https:\/\/dev.explora.cl\/aysen\/conversatorio-mas-alternativas-de-calefaccion-en-puerto-cisnes\/#primaryimage","url":"https:\/\/dev.explora.cl\/aysen\/wp-content\/uploads\/sites\/18\/2022\/08\/Mesa-de-trabajo-1.png","contentUrl":"https:\/\/dev.explora.cl\/aysen\/wp-content\/uploads\/sites\/18\/2022\/08\/Mesa-de-trabajo-1.png","width":1320,"height":841},{"@type":"BreadcrumbList","@id":"https:\/\/dev.explora.cl\/aysen\/conversatorio-mas-alternativas-de-calefaccion-en-puerto-cisnes\/#breadcrumb","itemListElement":[{"@type":"ListItem","position":1,"name":"Portada","item":"https:\/\/dev.explora.cl\/aysen\/"},{"@type":"ListItem","position":2,"name":"Conversatorio &#8220;M\u00e1s alternativas de calefacci\u00f3n&#8221; en Puerto Cisnes."}]},{"@type":"WebSite","@id":"https:\/\/dev.explora.cl\/aysen\/#website","url":"https:\/\/dev.explora.cl\/aysen\/","name":"Aysen","description":"Otro sitio m\u00e1s de dev.explora.cl","potentialAction":[{"@type":"SearchAction","target":{"@type":"EntryPoint","urlTemplate":"https:\/\/dev.explora.cl\/aysen\/?s={search_term_string}"},"query-input":{"@type":"PropertyValueSpecification","valueRequired":true,"valueName":"search_term_string"}}],"inLanguage":"es-CL"},{"@type":"Person","@id":"https:\/\/dev.explora.cl\/aysen\/#\/schema\/person\/81c802b1e3b443e2575e555b39e60a05","name":"scisternas","image":{"@type":"ImageObject","inLanguage":"es-CL","@id":"https:\/\/dev.explora.cl\/aysen\/#\/schema\/person\/image\/","url":"https:\/\/secure.gravatar.com\/avatar\/611c8f1946b775bdf01b0521c85a9381c3ad08d928d8ead34ce577b0fa231c76?s=96&d=mm&r=g","contentUrl":"https:\/\/secure.gravatar.com\/avatar\/611c8f1946b775bdf01b0521c85a9381c3ad08d928d8ead34ce577b0fa231c76?s=96&d=mm&r=g","caption":"scisternas"},"url":"https:\/\/dev.explora.cl\/aysen\/author\/scisternas\/"}]}},"_links":{"self":[{"href":"https:\/\/dev.explora.cl\/aysen\/wp-json\/wp\/v2\/posts\/38255","targetHints":{"allow":["GET"]}}],"collection":[{"href":"https:\/\/dev.explora.cl\/aysen\/wp-json\/wp\/v2\/posts"}],"about":[{"href":"https:\/\/dev.explora.cl\/aysen\/wp-json\/wp\/v2\/types\/post"}],"author":[{"embeddable":true,"href":"https:\/\/dev.explora.cl\/aysen\/wp-json\/wp\/v2\/users\/37"}],"replies":[{"embeddable":true,"href":"https:\/\/dev.explora.cl\/aysen\/wp-json\/wp\/v2\/comments?post=38255"}],"version-history":[{"count":2,"href":"https:\/\/dev.explora.cl\/aysen\/wp-json\/wp\/v2\/posts\/38255\/revisions"}],"predecessor-version":[{"id":38258,"href":"https:\/\/dev.explora.cl\/aysen\/wp-json\/wp\/v2\/posts\/38255\/revisions\/38258"}],"wp:featuredmedia":[{"embeddable":true,"href":"https:\/\/dev.explora.cl\/aysen\/wp-json\/wp\/v2\/media\/38259"}],"wp:attachment":[{"href":"https:\/\/dev.explora.cl\/aysen\/wp-json\/wp\/v2\/media?parent=38255"}],"wp:term":[{"taxonomy":"category","embeddable":true,"href":"https:\/\/dev.explora.cl\/aysen\/wp-json\/wp\/v2\/categories?post=38255"},{"taxonomy":"post_tag","embeddable":true,"href":"https:\/\/dev.explora.cl\/aysen\/wp-json\/wp\/v2\/tags?post=38255"}],"curies":[{"name":"wp","href":"https:\/\/api.w.org\/{rel}","templated":true}]}}