{"id":38207,"date":"2022-07-31T22:57:49","date_gmt":"2022-08-01T02:57:49","guid":{"rendered":"https:\/\/dev.explora.cl\/aysen\/?p=38207"},"modified":"2023-07-22T02:37:53","modified_gmt":"2023-07-22T06:37:53","slug":"con-exito-en-convocatoria-finaliza-escuela-de-invierno-uach-2022","status":"publish","type":"post","link":"https:\/\/dev.explora.cl\/aysen\/con-exito-en-convocatoria-finaliza-escuela-de-invierno-uach-2022\/","title":{"rendered":"Con \u00e9xito en convocatoria finaliza Escuela de Invierno UACh 2022"},"content":{"rendered":"<p>Fueron 13 talleres con m\u00e1s de 270 participantes reunidos en las comunas de Ays\u00e9n, R\u00edo Ib\u00e1\u00f1ez y Coyhaique, quienes participaron de las diversas actividades programadas.<!--more--><\/p>\n<p>Coyhaique. Con un positivo balance, este viernes 22 de julio se dio por finalizada la Escuela de Invierno UACh 2022, denominada \u201cArte y Ciencia abierta en el territorio\u201d. La actividad congreg\u00f3 durante dos semanas a participantes de todas las edades que se dieron cita para compartir, jugar y descubrir, en diversos talleres gratuitos como Ilustraci\u00f3n, Danza, Folclore, Stopmotion, Microbosques, Cuentacuentos y Animatronix entre otros.<\/p>\n<p>La iniciativa desarrollada en conjunto por el PAR Explora Ays\u00e9n y el \u00c1rea de Arte y Cultura de la Universidad Austral de Chile, Campus Patagonia, tuvo la tarea de vincular distintas disciplinas a trav\u00e9s de 13 talleres realizados por profesionales provenientes de diversas regiones del pa\u00eds.<\/p>\n<p>Viviana Pizarro, Directora del PAR Explora Ays\u00e9n indic\u00f3 que \u201cPara nosotros es importante promover la apropiaci\u00f3n de saberes en todas las \u00e1reas del conocimiento. Es por eso que durante dos semanas nos desplegamos por algunos territorios de la regi\u00f3n, llevando talleres de arte, ciencia y tecnolog\u00eda, donde las y los participantes pudieron interactuar de forma directa con especialistas que son referentes nacionales en sus disciplinas. Relevamos tambi\u00e9n el v\u00ednculo que hay entre arte y ciencia, que pareciesen ser culturalmente contrapuestos pero la realidad es que s\u00ed est\u00e1n conectadas y que ninguna forma de conocimiento es impermeable a otra.\u201d<\/p>\n<p>Melissa N\u00fa\u00f1ez fue una de las participantes del taller de Grabado Experimental impartido por Sebasti\u00e1n Pe\u00f1a en las localidades de R\u00edo Ib\u00e1\u00f1ez y Villa Cerro Castillo, para ella es fundamental tener la posibilidad de expresar su creatividad inspir\u00e1ndose en su entorno. \u201cMe encanta trabajar con la naturaleza, experimentar, explorar y es algo que quer\u00eda hacer con mi creatividad. Me encant\u00f3 que Sebasti\u00e1n pudiera venir hasta ac\u00e1, tener la disposici\u00f3n de entregar todo su conocimiento y aprender de \u00e9l\u201d. Respecto a la relevancia de la Escuela de Invierno UACh 2022 agreg\u00f3 que \u201ces importante, primero porque nos vincula con el entorno y lo que nos rodea, y tambi\u00e9n porque nos hace explorar acompa\u00f1adas. Que alguien nos ayude y que est\u00e1 ah\u00ed en nuestro proceso.\u201d<\/p>\n<p>Por su parte, Carlos Galdames, Coordinador del proyecto AUS2095 en el campus Patagonia, destac\u00f3 que \u201cEsta versi\u00f3n de la Escuela de Invierno UACh 2022 en la Patagonia, permiti\u00f3 sembrar espacios de encuentro y aprendizajes dentro y fuera de Coyhaique, que esperamos se vuelvan a replicar en futuras versiones. Esta alianza de Arte y Ciencia Abierta en el Territorio ha sido un descubrimiento revelador, y que ha tenido una gran acogida por parte de las personas que participaron. Facilitar espacios con este nivel de especializaci\u00f3n en nuestra regi\u00f3n, sin duda contribuye a disminuir brechas de acceso a experiencias formativas de calidad. En ese sentido, esperamos seguir trabajando como Campus Patagonia en conjunto con PAR EXPLORA en m\u00e1s instancias en com\u00fan, que a la vez, se programen en sinton\u00eda con nuestra realidad local, sus organizaciones y sus necesidades.\u201d<\/p>\n<p>Para saber m\u00e1s sobre la Escuela de Invierno UACh 2022 u otras actividades de los mismos organizadores, pueden visitar los sitios web patagonia.uach.cl y dev.explora.cl\/aysen<\/p>\n","protected":false},"excerpt":{"rendered":"<p>Fueron 13 talleres con m\u00e1s de 270 participantes reunidos en las comunas de Ays\u00e9n, R\u00edo Ib\u00e1\u00f1ez y Coyhaique, quienes participaron de las diversas actividades programadas.<\/p>\n","protected":false},"author":37,"featured_media":38208,"comment_status":"open","ping_status":"open","sticky":false,"template":"","format":"standard","meta":{"_acf_changed":false,"_exactmetrics_skip_tracking":false,"_exactmetrics_sitenote_active":false,"_exactmetrics_sitenote_note":"","_exactmetrics_sitenote_category":0,"footnotes":"","_links_to":"","_links_to_target":""},"categories":[4],"tags":[],"class_list":["post-38207","post","type-post","status-publish","format-standard","has-post-thumbnail","hentry","category-noticias"],"acf":[],"yoast_head":"<!-- This site is optimized with the Yoast SEO plugin v26.7 - https:\/\/yoast.com\/wordpress\/plugins\/seo\/ -->\n<title>Con \u00e9xito en convocatoria finaliza Escuela de Invierno UACh 2022 - Aysen<\/title>\n<meta name=\"robots\" content=\"index, follow, max-snippet:-1, max-image-preview:large, max-video-preview:-1\" \/>\n<link rel=\"canonical\" href=\"https:\/\/dev.explora.cl\/aysen\/con-exito-en-convocatoria-finaliza-escuela-de-invierno-uach-2022\/\" class=\"yoast-seo-meta-tag\" \/>\n<meta property=\"og:locale\" content=\"es_ES\" class=\"yoast-seo-meta-tag\" \/>\n<meta property=\"og:type\" content=\"article\" class=\"yoast-seo-meta-tag\" \/>\n<meta property=\"og:title\" content=\"Con \u00e9xito en convocatoria finaliza Escuela de Invierno UACh 2022 - Aysen\" class=\"yoast-seo-meta-tag\" \/>\n<meta property=\"og:description\" content=\"Fueron 13 talleres con m\u00e1s de 270 participantes reunidos en las comunas de Ays\u00e9n, R\u00edo Ib\u00e1\u00f1ez y Coyhaique, quienes participaron de las diversas actividades programadas.\" class=\"yoast-seo-meta-tag\" \/>\n<meta property=\"og:url\" content=\"https:\/\/dev.explora.cl\/aysen\/con-exito-en-convocatoria-finaliza-escuela-de-invierno-uach-2022\/\" class=\"yoast-seo-meta-tag\" \/>\n<meta property=\"og:site_name\" content=\"Aysen\" class=\"yoast-seo-meta-tag\" \/>\n<meta property=\"article:published_time\" content=\"2022-08-01T02:57:49+00:00\" class=\"yoast-seo-meta-tag\" \/>\n<meta property=\"article:modified_time\" content=\"2023-07-22T06:37:53+00:00\" class=\"yoast-seo-meta-tag\" \/>\n<meta property=\"og:image\" content=\"https:\/\/dev.explora.cl\/aysen\/wp-content\/uploads\/sites\/18\/2022\/07\/IMG_6474-1024x768.jpg\" class=\"yoast-seo-meta-tag\" \/>\n\t<meta property=\"og:image:width\" content=\"1024\" class=\"yoast-seo-meta-tag\" \/>\n\t<meta property=\"og:image:height\" content=\"768\" class=\"yoast-seo-meta-tag\" \/>\n\t<meta property=\"og:image:type\" content=\"image\/jpeg\" class=\"yoast-seo-meta-tag\" \/>\n<meta name=\"author\" content=\"scisternas\" class=\"yoast-seo-meta-tag\" \/>\n<meta name=\"twitter:card\" content=\"summary_large_image\" class=\"yoast-seo-meta-tag\" \/>\n<meta name=\"twitter:label1\" content=\"Escrito por\" class=\"yoast-seo-meta-tag\" \/>\n\t<meta name=\"twitter:data1\" content=\"scisternas\" class=\"yoast-seo-meta-tag\" \/>\n\t<meta name=\"twitter:label2\" content=\"Tiempo estimado de lectura\" class=\"yoast-seo-meta-tag\" \/>\n\t<meta name=\"twitter:data2\" content=\"3 minutos\" class=\"yoast-seo-meta-tag\" \/>\n<script type=\"application\/ld+json\" class=\"yoast-schema-graph\">{\"@context\":\"https:\/\/schema.org\",\"@graph\":[{\"@type\":\"Article\",\"@id\":\"https:\/\/dev.explora.cl\/aysen\/con-exito-en-convocatoria-finaliza-escuela-de-invierno-uach-2022\/#article\",\"isPartOf\":{\"@id\":\"https:\/\/dev.explora.cl\/aysen\/con-exito-en-convocatoria-finaliza-escuela-de-invierno-uach-2022\/\"},\"author\":{\"name\":\"scisternas\",\"@id\":\"https:\/\/dev.explora.cl\/aysen\/#\/schema\/person\/81c802b1e3b443e2575e555b39e60a05\"},\"headline\":\"Con \u00e9xito en convocatoria finaliza Escuela de Invierno UACh 2022\",\"datePublished\":\"2022-08-01T02:57:49+00:00\",\"dateModified\":\"2023-07-22T06:37:53+00:00\",\"mainEntityOfPage\":{\"@id\":\"https:\/\/dev.explora.cl\/aysen\/con-exito-en-convocatoria-finaliza-escuela-de-invierno-uach-2022\/\"},\"wordCount\":556,\"commentCount\":0,\"image\":{\"@id\":\"https:\/\/dev.explora.cl\/aysen\/con-exito-en-convocatoria-finaliza-escuela-de-invierno-uach-2022\/#primaryimage\"},\"thumbnailUrl\":\"https:\/\/dev.explora.cl\/aysen\/wp-content\/uploads\/sites\/18\/2022\/07\/IMG_6474.jpg\",\"articleSection\":[\"Noticias\"],\"inLanguage\":\"es-CL\",\"potentialAction\":[{\"@type\":\"CommentAction\",\"name\":\"Comment\",\"target\":[\"https:\/\/dev.explora.cl\/aysen\/con-exito-en-convocatoria-finaliza-escuela-de-invierno-uach-2022\/#respond\"]}]},{\"@type\":\"WebPage\",\"@id\":\"https:\/\/dev.explora.cl\/aysen\/con-exito-en-convocatoria-finaliza-escuela-de-invierno-uach-2022\/\",\"url\":\"https:\/\/dev.explora.cl\/aysen\/con-exito-en-convocatoria-finaliza-escuela-de-invierno-uach-2022\/\",\"name\":\"Con \u00e9xito en convocatoria finaliza Escuela de Invierno UACh 2022 - Aysen\",\"isPartOf\":{\"@id\":\"https:\/\/dev.explora.cl\/aysen\/#website\"},\"primaryImageOfPage\":{\"@id\":\"https:\/\/dev.explora.cl\/aysen\/con-exito-en-convocatoria-finaliza-escuela-de-invierno-uach-2022\/#primaryimage\"},\"image\":{\"@id\":\"https:\/\/dev.explora.cl\/aysen\/con-exito-en-convocatoria-finaliza-escuela-de-invierno-uach-2022\/#primaryimage\"},\"thumbnailUrl\":\"https:\/\/dev.explora.cl\/aysen\/wp-content\/uploads\/sites\/18\/2022\/07\/IMG_6474.jpg\",\"datePublished\":\"2022-08-01T02:57:49+00:00\",\"dateModified\":\"2023-07-22T06:37:53+00:00\",\"author\":{\"@id\":\"https:\/\/dev.explora.cl\/aysen\/#\/schema\/person\/81c802b1e3b443e2575e555b39e60a05\"},\"breadcrumb\":{\"@id\":\"https:\/\/dev.explora.cl\/aysen\/con-exito-en-convocatoria-finaliza-escuela-de-invierno-uach-2022\/#breadcrumb\"},\"inLanguage\":\"es-CL\",\"potentialAction\":[{\"@type\":\"ReadAction\",\"target\":[\"https:\/\/dev.explora.cl\/aysen\/con-exito-en-convocatoria-finaliza-escuela-de-invierno-uach-2022\/\"]}]},{\"@type\":\"ImageObject\",\"inLanguage\":\"es-CL\",\"@id\":\"https:\/\/dev.explora.cl\/aysen\/con-exito-en-convocatoria-finaliza-escuela-de-invierno-uach-2022\/#primaryimage\",\"url\":\"https:\/\/dev.explora.cl\/aysen\/wp-content\/uploads\/sites\/18\/2022\/07\/IMG_6474.jpg\",\"contentUrl\":\"https:\/\/dev.explora.cl\/aysen\/wp-content\/uploads\/sites\/18\/2022\/07\/IMG_6474.jpg\",\"width\":4032,\"height\":3024},{\"@type\":\"BreadcrumbList\",\"@id\":\"https:\/\/dev.explora.cl\/aysen\/con-exito-en-convocatoria-finaliza-escuela-de-invierno-uach-2022\/#breadcrumb\",\"itemListElement\":[{\"@type\":\"ListItem\",\"position\":1,\"name\":\"Portada\",\"item\":\"https:\/\/dev.explora.cl\/aysen\/\"},{\"@type\":\"ListItem\",\"position\":2,\"name\":\"Con \u00e9xito en convocatoria finaliza Escuela de Invierno UACh 2022\"}]},{\"@type\":\"WebSite\",\"@id\":\"https:\/\/dev.explora.cl\/aysen\/#website\",\"url\":\"https:\/\/dev.explora.cl\/aysen\/\",\"name\":\"Aysen\",\"description\":\"Otro sitio m\u00e1s de dev.explora.cl\",\"potentialAction\":[{\"@type\":\"SearchAction\",\"target\":{\"@type\":\"EntryPoint\",\"urlTemplate\":\"https:\/\/dev.explora.cl\/aysen\/?s={search_term_string}\"},\"query-input\":{\"@type\":\"PropertyValueSpecification\",\"valueRequired\":true,\"valueName\":\"search_term_string\"}}],\"inLanguage\":\"es-CL\"},{\"@type\":\"Person\",\"@id\":\"https:\/\/dev.explora.cl\/aysen\/#\/schema\/person\/81c802b1e3b443e2575e555b39e60a05\",\"name\":\"scisternas\",\"image\":{\"@type\":\"ImageObject\",\"inLanguage\":\"es-CL\",\"@id\":\"https:\/\/dev.explora.cl\/aysen\/#\/schema\/person\/image\/\",\"url\":\"https:\/\/secure.gravatar.com\/avatar\/611c8f1946b775bdf01b0521c85a9381c3ad08d928d8ead34ce577b0fa231c76?s=96&d=mm&r=g\",\"contentUrl\":\"https:\/\/secure.gravatar.com\/avatar\/611c8f1946b775bdf01b0521c85a9381c3ad08d928d8ead34ce577b0fa231c76?s=96&d=mm&r=g\",\"caption\":\"scisternas\"},\"url\":\"https:\/\/dev.explora.cl\/aysen\/author\/scisternas\/\"}]}<\/script>\n<!-- \/ Yoast SEO plugin. -->","yoast_head_json":{"title":"Con \u00e9xito en convocatoria finaliza Escuela de Invierno UACh 2022 - Aysen","robots":{"index":"index","follow":"follow","max-snippet":"max-snippet:-1","max-image-preview":"max-image-preview:large","max-video-preview":"max-video-preview:-1"},"canonical":"https:\/\/dev.explora.cl\/aysen\/con-exito-en-convocatoria-finaliza-escuela-de-invierno-uach-2022\/","og_locale":"es_ES","og_type":"article","og_title":"Con \u00e9xito en convocatoria finaliza Escuela de Invierno UACh 2022 - Aysen","og_description":"Fueron 13 talleres con m\u00e1s de 270 participantes reunidos en las comunas de Ays\u00e9n, R\u00edo Ib\u00e1\u00f1ez y Coyhaique, quienes participaron de las diversas actividades programadas.","og_url":"https:\/\/dev.explora.cl\/aysen\/con-exito-en-convocatoria-finaliza-escuela-de-invierno-uach-2022\/","og_site_name":"Aysen","article_published_time":"2022-08-01T02:57:49+00:00","article_modified_time":"2023-07-22T06:37:53+00:00","og_image":[{"width":1024,"height":768,"url":"https:\/\/dev.explora.cl\/aysen\/wp-content\/uploads\/sites\/18\/2022\/07\/IMG_6474-1024x768.jpg","type":"image\/jpeg"}],"author":"scisternas","twitter_card":"summary_large_image","twitter_misc":{"Escrito por":"scisternas","Tiempo estimado de lectura":"3 minutos"},"schema":{"@context":"https:\/\/schema.org","@graph":[{"@type":"Article","@id":"https:\/\/dev.explora.cl\/aysen\/con-exito-en-convocatoria-finaliza-escuela-de-invierno-uach-2022\/#article","isPartOf":{"@id":"https:\/\/dev.explora.cl\/aysen\/con-exito-en-convocatoria-finaliza-escuela-de-invierno-uach-2022\/"},"author":{"name":"scisternas","@id":"https:\/\/dev.explora.cl\/aysen\/#\/schema\/person\/81c802b1e3b443e2575e555b39e60a05"},"headline":"Con \u00e9xito en convocatoria finaliza Escuela de Invierno UACh 2022","datePublished":"2022-08-01T02:57:49+00:00","dateModified":"2023-07-22T06:37:53+00:00","mainEntityOfPage":{"@id":"https:\/\/dev.explora.cl\/aysen\/con-exito-en-convocatoria-finaliza-escuela-de-invierno-uach-2022\/"},"wordCount":556,"commentCount":0,"image":{"@id":"https:\/\/dev.explora.cl\/aysen\/con-exito-en-convocatoria-finaliza-escuela-de-invierno-uach-2022\/#primaryimage"},"thumbnailUrl":"https:\/\/dev.explora.cl\/aysen\/wp-content\/uploads\/sites\/18\/2022\/07\/IMG_6474.jpg","articleSection":["Noticias"],"inLanguage":"es-CL","potentialAction":[{"@type":"CommentAction","name":"Comment","target":["https:\/\/dev.explora.cl\/aysen\/con-exito-en-convocatoria-finaliza-escuela-de-invierno-uach-2022\/#respond"]}]},{"@type":"WebPage","@id":"https:\/\/dev.explora.cl\/aysen\/con-exito-en-convocatoria-finaliza-escuela-de-invierno-uach-2022\/","url":"https:\/\/dev.explora.cl\/aysen\/con-exito-en-convocatoria-finaliza-escuela-de-invierno-uach-2022\/","name":"Con \u00e9xito en convocatoria finaliza Escuela de Invierno UACh 2022 - Aysen","isPartOf":{"@id":"https:\/\/dev.explora.cl\/aysen\/#website"},"primaryImageOfPage":{"@id":"https:\/\/dev.explora.cl\/aysen\/con-exito-en-convocatoria-finaliza-escuela-de-invierno-uach-2022\/#primaryimage"},"image":{"@id":"https:\/\/dev.explora.cl\/aysen\/con-exito-en-convocatoria-finaliza-escuela-de-invierno-uach-2022\/#primaryimage"},"thumbnailUrl":"https:\/\/dev.explora.cl\/aysen\/wp-content\/uploads\/sites\/18\/2022\/07\/IMG_6474.jpg","datePublished":"2022-08-01T02:57:49+00:00","dateModified":"2023-07-22T06:37:53+00:00","author":{"@id":"https:\/\/dev.explora.cl\/aysen\/#\/schema\/person\/81c802b1e3b443e2575e555b39e60a05"},"breadcrumb":{"@id":"https:\/\/dev.explora.cl\/aysen\/con-exito-en-convocatoria-finaliza-escuela-de-invierno-uach-2022\/#breadcrumb"},"inLanguage":"es-CL","potentialAction":[{"@type":"ReadAction","target":["https:\/\/dev.explora.cl\/aysen\/con-exito-en-convocatoria-finaliza-escuela-de-invierno-uach-2022\/"]}]},{"@type":"ImageObject","inLanguage":"es-CL","@id":"https:\/\/dev.explora.cl\/aysen\/con-exito-en-convocatoria-finaliza-escuela-de-invierno-uach-2022\/#primaryimage","url":"https:\/\/dev.explora.cl\/aysen\/wp-content\/uploads\/sites\/18\/2022\/07\/IMG_6474.jpg","contentUrl":"https:\/\/dev.explora.cl\/aysen\/wp-content\/uploads\/sites\/18\/2022\/07\/IMG_6474.jpg","width":4032,"height":3024},{"@type":"BreadcrumbList","@id":"https:\/\/dev.explora.cl\/aysen\/con-exito-en-convocatoria-finaliza-escuela-de-invierno-uach-2022\/#breadcrumb","itemListElement":[{"@type":"ListItem","position":1,"name":"Portada","item":"https:\/\/dev.explora.cl\/aysen\/"},{"@type":"ListItem","position":2,"name":"Con \u00e9xito en convocatoria finaliza Escuela de Invierno UACh 2022"}]},{"@type":"WebSite","@id":"https:\/\/dev.explora.cl\/aysen\/#website","url":"https:\/\/dev.explora.cl\/aysen\/","name":"Aysen","description":"Otro sitio m\u00e1s de dev.explora.cl","potentialAction":[{"@type":"SearchAction","target":{"@type":"EntryPoint","urlTemplate":"https:\/\/dev.explora.cl\/aysen\/?s={search_term_string}"},"query-input":{"@type":"PropertyValueSpecification","valueRequired":true,"valueName":"search_term_string"}}],"inLanguage":"es-CL"},{"@type":"Person","@id":"https:\/\/dev.explora.cl\/aysen\/#\/schema\/person\/81c802b1e3b443e2575e555b39e60a05","name":"scisternas","image":{"@type":"ImageObject","inLanguage":"es-CL","@id":"https:\/\/dev.explora.cl\/aysen\/#\/schema\/person\/image\/","url":"https:\/\/secure.gravatar.com\/avatar\/611c8f1946b775bdf01b0521c85a9381c3ad08d928d8ead34ce577b0fa231c76?s=96&d=mm&r=g","contentUrl":"https:\/\/secure.gravatar.com\/avatar\/611c8f1946b775bdf01b0521c85a9381c3ad08d928d8ead34ce577b0fa231c76?s=96&d=mm&r=g","caption":"scisternas"},"url":"https:\/\/dev.explora.cl\/aysen\/author\/scisternas\/"}]}},"_links":{"self":[{"href":"https:\/\/dev.explora.cl\/aysen\/wp-json\/wp\/v2\/posts\/38207","targetHints":{"allow":["GET"]}}],"collection":[{"href":"https:\/\/dev.explora.cl\/aysen\/wp-json\/wp\/v2\/posts"}],"about":[{"href":"https:\/\/dev.explora.cl\/aysen\/wp-json\/wp\/v2\/types\/post"}],"author":[{"embeddable":true,"href":"https:\/\/dev.explora.cl\/aysen\/wp-json\/wp\/v2\/users\/37"}],"replies":[{"embeddable":true,"href":"https:\/\/dev.explora.cl\/aysen\/wp-json\/wp\/v2\/comments?post=38207"}],"version-history":[{"count":2,"href":"https:\/\/dev.explora.cl\/aysen\/wp-json\/wp\/v2\/posts\/38207\/revisions"}],"predecessor-version":[{"id":38210,"href":"https:\/\/dev.explora.cl\/aysen\/wp-json\/wp\/v2\/posts\/38207\/revisions\/38210"}],"wp:featuredmedia":[{"embeddable":true,"href":"https:\/\/dev.explora.cl\/aysen\/wp-json\/wp\/v2\/media\/38208"}],"wp:attachment":[{"href":"https:\/\/dev.explora.cl\/aysen\/wp-json\/wp\/v2\/media?parent=38207"}],"wp:term":[{"taxonomy":"category","embeddable":true,"href":"https:\/\/dev.explora.cl\/aysen\/wp-json\/wp\/v2\/categories?post=38207"},{"taxonomy":"post_tag","embeddable":true,"href":"https:\/\/dev.explora.cl\/aysen\/wp-json\/wp\/v2\/tags?post=38207"}],"curies":[{"name":"wp","href":"https:\/\/api.w.org\/{rel}","templated":true}]}}