{"id":38191,"date":"2022-07-11T23:54:56","date_gmt":"2022-07-12T03:54:56","guid":{"rendered":"https:\/\/dev.explora.cl\/aysen\/?p=38191"},"modified":"2023-07-28T11:03:34","modified_gmt":"2023-07-28T15:03:34","slug":"cientificos-as-y-especialistas-en-divulgacion-se-capacitan-en-comunicacion-de-la-ciencia","status":"publish","type":"post","link":"https:\/\/dev.explora.cl\/aysen\/cientificos-as-y-especialistas-en-divulgacion-se-capacitan-en-comunicacion-de-la-ciencia\/","title":{"rendered":"Cient\u00edficos\/as y especialistas en divulgaci\u00f3n se capacitan en comunicaci\u00f3n de la ciencia."},"content":{"rendered":"<p><!--more--><\/p>\n<p><strong>Coyhaique<\/strong>,<strong> lunes 11 de Julio.<\/strong><\/p>\n<p>Fueron 4 talleres de dos horas cada uno, los que permitieron que 25 investigadores\/as y especialistas de la Macrozona Sur y de la regi\u00f3n de Ays\u00e9n, pudieran capacitarse de manera remota en la actividad denominada \u201c<strong>La Ciencia que Comunicamos<\/strong>\u201d. La iniciativa busca entregar estrategias y herramientas comunicacionales para favorecer la divulgaci\u00f3n cient\u00edfica, a trav\u00e9s del desarrollo de tem\u00e1ticas como: bases para comunicar la ciencia, medios y estrategias de divulgaci\u00f3n, estrategias de comunicaci\u00f3n seg\u00fan el tipo de p\u00fablico (charlas\/talleres); y estrategias corporales, destrezas y habilidades.<\/p>\n<p>La capacitaci\u00f3n realizada por el instrumento <strong>Ciencia Abierta<\/strong>, perteneciente al Proyecto Asociativo Regional (PAR) Explora Ays\u00e9n, ejecutado por el campus Patagonia de la Universidad Austral de Chile, cont\u00f3 con el apoyo de destacados profesionales en el \u00e1rea como N\u00e9lida Pohl: Asesora del programa de difusi\u00f3n de la Ciencia, 6 sentidos, del Instituto de Ecolog\u00eda y Biodiversidad (IEB) de la Universidad de Chile, y Jos\u00e9 Ilic: Divulgador cient\u00edfico, f\u00edsico e ilusionista profesional. Mag\u00edster en F\u00edsica de la Universidad de Concepci\u00f3n.<\/p>\n<p>La importancia de dar a conocerse al p\u00fablico<\/p>\n<p>La iniciativa surge de la propia necesidad de investigadores e investigadoras respecto a darse a conocer \u00a0y poder alcanzar una comunicaci\u00f3n efectiva de la ciencia. Karina Ocampo, encargada del instrumento Ciencia Abierta, indic\u00f3 que \u201ccon esta capacitaci\u00f3n, adem\u00e1s de esperar que a las y los cient\u00edficas\/os y especialistas, puedan mejorar su estrategias de divulgaci\u00f3n de la ciencia, queremos tambi\u00e9n que se despierte un inter\u00e9s regional en divulgar las investigaciones que se est\u00e1n haciendo en los territorios y as\u00ed poder hacer alianzas entre el PAR Explora Ays\u00e9n y todas estas instituciones e investigadores\/as independientes, a trav\u00e9s de Ciencia Abierta\u201d<\/p>\n","protected":false},"excerpt":{"rendered":"","protected":false},"author":37,"featured_media":38194,"comment_status":"open","ping_status":"open","sticky":false,"template":"","format":"standard","meta":{"_acf_changed":false,"_exactmetrics_skip_tracking":false,"_exactmetrics_sitenote_active":false,"_exactmetrics_sitenote_note":"","_exactmetrics_sitenote_category":0,"footnotes":"","_links_to":"","_links_to_target":""},"categories":[4],"tags":[],"class_list":["post-38191","post","type-post","status-publish","format-standard","has-post-thumbnail","hentry","category-noticias"],"acf":[],"yoast_head":"<!-- This site is optimized with the Yoast SEO plugin v26.7 - https:\/\/yoast.com\/wordpress\/plugins\/seo\/ -->\n<title>Cient\u00edficos\/as y especialistas en divulgaci\u00f3n se capacitan en comunicaci\u00f3n de la ciencia. - Aysen<\/title>\n<meta name=\"robots\" content=\"index, follow, max-snippet:-1, max-image-preview:large, max-video-preview:-1\" \/>\n<link rel=\"canonical\" href=\"https:\/\/dev.explora.cl\/aysen\/cientificos-as-y-especialistas-en-divulgacion-se-capacitan-en-comunicacion-de-la-ciencia\/\" class=\"yoast-seo-meta-tag\" \/>\n<meta property=\"og:locale\" content=\"es_ES\" class=\"yoast-seo-meta-tag\" \/>\n<meta property=\"og:type\" content=\"article\" class=\"yoast-seo-meta-tag\" \/>\n<meta property=\"og:title\" content=\"Cient\u00edficos\/as y especialistas en divulgaci\u00f3n se capacitan en comunicaci\u00f3n de la ciencia. - Aysen\" class=\"yoast-seo-meta-tag\" \/>\n<meta property=\"og:url\" content=\"https:\/\/dev.explora.cl\/aysen\/cientificos-as-y-especialistas-en-divulgacion-se-capacitan-en-comunicacion-de-la-ciencia\/\" class=\"yoast-seo-meta-tag\" \/>\n<meta property=\"og:site_name\" content=\"Aysen\" class=\"yoast-seo-meta-tag\" \/>\n<meta property=\"article:published_time\" content=\"2022-07-12T03:54:56+00:00\" class=\"yoast-seo-meta-tag\" \/>\n<meta property=\"article:modified_time\" content=\"2023-07-28T15:03:34+00:00\" class=\"yoast-seo-meta-tag\" \/>\n<meta property=\"og:image\" content=\"https:\/\/dev.explora.cl\/aysen\/wp-content\/uploads\/sites\/18\/2022\/07\/Explorando-los-habitantes-del-ri\u0301o-600-x-400-px-1.png\" class=\"yoast-seo-meta-tag\" \/>\n\t<meta property=\"og:image:width\" content=\"1200\" class=\"yoast-seo-meta-tag\" \/>\n\t<meta property=\"og:image:height\" content=\"800\" class=\"yoast-seo-meta-tag\" \/>\n\t<meta property=\"og:image:type\" content=\"image\/png\" class=\"yoast-seo-meta-tag\" \/>\n<meta name=\"author\" content=\"scisternas\" class=\"yoast-seo-meta-tag\" \/>\n<meta name=\"twitter:card\" content=\"summary_large_image\" class=\"yoast-seo-meta-tag\" \/>\n<meta name=\"twitter:label1\" content=\"Escrito por\" class=\"yoast-seo-meta-tag\" \/>\n\t<meta name=\"twitter:data1\" content=\"scisternas\" class=\"yoast-seo-meta-tag\" \/>\n\t<meta name=\"twitter:label2\" content=\"Tiempo estimado de lectura\" class=\"yoast-seo-meta-tag\" \/>\n\t<meta name=\"twitter:data2\" content=\"2 minutos\" class=\"yoast-seo-meta-tag\" \/>\n<script type=\"application\/ld+json\" class=\"yoast-schema-graph\">{\"@context\":\"https:\/\/schema.org\",\"@graph\":[{\"@type\":\"Article\",\"@id\":\"https:\/\/dev.explora.cl\/aysen\/cientificos-as-y-especialistas-en-divulgacion-se-capacitan-en-comunicacion-de-la-ciencia\/#article\",\"isPartOf\":{\"@id\":\"https:\/\/dev.explora.cl\/aysen\/cientificos-as-y-especialistas-en-divulgacion-se-capacitan-en-comunicacion-de-la-ciencia\/\"},\"author\":{\"name\":\"scisternas\",\"@id\":\"https:\/\/dev.explora.cl\/aysen\/#\/schema\/person\/81c802b1e3b443e2575e555b39e60a05\"},\"headline\":\"Cient\u00edficos\/as y especialistas en divulgaci\u00f3n se capacitan en comunicaci\u00f3n de la ciencia.\",\"datePublished\":\"2022-07-12T03:54:56+00:00\",\"dateModified\":\"2023-07-28T15:03:34+00:00\",\"mainEntityOfPage\":{\"@id\":\"https:\/\/dev.explora.cl\/aysen\/cientificos-as-y-especialistas-en-divulgacion-se-capacitan-en-comunicacion-de-la-ciencia\/\"},\"wordCount\":321,\"commentCount\":0,\"image\":{\"@id\":\"https:\/\/dev.explora.cl\/aysen\/cientificos-as-y-especialistas-en-divulgacion-se-capacitan-en-comunicacion-de-la-ciencia\/#primaryimage\"},\"thumbnailUrl\":\"https:\/\/dev.explora.cl\/aysen\/wp-content\/uploads\/sites\/18\/2022\/07\/Explorando-los-habitantes-del-ri\u0301o-600-x-400-px-1.png\",\"articleSection\":[\"Noticias\"],\"inLanguage\":\"es-CL\",\"potentialAction\":[{\"@type\":\"CommentAction\",\"name\":\"Comment\",\"target\":[\"https:\/\/dev.explora.cl\/aysen\/cientificos-as-y-especialistas-en-divulgacion-se-capacitan-en-comunicacion-de-la-ciencia\/#respond\"]}]},{\"@type\":\"WebPage\",\"@id\":\"https:\/\/dev.explora.cl\/aysen\/cientificos-as-y-especialistas-en-divulgacion-se-capacitan-en-comunicacion-de-la-ciencia\/\",\"url\":\"https:\/\/dev.explora.cl\/aysen\/cientificos-as-y-especialistas-en-divulgacion-se-capacitan-en-comunicacion-de-la-ciencia\/\",\"name\":\"Cient\u00edficos\/as y especialistas en divulgaci\u00f3n se capacitan en comunicaci\u00f3n de la ciencia. - Aysen\",\"isPartOf\":{\"@id\":\"https:\/\/dev.explora.cl\/aysen\/#website\"},\"primaryImageOfPage\":{\"@id\":\"https:\/\/dev.explora.cl\/aysen\/cientificos-as-y-especialistas-en-divulgacion-se-capacitan-en-comunicacion-de-la-ciencia\/#primaryimage\"},\"image\":{\"@id\":\"https:\/\/dev.explora.cl\/aysen\/cientificos-as-y-especialistas-en-divulgacion-se-capacitan-en-comunicacion-de-la-ciencia\/#primaryimage\"},\"thumbnailUrl\":\"https:\/\/dev.explora.cl\/aysen\/wp-content\/uploads\/sites\/18\/2022\/07\/Explorando-los-habitantes-del-ri\u0301o-600-x-400-px-1.png\",\"datePublished\":\"2022-07-12T03:54:56+00:00\",\"dateModified\":\"2023-07-28T15:03:34+00:00\",\"author\":{\"@id\":\"https:\/\/dev.explora.cl\/aysen\/#\/schema\/person\/81c802b1e3b443e2575e555b39e60a05\"},\"breadcrumb\":{\"@id\":\"https:\/\/dev.explora.cl\/aysen\/cientificos-as-y-especialistas-en-divulgacion-se-capacitan-en-comunicacion-de-la-ciencia\/#breadcrumb\"},\"inLanguage\":\"es-CL\",\"potentialAction\":[{\"@type\":\"ReadAction\",\"target\":[\"https:\/\/dev.explora.cl\/aysen\/cientificos-as-y-especialistas-en-divulgacion-se-capacitan-en-comunicacion-de-la-ciencia\/\"]}]},{\"@type\":\"ImageObject\",\"inLanguage\":\"es-CL\",\"@id\":\"https:\/\/dev.explora.cl\/aysen\/cientificos-as-y-especialistas-en-divulgacion-se-capacitan-en-comunicacion-de-la-ciencia\/#primaryimage\",\"url\":\"https:\/\/dev.explora.cl\/aysen\/wp-content\/uploads\/sites\/18\/2022\/07\/Explorando-los-habitantes-del-ri\u0301o-600-x-400-px-1.png\",\"contentUrl\":\"https:\/\/dev.explora.cl\/aysen\/wp-content\/uploads\/sites\/18\/2022\/07\/Explorando-los-habitantes-del-ri\u0301o-600-x-400-px-1.png\",\"width\":1200,\"height\":800},{\"@type\":\"BreadcrumbList\",\"@id\":\"https:\/\/dev.explora.cl\/aysen\/cientificos-as-y-especialistas-en-divulgacion-se-capacitan-en-comunicacion-de-la-ciencia\/#breadcrumb\",\"itemListElement\":[{\"@type\":\"ListItem\",\"position\":1,\"name\":\"Portada\",\"item\":\"https:\/\/dev.explora.cl\/aysen\/\"},{\"@type\":\"ListItem\",\"position\":2,\"name\":\"Cient\u00edficos\/as y especialistas en divulgaci\u00f3n se capacitan en comunicaci\u00f3n de la ciencia.\"}]},{\"@type\":\"WebSite\",\"@id\":\"https:\/\/dev.explora.cl\/aysen\/#website\",\"url\":\"https:\/\/dev.explora.cl\/aysen\/\",\"name\":\"Aysen\",\"description\":\"Otro sitio m\u00e1s de dev.explora.cl\",\"potentialAction\":[{\"@type\":\"SearchAction\",\"target\":{\"@type\":\"EntryPoint\",\"urlTemplate\":\"https:\/\/dev.explora.cl\/aysen\/?s={search_term_string}\"},\"query-input\":{\"@type\":\"PropertyValueSpecification\",\"valueRequired\":true,\"valueName\":\"search_term_string\"}}],\"inLanguage\":\"es-CL\"},{\"@type\":\"Person\",\"@id\":\"https:\/\/dev.explora.cl\/aysen\/#\/schema\/person\/81c802b1e3b443e2575e555b39e60a05\",\"name\":\"scisternas\",\"image\":{\"@type\":\"ImageObject\",\"inLanguage\":\"es-CL\",\"@id\":\"https:\/\/dev.explora.cl\/aysen\/#\/schema\/person\/image\/\",\"url\":\"https:\/\/secure.gravatar.com\/avatar\/611c8f1946b775bdf01b0521c85a9381c3ad08d928d8ead34ce577b0fa231c76?s=96&d=mm&r=g\",\"contentUrl\":\"https:\/\/secure.gravatar.com\/avatar\/611c8f1946b775bdf01b0521c85a9381c3ad08d928d8ead34ce577b0fa231c76?s=96&d=mm&r=g\",\"caption\":\"scisternas\"},\"url\":\"https:\/\/dev.explora.cl\/aysen\/author\/scisternas\/\"}]}<\/script>\n<!-- \/ Yoast SEO plugin. -->","yoast_head_json":{"title":"Cient\u00edficos\/as y especialistas en divulgaci\u00f3n se capacitan en comunicaci\u00f3n de la ciencia. - Aysen","robots":{"index":"index","follow":"follow","max-snippet":"max-snippet:-1","max-image-preview":"max-image-preview:large","max-video-preview":"max-video-preview:-1"},"canonical":"https:\/\/dev.explora.cl\/aysen\/cientificos-as-y-especialistas-en-divulgacion-se-capacitan-en-comunicacion-de-la-ciencia\/","og_locale":"es_ES","og_type":"article","og_title":"Cient\u00edficos\/as y especialistas en divulgaci\u00f3n se capacitan en comunicaci\u00f3n de la ciencia. - Aysen","og_url":"https:\/\/dev.explora.cl\/aysen\/cientificos-as-y-especialistas-en-divulgacion-se-capacitan-en-comunicacion-de-la-ciencia\/","og_site_name":"Aysen","article_published_time":"2022-07-12T03:54:56+00:00","article_modified_time":"2023-07-28T15:03:34+00:00","og_image":[{"width":1200,"height":800,"url":"https:\/\/dev.explora.cl\/aysen\/wp-content\/uploads\/sites\/18\/2022\/07\/Explorando-los-habitantes-del-ri\u0301o-600-x-400-px-1.png","type":"image\/png"}],"author":"scisternas","twitter_card":"summary_large_image","twitter_misc":{"Escrito por":"scisternas","Tiempo estimado de lectura":"2 minutos"},"schema":{"@context":"https:\/\/schema.org","@graph":[{"@type":"Article","@id":"https:\/\/dev.explora.cl\/aysen\/cientificos-as-y-especialistas-en-divulgacion-se-capacitan-en-comunicacion-de-la-ciencia\/#article","isPartOf":{"@id":"https:\/\/dev.explora.cl\/aysen\/cientificos-as-y-especialistas-en-divulgacion-se-capacitan-en-comunicacion-de-la-ciencia\/"},"author":{"name":"scisternas","@id":"https:\/\/dev.explora.cl\/aysen\/#\/schema\/person\/81c802b1e3b443e2575e555b39e60a05"},"headline":"Cient\u00edficos\/as y especialistas en divulgaci\u00f3n se capacitan en comunicaci\u00f3n de la ciencia.","datePublished":"2022-07-12T03:54:56+00:00","dateModified":"2023-07-28T15:03:34+00:00","mainEntityOfPage":{"@id":"https:\/\/dev.explora.cl\/aysen\/cientificos-as-y-especialistas-en-divulgacion-se-capacitan-en-comunicacion-de-la-ciencia\/"},"wordCount":321,"commentCount":0,"image":{"@id":"https:\/\/dev.explora.cl\/aysen\/cientificos-as-y-especialistas-en-divulgacion-se-capacitan-en-comunicacion-de-la-ciencia\/#primaryimage"},"thumbnailUrl":"https:\/\/dev.explora.cl\/aysen\/wp-content\/uploads\/sites\/18\/2022\/07\/Explorando-los-habitantes-del-ri\u0301o-600-x-400-px-1.png","articleSection":["Noticias"],"inLanguage":"es-CL","potentialAction":[{"@type":"CommentAction","name":"Comment","target":["https:\/\/dev.explora.cl\/aysen\/cientificos-as-y-especialistas-en-divulgacion-se-capacitan-en-comunicacion-de-la-ciencia\/#respond"]}]},{"@type":"WebPage","@id":"https:\/\/dev.explora.cl\/aysen\/cientificos-as-y-especialistas-en-divulgacion-se-capacitan-en-comunicacion-de-la-ciencia\/","url":"https:\/\/dev.explora.cl\/aysen\/cientificos-as-y-especialistas-en-divulgacion-se-capacitan-en-comunicacion-de-la-ciencia\/","name":"Cient\u00edficos\/as y especialistas en divulgaci\u00f3n se capacitan en comunicaci\u00f3n de la ciencia. - Aysen","isPartOf":{"@id":"https:\/\/dev.explora.cl\/aysen\/#website"},"primaryImageOfPage":{"@id":"https:\/\/dev.explora.cl\/aysen\/cientificos-as-y-especialistas-en-divulgacion-se-capacitan-en-comunicacion-de-la-ciencia\/#primaryimage"},"image":{"@id":"https:\/\/dev.explora.cl\/aysen\/cientificos-as-y-especialistas-en-divulgacion-se-capacitan-en-comunicacion-de-la-ciencia\/#primaryimage"},"thumbnailUrl":"https:\/\/dev.explora.cl\/aysen\/wp-content\/uploads\/sites\/18\/2022\/07\/Explorando-los-habitantes-del-ri\u0301o-600-x-400-px-1.png","datePublished":"2022-07-12T03:54:56+00:00","dateModified":"2023-07-28T15:03:34+00:00","author":{"@id":"https:\/\/dev.explora.cl\/aysen\/#\/schema\/person\/81c802b1e3b443e2575e555b39e60a05"},"breadcrumb":{"@id":"https:\/\/dev.explora.cl\/aysen\/cientificos-as-y-especialistas-en-divulgacion-se-capacitan-en-comunicacion-de-la-ciencia\/#breadcrumb"},"inLanguage":"es-CL","potentialAction":[{"@type":"ReadAction","target":["https:\/\/dev.explora.cl\/aysen\/cientificos-as-y-especialistas-en-divulgacion-se-capacitan-en-comunicacion-de-la-ciencia\/"]}]},{"@type":"ImageObject","inLanguage":"es-CL","@id":"https:\/\/dev.explora.cl\/aysen\/cientificos-as-y-especialistas-en-divulgacion-se-capacitan-en-comunicacion-de-la-ciencia\/#primaryimage","url":"https:\/\/dev.explora.cl\/aysen\/wp-content\/uploads\/sites\/18\/2022\/07\/Explorando-los-habitantes-del-ri\u0301o-600-x-400-px-1.png","contentUrl":"https:\/\/dev.explora.cl\/aysen\/wp-content\/uploads\/sites\/18\/2022\/07\/Explorando-los-habitantes-del-ri\u0301o-600-x-400-px-1.png","width":1200,"height":800},{"@type":"BreadcrumbList","@id":"https:\/\/dev.explora.cl\/aysen\/cientificos-as-y-especialistas-en-divulgacion-se-capacitan-en-comunicacion-de-la-ciencia\/#breadcrumb","itemListElement":[{"@type":"ListItem","position":1,"name":"Portada","item":"https:\/\/dev.explora.cl\/aysen\/"},{"@type":"ListItem","position":2,"name":"Cient\u00edficos\/as y especialistas en divulgaci\u00f3n se capacitan en comunicaci\u00f3n de la ciencia."}]},{"@type":"WebSite","@id":"https:\/\/dev.explora.cl\/aysen\/#website","url":"https:\/\/dev.explora.cl\/aysen\/","name":"Aysen","description":"Otro sitio m\u00e1s de dev.explora.cl","potentialAction":[{"@type":"SearchAction","target":{"@type":"EntryPoint","urlTemplate":"https:\/\/dev.explora.cl\/aysen\/?s={search_term_string}"},"query-input":{"@type":"PropertyValueSpecification","valueRequired":true,"valueName":"search_term_string"}}],"inLanguage":"es-CL"},{"@type":"Person","@id":"https:\/\/dev.explora.cl\/aysen\/#\/schema\/person\/81c802b1e3b443e2575e555b39e60a05","name":"scisternas","image":{"@type":"ImageObject","inLanguage":"es-CL","@id":"https:\/\/dev.explora.cl\/aysen\/#\/schema\/person\/image\/","url":"https:\/\/secure.gravatar.com\/avatar\/611c8f1946b775bdf01b0521c85a9381c3ad08d928d8ead34ce577b0fa231c76?s=96&d=mm&r=g","contentUrl":"https:\/\/secure.gravatar.com\/avatar\/611c8f1946b775bdf01b0521c85a9381c3ad08d928d8ead34ce577b0fa231c76?s=96&d=mm&r=g","caption":"scisternas"},"url":"https:\/\/dev.explora.cl\/aysen\/author\/scisternas\/"}]}},"_links":{"self":[{"href":"https:\/\/dev.explora.cl\/aysen\/wp-json\/wp\/v2\/posts\/38191","targetHints":{"allow":["GET"]}}],"collection":[{"href":"https:\/\/dev.explora.cl\/aysen\/wp-json\/wp\/v2\/posts"}],"about":[{"href":"https:\/\/dev.explora.cl\/aysen\/wp-json\/wp\/v2\/types\/post"}],"author":[{"embeddable":true,"href":"https:\/\/dev.explora.cl\/aysen\/wp-json\/wp\/v2\/users\/37"}],"replies":[{"embeddable":true,"href":"https:\/\/dev.explora.cl\/aysen\/wp-json\/wp\/v2\/comments?post=38191"}],"version-history":[{"count":6,"href":"https:\/\/dev.explora.cl\/aysen\/wp-json\/wp\/v2\/posts\/38191\/revisions"}],"predecessor-version":[{"id":38205,"href":"https:\/\/dev.explora.cl\/aysen\/wp-json\/wp\/v2\/posts\/38191\/revisions\/38205"}],"wp:featuredmedia":[{"embeddable":true,"href":"https:\/\/dev.explora.cl\/aysen\/wp-json\/wp\/v2\/media\/38194"}],"wp:attachment":[{"href":"https:\/\/dev.explora.cl\/aysen\/wp-json\/wp\/v2\/media?parent=38191"}],"wp:term":[{"taxonomy":"category","embeddable":true,"href":"https:\/\/dev.explora.cl\/aysen\/wp-json\/wp\/v2\/categories?post=38191"},{"taxonomy":"post_tag","embeddable":true,"href":"https:\/\/dev.explora.cl\/aysen\/wp-json\/wp\/v2\/tags?post=38191"}],"curies":[{"name":"wp","href":"https:\/\/api.w.org\/{rel}","templated":true}]}}