{"id":38177,"date":"2022-07-05T21:58:25","date_gmt":"2022-07-06T01:58:25","guid":{"rendered":"https:\/\/dev.explora.cl\/aysen\/?p=38177"},"modified":"2023-07-22T02:33:42","modified_gmt":"2023-07-22T06:33:42","slug":"parques-y-reservas-como-laboratorio-natural-inicia-proceso-de-convocatoria-2022","status":"publish","type":"post","link":"https:\/\/dev.explora.cl\/aysen\/parques-y-reservas-como-laboratorio-natural-inicia-proceso-de-convocatoria-2022\/","title":{"rendered":"Parques y Reservas como Laboratorio Natural inicia proceso de convocatoria 2022"},"content":{"rendered":"<p><!--more-->\u00a1Atenci\u00f3n docentes!<\/p>\n<p><strong>Inscripciones desde el 5 de julio al 5 de agosto.<\/strong><\/p>\n<p style=\"text-align: left\">Se invita a docentes y educadoras\/es que realicen clases en cursos de primer ciclo b\u00e1sico en establecimientos de las 10 comunas que cubre el PAR Explora Ays\u00e9n, a ser parte de una experiencia de intercambio y aprendizaje.<br \/>\nParques y reservas como laboratorio natural es una iniciativa regional impulsada por el programa Explora del Ministerio de Ciencia, Tecnolog\u00eda, Conocimiento e Innovaci\u00f3n, que tiene el objetivo de promover el aprendizaje para que docentes y estudiantes pueden conocer y valorar el patrimonio natural presente en la regi\u00f3n a trav\u00e9s de un conjunto de recursos y estrategias pedag\u00f3gicas que promuevan aprendizajes significativos relativos a la flora y fauna nativa presente en algunas de las \u00c1reas Silvestres Protegidas (ASP) de la regi\u00f3n de Ays\u00e9n.<\/p>\n<p style=\"text-align: left\">La actividad no tendr\u00e1 cupo l\u00edmite para la obtenci\u00f3n y utilizaci\u00f3n del material educativo, pero s\u00ed tendr\u00e1 cupo de 15 visitas guiadas, para establecimientos provenientes de toda la regi\u00f3n de Ays\u00e9n, promoviendo la realizaci\u00f3n de visitas guiadas en diferentes establecimientos educacionales de distintos sectores y comunas de la Regi\u00f3n. Las visitas guiadas se llevar\u00e1n a cabo entre los meses de septiembre de 2022 y marzo de 2023. Esta iniciativa se realizar\u00e1 bajo dos modalidades: modalidad con visita guiada y entrega de recursos educativos, si las condiciones sanitarias lo permitan y modalidad sin visita guiada y entrega de recursos educativos en caso de externalidades que no permitan la reuni\u00f3n presencial y en caso de completarse los cupos de las visitas guiadas.<\/p>\n<p style=\"text-align: left\"><strong>\u00bfC\u00f3mo inscribirse?<\/strong><\/p>\n<p>A continuaci\u00f3n te dejamos las bases y los\u00a0 documentos que debes completar.<\/p>\n<ul>\n<li>Descarga las bases <a href=\"https:\/\/dev.explora.cl\/aysen\/wp-content\/uploads\/sites\/18\/2022\/07\/Bases-Convocatoria-Parques-2022.docx.pdf\">aqu\u00ed<\/a><\/li>\n<li>Formulario de inscripci\u00f3n<\/li>\n<li>Carta de compromiso aqu\u00ed<\/li>\n<li>Consentimiento docente y adulto <a href=\"https:\/\/dev.explora.cl\/aysen\/wp-content\/uploads\/sites\/18\/2022\/07\/Consentimiento-I-docente-y-adulto.docx\">aqu\u00ed<\/a><\/li>\n<li>Listado de estudiantes con los que postula <a href=\"https:\/\/dev.explora.cl\/aysen\/wp-content\/uploads\/sites\/18\/2022\/07\/LISTADO-ASP-TICKET.xlsx\">aqu\u00ed<\/a><\/li>\n<\/ul>\n","protected":false},"excerpt":{"rendered":"","protected":false},"author":37,"featured_media":38232,"comment_status":"open","ping_status":"open","sticky":false,"template":"","format":"standard","meta":{"_acf_changed":false,"_exactmetrics_skip_tracking":false,"_exactmetrics_sitenote_active":false,"_exactmetrics_sitenote_note":"","_exactmetrics_sitenote_category":0,"footnotes":"","_links_to":"","_links_to_target":""},"categories":[4],"tags":[],"class_list":["post-38177","post","type-post","status-publish","format-standard","has-post-thumbnail","hentry","category-noticias"],"acf":[],"yoast_head":"<!-- This site is optimized with the Yoast SEO plugin v26.7 - https:\/\/yoast.com\/wordpress\/plugins\/seo\/ -->\n<title>Parques y Reservas como Laboratorio Natural inicia proceso de convocatoria 2022 - Aysen<\/title>\n<meta name=\"robots\" content=\"index, follow, max-snippet:-1, max-image-preview:large, max-video-preview:-1\" \/>\n<link rel=\"canonical\" href=\"https:\/\/dev.explora.cl\/aysen\/parques-y-reservas-como-laboratorio-natural-inicia-proceso-de-convocatoria-2022\/\" class=\"yoast-seo-meta-tag\" \/>\n<meta property=\"og:locale\" content=\"es_ES\" class=\"yoast-seo-meta-tag\" \/>\n<meta property=\"og:type\" content=\"article\" class=\"yoast-seo-meta-tag\" \/>\n<meta property=\"og:title\" content=\"Parques y Reservas como Laboratorio Natural inicia proceso de convocatoria 2022 - Aysen\" class=\"yoast-seo-meta-tag\" \/>\n<meta property=\"og:url\" content=\"https:\/\/dev.explora.cl\/aysen\/parques-y-reservas-como-laboratorio-natural-inicia-proceso-de-convocatoria-2022\/\" class=\"yoast-seo-meta-tag\" \/>\n<meta property=\"og:site_name\" content=\"Aysen\" class=\"yoast-seo-meta-tag\" \/>\n<meta property=\"article:published_time\" content=\"2022-07-06T01:58:25+00:00\" class=\"yoast-seo-meta-tag\" \/>\n<meta property=\"article:modified_time\" content=\"2023-07-22T06:33:42+00:00\" class=\"yoast-seo-meta-tag\" \/>\n<meta property=\"og:image\" content=\"https:\/\/dev.explora.cl\/aysen\/wp-content\/uploads\/sites\/18\/2022\/07\/Volante-horizontal-Muffins-Sencillo-Cafe\u0301-1-1.png\" class=\"yoast-seo-meta-tag\" \/>\n\t<meta property=\"og:image:width\" content=\"2000\" class=\"yoast-seo-meta-tag\" \/>\n\t<meta property=\"og:image:height\" content=\"1414\" class=\"yoast-seo-meta-tag\" \/>\n\t<meta property=\"og:image:type\" content=\"image\/png\" class=\"yoast-seo-meta-tag\" \/>\n<meta name=\"author\" content=\"scisternas\" class=\"yoast-seo-meta-tag\" \/>\n<meta name=\"twitter:card\" content=\"summary_large_image\" class=\"yoast-seo-meta-tag\" \/>\n<meta name=\"twitter:label1\" content=\"Escrito por\" class=\"yoast-seo-meta-tag\" \/>\n\t<meta name=\"twitter:data1\" content=\"scisternas\" class=\"yoast-seo-meta-tag\" \/>\n\t<meta name=\"twitter:label2\" content=\"Tiempo estimado de lectura\" class=\"yoast-seo-meta-tag\" \/>\n\t<meta name=\"twitter:data2\" content=\"2 minutos\" class=\"yoast-seo-meta-tag\" \/>\n<script type=\"application\/ld+json\" class=\"yoast-schema-graph\">{\"@context\":\"https:\/\/schema.org\",\"@graph\":[{\"@type\":\"Article\",\"@id\":\"https:\/\/dev.explora.cl\/aysen\/parques-y-reservas-como-laboratorio-natural-inicia-proceso-de-convocatoria-2022\/#article\",\"isPartOf\":{\"@id\":\"https:\/\/dev.explora.cl\/aysen\/parques-y-reservas-como-laboratorio-natural-inicia-proceso-de-convocatoria-2022\/\"},\"author\":{\"name\":\"scisternas\",\"@id\":\"https:\/\/dev.explora.cl\/aysen\/#\/schema\/person\/81c802b1e3b443e2575e555b39e60a05\"},\"headline\":\"Parques y Reservas como Laboratorio Natural inicia proceso de convocatoria 2022\",\"datePublished\":\"2022-07-06T01:58:25+00:00\",\"dateModified\":\"2023-07-22T06:33:42+00:00\",\"mainEntityOfPage\":{\"@id\":\"https:\/\/dev.explora.cl\/aysen\/parques-y-reservas-como-laboratorio-natural-inicia-proceso-de-convocatoria-2022\/\"},\"wordCount\":316,\"commentCount\":0,\"image\":{\"@id\":\"https:\/\/dev.explora.cl\/aysen\/parques-y-reservas-como-laboratorio-natural-inicia-proceso-de-convocatoria-2022\/#primaryimage\"},\"thumbnailUrl\":\"https:\/\/dev.explora.cl\/aysen\/wp-content\/uploads\/sites\/18\/2022\/07\/Volante-horizontal-Muffins-Sencillo-Cafe\u0301-1-1.png\",\"articleSection\":[\"Noticias\"],\"inLanguage\":\"es-CL\",\"potentialAction\":[{\"@type\":\"CommentAction\",\"name\":\"Comment\",\"target\":[\"https:\/\/dev.explora.cl\/aysen\/parques-y-reservas-como-laboratorio-natural-inicia-proceso-de-convocatoria-2022\/#respond\"]}]},{\"@type\":\"WebPage\",\"@id\":\"https:\/\/dev.explora.cl\/aysen\/parques-y-reservas-como-laboratorio-natural-inicia-proceso-de-convocatoria-2022\/\",\"url\":\"https:\/\/dev.explora.cl\/aysen\/parques-y-reservas-como-laboratorio-natural-inicia-proceso-de-convocatoria-2022\/\",\"name\":\"Parques y Reservas como Laboratorio Natural inicia proceso de convocatoria 2022 - Aysen\",\"isPartOf\":{\"@id\":\"https:\/\/dev.explora.cl\/aysen\/#website\"},\"primaryImageOfPage\":{\"@id\":\"https:\/\/dev.explora.cl\/aysen\/parques-y-reservas-como-laboratorio-natural-inicia-proceso-de-convocatoria-2022\/#primaryimage\"},\"image\":{\"@id\":\"https:\/\/dev.explora.cl\/aysen\/parques-y-reservas-como-laboratorio-natural-inicia-proceso-de-convocatoria-2022\/#primaryimage\"},\"thumbnailUrl\":\"https:\/\/dev.explora.cl\/aysen\/wp-content\/uploads\/sites\/18\/2022\/07\/Volante-horizontal-Muffins-Sencillo-Cafe\u0301-1-1.png\",\"datePublished\":\"2022-07-06T01:58:25+00:00\",\"dateModified\":\"2023-07-22T06:33:42+00:00\",\"author\":{\"@id\":\"https:\/\/dev.explora.cl\/aysen\/#\/schema\/person\/81c802b1e3b443e2575e555b39e60a05\"},\"breadcrumb\":{\"@id\":\"https:\/\/dev.explora.cl\/aysen\/parques-y-reservas-como-laboratorio-natural-inicia-proceso-de-convocatoria-2022\/#breadcrumb\"},\"inLanguage\":\"es-CL\",\"potentialAction\":[{\"@type\":\"ReadAction\",\"target\":[\"https:\/\/dev.explora.cl\/aysen\/parques-y-reservas-como-laboratorio-natural-inicia-proceso-de-convocatoria-2022\/\"]}]},{\"@type\":\"ImageObject\",\"inLanguage\":\"es-CL\",\"@id\":\"https:\/\/dev.explora.cl\/aysen\/parques-y-reservas-como-laboratorio-natural-inicia-proceso-de-convocatoria-2022\/#primaryimage\",\"url\":\"https:\/\/dev.explora.cl\/aysen\/wp-content\/uploads\/sites\/18\/2022\/07\/Volante-horizontal-Muffins-Sencillo-Cafe\u0301-1-1.png\",\"contentUrl\":\"https:\/\/dev.explora.cl\/aysen\/wp-content\/uploads\/sites\/18\/2022\/07\/Volante-horizontal-Muffins-Sencillo-Cafe\u0301-1-1.png\",\"width\":2000,\"height\":1414},{\"@type\":\"BreadcrumbList\",\"@id\":\"https:\/\/dev.explora.cl\/aysen\/parques-y-reservas-como-laboratorio-natural-inicia-proceso-de-convocatoria-2022\/#breadcrumb\",\"itemListElement\":[{\"@type\":\"ListItem\",\"position\":1,\"name\":\"Portada\",\"item\":\"https:\/\/dev.explora.cl\/aysen\/\"},{\"@type\":\"ListItem\",\"position\":2,\"name\":\"Parques y Reservas como Laboratorio Natural inicia proceso de convocatoria 2022\"}]},{\"@type\":\"WebSite\",\"@id\":\"https:\/\/dev.explora.cl\/aysen\/#website\",\"url\":\"https:\/\/dev.explora.cl\/aysen\/\",\"name\":\"Aysen\",\"description\":\"Otro sitio m\u00e1s de dev.explora.cl\",\"potentialAction\":[{\"@type\":\"SearchAction\",\"target\":{\"@type\":\"EntryPoint\",\"urlTemplate\":\"https:\/\/dev.explora.cl\/aysen\/?s={search_term_string}\"},\"query-input\":{\"@type\":\"PropertyValueSpecification\",\"valueRequired\":true,\"valueName\":\"search_term_string\"}}],\"inLanguage\":\"es-CL\"},{\"@type\":\"Person\",\"@id\":\"https:\/\/dev.explora.cl\/aysen\/#\/schema\/person\/81c802b1e3b443e2575e555b39e60a05\",\"name\":\"scisternas\",\"image\":{\"@type\":\"ImageObject\",\"inLanguage\":\"es-CL\",\"@id\":\"https:\/\/dev.explora.cl\/aysen\/#\/schema\/person\/image\/\",\"url\":\"https:\/\/secure.gravatar.com\/avatar\/611c8f1946b775bdf01b0521c85a9381c3ad08d928d8ead34ce577b0fa231c76?s=96&d=mm&r=g\",\"contentUrl\":\"https:\/\/secure.gravatar.com\/avatar\/611c8f1946b775bdf01b0521c85a9381c3ad08d928d8ead34ce577b0fa231c76?s=96&d=mm&r=g\",\"caption\":\"scisternas\"},\"url\":\"https:\/\/dev.explora.cl\/aysen\/author\/scisternas\/\"}]}<\/script>\n<!-- \/ Yoast SEO plugin. -->","yoast_head_json":{"title":"Parques y Reservas como Laboratorio Natural inicia proceso de convocatoria 2022 - Aysen","robots":{"index":"index","follow":"follow","max-snippet":"max-snippet:-1","max-image-preview":"max-image-preview:large","max-video-preview":"max-video-preview:-1"},"canonical":"https:\/\/dev.explora.cl\/aysen\/parques-y-reservas-como-laboratorio-natural-inicia-proceso-de-convocatoria-2022\/","og_locale":"es_ES","og_type":"article","og_title":"Parques y Reservas como Laboratorio Natural inicia proceso de convocatoria 2022 - Aysen","og_url":"https:\/\/dev.explora.cl\/aysen\/parques-y-reservas-como-laboratorio-natural-inicia-proceso-de-convocatoria-2022\/","og_site_name":"Aysen","article_published_time":"2022-07-06T01:58:25+00:00","article_modified_time":"2023-07-22T06:33:42+00:00","og_image":[{"width":2000,"height":1414,"url":"https:\/\/dev.explora.cl\/aysen\/wp-content\/uploads\/sites\/18\/2022\/07\/Volante-horizontal-Muffins-Sencillo-Cafe\u0301-1-1.png","type":"image\/png"}],"author":"scisternas","twitter_card":"summary_large_image","twitter_misc":{"Escrito por":"scisternas","Tiempo estimado de lectura":"2 minutos"},"schema":{"@context":"https:\/\/schema.org","@graph":[{"@type":"Article","@id":"https:\/\/dev.explora.cl\/aysen\/parques-y-reservas-como-laboratorio-natural-inicia-proceso-de-convocatoria-2022\/#article","isPartOf":{"@id":"https:\/\/dev.explora.cl\/aysen\/parques-y-reservas-como-laboratorio-natural-inicia-proceso-de-convocatoria-2022\/"},"author":{"name":"scisternas","@id":"https:\/\/dev.explora.cl\/aysen\/#\/schema\/person\/81c802b1e3b443e2575e555b39e60a05"},"headline":"Parques y Reservas como Laboratorio Natural inicia proceso de convocatoria 2022","datePublished":"2022-07-06T01:58:25+00:00","dateModified":"2023-07-22T06:33:42+00:00","mainEntityOfPage":{"@id":"https:\/\/dev.explora.cl\/aysen\/parques-y-reservas-como-laboratorio-natural-inicia-proceso-de-convocatoria-2022\/"},"wordCount":316,"commentCount":0,"image":{"@id":"https:\/\/dev.explora.cl\/aysen\/parques-y-reservas-como-laboratorio-natural-inicia-proceso-de-convocatoria-2022\/#primaryimage"},"thumbnailUrl":"https:\/\/dev.explora.cl\/aysen\/wp-content\/uploads\/sites\/18\/2022\/07\/Volante-horizontal-Muffins-Sencillo-Cafe\u0301-1-1.png","articleSection":["Noticias"],"inLanguage":"es-CL","potentialAction":[{"@type":"CommentAction","name":"Comment","target":["https:\/\/dev.explora.cl\/aysen\/parques-y-reservas-como-laboratorio-natural-inicia-proceso-de-convocatoria-2022\/#respond"]}]},{"@type":"WebPage","@id":"https:\/\/dev.explora.cl\/aysen\/parques-y-reservas-como-laboratorio-natural-inicia-proceso-de-convocatoria-2022\/","url":"https:\/\/dev.explora.cl\/aysen\/parques-y-reservas-como-laboratorio-natural-inicia-proceso-de-convocatoria-2022\/","name":"Parques y Reservas como Laboratorio Natural inicia proceso de convocatoria 2022 - Aysen","isPartOf":{"@id":"https:\/\/dev.explora.cl\/aysen\/#website"},"primaryImageOfPage":{"@id":"https:\/\/dev.explora.cl\/aysen\/parques-y-reservas-como-laboratorio-natural-inicia-proceso-de-convocatoria-2022\/#primaryimage"},"image":{"@id":"https:\/\/dev.explora.cl\/aysen\/parques-y-reservas-como-laboratorio-natural-inicia-proceso-de-convocatoria-2022\/#primaryimage"},"thumbnailUrl":"https:\/\/dev.explora.cl\/aysen\/wp-content\/uploads\/sites\/18\/2022\/07\/Volante-horizontal-Muffins-Sencillo-Cafe\u0301-1-1.png","datePublished":"2022-07-06T01:58:25+00:00","dateModified":"2023-07-22T06:33:42+00:00","author":{"@id":"https:\/\/dev.explora.cl\/aysen\/#\/schema\/person\/81c802b1e3b443e2575e555b39e60a05"},"breadcrumb":{"@id":"https:\/\/dev.explora.cl\/aysen\/parques-y-reservas-como-laboratorio-natural-inicia-proceso-de-convocatoria-2022\/#breadcrumb"},"inLanguage":"es-CL","potentialAction":[{"@type":"ReadAction","target":["https:\/\/dev.explora.cl\/aysen\/parques-y-reservas-como-laboratorio-natural-inicia-proceso-de-convocatoria-2022\/"]}]},{"@type":"ImageObject","inLanguage":"es-CL","@id":"https:\/\/dev.explora.cl\/aysen\/parques-y-reservas-como-laboratorio-natural-inicia-proceso-de-convocatoria-2022\/#primaryimage","url":"https:\/\/dev.explora.cl\/aysen\/wp-content\/uploads\/sites\/18\/2022\/07\/Volante-horizontal-Muffins-Sencillo-Cafe\u0301-1-1.png","contentUrl":"https:\/\/dev.explora.cl\/aysen\/wp-content\/uploads\/sites\/18\/2022\/07\/Volante-horizontal-Muffins-Sencillo-Cafe\u0301-1-1.png","width":2000,"height":1414},{"@type":"BreadcrumbList","@id":"https:\/\/dev.explora.cl\/aysen\/parques-y-reservas-como-laboratorio-natural-inicia-proceso-de-convocatoria-2022\/#breadcrumb","itemListElement":[{"@type":"ListItem","position":1,"name":"Portada","item":"https:\/\/dev.explora.cl\/aysen\/"},{"@type":"ListItem","position":2,"name":"Parques y Reservas como Laboratorio Natural inicia proceso de convocatoria 2022"}]},{"@type":"WebSite","@id":"https:\/\/dev.explora.cl\/aysen\/#website","url":"https:\/\/dev.explora.cl\/aysen\/","name":"Aysen","description":"Otro sitio m\u00e1s de dev.explora.cl","potentialAction":[{"@type":"SearchAction","target":{"@type":"EntryPoint","urlTemplate":"https:\/\/dev.explora.cl\/aysen\/?s={search_term_string}"},"query-input":{"@type":"PropertyValueSpecification","valueRequired":true,"valueName":"search_term_string"}}],"inLanguage":"es-CL"},{"@type":"Person","@id":"https:\/\/dev.explora.cl\/aysen\/#\/schema\/person\/81c802b1e3b443e2575e555b39e60a05","name":"scisternas","image":{"@type":"ImageObject","inLanguage":"es-CL","@id":"https:\/\/dev.explora.cl\/aysen\/#\/schema\/person\/image\/","url":"https:\/\/secure.gravatar.com\/avatar\/611c8f1946b775bdf01b0521c85a9381c3ad08d928d8ead34ce577b0fa231c76?s=96&d=mm&r=g","contentUrl":"https:\/\/secure.gravatar.com\/avatar\/611c8f1946b775bdf01b0521c85a9381c3ad08d928d8ead34ce577b0fa231c76?s=96&d=mm&r=g","caption":"scisternas"},"url":"https:\/\/dev.explora.cl\/aysen\/author\/scisternas\/"}]}},"_links":{"self":[{"href":"https:\/\/dev.explora.cl\/aysen\/wp-json\/wp\/v2\/posts\/38177","targetHints":{"allow":["GET"]}}],"collection":[{"href":"https:\/\/dev.explora.cl\/aysen\/wp-json\/wp\/v2\/posts"}],"about":[{"href":"https:\/\/dev.explora.cl\/aysen\/wp-json\/wp\/v2\/types\/post"}],"author":[{"embeddable":true,"href":"https:\/\/dev.explora.cl\/aysen\/wp-json\/wp\/v2\/users\/37"}],"replies":[{"embeddable":true,"href":"https:\/\/dev.explora.cl\/aysen\/wp-json\/wp\/v2\/comments?post=38177"}],"version-history":[{"count":9,"href":"https:\/\/dev.explora.cl\/aysen\/wp-json\/wp\/v2\/posts\/38177\/revisions"}],"predecessor-version":[{"id":38233,"href":"https:\/\/dev.explora.cl\/aysen\/wp-json\/wp\/v2\/posts\/38177\/revisions\/38233"}],"wp:featuredmedia":[{"embeddable":true,"href":"https:\/\/dev.explora.cl\/aysen\/wp-json\/wp\/v2\/media\/38232"}],"wp:attachment":[{"href":"https:\/\/dev.explora.cl\/aysen\/wp-json\/wp\/v2\/media?parent=38177"}],"wp:term":[{"taxonomy":"category","embeddable":true,"href":"https:\/\/dev.explora.cl\/aysen\/wp-json\/wp\/v2\/categories?post=38177"},{"taxonomy":"post_tag","embeddable":true,"href":"https:\/\/dev.explora.cl\/aysen\/wp-json\/wp\/v2\/tags?post=38177"}],"curies":[{"name":"wp","href":"https:\/\/api.w.org\/{rel}","templated":true}]}}