{"id":38131,"date":"2022-06-17T11:57:44","date_gmt":"2022-06-17T15:57:44","guid":{"rendered":"https:\/\/dev.explora.cl\/aysen\/?p=38131"},"modified":"2023-07-22T02:34:19","modified_gmt":"2023-07-22T06:34:19","slug":"convocatoria-para-capacitacion-en-comunicacion-de-la-ciencia","status":"publish","type":"post","link":"https:\/\/dev.explora.cl\/aysen\/convocatoria-para-capacitacion-en-comunicacion-de-la-ciencia\/","title":{"rendered":"PAR Explora Ays\u00e9n inicia proceso de convocatoria para capacitaci\u00f3n en comunicaci\u00f3n de la ciencia."},"content":{"rendered":"<p><em>Hasta el 23 de junio, cient\u00edficas\/os, investigadoras\/es y especialistas interesados en la divulgaci\u00f3n, podr\u00e1n postular a esta capacitaci\u00f3n que busca potenciar habilidades de comunicaci\u00f3n de la ciencia para actividades como charlas, talleres y creaci\u00f3n de materiales cient\u00edficos.<\/em><!--more--><\/p>\n<p style=\"text-align: left\">El instrumento Ciencia Abierta, perteneciente al Proyecto Asociativo Regional (PAR) Explora Ays\u00e9n, ejecutado por el Campus Patagonia de la Universidad Austral de Chile invita a investigadores\/as a participar de la capacitaci\u00f3n LA CIENCIA QUE COMUNICAMOS.<\/p>\n<p style=\"text-align: left\">La capacitaci\u00f3n, que se realizar\u00e1 de manera virtual, comenzar\u00e1 el jueves 30 de junio y estar\u00e1 compuesta de cuatro talleres de dos horas cronol\u00f3gicas cada una, m\u00e1s una reuni\u00f3n informativa. Adem\u00e1s incorporar\u00e1 tem\u00e1ticas como: Bases para comunicar la ciencia, Medios y estrategias de divulgaci\u00f3n, Estrategias de comunicaci\u00f3n seg\u00fan el tipo de p\u00fablico (charlas\/talleres); y Estrategias corporales, destrezas y habilidades.<\/p>\n<p style=\"text-align: left\">Karina Ocampo, Coordinadora de Ciencia Abierta, indic\u00f3 \u201c<strong>La ciencia que comunicamos<\/strong>\u00a0surge de la propia necesidad de investigadores e investigadoras respecto al manejo de estrategias y herramientas para alcanzar una comunicaci\u00f3n efectiva de la ciencia, pudiendo ser una gran ventaja en un mundo hiperconectado como el de hoy.\u201d \u00a0Adem\u00e1s respecto los participantes agreg\u00f3 \u201cquienes participen de la capacitaci\u00f3n, tendr\u00e1n la posibilidad de incorporarse voluntariamente en alguna de las actividades que se impulsar\u00e1n durante todo el a\u00f1o desde Explora Ays\u00e9n\u201d<\/p>\n<p style=\"text-align: left\">La actividad contar\u00e1 con el apoyo de destacados profesionales en el \u00e1rea, como N\u00e9lida Pohl: Asesora del programa de difusi\u00f3n de la Ciencia, 6 sentidos, del Instituto de Ecolog\u00eda y Biodiversidad (IEB) de la Universidad de Chile, y Jos\u00e9 Ilic: Divulgador cient\u00edfico, f\u00edsico e ilusionista profesional. Mag\u00edster en F\u00edsica de la Universidad de Concepci\u00f3n.<\/p>\n<p style=\"text-align: left\">El plazo para postular es hasta el jueves 23 de junio a trav\u00e9s del formulario de inscripci\u00f3n disponible en el enlace a continuaci\u00f3n:<\/p>\n<p style=\"text-align: left\"><a href=\"https:\/\/forms.gle\/CRd9247FFxohFkgy8\">https:\/\/forms.gle\/CRd9247FFxohFkgy8 <\/a><\/p>\n<p>Bases en : <a href=\"https:\/\/drive.google.com\/file\/d\/1-hsCgnLPh8SCQufI-33NSL1fvcbc8X7C\/view?usp=sharing\">https:\/\/drive.google.com\/file\/d\/1-hsCgnLPh8SCQufI-33NSL1fvcbc8X7C\/view?usp=sharing<\/a><\/p>\n<pre><\/pre>\n","protected":false},"excerpt":{"rendered":"<p>Hasta el 23 de junio, cient\u00edficas\/os, investigadoras\/es y especialistas interesados en la divulgaci\u00f3n, podr\u00e1n postular a esta capacitaci\u00f3n que busca potenciar habilidades de comunicaci\u00f3n de la ciencia para actividades como charlas, talleres y creaci\u00f3n de materiales cient\u00edficos.<\/p>\n","protected":false},"author":37,"featured_media":38145,"comment_status":"open","ping_status":"open","sticky":false,"template":"","format":"standard","meta":{"_acf_changed":false,"_exactmetrics_skip_tracking":false,"_exactmetrics_sitenote_active":false,"_exactmetrics_sitenote_note":"","_exactmetrics_sitenote_category":0,"footnotes":"","_links_to":"","_links_to_target":""},"categories":[4],"tags":[],"class_list":["post-38131","post","type-post","status-publish","format-standard","has-post-thumbnail","hentry","category-noticias"],"acf":[],"yoast_head":"<!-- This site is optimized with the Yoast SEO plugin v26.7 - https:\/\/yoast.com\/wordpress\/plugins\/seo\/ -->\n<title>PAR Explora Ays\u00e9n inicia proceso de convocatoria para capacitaci\u00f3n en comunicaci\u00f3n de la ciencia. - Aysen<\/title>\n<meta name=\"robots\" content=\"index, follow, max-snippet:-1, max-image-preview:large, max-video-preview:-1\" \/>\n<link rel=\"canonical\" href=\"https:\/\/dev.explora.cl\/aysen\/convocatoria-para-capacitacion-en-comunicacion-de-la-ciencia\/\" class=\"yoast-seo-meta-tag\" \/>\n<meta property=\"og:locale\" content=\"es_ES\" class=\"yoast-seo-meta-tag\" \/>\n<meta property=\"og:type\" content=\"article\" class=\"yoast-seo-meta-tag\" \/>\n<meta property=\"og:title\" content=\"PAR Explora Ays\u00e9n inicia proceso de convocatoria para capacitaci\u00f3n en comunicaci\u00f3n de la ciencia. - Aysen\" class=\"yoast-seo-meta-tag\" \/>\n<meta property=\"og:description\" content=\"Hasta el 23 de junio, cient\u00edficas\/os, investigadoras\/es y especialistas interesados en la divulgaci\u00f3n, podr\u00e1n postular a esta capacitaci\u00f3n que busca potenciar habilidades de comunicaci\u00f3n de la ciencia para actividades como charlas, talleres y creaci\u00f3n de materiales cient\u00edficos.\" class=\"yoast-seo-meta-tag\" \/>\n<meta property=\"og:url\" content=\"https:\/\/dev.explora.cl\/aysen\/convocatoria-para-capacitacion-en-comunicacion-de-la-ciencia\/\" class=\"yoast-seo-meta-tag\" \/>\n<meta property=\"og:site_name\" content=\"Aysen\" class=\"yoast-seo-meta-tag\" \/>\n<meta property=\"article:published_time\" content=\"2022-06-17T15:57:44+00:00\" class=\"yoast-seo-meta-tag\" \/>\n<meta property=\"article:modified_time\" content=\"2023-07-22T06:34:19+00:00\" class=\"yoast-seo-meta-tag\" \/>\n<meta property=\"og:image\" content=\"https:\/\/dev.explora.cl\/aysen\/wp-content\/uploads\/sites\/18\/2022\/06\/CIENCIA-ABIERTA-cerrado_Baner_Web.png\" class=\"yoast-seo-meta-tag\" \/>\n\t<meta property=\"og:image:width\" content=\"1511\" class=\"yoast-seo-meta-tag\" \/>\n\t<meta property=\"og:image:height\" content=\"976\" class=\"yoast-seo-meta-tag\" \/>\n\t<meta property=\"og:image:type\" content=\"image\/png\" class=\"yoast-seo-meta-tag\" \/>\n<meta name=\"author\" content=\"scisternas\" class=\"yoast-seo-meta-tag\" \/>\n<meta name=\"twitter:card\" content=\"summary_large_image\" class=\"yoast-seo-meta-tag\" \/>\n<meta name=\"twitter:label1\" content=\"Escrito por\" class=\"yoast-seo-meta-tag\" \/>\n\t<meta name=\"twitter:data1\" content=\"scisternas\" class=\"yoast-seo-meta-tag\" \/>\n\t<meta name=\"twitter:label2\" content=\"Tiempo estimado de lectura\" class=\"yoast-seo-meta-tag\" \/>\n\t<meta name=\"twitter:data2\" content=\"2 minutos\" class=\"yoast-seo-meta-tag\" \/>\n<script type=\"application\/ld+json\" class=\"yoast-schema-graph\">{\"@context\":\"https:\/\/schema.org\",\"@graph\":[{\"@type\":\"Article\",\"@id\":\"https:\/\/dev.explora.cl\/aysen\/convocatoria-para-capacitacion-en-comunicacion-de-la-ciencia\/#article\",\"isPartOf\":{\"@id\":\"https:\/\/dev.explora.cl\/aysen\/convocatoria-para-capacitacion-en-comunicacion-de-la-ciencia\/\"},\"author\":{\"name\":\"scisternas\",\"@id\":\"https:\/\/dev.explora.cl\/aysen\/#\/schema\/person\/81c802b1e3b443e2575e555b39e60a05\"},\"headline\":\"PAR Explora Ays\u00e9n inicia proceso de convocatoria para capacitaci\u00f3n en comunicaci\u00f3n de la ciencia.\",\"datePublished\":\"2022-06-17T15:57:44+00:00\",\"dateModified\":\"2023-07-22T06:34:19+00:00\",\"mainEntityOfPage\":{\"@id\":\"https:\/\/dev.explora.cl\/aysen\/convocatoria-para-capacitacion-en-comunicacion-de-la-ciencia\/\"},\"wordCount\":363,\"commentCount\":0,\"image\":{\"@id\":\"https:\/\/dev.explora.cl\/aysen\/convocatoria-para-capacitacion-en-comunicacion-de-la-ciencia\/#primaryimage\"},\"thumbnailUrl\":\"https:\/\/dev.explora.cl\/aysen\/wp-content\/uploads\/sites\/18\/2022\/06\/CIENCIA-ABIERTA-cerrado_Baner_Web.png\",\"articleSection\":[\"Noticias\"],\"inLanguage\":\"es-CL\",\"potentialAction\":[{\"@type\":\"CommentAction\",\"name\":\"Comment\",\"target\":[\"https:\/\/dev.explora.cl\/aysen\/convocatoria-para-capacitacion-en-comunicacion-de-la-ciencia\/#respond\"]}]},{\"@type\":\"WebPage\",\"@id\":\"https:\/\/dev.explora.cl\/aysen\/convocatoria-para-capacitacion-en-comunicacion-de-la-ciencia\/\",\"url\":\"https:\/\/dev.explora.cl\/aysen\/convocatoria-para-capacitacion-en-comunicacion-de-la-ciencia\/\",\"name\":\"PAR Explora Ays\u00e9n inicia proceso de convocatoria para capacitaci\u00f3n en comunicaci\u00f3n de la ciencia. - Aysen\",\"isPartOf\":{\"@id\":\"https:\/\/dev.explora.cl\/aysen\/#website\"},\"primaryImageOfPage\":{\"@id\":\"https:\/\/dev.explora.cl\/aysen\/convocatoria-para-capacitacion-en-comunicacion-de-la-ciencia\/#primaryimage\"},\"image\":{\"@id\":\"https:\/\/dev.explora.cl\/aysen\/convocatoria-para-capacitacion-en-comunicacion-de-la-ciencia\/#primaryimage\"},\"thumbnailUrl\":\"https:\/\/dev.explora.cl\/aysen\/wp-content\/uploads\/sites\/18\/2022\/06\/CIENCIA-ABIERTA-cerrado_Baner_Web.png\",\"datePublished\":\"2022-06-17T15:57:44+00:00\",\"dateModified\":\"2023-07-22T06:34:19+00:00\",\"author\":{\"@id\":\"https:\/\/dev.explora.cl\/aysen\/#\/schema\/person\/81c802b1e3b443e2575e555b39e60a05\"},\"breadcrumb\":{\"@id\":\"https:\/\/dev.explora.cl\/aysen\/convocatoria-para-capacitacion-en-comunicacion-de-la-ciencia\/#breadcrumb\"},\"inLanguage\":\"es-CL\",\"potentialAction\":[{\"@type\":\"ReadAction\",\"target\":[\"https:\/\/dev.explora.cl\/aysen\/convocatoria-para-capacitacion-en-comunicacion-de-la-ciencia\/\"]}]},{\"@type\":\"ImageObject\",\"inLanguage\":\"es-CL\",\"@id\":\"https:\/\/dev.explora.cl\/aysen\/convocatoria-para-capacitacion-en-comunicacion-de-la-ciencia\/#primaryimage\",\"url\":\"https:\/\/dev.explora.cl\/aysen\/wp-content\/uploads\/sites\/18\/2022\/06\/CIENCIA-ABIERTA-cerrado_Baner_Web.png\",\"contentUrl\":\"https:\/\/dev.explora.cl\/aysen\/wp-content\/uploads\/sites\/18\/2022\/06\/CIENCIA-ABIERTA-cerrado_Baner_Web.png\",\"width\":1511,\"height\":976},{\"@type\":\"BreadcrumbList\",\"@id\":\"https:\/\/dev.explora.cl\/aysen\/convocatoria-para-capacitacion-en-comunicacion-de-la-ciencia\/#breadcrumb\",\"itemListElement\":[{\"@type\":\"ListItem\",\"position\":1,\"name\":\"Portada\",\"item\":\"https:\/\/dev.explora.cl\/aysen\/\"},{\"@type\":\"ListItem\",\"position\":2,\"name\":\"PAR Explora Ays\u00e9n inicia proceso de convocatoria para capacitaci\u00f3n en comunicaci\u00f3n de la ciencia.\"}]},{\"@type\":\"WebSite\",\"@id\":\"https:\/\/dev.explora.cl\/aysen\/#website\",\"url\":\"https:\/\/dev.explora.cl\/aysen\/\",\"name\":\"Aysen\",\"description\":\"Otro sitio m\u00e1s de dev.explora.cl\",\"potentialAction\":[{\"@type\":\"SearchAction\",\"target\":{\"@type\":\"EntryPoint\",\"urlTemplate\":\"https:\/\/dev.explora.cl\/aysen\/?s={search_term_string}\"},\"query-input\":{\"@type\":\"PropertyValueSpecification\",\"valueRequired\":true,\"valueName\":\"search_term_string\"}}],\"inLanguage\":\"es-CL\"},{\"@type\":\"Person\",\"@id\":\"https:\/\/dev.explora.cl\/aysen\/#\/schema\/person\/81c802b1e3b443e2575e555b39e60a05\",\"name\":\"scisternas\",\"image\":{\"@type\":\"ImageObject\",\"inLanguage\":\"es-CL\",\"@id\":\"https:\/\/dev.explora.cl\/aysen\/#\/schema\/person\/image\/\",\"url\":\"https:\/\/secure.gravatar.com\/avatar\/611c8f1946b775bdf01b0521c85a9381c3ad08d928d8ead34ce577b0fa231c76?s=96&d=mm&r=g\",\"contentUrl\":\"https:\/\/secure.gravatar.com\/avatar\/611c8f1946b775bdf01b0521c85a9381c3ad08d928d8ead34ce577b0fa231c76?s=96&d=mm&r=g\",\"caption\":\"scisternas\"},\"url\":\"https:\/\/dev.explora.cl\/aysen\/author\/scisternas\/\"}]}<\/script>\n<!-- \/ Yoast SEO plugin. -->","yoast_head_json":{"title":"PAR Explora Ays\u00e9n inicia proceso de convocatoria para capacitaci\u00f3n en comunicaci\u00f3n de la ciencia. - Aysen","robots":{"index":"index","follow":"follow","max-snippet":"max-snippet:-1","max-image-preview":"max-image-preview:large","max-video-preview":"max-video-preview:-1"},"canonical":"https:\/\/dev.explora.cl\/aysen\/convocatoria-para-capacitacion-en-comunicacion-de-la-ciencia\/","og_locale":"es_ES","og_type":"article","og_title":"PAR Explora Ays\u00e9n inicia proceso de convocatoria para capacitaci\u00f3n en comunicaci\u00f3n de la ciencia. - Aysen","og_description":"Hasta el 23 de junio, cient\u00edficas\/os, investigadoras\/es y especialistas interesados en la divulgaci\u00f3n, podr\u00e1n postular a esta capacitaci\u00f3n que busca potenciar habilidades de comunicaci\u00f3n de la ciencia para actividades como charlas, talleres y creaci\u00f3n de materiales cient\u00edficos.","og_url":"https:\/\/dev.explora.cl\/aysen\/convocatoria-para-capacitacion-en-comunicacion-de-la-ciencia\/","og_site_name":"Aysen","article_published_time":"2022-06-17T15:57:44+00:00","article_modified_time":"2023-07-22T06:34:19+00:00","og_image":[{"width":1511,"height":976,"url":"https:\/\/dev.explora.cl\/aysen\/wp-content\/uploads\/sites\/18\/2022\/06\/CIENCIA-ABIERTA-cerrado_Baner_Web.png","type":"image\/png"}],"author":"scisternas","twitter_card":"summary_large_image","twitter_misc":{"Escrito por":"scisternas","Tiempo estimado de lectura":"2 minutos"},"schema":{"@context":"https:\/\/schema.org","@graph":[{"@type":"Article","@id":"https:\/\/dev.explora.cl\/aysen\/convocatoria-para-capacitacion-en-comunicacion-de-la-ciencia\/#article","isPartOf":{"@id":"https:\/\/dev.explora.cl\/aysen\/convocatoria-para-capacitacion-en-comunicacion-de-la-ciencia\/"},"author":{"name":"scisternas","@id":"https:\/\/dev.explora.cl\/aysen\/#\/schema\/person\/81c802b1e3b443e2575e555b39e60a05"},"headline":"PAR Explora Ays\u00e9n inicia proceso de convocatoria para capacitaci\u00f3n en comunicaci\u00f3n de la ciencia.","datePublished":"2022-06-17T15:57:44+00:00","dateModified":"2023-07-22T06:34:19+00:00","mainEntityOfPage":{"@id":"https:\/\/dev.explora.cl\/aysen\/convocatoria-para-capacitacion-en-comunicacion-de-la-ciencia\/"},"wordCount":363,"commentCount":0,"image":{"@id":"https:\/\/dev.explora.cl\/aysen\/convocatoria-para-capacitacion-en-comunicacion-de-la-ciencia\/#primaryimage"},"thumbnailUrl":"https:\/\/dev.explora.cl\/aysen\/wp-content\/uploads\/sites\/18\/2022\/06\/CIENCIA-ABIERTA-cerrado_Baner_Web.png","articleSection":["Noticias"],"inLanguage":"es-CL","potentialAction":[{"@type":"CommentAction","name":"Comment","target":["https:\/\/dev.explora.cl\/aysen\/convocatoria-para-capacitacion-en-comunicacion-de-la-ciencia\/#respond"]}]},{"@type":"WebPage","@id":"https:\/\/dev.explora.cl\/aysen\/convocatoria-para-capacitacion-en-comunicacion-de-la-ciencia\/","url":"https:\/\/dev.explora.cl\/aysen\/convocatoria-para-capacitacion-en-comunicacion-de-la-ciencia\/","name":"PAR Explora Ays\u00e9n inicia proceso de convocatoria para capacitaci\u00f3n en comunicaci\u00f3n de la ciencia. - Aysen","isPartOf":{"@id":"https:\/\/dev.explora.cl\/aysen\/#website"},"primaryImageOfPage":{"@id":"https:\/\/dev.explora.cl\/aysen\/convocatoria-para-capacitacion-en-comunicacion-de-la-ciencia\/#primaryimage"},"image":{"@id":"https:\/\/dev.explora.cl\/aysen\/convocatoria-para-capacitacion-en-comunicacion-de-la-ciencia\/#primaryimage"},"thumbnailUrl":"https:\/\/dev.explora.cl\/aysen\/wp-content\/uploads\/sites\/18\/2022\/06\/CIENCIA-ABIERTA-cerrado_Baner_Web.png","datePublished":"2022-06-17T15:57:44+00:00","dateModified":"2023-07-22T06:34:19+00:00","author":{"@id":"https:\/\/dev.explora.cl\/aysen\/#\/schema\/person\/81c802b1e3b443e2575e555b39e60a05"},"breadcrumb":{"@id":"https:\/\/dev.explora.cl\/aysen\/convocatoria-para-capacitacion-en-comunicacion-de-la-ciencia\/#breadcrumb"},"inLanguage":"es-CL","potentialAction":[{"@type":"ReadAction","target":["https:\/\/dev.explora.cl\/aysen\/convocatoria-para-capacitacion-en-comunicacion-de-la-ciencia\/"]}]},{"@type":"ImageObject","inLanguage":"es-CL","@id":"https:\/\/dev.explora.cl\/aysen\/convocatoria-para-capacitacion-en-comunicacion-de-la-ciencia\/#primaryimage","url":"https:\/\/dev.explora.cl\/aysen\/wp-content\/uploads\/sites\/18\/2022\/06\/CIENCIA-ABIERTA-cerrado_Baner_Web.png","contentUrl":"https:\/\/dev.explora.cl\/aysen\/wp-content\/uploads\/sites\/18\/2022\/06\/CIENCIA-ABIERTA-cerrado_Baner_Web.png","width":1511,"height":976},{"@type":"BreadcrumbList","@id":"https:\/\/dev.explora.cl\/aysen\/convocatoria-para-capacitacion-en-comunicacion-de-la-ciencia\/#breadcrumb","itemListElement":[{"@type":"ListItem","position":1,"name":"Portada","item":"https:\/\/dev.explora.cl\/aysen\/"},{"@type":"ListItem","position":2,"name":"PAR Explora Ays\u00e9n inicia proceso de convocatoria para capacitaci\u00f3n en comunicaci\u00f3n de la ciencia."}]},{"@type":"WebSite","@id":"https:\/\/dev.explora.cl\/aysen\/#website","url":"https:\/\/dev.explora.cl\/aysen\/","name":"Aysen","description":"Otro sitio m\u00e1s de dev.explora.cl","potentialAction":[{"@type":"SearchAction","target":{"@type":"EntryPoint","urlTemplate":"https:\/\/dev.explora.cl\/aysen\/?s={search_term_string}"},"query-input":{"@type":"PropertyValueSpecification","valueRequired":true,"valueName":"search_term_string"}}],"inLanguage":"es-CL"},{"@type":"Person","@id":"https:\/\/dev.explora.cl\/aysen\/#\/schema\/person\/81c802b1e3b443e2575e555b39e60a05","name":"scisternas","image":{"@type":"ImageObject","inLanguage":"es-CL","@id":"https:\/\/dev.explora.cl\/aysen\/#\/schema\/person\/image\/","url":"https:\/\/secure.gravatar.com\/avatar\/611c8f1946b775bdf01b0521c85a9381c3ad08d928d8ead34ce577b0fa231c76?s=96&d=mm&r=g","contentUrl":"https:\/\/secure.gravatar.com\/avatar\/611c8f1946b775bdf01b0521c85a9381c3ad08d928d8ead34ce577b0fa231c76?s=96&d=mm&r=g","caption":"scisternas"},"url":"https:\/\/dev.explora.cl\/aysen\/author\/scisternas\/"}]}},"_links":{"self":[{"href":"https:\/\/dev.explora.cl\/aysen\/wp-json\/wp\/v2\/posts\/38131","targetHints":{"allow":["GET"]}}],"collection":[{"href":"https:\/\/dev.explora.cl\/aysen\/wp-json\/wp\/v2\/posts"}],"about":[{"href":"https:\/\/dev.explora.cl\/aysen\/wp-json\/wp\/v2\/types\/post"}],"author":[{"embeddable":true,"href":"https:\/\/dev.explora.cl\/aysen\/wp-json\/wp\/v2\/users\/37"}],"replies":[{"embeddable":true,"href":"https:\/\/dev.explora.cl\/aysen\/wp-json\/wp\/v2\/comments?post=38131"}],"version-history":[{"count":7,"href":"https:\/\/dev.explora.cl\/aysen\/wp-json\/wp\/v2\/posts\/38131\/revisions"}],"predecessor-version":[{"id":38141,"href":"https:\/\/dev.explora.cl\/aysen\/wp-json\/wp\/v2\/posts\/38131\/revisions\/38141"}],"wp:featuredmedia":[{"embeddable":true,"href":"https:\/\/dev.explora.cl\/aysen\/wp-json\/wp\/v2\/media\/38145"}],"wp:attachment":[{"href":"https:\/\/dev.explora.cl\/aysen\/wp-json\/wp\/v2\/media?parent=38131"}],"wp:term":[{"taxonomy":"category","embeddable":true,"href":"https:\/\/dev.explora.cl\/aysen\/wp-json\/wp\/v2\/categories?post=38131"},{"taxonomy":"post_tag","embeddable":true,"href":"https:\/\/dev.explora.cl\/aysen\/wp-json\/wp\/v2\/tags?post=38131"}],"curies":[{"name":"wp","href":"https:\/\/api.w.org\/{rel}","templated":true}]}}