{"id":38055,"date":"2022-01-07T09:30:59","date_gmt":"2022-01-07T12:30:59","guid":{"rendered":"https:\/\/dev.explora.cl\/aysen\/?p=38055"},"modified":"2023-07-28T11:43:28","modified_gmt":"2023-07-28T15:43:28","slug":"exploratuverano","status":"publish","type":"post","link":"https:\/\/dev.explora.cl\/aysen\/exploratuverano\/","title":{"rendered":"Explora tu verano: enero trae talleres al aire libre para ni\u00f1as y ni\u00f1os."},"content":{"rendered":"<p>\u00a1Comenzamos en a\u00f1o 2022 con las pilas recargadas y con muchas ganas de volver a encontrarnos de manera presencial! Es por esta raz\u00f3n que hemos organizado una semana llena de talleres en los que saldremos a explorar y conocer el entorno, para en una segunda parte realizar una actividad pr\u00e1ctica que nos permita materializar todo lo recogido durante la excursi\u00f3n.<\/p>\n<p>Todos los talleres son gratuitos e incluyen materiales. Para las actividades de terreno y a la universidad habr\u00e1 transporte desde la plaza para los participantes en el horario indicado.<\/p>\n<p>Las actividades se realizar\u00e1n desde el 18 de enero hasta el 21 de enero para ni\u00f1os y ni\u00f1as entre 9 y 13 a\u00f1os, y tendremos las siguientes salidas:<\/p>\n<p><strong>Taller 18 de enero:<\/strong> Descubriendo los habitantes del r\u00edo (R\u00edo Coyhaique, sector Tejas Verdes)<\/p>\n<p><strong>Taller 19 de enero:<\/strong> Viaje por el microbosque (Reserva Nacional Coyhaique)<\/p>\n<p><strong>Taller 20 de enero:<\/strong> Descubriendo la geolog\u00eda del r\u00edo (Estero el Diablo)<\/p>\n<p><strong>Taller 21 de enero:<\/strong> Pajareando aves de la Patagonia (Reserva Nacional R\u00edo Simpson)<\/p>\n<p>&nbsp;<\/p>\n<p>Inscr\u00edbete a los talleres en el siguiente link: <a href=\"https:\/\/linktr.ee\/exploraysen\">https:\/\/linktr.ee\/exploraysen<\/a><\/p>\n","protected":false},"excerpt":{"rendered":"<p>Los talleres se realizar\u00e1n desde el 18 hasta el 21 de enero y contar\u00e1n con salidas exploratorias a distintos puntos cercanos a Coyhaique. Elige el o los talleres que m\u00e1s te gusten en https:\/\/linktr.ee\/exploraysen\u00a0<\/p>\n","protected":false},"author":37,"featured_media":38056,"comment_status":"open","ping_status":"open","sticky":false,"template":"","format":"standard","meta":{"_acf_changed":false,"_exactmetrics_skip_tracking":false,"_exactmetrics_sitenote_active":false,"_exactmetrics_sitenote_note":"","_exactmetrics_sitenote_category":0,"footnotes":"","_links_to":"","_links_to_target":""},"categories":[4],"tags":[],"class_list":["post-38055","post","type-post","status-publish","format-standard","has-post-thumbnail","hentry","category-noticias"],"acf":[],"yoast_head":"<!-- This site is optimized with the Yoast SEO plugin v26.7 - https:\/\/yoast.com\/wordpress\/plugins\/seo\/ -->\n<title>Explora tu verano: enero trae talleres al aire libre para ni\u00f1as y ni\u00f1os. - Aysen<\/title>\n<meta name=\"robots\" content=\"index, follow, max-snippet:-1, max-image-preview:large, max-video-preview:-1\" \/>\n<link rel=\"canonical\" href=\"https:\/\/dev.explora.cl\/aysen\/exploratuverano\/\" class=\"yoast-seo-meta-tag\" \/>\n<meta property=\"og:locale\" content=\"es_ES\" class=\"yoast-seo-meta-tag\" \/>\n<meta property=\"og:type\" content=\"article\" class=\"yoast-seo-meta-tag\" \/>\n<meta property=\"og:title\" content=\"Explora tu verano: enero trae talleres al aire libre para ni\u00f1as y ni\u00f1os. - Aysen\" class=\"yoast-seo-meta-tag\" \/>\n<meta property=\"og:description\" content=\"Los talleres se realizar\u00e1n desde el 18 hasta el 21 de enero y contar\u00e1n con salidas exploratorias a distintos puntos cercanos a Coyhaique. Elige el o los talleres que m\u00e1s te gusten en https:\/\/linktr.ee\/exploraysen\u00a0\" class=\"yoast-seo-meta-tag\" \/>\n<meta property=\"og:url\" content=\"https:\/\/dev.explora.cl\/aysen\/exploratuverano\/\" class=\"yoast-seo-meta-tag\" \/>\n<meta property=\"og:site_name\" content=\"Aysen\" class=\"yoast-seo-meta-tag\" \/>\n<meta property=\"article:published_time\" content=\"2022-01-07T12:30:59+00:00\" class=\"yoast-seo-meta-tag\" \/>\n<meta property=\"article:modified_time\" content=\"2023-07-28T15:43:28+00:00\" class=\"yoast-seo-meta-tag\" \/>\n<meta property=\"og:image\" content=\"https:\/\/dev.explora.cl\/aysen\/wp-content\/uploads\/sites\/18\/2022\/01\/banner-1-1024x655.png\" class=\"yoast-seo-meta-tag\" \/>\n\t<meta property=\"og:image:width\" content=\"1024\" class=\"yoast-seo-meta-tag\" \/>\n\t<meta property=\"og:image:height\" content=\"655\" class=\"yoast-seo-meta-tag\" \/>\n\t<meta property=\"og:image:type\" content=\"image\/png\" class=\"yoast-seo-meta-tag\" \/>\n<meta name=\"author\" content=\"scisternas\" class=\"yoast-seo-meta-tag\" \/>\n<meta name=\"twitter:card\" content=\"summary_large_image\" class=\"yoast-seo-meta-tag\" \/>\n<meta name=\"twitter:label1\" content=\"Escrito por\" class=\"yoast-seo-meta-tag\" \/>\n\t<meta name=\"twitter:data1\" content=\"scisternas\" class=\"yoast-seo-meta-tag\" \/>\n\t<meta name=\"twitter:label2\" content=\"Tiempo estimado de lectura\" class=\"yoast-seo-meta-tag\" \/>\n\t<meta name=\"twitter:data2\" content=\"1 minuto\" class=\"yoast-seo-meta-tag\" \/>\n<script type=\"application\/ld+json\" class=\"yoast-schema-graph\">{\"@context\":\"https:\/\/schema.org\",\"@graph\":[{\"@type\":\"Article\",\"@id\":\"https:\/\/dev.explora.cl\/aysen\/exploratuverano\/#article\",\"isPartOf\":{\"@id\":\"https:\/\/dev.explora.cl\/aysen\/exploratuverano\/\"},\"author\":{\"name\":\"scisternas\",\"@id\":\"https:\/\/dev.explora.cl\/aysen\/#\/schema\/person\/81c802b1e3b443e2575e555b39e60a05\"},\"headline\":\"Explora tu verano: enero trae talleres al aire libre para ni\u00f1as y ni\u00f1os.\",\"datePublished\":\"2022-01-07T12:30:59+00:00\",\"dateModified\":\"2023-07-28T15:43:28+00:00\",\"mainEntityOfPage\":{\"@id\":\"https:\/\/dev.explora.cl\/aysen\/exploratuverano\/\"},\"wordCount\":200,\"commentCount\":0,\"image\":{\"@id\":\"https:\/\/dev.explora.cl\/aysen\/exploratuverano\/#primaryimage\"},\"thumbnailUrl\":\"https:\/\/dev.explora.cl\/aysen\/wp-content\/uploads\/sites\/18\/2022\/01\/banner-1.png\",\"articleSection\":[\"Noticias\"],\"inLanguage\":\"es-CL\",\"potentialAction\":[{\"@type\":\"CommentAction\",\"name\":\"Comment\",\"target\":[\"https:\/\/dev.explora.cl\/aysen\/exploratuverano\/#respond\"]}]},{\"@type\":\"WebPage\",\"@id\":\"https:\/\/dev.explora.cl\/aysen\/exploratuverano\/\",\"url\":\"https:\/\/dev.explora.cl\/aysen\/exploratuverano\/\",\"name\":\"Explora tu verano: enero trae talleres al aire libre para ni\u00f1as y ni\u00f1os. - Aysen\",\"isPartOf\":{\"@id\":\"https:\/\/dev.explora.cl\/aysen\/#website\"},\"primaryImageOfPage\":{\"@id\":\"https:\/\/dev.explora.cl\/aysen\/exploratuverano\/#primaryimage\"},\"image\":{\"@id\":\"https:\/\/dev.explora.cl\/aysen\/exploratuverano\/#primaryimage\"},\"thumbnailUrl\":\"https:\/\/dev.explora.cl\/aysen\/wp-content\/uploads\/sites\/18\/2022\/01\/banner-1.png\",\"datePublished\":\"2022-01-07T12:30:59+00:00\",\"dateModified\":\"2023-07-28T15:43:28+00:00\",\"author\":{\"@id\":\"https:\/\/dev.explora.cl\/aysen\/#\/schema\/person\/81c802b1e3b443e2575e555b39e60a05\"},\"breadcrumb\":{\"@id\":\"https:\/\/dev.explora.cl\/aysen\/exploratuverano\/#breadcrumb\"},\"inLanguage\":\"es-CL\",\"potentialAction\":[{\"@type\":\"ReadAction\",\"target\":[\"https:\/\/dev.explora.cl\/aysen\/exploratuverano\/\"]}]},{\"@type\":\"ImageObject\",\"inLanguage\":\"es-CL\",\"@id\":\"https:\/\/dev.explora.cl\/aysen\/exploratuverano\/#primaryimage\",\"url\":\"https:\/\/dev.explora.cl\/aysen\/wp-content\/uploads\/sites\/18\/2022\/01\/banner-1.png\",\"contentUrl\":\"https:\/\/dev.explora.cl\/aysen\/wp-content\/uploads\/sites\/18\/2022\/01\/banner-1.png\",\"width\":1470,\"height\":940},{\"@type\":\"BreadcrumbList\",\"@id\":\"https:\/\/dev.explora.cl\/aysen\/exploratuverano\/#breadcrumb\",\"itemListElement\":[{\"@type\":\"ListItem\",\"position\":1,\"name\":\"Portada\",\"item\":\"https:\/\/dev.explora.cl\/aysen\/\"},{\"@type\":\"ListItem\",\"position\":2,\"name\":\"Explora tu verano: enero trae talleres al aire libre para ni\u00f1as y ni\u00f1os.\"}]},{\"@type\":\"WebSite\",\"@id\":\"https:\/\/dev.explora.cl\/aysen\/#website\",\"url\":\"https:\/\/dev.explora.cl\/aysen\/\",\"name\":\"Aysen\",\"description\":\"Otro sitio m\u00e1s de dev.explora.cl\",\"potentialAction\":[{\"@type\":\"SearchAction\",\"target\":{\"@type\":\"EntryPoint\",\"urlTemplate\":\"https:\/\/dev.explora.cl\/aysen\/?s={search_term_string}\"},\"query-input\":{\"@type\":\"PropertyValueSpecification\",\"valueRequired\":true,\"valueName\":\"search_term_string\"}}],\"inLanguage\":\"es-CL\"},{\"@type\":\"Person\",\"@id\":\"https:\/\/dev.explora.cl\/aysen\/#\/schema\/person\/81c802b1e3b443e2575e555b39e60a05\",\"name\":\"scisternas\",\"image\":{\"@type\":\"ImageObject\",\"inLanguage\":\"es-CL\",\"@id\":\"https:\/\/dev.explora.cl\/aysen\/#\/schema\/person\/image\/\",\"url\":\"https:\/\/secure.gravatar.com\/avatar\/611c8f1946b775bdf01b0521c85a9381c3ad08d928d8ead34ce577b0fa231c76?s=96&d=mm&r=g\",\"contentUrl\":\"https:\/\/secure.gravatar.com\/avatar\/611c8f1946b775bdf01b0521c85a9381c3ad08d928d8ead34ce577b0fa231c76?s=96&d=mm&r=g\",\"caption\":\"scisternas\"},\"url\":\"https:\/\/dev.explora.cl\/aysen\/author\/scisternas\/\"}]}<\/script>\n<!-- \/ Yoast SEO plugin. -->","yoast_head_json":{"title":"Explora tu verano: enero trae talleres al aire libre para ni\u00f1as y ni\u00f1os. - Aysen","robots":{"index":"index","follow":"follow","max-snippet":"max-snippet:-1","max-image-preview":"max-image-preview:large","max-video-preview":"max-video-preview:-1"},"canonical":"https:\/\/dev.explora.cl\/aysen\/exploratuverano\/","og_locale":"es_ES","og_type":"article","og_title":"Explora tu verano: enero trae talleres al aire libre para ni\u00f1as y ni\u00f1os. - Aysen","og_description":"Los talleres se realizar\u00e1n desde el 18 hasta el 21 de enero y contar\u00e1n con salidas exploratorias a distintos puntos cercanos a Coyhaique. Elige el o los talleres que m\u00e1s te gusten en https:\/\/linktr.ee\/exploraysen\u00a0","og_url":"https:\/\/dev.explora.cl\/aysen\/exploratuverano\/","og_site_name":"Aysen","article_published_time":"2022-01-07T12:30:59+00:00","article_modified_time":"2023-07-28T15:43:28+00:00","og_image":[{"width":1024,"height":655,"url":"https:\/\/dev.explora.cl\/aysen\/wp-content\/uploads\/sites\/18\/2022\/01\/banner-1-1024x655.png","type":"image\/png"}],"author":"scisternas","twitter_card":"summary_large_image","twitter_misc":{"Escrito por":"scisternas","Tiempo estimado de lectura":"1 minuto"},"schema":{"@context":"https:\/\/schema.org","@graph":[{"@type":"Article","@id":"https:\/\/dev.explora.cl\/aysen\/exploratuverano\/#article","isPartOf":{"@id":"https:\/\/dev.explora.cl\/aysen\/exploratuverano\/"},"author":{"name":"scisternas","@id":"https:\/\/dev.explora.cl\/aysen\/#\/schema\/person\/81c802b1e3b443e2575e555b39e60a05"},"headline":"Explora tu verano: enero trae talleres al aire libre para ni\u00f1as y ni\u00f1os.","datePublished":"2022-01-07T12:30:59+00:00","dateModified":"2023-07-28T15:43:28+00:00","mainEntityOfPage":{"@id":"https:\/\/dev.explora.cl\/aysen\/exploratuverano\/"},"wordCount":200,"commentCount":0,"image":{"@id":"https:\/\/dev.explora.cl\/aysen\/exploratuverano\/#primaryimage"},"thumbnailUrl":"https:\/\/dev.explora.cl\/aysen\/wp-content\/uploads\/sites\/18\/2022\/01\/banner-1.png","articleSection":["Noticias"],"inLanguage":"es-CL","potentialAction":[{"@type":"CommentAction","name":"Comment","target":["https:\/\/dev.explora.cl\/aysen\/exploratuverano\/#respond"]}]},{"@type":"WebPage","@id":"https:\/\/dev.explora.cl\/aysen\/exploratuverano\/","url":"https:\/\/dev.explora.cl\/aysen\/exploratuverano\/","name":"Explora tu verano: enero trae talleres al aire libre para ni\u00f1as y ni\u00f1os. - Aysen","isPartOf":{"@id":"https:\/\/dev.explora.cl\/aysen\/#website"},"primaryImageOfPage":{"@id":"https:\/\/dev.explora.cl\/aysen\/exploratuverano\/#primaryimage"},"image":{"@id":"https:\/\/dev.explora.cl\/aysen\/exploratuverano\/#primaryimage"},"thumbnailUrl":"https:\/\/dev.explora.cl\/aysen\/wp-content\/uploads\/sites\/18\/2022\/01\/banner-1.png","datePublished":"2022-01-07T12:30:59+00:00","dateModified":"2023-07-28T15:43:28+00:00","author":{"@id":"https:\/\/dev.explora.cl\/aysen\/#\/schema\/person\/81c802b1e3b443e2575e555b39e60a05"},"breadcrumb":{"@id":"https:\/\/dev.explora.cl\/aysen\/exploratuverano\/#breadcrumb"},"inLanguage":"es-CL","potentialAction":[{"@type":"ReadAction","target":["https:\/\/dev.explora.cl\/aysen\/exploratuverano\/"]}]},{"@type":"ImageObject","inLanguage":"es-CL","@id":"https:\/\/dev.explora.cl\/aysen\/exploratuverano\/#primaryimage","url":"https:\/\/dev.explora.cl\/aysen\/wp-content\/uploads\/sites\/18\/2022\/01\/banner-1.png","contentUrl":"https:\/\/dev.explora.cl\/aysen\/wp-content\/uploads\/sites\/18\/2022\/01\/banner-1.png","width":1470,"height":940},{"@type":"BreadcrumbList","@id":"https:\/\/dev.explora.cl\/aysen\/exploratuverano\/#breadcrumb","itemListElement":[{"@type":"ListItem","position":1,"name":"Portada","item":"https:\/\/dev.explora.cl\/aysen\/"},{"@type":"ListItem","position":2,"name":"Explora tu verano: enero trae talleres al aire libre para ni\u00f1as y ni\u00f1os."}]},{"@type":"WebSite","@id":"https:\/\/dev.explora.cl\/aysen\/#website","url":"https:\/\/dev.explora.cl\/aysen\/","name":"Aysen","description":"Otro sitio m\u00e1s de dev.explora.cl","potentialAction":[{"@type":"SearchAction","target":{"@type":"EntryPoint","urlTemplate":"https:\/\/dev.explora.cl\/aysen\/?s={search_term_string}"},"query-input":{"@type":"PropertyValueSpecification","valueRequired":true,"valueName":"search_term_string"}}],"inLanguage":"es-CL"},{"@type":"Person","@id":"https:\/\/dev.explora.cl\/aysen\/#\/schema\/person\/81c802b1e3b443e2575e555b39e60a05","name":"scisternas","image":{"@type":"ImageObject","inLanguage":"es-CL","@id":"https:\/\/dev.explora.cl\/aysen\/#\/schema\/person\/image\/","url":"https:\/\/secure.gravatar.com\/avatar\/611c8f1946b775bdf01b0521c85a9381c3ad08d928d8ead34ce577b0fa231c76?s=96&d=mm&r=g","contentUrl":"https:\/\/secure.gravatar.com\/avatar\/611c8f1946b775bdf01b0521c85a9381c3ad08d928d8ead34ce577b0fa231c76?s=96&d=mm&r=g","caption":"scisternas"},"url":"https:\/\/dev.explora.cl\/aysen\/author\/scisternas\/"}]}},"_links":{"self":[{"href":"https:\/\/dev.explora.cl\/aysen\/wp-json\/wp\/v2\/posts\/38055","targetHints":{"allow":["GET"]}}],"collection":[{"href":"https:\/\/dev.explora.cl\/aysen\/wp-json\/wp\/v2\/posts"}],"about":[{"href":"https:\/\/dev.explora.cl\/aysen\/wp-json\/wp\/v2\/types\/post"}],"author":[{"embeddable":true,"href":"https:\/\/dev.explora.cl\/aysen\/wp-json\/wp\/v2\/users\/37"}],"replies":[{"embeddable":true,"href":"https:\/\/dev.explora.cl\/aysen\/wp-json\/wp\/v2\/comments?post=38055"}],"version-history":[{"count":5,"href":"https:\/\/dev.explora.cl\/aysen\/wp-json\/wp\/v2\/posts\/38055\/revisions"}],"predecessor-version":[{"id":38064,"href":"https:\/\/dev.explora.cl\/aysen\/wp-json\/wp\/v2\/posts\/38055\/revisions\/38064"}],"wp:featuredmedia":[{"embeddable":true,"href":"https:\/\/dev.explora.cl\/aysen\/wp-json\/wp\/v2\/media\/38056"}],"wp:attachment":[{"href":"https:\/\/dev.explora.cl\/aysen\/wp-json\/wp\/v2\/media?parent=38055"}],"wp:term":[{"taxonomy":"category","embeddable":true,"href":"https:\/\/dev.explora.cl\/aysen\/wp-json\/wp\/v2\/categories?post=38055"},{"taxonomy":"post_tag","embeddable":true,"href":"https:\/\/dev.explora.cl\/aysen\/wp-json\/wp\/v2\/tags?post=38055"}],"curies":[{"name":"wp","href":"https:\/\/api.w.org\/{rel}","templated":true}]}}