{"id":38049,"date":"2022-01-02T21:37:16","date_gmt":"2022-01-03T00:37:16","guid":{"rendered":"https:\/\/dev.explora.cl\/aysen\/?p=38049"},"modified":"2022-07-03T19:22:21","modified_gmt":"2022-07-03T23:22:21","slug":"la-ruta-de-la-ciencia-recorre-el-norte-y-el-sur-de-la-region","status":"publish","type":"post","link":"https:\/\/dev.explora.cl\/aysen\/la-ruta-de-la-ciencia-recorre-el-norte-y-el-sur-de-la-region\/","title":{"rendered":"La Ruta de la Ciencia recorre el norte y el sur de la regi\u00f3n"},"content":{"rendered":"<p><strong>La Ruta de la Ciencia recorre el norte y el sur de la regi\u00f3n<\/strong><\/p>\n<p><strong>\u00bfQu\u00e9 es la Ruta de la Ciencia?<\/strong> Se trata de una iniciativa regional impulsada por el Proyecto Explora Ays\u00e9n que busca llevar la ciencia y la tecnolog\u00eda a comunas y localidades apartadas por lejan\u00eda y dificultades geogr\u00e1ficas. A trav\u00e9s de distintas actividades se intenta poner en valor tem\u00e1ticas de inter\u00e9s local y de importancia para las comunidades, y es as\u00ed como desde el a\u00f1o 2020 surgi\u00f3 la idea de crear una radionovela sobre patrimonio arqueol\u00f3gico y cambio clim\u00e1tico en colaboraci\u00f3n a la Escuela de Teatro Austral y a investigadores\/as de la regi\u00f3n.<\/p>\n<p>La radionovela sobre cambio clim\u00e1tico cuenta las aventuras de tres j\u00f3venes viajeros quienes por situaciones imprevistas se encuentran con Mar\u00eda, una investigadora que les explica el fen\u00f3meno de cambio clim\u00e1tico y con Don Jos\u00e9, un hombre que ha visto la transformaci\u00f3n del medioambiente en su mismo hogar. Esta radionovela consta de tres cap\u00edtulos y son transmitidos a trav\u00e9s de las radios Santa Mar\u00eda, Radio La Melinkana FM, Radio R\u00edo Pascua en Villa O&#8217;Higgins, Radio Puyuhuapi 94.1, Radio La Voz del Mar en Cisnes y Radio Ventisqueros en Chile Chico.<\/p>\n<p><strong>De gira por la regi\u00f3n:<\/strong> Desde el 20 al 23 de diciembre el equipo Explora Ays\u00e9n se fue de gira al norte de la regi\u00f3n para reunirse con parte de la comunidad de Puerto Cisnes y Puyuhuapi con el fin de obtener sus impresiones de la radionovela. Entre el 5 y el 10 de enero ser\u00e1 la oportunidad de viajar hacia el sur, espec\u00edficamente Cochrane y Chile Chico, visitando las radios locales y con muchas ganas de compartir con la comunidad de estos territorios.<\/p>\n<p>\u201cLa invitaci\u00f3n es a sumarse a esta iniciativa, ser parte de la radionovela, escucharla y seguirnos a trav\u00e9s de la radio y adem\u00e1s, los y las invitamos a que nos puedan comentar qu\u00e9 cambios han visto en sus territorios a ra\u00edz del cambio clim\u00e1tico \u00bfqu\u00e9 cosas observan hoy que antes no pasaban en el territorio? o, al rev\u00e9s, \u00bfqu\u00e9 cosas dejaron de ocurrir que ustedes como habitantes del territorio consideran puedan ser atribuibles al fen\u00f3meno del cambio clim\u00e1tico?\u201d concluye Carlos Belmar, encargado de la implementaci\u00f3n de iniciativa Ruta de la Ciencia, quien propone a las y los auditores sumarse al desaf\u00edo de compartir sus apreciaciones a trav\u00e9s de la radio y las redes sociales de las emisoras antes mencionadas.<\/p>\n","protected":false},"excerpt":{"rendered":"<p>Desde el 20 al 23 de diciembre el equipo Explora Ays\u00e9n se fue de gira al norte de la regi\u00f3n para reunirse con parte de la comunidad de Puerto Cisnes y Puyuhuapi con el fin de obtener sus impresiones de la radionovela. Entre el 5 y el 10 de enero ser\u00e1 la oportunidad de viajar hacia el sur, espec\u00edficamente Cochrane y Chile Chico, visitando las radios locales y con muchas ganas de compartir con la comunidad de estos territorios.<\/p>\n","protected":false},"author":37,"featured_media":38050,"comment_status":"open","ping_status":"open","sticky":false,"template":"","format":"standard","meta":{"_acf_changed":false,"_exactmetrics_skip_tracking":false,"_exactmetrics_sitenote_active":false,"_exactmetrics_sitenote_note":"","_exactmetrics_sitenote_category":0,"footnotes":"","_links_to":"","_links_to_target":""},"categories":[4,126],"tags":[],"class_list":["post-38049","post","type-post","status-publish","format-standard","has-post-thumbnail","hentry","category-noticias","category-para-publico-general"],"acf":[],"yoast_head":"<!-- This site is optimized with the Yoast SEO plugin v26.7 - https:\/\/yoast.com\/wordpress\/plugins\/seo\/ -->\n<title>La Ruta de la Ciencia recorre el norte y el sur de la regi\u00f3n - Aysen<\/title>\n<meta name=\"robots\" content=\"index, follow, max-snippet:-1, max-image-preview:large, max-video-preview:-1\" \/>\n<link rel=\"canonical\" href=\"https:\/\/dev.explora.cl\/aysen\/la-ruta-de-la-ciencia-recorre-el-norte-y-el-sur-de-la-region\/\" class=\"yoast-seo-meta-tag\" \/>\n<meta property=\"og:locale\" content=\"es_ES\" class=\"yoast-seo-meta-tag\" \/>\n<meta property=\"og:type\" content=\"article\" class=\"yoast-seo-meta-tag\" \/>\n<meta property=\"og:title\" content=\"La Ruta de la Ciencia recorre el norte y el sur de la regi\u00f3n - Aysen\" class=\"yoast-seo-meta-tag\" \/>\n<meta property=\"og:description\" content=\"Desde el 20 al 23 de diciembre el equipo Explora Ays\u00e9n se fue de gira al norte de la regi\u00f3n para reunirse con parte de la comunidad de Puerto Cisnes y Puyuhuapi con el fin de obtener sus impresiones de la radionovela. Entre el 5 y el 10 de enero ser\u00e1 la oportunidad de viajar hacia el sur, espec\u00edficamente Cochrane y Chile Chico, visitando las radios locales y con muchas ganas de compartir con la comunidad de estos territorios.\" class=\"yoast-seo-meta-tag\" \/>\n<meta property=\"og:url\" content=\"https:\/\/dev.explora.cl\/aysen\/la-ruta-de-la-ciencia-recorre-el-norte-y-el-sur-de-la-region\/\" class=\"yoast-seo-meta-tag\" \/>\n<meta property=\"og:site_name\" content=\"Aysen\" class=\"yoast-seo-meta-tag\" \/>\n<meta property=\"article:published_time\" content=\"2022-01-03T00:37:16+00:00\" class=\"yoast-seo-meta-tag\" \/>\n<meta property=\"article:modified_time\" content=\"2022-07-03T23:22:21+00:00\" class=\"yoast-seo-meta-tag\" \/>\n<meta property=\"og:image\" content=\"https:\/\/dev.explora.cl\/aysen\/wp-content\/uploads\/sites\/18\/2022\/01\/Nos-vamos-de-gira-Banner-web.png\" class=\"yoast-seo-meta-tag\" \/>\n\t<meta property=\"og:image:width\" content=\"1470\" class=\"yoast-seo-meta-tag\" \/>\n\t<meta property=\"og:image:height\" content=\"940\" class=\"yoast-seo-meta-tag\" \/>\n\t<meta property=\"og:image:type\" content=\"image\/png\" class=\"yoast-seo-meta-tag\" \/>\n<meta name=\"author\" content=\"scisternas\" class=\"yoast-seo-meta-tag\" \/>\n<meta name=\"twitter:card\" content=\"summary_large_image\" class=\"yoast-seo-meta-tag\" \/>\n<meta name=\"twitter:label1\" content=\"Escrito por\" class=\"yoast-seo-meta-tag\" \/>\n\t<meta name=\"twitter:data1\" content=\"scisternas\" class=\"yoast-seo-meta-tag\" \/>\n\t<meta name=\"twitter:label2\" content=\"Tiempo estimado de lectura\" class=\"yoast-seo-meta-tag\" \/>\n\t<meta name=\"twitter:data2\" content=\"2 minutos\" class=\"yoast-seo-meta-tag\" \/>\n<script type=\"application\/ld+json\" class=\"yoast-schema-graph\">{\"@context\":\"https:\/\/schema.org\",\"@graph\":[{\"@type\":\"Article\",\"@id\":\"https:\/\/dev.explora.cl\/aysen\/la-ruta-de-la-ciencia-recorre-el-norte-y-el-sur-de-la-region\/#article\",\"isPartOf\":{\"@id\":\"https:\/\/dev.explora.cl\/aysen\/la-ruta-de-la-ciencia-recorre-el-norte-y-el-sur-de-la-region\/\"},\"author\":{\"name\":\"scisternas\",\"@id\":\"https:\/\/dev.explora.cl\/aysen\/#\/schema\/person\/81c802b1e3b443e2575e555b39e60a05\"},\"headline\":\"La Ruta de la Ciencia recorre el norte y el sur de la regi\u00f3n\",\"datePublished\":\"2022-01-03T00:37:16+00:00\",\"dateModified\":\"2022-07-03T23:22:21+00:00\",\"mainEntityOfPage\":{\"@id\":\"https:\/\/dev.explora.cl\/aysen\/la-ruta-de-la-ciencia-recorre-el-norte-y-el-sur-de-la-region\/\"},\"wordCount\":447,\"commentCount\":0,\"image\":{\"@id\":\"https:\/\/dev.explora.cl\/aysen\/la-ruta-de-la-ciencia-recorre-el-norte-y-el-sur-de-la-region\/#primaryimage\"},\"thumbnailUrl\":\"https:\/\/dev.explora.cl\/aysen\/wp-content\/uploads\/sites\/18\/2022\/01\/Nos-vamos-de-gira-Banner-web.png\",\"articleSection\":[\"Noticias\",\"Para P\u00fablico General\"],\"inLanguage\":\"es-CL\",\"potentialAction\":[{\"@type\":\"CommentAction\",\"name\":\"Comment\",\"target\":[\"https:\/\/dev.explora.cl\/aysen\/la-ruta-de-la-ciencia-recorre-el-norte-y-el-sur-de-la-region\/#respond\"]}]},{\"@type\":\"WebPage\",\"@id\":\"https:\/\/dev.explora.cl\/aysen\/la-ruta-de-la-ciencia-recorre-el-norte-y-el-sur-de-la-region\/\",\"url\":\"https:\/\/dev.explora.cl\/aysen\/la-ruta-de-la-ciencia-recorre-el-norte-y-el-sur-de-la-region\/\",\"name\":\"La Ruta de la Ciencia recorre el norte y el sur de la regi\u00f3n - Aysen\",\"isPartOf\":{\"@id\":\"https:\/\/dev.explora.cl\/aysen\/#website\"},\"primaryImageOfPage\":{\"@id\":\"https:\/\/dev.explora.cl\/aysen\/la-ruta-de-la-ciencia-recorre-el-norte-y-el-sur-de-la-region\/#primaryimage\"},\"image\":{\"@id\":\"https:\/\/dev.explora.cl\/aysen\/la-ruta-de-la-ciencia-recorre-el-norte-y-el-sur-de-la-region\/#primaryimage\"},\"thumbnailUrl\":\"https:\/\/dev.explora.cl\/aysen\/wp-content\/uploads\/sites\/18\/2022\/01\/Nos-vamos-de-gira-Banner-web.png\",\"datePublished\":\"2022-01-03T00:37:16+00:00\",\"dateModified\":\"2022-07-03T23:22:21+00:00\",\"author\":{\"@id\":\"https:\/\/dev.explora.cl\/aysen\/#\/schema\/person\/81c802b1e3b443e2575e555b39e60a05\"},\"breadcrumb\":{\"@id\":\"https:\/\/dev.explora.cl\/aysen\/la-ruta-de-la-ciencia-recorre-el-norte-y-el-sur-de-la-region\/#breadcrumb\"},\"inLanguage\":\"es-CL\",\"potentialAction\":[{\"@type\":\"ReadAction\",\"target\":[\"https:\/\/dev.explora.cl\/aysen\/la-ruta-de-la-ciencia-recorre-el-norte-y-el-sur-de-la-region\/\"]}]},{\"@type\":\"ImageObject\",\"inLanguage\":\"es-CL\",\"@id\":\"https:\/\/dev.explora.cl\/aysen\/la-ruta-de-la-ciencia-recorre-el-norte-y-el-sur-de-la-region\/#primaryimage\",\"url\":\"https:\/\/dev.explora.cl\/aysen\/wp-content\/uploads\/sites\/18\/2022\/01\/Nos-vamos-de-gira-Banner-web.png\",\"contentUrl\":\"https:\/\/dev.explora.cl\/aysen\/wp-content\/uploads\/sites\/18\/2022\/01\/Nos-vamos-de-gira-Banner-web.png\",\"width\":1470,\"height\":940},{\"@type\":\"BreadcrumbList\",\"@id\":\"https:\/\/dev.explora.cl\/aysen\/la-ruta-de-la-ciencia-recorre-el-norte-y-el-sur-de-la-region\/#breadcrumb\",\"itemListElement\":[{\"@type\":\"ListItem\",\"position\":1,\"name\":\"Portada\",\"item\":\"https:\/\/dev.explora.cl\/aysen\/\"},{\"@type\":\"ListItem\",\"position\":2,\"name\":\"La Ruta de la Ciencia recorre el norte y el sur de la regi\u00f3n\"}]},{\"@type\":\"WebSite\",\"@id\":\"https:\/\/dev.explora.cl\/aysen\/#website\",\"url\":\"https:\/\/dev.explora.cl\/aysen\/\",\"name\":\"Aysen\",\"description\":\"Otro sitio m\u00e1s de dev.explora.cl\",\"potentialAction\":[{\"@type\":\"SearchAction\",\"target\":{\"@type\":\"EntryPoint\",\"urlTemplate\":\"https:\/\/dev.explora.cl\/aysen\/?s={search_term_string}\"},\"query-input\":{\"@type\":\"PropertyValueSpecification\",\"valueRequired\":true,\"valueName\":\"search_term_string\"}}],\"inLanguage\":\"es-CL\"},{\"@type\":\"Person\",\"@id\":\"https:\/\/dev.explora.cl\/aysen\/#\/schema\/person\/81c802b1e3b443e2575e555b39e60a05\",\"name\":\"scisternas\",\"image\":{\"@type\":\"ImageObject\",\"inLanguage\":\"es-CL\",\"@id\":\"https:\/\/dev.explora.cl\/aysen\/#\/schema\/person\/image\/\",\"url\":\"https:\/\/secure.gravatar.com\/avatar\/611c8f1946b775bdf01b0521c85a9381c3ad08d928d8ead34ce577b0fa231c76?s=96&d=mm&r=g\",\"contentUrl\":\"https:\/\/secure.gravatar.com\/avatar\/611c8f1946b775bdf01b0521c85a9381c3ad08d928d8ead34ce577b0fa231c76?s=96&d=mm&r=g\",\"caption\":\"scisternas\"},\"url\":\"https:\/\/dev.explora.cl\/aysen\/author\/scisternas\/\"}]}<\/script>\n<!-- \/ Yoast SEO plugin. -->","yoast_head_json":{"title":"La Ruta de la Ciencia recorre el norte y el sur de la regi\u00f3n - Aysen","robots":{"index":"index","follow":"follow","max-snippet":"max-snippet:-1","max-image-preview":"max-image-preview:large","max-video-preview":"max-video-preview:-1"},"canonical":"https:\/\/dev.explora.cl\/aysen\/la-ruta-de-la-ciencia-recorre-el-norte-y-el-sur-de-la-region\/","og_locale":"es_ES","og_type":"article","og_title":"La Ruta de la Ciencia recorre el norte y el sur de la regi\u00f3n - Aysen","og_description":"Desde el 20 al 23 de diciembre el equipo Explora Ays\u00e9n se fue de gira al norte de la regi\u00f3n para reunirse con parte de la comunidad de Puerto Cisnes y Puyuhuapi con el fin de obtener sus impresiones de la radionovela. Entre el 5 y el 10 de enero ser\u00e1 la oportunidad de viajar hacia el sur, espec\u00edficamente Cochrane y Chile Chico, visitando las radios locales y con muchas ganas de compartir con la comunidad de estos territorios.","og_url":"https:\/\/dev.explora.cl\/aysen\/la-ruta-de-la-ciencia-recorre-el-norte-y-el-sur-de-la-region\/","og_site_name":"Aysen","article_published_time":"2022-01-03T00:37:16+00:00","article_modified_time":"2022-07-03T23:22:21+00:00","og_image":[{"width":1470,"height":940,"url":"https:\/\/dev.explora.cl\/aysen\/wp-content\/uploads\/sites\/18\/2022\/01\/Nos-vamos-de-gira-Banner-web.png","type":"image\/png"}],"author":"scisternas","twitter_card":"summary_large_image","twitter_misc":{"Escrito por":"scisternas","Tiempo estimado de lectura":"2 minutos"},"schema":{"@context":"https:\/\/schema.org","@graph":[{"@type":"Article","@id":"https:\/\/dev.explora.cl\/aysen\/la-ruta-de-la-ciencia-recorre-el-norte-y-el-sur-de-la-region\/#article","isPartOf":{"@id":"https:\/\/dev.explora.cl\/aysen\/la-ruta-de-la-ciencia-recorre-el-norte-y-el-sur-de-la-region\/"},"author":{"name":"scisternas","@id":"https:\/\/dev.explora.cl\/aysen\/#\/schema\/person\/81c802b1e3b443e2575e555b39e60a05"},"headline":"La Ruta de la Ciencia recorre el norte y el sur de la regi\u00f3n","datePublished":"2022-01-03T00:37:16+00:00","dateModified":"2022-07-03T23:22:21+00:00","mainEntityOfPage":{"@id":"https:\/\/dev.explora.cl\/aysen\/la-ruta-de-la-ciencia-recorre-el-norte-y-el-sur-de-la-region\/"},"wordCount":447,"commentCount":0,"image":{"@id":"https:\/\/dev.explora.cl\/aysen\/la-ruta-de-la-ciencia-recorre-el-norte-y-el-sur-de-la-region\/#primaryimage"},"thumbnailUrl":"https:\/\/dev.explora.cl\/aysen\/wp-content\/uploads\/sites\/18\/2022\/01\/Nos-vamos-de-gira-Banner-web.png","articleSection":["Noticias","Para P\u00fablico General"],"inLanguage":"es-CL","potentialAction":[{"@type":"CommentAction","name":"Comment","target":["https:\/\/dev.explora.cl\/aysen\/la-ruta-de-la-ciencia-recorre-el-norte-y-el-sur-de-la-region\/#respond"]}]},{"@type":"WebPage","@id":"https:\/\/dev.explora.cl\/aysen\/la-ruta-de-la-ciencia-recorre-el-norte-y-el-sur-de-la-region\/","url":"https:\/\/dev.explora.cl\/aysen\/la-ruta-de-la-ciencia-recorre-el-norte-y-el-sur-de-la-region\/","name":"La Ruta de la Ciencia recorre el norte y el sur de la regi\u00f3n - Aysen","isPartOf":{"@id":"https:\/\/dev.explora.cl\/aysen\/#website"},"primaryImageOfPage":{"@id":"https:\/\/dev.explora.cl\/aysen\/la-ruta-de-la-ciencia-recorre-el-norte-y-el-sur-de-la-region\/#primaryimage"},"image":{"@id":"https:\/\/dev.explora.cl\/aysen\/la-ruta-de-la-ciencia-recorre-el-norte-y-el-sur-de-la-region\/#primaryimage"},"thumbnailUrl":"https:\/\/dev.explora.cl\/aysen\/wp-content\/uploads\/sites\/18\/2022\/01\/Nos-vamos-de-gira-Banner-web.png","datePublished":"2022-01-03T00:37:16+00:00","dateModified":"2022-07-03T23:22:21+00:00","author":{"@id":"https:\/\/dev.explora.cl\/aysen\/#\/schema\/person\/81c802b1e3b443e2575e555b39e60a05"},"breadcrumb":{"@id":"https:\/\/dev.explora.cl\/aysen\/la-ruta-de-la-ciencia-recorre-el-norte-y-el-sur-de-la-region\/#breadcrumb"},"inLanguage":"es-CL","potentialAction":[{"@type":"ReadAction","target":["https:\/\/dev.explora.cl\/aysen\/la-ruta-de-la-ciencia-recorre-el-norte-y-el-sur-de-la-region\/"]}]},{"@type":"ImageObject","inLanguage":"es-CL","@id":"https:\/\/dev.explora.cl\/aysen\/la-ruta-de-la-ciencia-recorre-el-norte-y-el-sur-de-la-region\/#primaryimage","url":"https:\/\/dev.explora.cl\/aysen\/wp-content\/uploads\/sites\/18\/2022\/01\/Nos-vamos-de-gira-Banner-web.png","contentUrl":"https:\/\/dev.explora.cl\/aysen\/wp-content\/uploads\/sites\/18\/2022\/01\/Nos-vamos-de-gira-Banner-web.png","width":1470,"height":940},{"@type":"BreadcrumbList","@id":"https:\/\/dev.explora.cl\/aysen\/la-ruta-de-la-ciencia-recorre-el-norte-y-el-sur-de-la-region\/#breadcrumb","itemListElement":[{"@type":"ListItem","position":1,"name":"Portada","item":"https:\/\/dev.explora.cl\/aysen\/"},{"@type":"ListItem","position":2,"name":"La Ruta de la Ciencia recorre el norte y el sur de la regi\u00f3n"}]},{"@type":"WebSite","@id":"https:\/\/dev.explora.cl\/aysen\/#website","url":"https:\/\/dev.explora.cl\/aysen\/","name":"Aysen","description":"Otro sitio m\u00e1s de dev.explora.cl","potentialAction":[{"@type":"SearchAction","target":{"@type":"EntryPoint","urlTemplate":"https:\/\/dev.explora.cl\/aysen\/?s={search_term_string}"},"query-input":{"@type":"PropertyValueSpecification","valueRequired":true,"valueName":"search_term_string"}}],"inLanguage":"es-CL"},{"@type":"Person","@id":"https:\/\/dev.explora.cl\/aysen\/#\/schema\/person\/81c802b1e3b443e2575e555b39e60a05","name":"scisternas","image":{"@type":"ImageObject","inLanguage":"es-CL","@id":"https:\/\/dev.explora.cl\/aysen\/#\/schema\/person\/image\/","url":"https:\/\/secure.gravatar.com\/avatar\/611c8f1946b775bdf01b0521c85a9381c3ad08d928d8ead34ce577b0fa231c76?s=96&d=mm&r=g","contentUrl":"https:\/\/secure.gravatar.com\/avatar\/611c8f1946b775bdf01b0521c85a9381c3ad08d928d8ead34ce577b0fa231c76?s=96&d=mm&r=g","caption":"scisternas"},"url":"https:\/\/dev.explora.cl\/aysen\/author\/scisternas\/"}]}},"_links":{"self":[{"href":"https:\/\/dev.explora.cl\/aysen\/wp-json\/wp\/v2\/posts\/38049","targetHints":{"allow":["GET"]}}],"collection":[{"href":"https:\/\/dev.explora.cl\/aysen\/wp-json\/wp\/v2\/posts"}],"about":[{"href":"https:\/\/dev.explora.cl\/aysen\/wp-json\/wp\/v2\/types\/post"}],"author":[{"embeddable":true,"href":"https:\/\/dev.explora.cl\/aysen\/wp-json\/wp\/v2\/users\/37"}],"replies":[{"embeddable":true,"href":"https:\/\/dev.explora.cl\/aysen\/wp-json\/wp\/v2\/comments?post=38049"}],"version-history":[{"count":3,"href":"https:\/\/dev.explora.cl\/aysen\/wp-json\/wp\/v2\/posts\/38049\/revisions"}],"predecessor-version":[{"id":38054,"href":"https:\/\/dev.explora.cl\/aysen\/wp-json\/wp\/v2\/posts\/38049\/revisions\/38054"}],"wp:featuredmedia":[{"embeddable":true,"href":"https:\/\/dev.explora.cl\/aysen\/wp-json\/wp\/v2\/media\/38050"}],"wp:attachment":[{"href":"https:\/\/dev.explora.cl\/aysen\/wp-json\/wp\/v2\/media?parent=38049"}],"wp:term":[{"taxonomy":"category","embeddable":true,"href":"https:\/\/dev.explora.cl\/aysen\/wp-json\/wp\/v2\/categories?post=38049"},{"taxonomy":"post_tag","embeddable":true,"href":"https:\/\/dev.explora.cl\/aysen\/wp-json\/wp\/v2\/tags?post=38049"}],"curies":[{"name":"wp","href":"https:\/\/api.w.org\/{rel}","templated":true}]}}