{"id":38028,"date":"2021-11-02T15:36:31","date_gmt":"2021-11-02T18:36:31","guid":{"rendered":"https:\/\/dev.explora.cl\/aysen\/?p=38028"},"modified":"2023-07-28T11:03:17","modified_gmt":"2023-07-28T15:03:17","slug":"accionesdedivulgacioncientifica","status":"publish","type":"post","link":"https:\/\/dev.explora.cl\/aysen\/accionesdedivulgacioncientifica\/","title":{"rendered":"Directora del Proyecto Explora Ays\u00e9n y Gobernadora Regional sostienen reuni\u00f3n para colaboraci\u00f3n en acciones de divulgaci\u00f3n cient\u00edfica para la regi\u00f3n"},"content":{"rendered":"<p><i><span style=\"font-weight: 400\">Durante el encuentro se revisaron las oportunidades de colaboraci\u00f3n entre ambas instituciones y se plante\u00f3 la necesidad de promover espacios de di\u00e1logo en los territorios con el objetivo de acercar la ciencia, tecnolog\u00eda, conocimiento e innovaci\u00f3n a las personas.<\/span><\/i><\/p>\n<p><span style=\"font-weight: 400\">Presencia en los territorios para identificar necesidades de las comunidades, levantar informaci\u00f3n y disponer de m\u00e1s oportunidades para ni\u00f1os, ni\u00f1as y j\u00f3venes fueron algunos de los temas considerados como \u00e1reas de inter\u00e9s para el trabajo conjunto entre los proyectos Explora Ays\u00e9n del Ministerio de Ciencia y AportaCiencias, ambos liderados por la Universidad Austral de Chile y el Gobierno Regional de Ays\u00e9n, encabezado por la gobernadora Andrea Mac\u00edas Palma.<\/span><\/p>\n<p><span style=\"font-weight: 400\">La reuni\u00f3n tuvo como objetivo la presentaci\u00f3n de acciones de divulgaci\u00f3n cient\u00edfica que se realizan en la regi\u00f3n, implementadas por la Universidad Austral de Chile a trav\u00e9s del Proyecto Explora Ays\u00e9n, enfocado en la generaci\u00f3n de una cultura cient\u00edfica en la comunidad y el Programa AportaCiencias, enfocado a promover el desarrollo de habilidades y vocaciones cient\u00edficas en ni\u00f1as, ni\u00f1os y j\u00f3venes de la regi\u00f3n de Ays\u00e9n.\u00a0<\/span><\/p>\n<p><span style=\"font-weight: 400\">Por otra parte, se plante\u00f3 el inter\u00e9s de promover espacios de di\u00e1logo en los territorios, desarrollar estrategias para levantar informaci\u00f3n de las comunidades y ofrecer oportunidades y accesibilidad para que ni\u00f1os, ni\u00f1as y j\u00f3venes puedan acercarse a la ciencia, la tecnolog\u00eda, el conocimiento y la innovaci\u00f3n.<\/span><\/p>\n<p><span style=\"font-weight: 400\">Marisol Barr\u00eda Navarro, Directora de los Proyectos Explora Ays\u00e9n y AportaCiencias puntualiz\u00f3 que \u201cfue una reuni\u00f3n muy constructiva y con muchos puntos de encuentro donde pudimos proyectar el trabajo de divulgaci\u00f3n cient\u00edfica que estamos haciendo como Proyecto Explora y desde el Programa AportaCiencias. Adem\u00e1s, pudimos intercambiar ideas y estrategias que nos permitan fortalecer la vinculaci\u00f3n con los territorios y desde las necesidades de las comunidades y potenciar la construcci\u00f3n de vocaciones y el desarrollo de talentos en ciencia de ni\u00f1os y ni\u00f1as de la regi\u00f3n.\u201d<\/span><\/p>\n","protected":false},"excerpt":{"rendered":"<p>Durante el encuentro se revisaron las oportunidades de colaboraci\u00f3n entre ambas instituciones y se plante\u00f3 la necesidad de promover espacios de di\u00e1logo en los territorios con el objetivo de acercar la ciencia, tecnolog\u00eda, conocimiento e innovaci\u00f3n a las personas.<\/p>\n","protected":false},"author":37,"featured_media":38029,"comment_status":"open","ping_status":"open","sticky":false,"template":"","format":"standard","meta":{"_acf_changed":false,"_exactmetrics_skip_tracking":false,"_exactmetrics_sitenote_active":false,"_exactmetrics_sitenote_note":"","_exactmetrics_sitenote_category":0,"footnotes":"","_links_to":"","_links_to_target":""},"categories":[4],"tags":[],"class_list":["post-38028","post","type-post","status-publish","format-standard","has-post-thumbnail","hentry","category-noticias"],"acf":[],"yoast_head":"<!-- This site is optimized with the Yoast SEO plugin v26.7 - https:\/\/yoast.com\/wordpress\/plugins\/seo\/ -->\n<title>Directora del Proyecto Explora Ays\u00e9n y Gobernadora Regional sostienen reuni\u00f3n para colaboraci\u00f3n en acciones de divulgaci\u00f3n cient\u00edfica para la regi\u00f3n - Aysen<\/title>\n<meta name=\"robots\" content=\"index, follow, max-snippet:-1, max-image-preview:large, max-video-preview:-1\" \/>\n<link rel=\"canonical\" href=\"https:\/\/dev.explora.cl\/aysen\/accionesdedivulgacioncientifica\/\" class=\"yoast-seo-meta-tag\" \/>\n<meta property=\"og:locale\" content=\"es_ES\" class=\"yoast-seo-meta-tag\" \/>\n<meta property=\"og:type\" content=\"article\" class=\"yoast-seo-meta-tag\" \/>\n<meta property=\"og:title\" content=\"Directora del Proyecto Explora Ays\u00e9n y Gobernadora Regional sostienen reuni\u00f3n para colaboraci\u00f3n en acciones de divulgaci\u00f3n cient\u00edfica para la regi\u00f3n - Aysen\" class=\"yoast-seo-meta-tag\" \/>\n<meta property=\"og:description\" content=\"Durante el encuentro se revisaron las oportunidades de colaboraci\u00f3n entre ambas instituciones y se plante\u00f3 la necesidad de promover espacios de di\u00e1logo en los territorios con el objetivo de acercar la ciencia, tecnolog\u00eda, conocimiento e innovaci\u00f3n a las personas.\" class=\"yoast-seo-meta-tag\" \/>\n<meta property=\"og:url\" content=\"https:\/\/dev.explora.cl\/aysen\/accionesdedivulgacioncientifica\/\" class=\"yoast-seo-meta-tag\" \/>\n<meta property=\"og:site_name\" content=\"Aysen\" class=\"yoast-seo-meta-tag\" \/>\n<meta property=\"article:published_time\" content=\"2021-11-02T18:36:31+00:00\" class=\"yoast-seo-meta-tag\" \/>\n<meta property=\"article:modified_time\" content=\"2023-07-28T15:03:17+00:00\" class=\"yoast-seo-meta-tag\" \/>\n<meta property=\"og:image\" content=\"https:\/\/dev.explora.cl\/aysen\/wp-content\/uploads\/sites\/18\/2021\/11\/Acciones-de-divulgaci\u00f3n-cient\u00edfica-en-la-regi\u00f3n-de-Ays\u00e9n.png\" class=\"yoast-seo-meta-tag\" \/>\n\t<meta property=\"og:image:width\" content=\"1103\" class=\"yoast-seo-meta-tag\" \/>\n\t<meta property=\"og:image:height\" content=\"705\" class=\"yoast-seo-meta-tag\" \/>\n\t<meta property=\"og:image:type\" content=\"image\/png\" class=\"yoast-seo-meta-tag\" \/>\n<meta name=\"author\" content=\"scisternas\" class=\"yoast-seo-meta-tag\" \/>\n<meta name=\"twitter:card\" content=\"summary_large_image\" class=\"yoast-seo-meta-tag\" \/>\n<meta name=\"twitter:label1\" content=\"Escrito por\" class=\"yoast-seo-meta-tag\" \/>\n\t<meta name=\"twitter:data1\" content=\"scisternas\" class=\"yoast-seo-meta-tag\" \/>\n\t<meta name=\"twitter:label2\" content=\"Tiempo estimado de lectura\" class=\"yoast-seo-meta-tag\" \/>\n\t<meta name=\"twitter:data2\" content=\"2 minutos\" class=\"yoast-seo-meta-tag\" \/>\n<script type=\"application\/ld+json\" class=\"yoast-schema-graph\">{\"@context\":\"https:\/\/schema.org\",\"@graph\":[{\"@type\":\"Article\",\"@id\":\"https:\/\/dev.explora.cl\/aysen\/accionesdedivulgacioncientifica\/#article\",\"isPartOf\":{\"@id\":\"https:\/\/dev.explora.cl\/aysen\/accionesdedivulgacioncientifica\/\"},\"author\":{\"name\":\"scisternas\",\"@id\":\"https:\/\/dev.explora.cl\/aysen\/#\/schema\/person\/81c802b1e3b443e2575e555b39e60a05\"},\"headline\":\"Directora del Proyecto Explora Ays\u00e9n y Gobernadora Regional sostienen reuni\u00f3n para colaboraci\u00f3n en acciones de divulgaci\u00f3n cient\u00edfica para la regi\u00f3n\",\"datePublished\":\"2021-11-02T18:36:31+00:00\",\"dateModified\":\"2023-07-28T15:03:17+00:00\",\"mainEntityOfPage\":{\"@id\":\"https:\/\/dev.explora.cl\/aysen\/accionesdedivulgacioncientifica\/\"},\"wordCount\":377,\"commentCount\":0,\"image\":{\"@id\":\"https:\/\/dev.explora.cl\/aysen\/accionesdedivulgacioncientifica\/#primaryimage\"},\"thumbnailUrl\":\"https:\/\/dev.explora.cl\/aysen\/wp-content\/uploads\/sites\/18\/2021\/11\/Acciones-de-divulgaci\u00f3n-cient\u00edfica-en-la-regi\u00f3n-de-Ays\u00e9n.png\",\"articleSection\":[\"Noticias\"],\"inLanguage\":\"es-CL\",\"potentialAction\":[{\"@type\":\"CommentAction\",\"name\":\"Comment\",\"target\":[\"https:\/\/dev.explora.cl\/aysen\/accionesdedivulgacioncientifica\/#respond\"]}]},{\"@type\":\"WebPage\",\"@id\":\"https:\/\/dev.explora.cl\/aysen\/accionesdedivulgacioncientifica\/\",\"url\":\"https:\/\/dev.explora.cl\/aysen\/accionesdedivulgacioncientifica\/\",\"name\":\"Directora del Proyecto Explora Ays\u00e9n y Gobernadora Regional sostienen reuni\u00f3n para colaboraci\u00f3n en acciones de divulgaci\u00f3n cient\u00edfica para la regi\u00f3n - Aysen\",\"isPartOf\":{\"@id\":\"https:\/\/dev.explora.cl\/aysen\/#website\"},\"primaryImageOfPage\":{\"@id\":\"https:\/\/dev.explora.cl\/aysen\/accionesdedivulgacioncientifica\/#primaryimage\"},\"image\":{\"@id\":\"https:\/\/dev.explora.cl\/aysen\/accionesdedivulgacioncientifica\/#primaryimage\"},\"thumbnailUrl\":\"https:\/\/dev.explora.cl\/aysen\/wp-content\/uploads\/sites\/18\/2021\/11\/Acciones-de-divulgaci\u00f3n-cient\u00edfica-en-la-regi\u00f3n-de-Ays\u00e9n.png\",\"datePublished\":\"2021-11-02T18:36:31+00:00\",\"dateModified\":\"2023-07-28T15:03:17+00:00\",\"author\":{\"@id\":\"https:\/\/dev.explora.cl\/aysen\/#\/schema\/person\/81c802b1e3b443e2575e555b39e60a05\"},\"breadcrumb\":{\"@id\":\"https:\/\/dev.explora.cl\/aysen\/accionesdedivulgacioncientifica\/#breadcrumb\"},\"inLanguage\":\"es-CL\",\"potentialAction\":[{\"@type\":\"ReadAction\",\"target\":[\"https:\/\/dev.explora.cl\/aysen\/accionesdedivulgacioncientifica\/\"]}]},{\"@type\":\"ImageObject\",\"inLanguage\":\"es-CL\",\"@id\":\"https:\/\/dev.explora.cl\/aysen\/accionesdedivulgacioncientifica\/#primaryimage\",\"url\":\"https:\/\/dev.explora.cl\/aysen\/wp-content\/uploads\/sites\/18\/2021\/11\/Acciones-de-divulgaci\u00f3n-cient\u00edfica-en-la-regi\u00f3n-de-Ays\u00e9n.png\",\"contentUrl\":\"https:\/\/dev.explora.cl\/aysen\/wp-content\/uploads\/sites\/18\/2021\/11\/Acciones-de-divulgaci\u00f3n-cient\u00edfica-en-la-regi\u00f3n-de-Ays\u00e9n.png\",\"width\":1103,\"height\":705},{\"@type\":\"BreadcrumbList\",\"@id\":\"https:\/\/dev.explora.cl\/aysen\/accionesdedivulgacioncientifica\/#breadcrumb\",\"itemListElement\":[{\"@type\":\"ListItem\",\"position\":1,\"name\":\"Portada\",\"item\":\"https:\/\/dev.explora.cl\/aysen\/\"},{\"@type\":\"ListItem\",\"position\":2,\"name\":\"Directora del Proyecto Explora Ays\u00e9n y Gobernadora Regional sostienen reuni\u00f3n para colaboraci\u00f3n en acciones de divulgaci\u00f3n cient\u00edfica para la regi\u00f3n\"}]},{\"@type\":\"WebSite\",\"@id\":\"https:\/\/dev.explora.cl\/aysen\/#website\",\"url\":\"https:\/\/dev.explora.cl\/aysen\/\",\"name\":\"Aysen\",\"description\":\"Otro sitio m\u00e1s de dev.explora.cl\",\"potentialAction\":[{\"@type\":\"SearchAction\",\"target\":{\"@type\":\"EntryPoint\",\"urlTemplate\":\"https:\/\/dev.explora.cl\/aysen\/?s={search_term_string}\"},\"query-input\":{\"@type\":\"PropertyValueSpecification\",\"valueRequired\":true,\"valueName\":\"search_term_string\"}}],\"inLanguage\":\"es-CL\"},{\"@type\":\"Person\",\"@id\":\"https:\/\/dev.explora.cl\/aysen\/#\/schema\/person\/81c802b1e3b443e2575e555b39e60a05\",\"name\":\"scisternas\",\"image\":{\"@type\":\"ImageObject\",\"inLanguage\":\"es-CL\",\"@id\":\"https:\/\/dev.explora.cl\/aysen\/#\/schema\/person\/image\/\",\"url\":\"https:\/\/secure.gravatar.com\/avatar\/611c8f1946b775bdf01b0521c85a9381c3ad08d928d8ead34ce577b0fa231c76?s=96&d=mm&r=g\",\"contentUrl\":\"https:\/\/secure.gravatar.com\/avatar\/611c8f1946b775bdf01b0521c85a9381c3ad08d928d8ead34ce577b0fa231c76?s=96&d=mm&r=g\",\"caption\":\"scisternas\"},\"url\":\"https:\/\/dev.explora.cl\/aysen\/author\/scisternas\/\"}]}<\/script>\n<!-- \/ Yoast SEO plugin. -->","yoast_head_json":{"title":"Directora del Proyecto Explora Ays\u00e9n y Gobernadora Regional sostienen reuni\u00f3n para colaboraci\u00f3n en acciones de divulgaci\u00f3n cient\u00edfica para la regi\u00f3n - Aysen","robots":{"index":"index","follow":"follow","max-snippet":"max-snippet:-1","max-image-preview":"max-image-preview:large","max-video-preview":"max-video-preview:-1"},"canonical":"https:\/\/dev.explora.cl\/aysen\/accionesdedivulgacioncientifica\/","og_locale":"es_ES","og_type":"article","og_title":"Directora del Proyecto Explora Ays\u00e9n y Gobernadora Regional sostienen reuni\u00f3n para colaboraci\u00f3n en acciones de divulgaci\u00f3n cient\u00edfica para la regi\u00f3n - Aysen","og_description":"Durante el encuentro se revisaron las oportunidades de colaboraci\u00f3n entre ambas instituciones y se plante\u00f3 la necesidad de promover espacios de di\u00e1logo en los territorios con el objetivo de acercar la ciencia, tecnolog\u00eda, conocimiento e innovaci\u00f3n a las personas.","og_url":"https:\/\/dev.explora.cl\/aysen\/accionesdedivulgacioncientifica\/","og_site_name":"Aysen","article_published_time":"2021-11-02T18:36:31+00:00","article_modified_time":"2023-07-28T15:03:17+00:00","og_image":[{"width":1103,"height":705,"url":"https:\/\/dev.explora.cl\/aysen\/wp-content\/uploads\/sites\/18\/2021\/11\/Acciones-de-divulgaci\u00f3n-cient\u00edfica-en-la-regi\u00f3n-de-Ays\u00e9n.png","type":"image\/png"}],"author":"scisternas","twitter_card":"summary_large_image","twitter_misc":{"Escrito por":"scisternas","Tiempo estimado de lectura":"2 minutos"},"schema":{"@context":"https:\/\/schema.org","@graph":[{"@type":"Article","@id":"https:\/\/dev.explora.cl\/aysen\/accionesdedivulgacioncientifica\/#article","isPartOf":{"@id":"https:\/\/dev.explora.cl\/aysen\/accionesdedivulgacioncientifica\/"},"author":{"name":"scisternas","@id":"https:\/\/dev.explora.cl\/aysen\/#\/schema\/person\/81c802b1e3b443e2575e555b39e60a05"},"headline":"Directora del Proyecto Explora Ays\u00e9n y Gobernadora Regional sostienen reuni\u00f3n para colaboraci\u00f3n en acciones de divulgaci\u00f3n cient\u00edfica para la regi\u00f3n","datePublished":"2021-11-02T18:36:31+00:00","dateModified":"2023-07-28T15:03:17+00:00","mainEntityOfPage":{"@id":"https:\/\/dev.explora.cl\/aysen\/accionesdedivulgacioncientifica\/"},"wordCount":377,"commentCount":0,"image":{"@id":"https:\/\/dev.explora.cl\/aysen\/accionesdedivulgacioncientifica\/#primaryimage"},"thumbnailUrl":"https:\/\/dev.explora.cl\/aysen\/wp-content\/uploads\/sites\/18\/2021\/11\/Acciones-de-divulgaci\u00f3n-cient\u00edfica-en-la-regi\u00f3n-de-Ays\u00e9n.png","articleSection":["Noticias"],"inLanguage":"es-CL","potentialAction":[{"@type":"CommentAction","name":"Comment","target":["https:\/\/dev.explora.cl\/aysen\/accionesdedivulgacioncientifica\/#respond"]}]},{"@type":"WebPage","@id":"https:\/\/dev.explora.cl\/aysen\/accionesdedivulgacioncientifica\/","url":"https:\/\/dev.explora.cl\/aysen\/accionesdedivulgacioncientifica\/","name":"Directora del Proyecto Explora Ays\u00e9n y Gobernadora Regional sostienen reuni\u00f3n para colaboraci\u00f3n en acciones de divulgaci\u00f3n cient\u00edfica para la regi\u00f3n - Aysen","isPartOf":{"@id":"https:\/\/dev.explora.cl\/aysen\/#website"},"primaryImageOfPage":{"@id":"https:\/\/dev.explora.cl\/aysen\/accionesdedivulgacioncientifica\/#primaryimage"},"image":{"@id":"https:\/\/dev.explora.cl\/aysen\/accionesdedivulgacioncientifica\/#primaryimage"},"thumbnailUrl":"https:\/\/dev.explora.cl\/aysen\/wp-content\/uploads\/sites\/18\/2021\/11\/Acciones-de-divulgaci\u00f3n-cient\u00edfica-en-la-regi\u00f3n-de-Ays\u00e9n.png","datePublished":"2021-11-02T18:36:31+00:00","dateModified":"2023-07-28T15:03:17+00:00","author":{"@id":"https:\/\/dev.explora.cl\/aysen\/#\/schema\/person\/81c802b1e3b443e2575e555b39e60a05"},"breadcrumb":{"@id":"https:\/\/dev.explora.cl\/aysen\/accionesdedivulgacioncientifica\/#breadcrumb"},"inLanguage":"es-CL","potentialAction":[{"@type":"ReadAction","target":["https:\/\/dev.explora.cl\/aysen\/accionesdedivulgacioncientifica\/"]}]},{"@type":"ImageObject","inLanguage":"es-CL","@id":"https:\/\/dev.explora.cl\/aysen\/accionesdedivulgacioncientifica\/#primaryimage","url":"https:\/\/dev.explora.cl\/aysen\/wp-content\/uploads\/sites\/18\/2021\/11\/Acciones-de-divulgaci\u00f3n-cient\u00edfica-en-la-regi\u00f3n-de-Ays\u00e9n.png","contentUrl":"https:\/\/dev.explora.cl\/aysen\/wp-content\/uploads\/sites\/18\/2021\/11\/Acciones-de-divulgaci\u00f3n-cient\u00edfica-en-la-regi\u00f3n-de-Ays\u00e9n.png","width":1103,"height":705},{"@type":"BreadcrumbList","@id":"https:\/\/dev.explora.cl\/aysen\/accionesdedivulgacioncientifica\/#breadcrumb","itemListElement":[{"@type":"ListItem","position":1,"name":"Portada","item":"https:\/\/dev.explora.cl\/aysen\/"},{"@type":"ListItem","position":2,"name":"Directora del Proyecto Explora Ays\u00e9n y Gobernadora Regional sostienen reuni\u00f3n para colaboraci\u00f3n en acciones de divulgaci\u00f3n cient\u00edfica para la regi\u00f3n"}]},{"@type":"WebSite","@id":"https:\/\/dev.explora.cl\/aysen\/#website","url":"https:\/\/dev.explora.cl\/aysen\/","name":"Aysen","description":"Otro sitio m\u00e1s de dev.explora.cl","potentialAction":[{"@type":"SearchAction","target":{"@type":"EntryPoint","urlTemplate":"https:\/\/dev.explora.cl\/aysen\/?s={search_term_string}"},"query-input":{"@type":"PropertyValueSpecification","valueRequired":true,"valueName":"search_term_string"}}],"inLanguage":"es-CL"},{"@type":"Person","@id":"https:\/\/dev.explora.cl\/aysen\/#\/schema\/person\/81c802b1e3b443e2575e555b39e60a05","name":"scisternas","image":{"@type":"ImageObject","inLanguage":"es-CL","@id":"https:\/\/dev.explora.cl\/aysen\/#\/schema\/person\/image\/","url":"https:\/\/secure.gravatar.com\/avatar\/611c8f1946b775bdf01b0521c85a9381c3ad08d928d8ead34ce577b0fa231c76?s=96&d=mm&r=g","contentUrl":"https:\/\/secure.gravatar.com\/avatar\/611c8f1946b775bdf01b0521c85a9381c3ad08d928d8ead34ce577b0fa231c76?s=96&d=mm&r=g","caption":"scisternas"},"url":"https:\/\/dev.explora.cl\/aysen\/author\/scisternas\/"}]}},"_links":{"self":[{"href":"https:\/\/dev.explora.cl\/aysen\/wp-json\/wp\/v2\/posts\/38028","targetHints":{"allow":["GET"]}}],"collection":[{"href":"https:\/\/dev.explora.cl\/aysen\/wp-json\/wp\/v2\/posts"}],"about":[{"href":"https:\/\/dev.explora.cl\/aysen\/wp-json\/wp\/v2\/types\/post"}],"author":[{"embeddable":true,"href":"https:\/\/dev.explora.cl\/aysen\/wp-json\/wp\/v2\/users\/37"}],"replies":[{"embeddable":true,"href":"https:\/\/dev.explora.cl\/aysen\/wp-json\/wp\/v2\/comments?post=38028"}],"version-history":[{"count":1,"href":"https:\/\/dev.explora.cl\/aysen\/wp-json\/wp\/v2\/posts\/38028\/revisions"}],"predecessor-version":[{"id":38030,"href":"https:\/\/dev.explora.cl\/aysen\/wp-json\/wp\/v2\/posts\/38028\/revisions\/38030"}],"wp:featuredmedia":[{"embeddable":true,"href":"https:\/\/dev.explora.cl\/aysen\/wp-json\/wp\/v2\/media\/38029"}],"wp:attachment":[{"href":"https:\/\/dev.explora.cl\/aysen\/wp-json\/wp\/v2\/media?parent=38028"}],"wp:term":[{"taxonomy":"category","embeddable":true,"href":"https:\/\/dev.explora.cl\/aysen\/wp-json\/wp\/v2\/categories?post=38028"},{"taxonomy":"post_tag","embeddable":true,"href":"https:\/\/dev.explora.cl\/aysen\/wp-json\/wp\/v2\/tags?post=38028"}],"curies":[{"name":"wp","href":"https:\/\/api.w.org\/{rel}","templated":true}]}}