{"id":38013,"date":"2021-10-06T10:45:09","date_gmt":"2021-10-06T13:45:09","guid":{"rendered":"https:\/\/dev.explora.cl\/aysen\/?p=38013"},"modified":"2023-07-28T11:30:11","modified_gmt":"2023-07-28T15:30:11","slug":"feci2021","status":"publish","type":"post","link":"https:\/\/dev.explora.cl\/aysen\/feci2021\/","title":{"rendered":"En octubre celebramos la curiosidad y el patrimonio: inscr\u00edbete y participa en las actividades del Festival de la Ciencia 2021"},"content":{"rendered":"<p><i><span style=\"font-weight: 400\">El Festival se realizar\u00e1 entre el 20 y el 24 de octubre con actividades virtuales y presenciales para ni\u00f1os, ni\u00f1as, j\u00f3venes y toda la familia, con la intenci\u00f3n de relevar el patrimonio natural y cultural de la regi\u00f3n.<\/span><\/i><\/p>\n<p><span style=\"font-weight: 400\">Con un variado programa de actividades, el Proyecto Explora Ays\u00e9n del Ministerio de Ciencia, y ejecutado en la regi\u00f3n por el Campus Patagonia de la Universidad Austral de Chile, abre las inscripciones para participar del Festival de la Ciencia 2021, una celebraci\u00f3n p\u00fablica, gratuita y nacional, impulsada por la Divisi\u00f3n de Ciencia y Sociedad del Ministerio de Ciencia, que invita a todas las personas a acercarse, apropiarse y disfrutar de la ciencia,la tecnolog\u00eda, el conocimiento y la innovaci\u00f3n.<\/span><\/p>\n<p><b>Un territorio de enorme riqueza natural y cultural<\/b><\/p>\n<p><span style=\"font-weight: 400\">El 50% de la superficie de la regi\u00f3n de Ays\u00e9n corresponde a \u00c1reas Silvestres Protegidas, albergando una de las reservas m\u00e1s grandes de agua dulce del mundo y la mayor superficie de bosque nativo del pa\u00eds. En este territorio se suman diversas tradiciones que han aportado los pioneros y pioneras, dando lugar a una riqueza cultural muy particular.<\/span><\/p>\n<p><span style=\"font-weight: 400\">Con la intenci\u00f3n de relevar el patrimonio natural y cultural de la regi\u00f3n, las actividades del Festival de la Ciencia en Ays\u00e9n han sido dise\u00f1adas con el fin de rescatar oficios de nuestros antepasados, conocer la historia de los primeros asentamientos humanos, valorar y conocer la flora y fauna nativa y visibilizar el trabajo de investigaci\u00f3n, protecci\u00f3n y conservaci\u00f3n que se realiza en la regi\u00f3n. Las actividades consideran talleres virtuales y presenciales, recorridos virtuales por laboratorios y museos, un conversatorio y un evento de m\u00fasica, poes\u00eda y ciencia.<\/span><\/p>\n<p><b>Conversaci\u00f3n, m\u00fasica y patrimonio<\/b><\/p>\n<p><span style=\"font-weight: 400\">La ma\u00f1ana del viernes 22 de octubre estar\u00e1 dedicada a las\/os j\u00f3venes que buscan una transformaci\u00f3n social, con el conversatorio virtual <\/span><i><span style=\"font-weight: 400\">\u201cAgentes de cambio: l\u00edderes j\u00f3venes por la transformaci\u00f3n socio-ambiental\u201d<\/span><\/i><span style=\"font-weight: 400\">, un espacio de reflexi\u00f3n e intercambio de ideas.<\/span><\/p>\n<p><span style=\"font-weight: 400\">Por otro lado, la tarde del s\u00e1bado 23 ser\u00e1 de m\u00fasica y poes\u00eda, con la participaci\u00f3n de los\/as artistas Luciano Auad, Naara Andariega y Flow de piel, quienes interpretar\u00e1n al ritmo del folklore aysesino y el rap algunas d\u00e9cimas del libro <\/span><i><span style=\"font-weight: 400\">\u201cBiod\u00e9cimas: un canto a la diversidad biol\u00f3gica de Chile<\/span><\/i><span style=\"font-weight: 400\">\u201d del ec\u00f3logo y escritor Ramiro Bustamante.<\/span><\/p>\n<p><b>Un Festival de m\u00faltiples miradas<\/b><\/p>\n<p><span style=\"font-weight: 400\">Un elemento central en la planificaci\u00f3n y desarrollo del Festival de la Ciencia es el trabajo de co-dise\u00f1o de las actividades junto a instituciones y organizaciones que comparten objetivos en com\u00fan. Este a\u00f1o contamos con la participaci\u00f3n del Centro de Investigaci\u00f3n en Ecosistemas de la Patagonia (CIEP), el Laboratorio Costero Calfuco del Instituto de Ciencias Marinas y Limnol\u00f3gicas de la UACh, el Laboratorio de Biomateriales de Valdivia (LABVA), Junta Nacional de Jardines Infantiles JUNJI, Fundaci\u00f3n Integra, la Corporaci\u00f3n Nacional Forestal CONAF, la Sociedad de Historia y Geograf\u00eda de Ays\u00e9n, la Biblioteca Regional de Coyhaique, el Centro Cultural de Coyhaique, el Museo Regional de Ays\u00e9n, la Fundaci\u00f3n Superaci\u00f3n para la Pobreza, el Servicio Nacional de Patrimonio Cultural, el Instituto de Ecolog\u00eda y Biodiversidad (IEB) y personas que desde su arte, conocimiento y experiencia han contribuido para dar vida al Festival de la Ciencia.<\/span><\/p>\n<p><span style=\"font-weight: 400\">\u201cLa ciencia es una forma de entender el mundo que habitamos, y hoy m\u00e1s que nunca es fundamental visibilizar el aporte y trabajo de la comunidad cient\u00edfica en esta b\u00fasqueda, y es as\u00ed como, que desde el equipo hemos trabajado colectivamente para que quienes participen se sorprendan y se apropien de los distintos espacios virtuales para celebrar la curiosidad y reconocer el valor de las ciencias en el territorio\u00a0 y la sociedad\u201d concluye Marisol Barr\u00eda Navarro, Directora del Proyecto Explora Ays\u00e9n.<\/span><\/p>\n<p><span style=\"font-weight: 400\">\u00a1Celebra la curiosidad y s\u00famate a las actividades del Festival de la Ciencia! Ingresa al formulario para conocer las actividades y escoger las que m\u00e1s te gusten:<\/span><\/p>\n<p>&nbsp;<\/p>\n<p style=\"text-align: center\"><a href=\"http:\/\/shorturl.at\/dgjD1\"><span style=\"font-weight: 400\">Formulario de inscripci\u00f3n de actividades<\/span><\/a><\/p>\n<p style=\"text-align: center\"><a href=\"http:\/\/shorturl.at\/jnzZ7\">Revisa el Programa de Actividades<\/a><\/p>\n","protected":false},"excerpt":{"rendered":"<p>El Festival se realizar\u00e1 entre el 20 y el 24 de octubre con actividades virtuales y presenciales para ni\u00f1os, ni\u00f1as, j\u00f3venes y toda la familia, con la intenci\u00f3n de relevar el patrimonio natural y cultural de la regi\u00f3n.<\/p>\n","protected":false},"author":37,"featured_media":38014,"comment_status":"open","ping_status":"open","sticky":false,"template":"","format":"standard","meta":{"_acf_changed":false,"_exactmetrics_skip_tracking":false,"_exactmetrics_sitenote_active":false,"_exactmetrics_sitenote_note":"","_exactmetrics_sitenote_category":0,"footnotes":"","_links_to":"","_links_to_target":""},"categories":[4],"tags":[],"class_list":["post-38013","post","type-post","status-publish","format-standard","has-post-thumbnail","hentry","category-noticias"],"acf":[],"yoast_head":"<!-- This site is optimized with the Yoast SEO plugin v26.7 - https:\/\/yoast.com\/wordpress\/plugins\/seo\/ -->\n<title>En octubre celebramos la curiosidad y el patrimonio: inscr\u00edbete y participa en las actividades del Festival de la Ciencia 2021 - Aysen<\/title>\n<meta name=\"robots\" content=\"index, follow, max-snippet:-1, max-image-preview:large, max-video-preview:-1\" \/>\n<link rel=\"canonical\" href=\"https:\/\/dev.explora.cl\/aysen\/feci2021\/\" class=\"yoast-seo-meta-tag\" \/>\n<meta property=\"og:locale\" content=\"es_ES\" class=\"yoast-seo-meta-tag\" \/>\n<meta property=\"og:type\" content=\"article\" class=\"yoast-seo-meta-tag\" \/>\n<meta property=\"og:title\" content=\"En octubre celebramos la curiosidad y el patrimonio: inscr\u00edbete y participa en las actividades del Festival de la Ciencia 2021 - Aysen\" class=\"yoast-seo-meta-tag\" \/>\n<meta property=\"og:description\" content=\"El Festival se realizar\u00e1 entre el 20 y el 24 de octubre con actividades virtuales y presenciales para ni\u00f1os, ni\u00f1as, j\u00f3venes y toda la familia, con la intenci\u00f3n de relevar el patrimonio natural y cultural de la regi\u00f3n.\" class=\"yoast-seo-meta-tag\" \/>\n<meta property=\"og:url\" content=\"https:\/\/dev.explora.cl\/aysen\/feci2021\/\" class=\"yoast-seo-meta-tag\" \/>\n<meta property=\"og:site_name\" content=\"Aysen\" class=\"yoast-seo-meta-tag\" \/>\n<meta property=\"article:published_time\" content=\"2021-10-06T13:45:09+00:00\" class=\"yoast-seo-meta-tag\" \/>\n<meta property=\"article:modified_time\" content=\"2023-07-28T15:30:11+00:00\" class=\"yoast-seo-meta-tag\" \/>\n<meta property=\"og:image\" content=\"https:\/\/dev.explora.cl\/aysen\/wp-content\/uploads\/sites\/18\/2021\/10\/bannerweb-feci2021.png\" class=\"yoast-seo-meta-tag\" \/>\n\t<meta property=\"og:image:width\" content=\"735\" class=\"yoast-seo-meta-tag\" \/>\n\t<meta property=\"og:image:height\" content=\"470\" class=\"yoast-seo-meta-tag\" \/>\n\t<meta property=\"og:image:type\" content=\"image\/png\" class=\"yoast-seo-meta-tag\" \/>\n<meta name=\"author\" content=\"scisternas\" class=\"yoast-seo-meta-tag\" \/>\n<meta name=\"twitter:card\" content=\"summary_large_image\" class=\"yoast-seo-meta-tag\" \/>\n<meta name=\"twitter:label1\" content=\"Escrito por\" class=\"yoast-seo-meta-tag\" \/>\n\t<meta name=\"twitter:data1\" content=\"scisternas\" class=\"yoast-seo-meta-tag\" \/>\n\t<meta name=\"twitter:label2\" content=\"Tiempo estimado de lectura\" class=\"yoast-seo-meta-tag\" \/>\n\t<meta name=\"twitter:data2\" content=\"3 minutos\" class=\"yoast-seo-meta-tag\" \/>\n<script type=\"application\/ld+json\" class=\"yoast-schema-graph\">{\"@context\":\"https:\/\/schema.org\",\"@graph\":[{\"@type\":\"Article\",\"@id\":\"https:\/\/dev.explora.cl\/aysen\/feci2021\/#article\",\"isPartOf\":{\"@id\":\"https:\/\/dev.explora.cl\/aysen\/feci2021\/\"},\"author\":{\"name\":\"scisternas\",\"@id\":\"https:\/\/dev.explora.cl\/aysen\/#\/schema\/person\/81c802b1e3b443e2575e555b39e60a05\"},\"headline\":\"En octubre celebramos la curiosidad y el patrimonio: inscr\u00edbete y participa en las actividades del Festival de la Ciencia 2021\",\"datePublished\":\"2021-10-06T13:45:09+00:00\",\"dateModified\":\"2023-07-28T15:30:11+00:00\",\"mainEntityOfPage\":{\"@id\":\"https:\/\/dev.explora.cl\/aysen\/feci2021\/\"},\"wordCount\":719,\"commentCount\":0,\"image\":{\"@id\":\"https:\/\/dev.explora.cl\/aysen\/feci2021\/#primaryimage\"},\"thumbnailUrl\":\"https:\/\/dev.explora.cl\/aysen\/wp-content\/uploads\/sites\/18\/2021\/10\/bannerweb-feci2021.png\",\"articleSection\":[\"Noticias\"],\"inLanguage\":\"es-CL\",\"potentialAction\":[{\"@type\":\"CommentAction\",\"name\":\"Comment\",\"target\":[\"https:\/\/dev.explora.cl\/aysen\/feci2021\/#respond\"]}]},{\"@type\":\"WebPage\",\"@id\":\"https:\/\/dev.explora.cl\/aysen\/feci2021\/\",\"url\":\"https:\/\/dev.explora.cl\/aysen\/feci2021\/\",\"name\":\"En octubre celebramos la curiosidad y el patrimonio: inscr\u00edbete y participa en las actividades del Festival de la Ciencia 2021 - Aysen\",\"isPartOf\":{\"@id\":\"https:\/\/dev.explora.cl\/aysen\/#website\"},\"primaryImageOfPage\":{\"@id\":\"https:\/\/dev.explora.cl\/aysen\/feci2021\/#primaryimage\"},\"image\":{\"@id\":\"https:\/\/dev.explora.cl\/aysen\/feci2021\/#primaryimage\"},\"thumbnailUrl\":\"https:\/\/dev.explora.cl\/aysen\/wp-content\/uploads\/sites\/18\/2021\/10\/bannerweb-feci2021.png\",\"datePublished\":\"2021-10-06T13:45:09+00:00\",\"dateModified\":\"2023-07-28T15:30:11+00:00\",\"author\":{\"@id\":\"https:\/\/dev.explora.cl\/aysen\/#\/schema\/person\/81c802b1e3b443e2575e555b39e60a05\"},\"breadcrumb\":{\"@id\":\"https:\/\/dev.explora.cl\/aysen\/feci2021\/#breadcrumb\"},\"inLanguage\":\"es-CL\",\"potentialAction\":[{\"@type\":\"ReadAction\",\"target\":[\"https:\/\/dev.explora.cl\/aysen\/feci2021\/\"]}]},{\"@type\":\"ImageObject\",\"inLanguage\":\"es-CL\",\"@id\":\"https:\/\/dev.explora.cl\/aysen\/feci2021\/#primaryimage\",\"url\":\"https:\/\/dev.explora.cl\/aysen\/wp-content\/uploads\/sites\/18\/2021\/10\/bannerweb-feci2021.png\",\"contentUrl\":\"https:\/\/dev.explora.cl\/aysen\/wp-content\/uploads\/sites\/18\/2021\/10\/bannerweb-feci2021.png\",\"width\":735,\"height\":470},{\"@type\":\"BreadcrumbList\",\"@id\":\"https:\/\/dev.explora.cl\/aysen\/feci2021\/#breadcrumb\",\"itemListElement\":[{\"@type\":\"ListItem\",\"position\":1,\"name\":\"Portada\",\"item\":\"https:\/\/dev.explora.cl\/aysen\/\"},{\"@type\":\"ListItem\",\"position\":2,\"name\":\"En octubre celebramos la curiosidad y el patrimonio: inscr\u00edbete y participa en las actividades del Festival de la Ciencia 2021\"}]},{\"@type\":\"WebSite\",\"@id\":\"https:\/\/dev.explora.cl\/aysen\/#website\",\"url\":\"https:\/\/dev.explora.cl\/aysen\/\",\"name\":\"Aysen\",\"description\":\"Otro sitio m\u00e1s de dev.explora.cl\",\"potentialAction\":[{\"@type\":\"SearchAction\",\"target\":{\"@type\":\"EntryPoint\",\"urlTemplate\":\"https:\/\/dev.explora.cl\/aysen\/?s={search_term_string}\"},\"query-input\":{\"@type\":\"PropertyValueSpecification\",\"valueRequired\":true,\"valueName\":\"search_term_string\"}}],\"inLanguage\":\"es-CL\"},{\"@type\":\"Person\",\"@id\":\"https:\/\/dev.explora.cl\/aysen\/#\/schema\/person\/81c802b1e3b443e2575e555b39e60a05\",\"name\":\"scisternas\",\"image\":{\"@type\":\"ImageObject\",\"inLanguage\":\"es-CL\",\"@id\":\"https:\/\/dev.explora.cl\/aysen\/#\/schema\/person\/image\/\",\"url\":\"https:\/\/secure.gravatar.com\/avatar\/611c8f1946b775bdf01b0521c85a9381c3ad08d928d8ead34ce577b0fa231c76?s=96&d=mm&r=g\",\"contentUrl\":\"https:\/\/secure.gravatar.com\/avatar\/611c8f1946b775bdf01b0521c85a9381c3ad08d928d8ead34ce577b0fa231c76?s=96&d=mm&r=g\",\"caption\":\"scisternas\"},\"url\":\"https:\/\/dev.explora.cl\/aysen\/author\/scisternas\/\"}]}<\/script>\n<!-- \/ Yoast SEO plugin. -->","yoast_head_json":{"title":"En octubre celebramos la curiosidad y el patrimonio: inscr\u00edbete y participa en las actividades del Festival de la Ciencia 2021 - Aysen","robots":{"index":"index","follow":"follow","max-snippet":"max-snippet:-1","max-image-preview":"max-image-preview:large","max-video-preview":"max-video-preview:-1"},"canonical":"https:\/\/dev.explora.cl\/aysen\/feci2021\/","og_locale":"es_ES","og_type":"article","og_title":"En octubre celebramos la curiosidad y el patrimonio: inscr\u00edbete y participa en las actividades del Festival de la Ciencia 2021 - Aysen","og_description":"El Festival se realizar\u00e1 entre el 20 y el 24 de octubre con actividades virtuales y presenciales para ni\u00f1os, ni\u00f1as, j\u00f3venes y toda la familia, con la intenci\u00f3n de relevar el patrimonio natural y cultural de la regi\u00f3n.","og_url":"https:\/\/dev.explora.cl\/aysen\/feci2021\/","og_site_name":"Aysen","article_published_time":"2021-10-06T13:45:09+00:00","article_modified_time":"2023-07-28T15:30:11+00:00","og_image":[{"width":735,"height":470,"url":"https:\/\/dev.explora.cl\/aysen\/wp-content\/uploads\/sites\/18\/2021\/10\/bannerweb-feci2021.png","type":"image\/png"}],"author":"scisternas","twitter_card":"summary_large_image","twitter_misc":{"Escrito por":"scisternas","Tiempo estimado de lectura":"3 minutos"},"schema":{"@context":"https:\/\/schema.org","@graph":[{"@type":"Article","@id":"https:\/\/dev.explora.cl\/aysen\/feci2021\/#article","isPartOf":{"@id":"https:\/\/dev.explora.cl\/aysen\/feci2021\/"},"author":{"name":"scisternas","@id":"https:\/\/dev.explora.cl\/aysen\/#\/schema\/person\/81c802b1e3b443e2575e555b39e60a05"},"headline":"En octubre celebramos la curiosidad y el patrimonio: inscr\u00edbete y participa en las actividades del Festival de la Ciencia 2021","datePublished":"2021-10-06T13:45:09+00:00","dateModified":"2023-07-28T15:30:11+00:00","mainEntityOfPage":{"@id":"https:\/\/dev.explora.cl\/aysen\/feci2021\/"},"wordCount":719,"commentCount":0,"image":{"@id":"https:\/\/dev.explora.cl\/aysen\/feci2021\/#primaryimage"},"thumbnailUrl":"https:\/\/dev.explora.cl\/aysen\/wp-content\/uploads\/sites\/18\/2021\/10\/bannerweb-feci2021.png","articleSection":["Noticias"],"inLanguage":"es-CL","potentialAction":[{"@type":"CommentAction","name":"Comment","target":["https:\/\/dev.explora.cl\/aysen\/feci2021\/#respond"]}]},{"@type":"WebPage","@id":"https:\/\/dev.explora.cl\/aysen\/feci2021\/","url":"https:\/\/dev.explora.cl\/aysen\/feci2021\/","name":"En octubre celebramos la curiosidad y el patrimonio: inscr\u00edbete y participa en las actividades del Festival de la Ciencia 2021 - Aysen","isPartOf":{"@id":"https:\/\/dev.explora.cl\/aysen\/#website"},"primaryImageOfPage":{"@id":"https:\/\/dev.explora.cl\/aysen\/feci2021\/#primaryimage"},"image":{"@id":"https:\/\/dev.explora.cl\/aysen\/feci2021\/#primaryimage"},"thumbnailUrl":"https:\/\/dev.explora.cl\/aysen\/wp-content\/uploads\/sites\/18\/2021\/10\/bannerweb-feci2021.png","datePublished":"2021-10-06T13:45:09+00:00","dateModified":"2023-07-28T15:30:11+00:00","author":{"@id":"https:\/\/dev.explora.cl\/aysen\/#\/schema\/person\/81c802b1e3b443e2575e555b39e60a05"},"breadcrumb":{"@id":"https:\/\/dev.explora.cl\/aysen\/feci2021\/#breadcrumb"},"inLanguage":"es-CL","potentialAction":[{"@type":"ReadAction","target":["https:\/\/dev.explora.cl\/aysen\/feci2021\/"]}]},{"@type":"ImageObject","inLanguage":"es-CL","@id":"https:\/\/dev.explora.cl\/aysen\/feci2021\/#primaryimage","url":"https:\/\/dev.explora.cl\/aysen\/wp-content\/uploads\/sites\/18\/2021\/10\/bannerweb-feci2021.png","contentUrl":"https:\/\/dev.explora.cl\/aysen\/wp-content\/uploads\/sites\/18\/2021\/10\/bannerweb-feci2021.png","width":735,"height":470},{"@type":"BreadcrumbList","@id":"https:\/\/dev.explora.cl\/aysen\/feci2021\/#breadcrumb","itemListElement":[{"@type":"ListItem","position":1,"name":"Portada","item":"https:\/\/dev.explora.cl\/aysen\/"},{"@type":"ListItem","position":2,"name":"En octubre celebramos la curiosidad y el patrimonio: inscr\u00edbete y participa en las actividades del Festival de la Ciencia 2021"}]},{"@type":"WebSite","@id":"https:\/\/dev.explora.cl\/aysen\/#website","url":"https:\/\/dev.explora.cl\/aysen\/","name":"Aysen","description":"Otro sitio m\u00e1s de dev.explora.cl","potentialAction":[{"@type":"SearchAction","target":{"@type":"EntryPoint","urlTemplate":"https:\/\/dev.explora.cl\/aysen\/?s={search_term_string}"},"query-input":{"@type":"PropertyValueSpecification","valueRequired":true,"valueName":"search_term_string"}}],"inLanguage":"es-CL"},{"@type":"Person","@id":"https:\/\/dev.explora.cl\/aysen\/#\/schema\/person\/81c802b1e3b443e2575e555b39e60a05","name":"scisternas","image":{"@type":"ImageObject","inLanguage":"es-CL","@id":"https:\/\/dev.explora.cl\/aysen\/#\/schema\/person\/image\/","url":"https:\/\/secure.gravatar.com\/avatar\/611c8f1946b775bdf01b0521c85a9381c3ad08d928d8ead34ce577b0fa231c76?s=96&d=mm&r=g","contentUrl":"https:\/\/secure.gravatar.com\/avatar\/611c8f1946b775bdf01b0521c85a9381c3ad08d928d8ead34ce577b0fa231c76?s=96&d=mm&r=g","caption":"scisternas"},"url":"https:\/\/dev.explora.cl\/aysen\/author\/scisternas\/"}]}},"_links":{"self":[{"href":"https:\/\/dev.explora.cl\/aysen\/wp-json\/wp\/v2\/posts\/38013","targetHints":{"allow":["GET"]}}],"collection":[{"href":"https:\/\/dev.explora.cl\/aysen\/wp-json\/wp\/v2\/posts"}],"about":[{"href":"https:\/\/dev.explora.cl\/aysen\/wp-json\/wp\/v2\/types\/post"}],"author":[{"embeddable":true,"href":"https:\/\/dev.explora.cl\/aysen\/wp-json\/wp\/v2\/users\/37"}],"replies":[{"embeddable":true,"href":"https:\/\/dev.explora.cl\/aysen\/wp-json\/wp\/v2\/comments?post=38013"}],"version-history":[{"count":6,"href":"https:\/\/dev.explora.cl\/aysen\/wp-json\/wp\/v2\/posts\/38013\/revisions"}],"predecessor-version":[{"id":38021,"href":"https:\/\/dev.explora.cl\/aysen\/wp-json\/wp\/v2\/posts\/38013\/revisions\/38021"}],"wp:featuredmedia":[{"embeddable":true,"href":"https:\/\/dev.explora.cl\/aysen\/wp-json\/wp\/v2\/media\/38014"}],"wp:attachment":[{"href":"https:\/\/dev.explora.cl\/aysen\/wp-json\/wp\/v2\/media?parent=38013"}],"wp:term":[{"taxonomy":"category","embeddable":true,"href":"https:\/\/dev.explora.cl\/aysen\/wp-json\/wp\/v2\/categories?post=38013"},{"taxonomy":"post_tag","embeddable":true,"href":"https:\/\/dev.explora.cl\/aysen\/wp-json\/wp\/v2\/tags?post=38013"}],"curies":[{"name":"wp","href":"https:\/\/api.w.org\/{rel}","templated":true}]}}