{"id":37987,"date":"2021-09-08T10:54:01","date_gmt":"2021-09-08T13:54:01","guid":{"rendered":"https:\/\/dev.explora.cl\/aysen\/?p=37987"},"modified":"2023-10-11T10:48:52","modified_gmt":"2023-10-11T13:48:52","slug":"charlamicrobiologia","status":"publish","type":"post","link":"https:\/\/dev.explora.cl\/aysen\/charlamicrobiologia\/","title":{"rendered":"Ciencia Abierta de Explora Ays\u00e9n invita conocer sobre fractales en bacterias a trav\u00e9s de la microscop\u00eda y prote\u00ednas fluorescentes"},"content":{"rendered":"<p><em>El pr\u00f3ximo 14 de septiembre a las 18 horas se realizar\u00e1 la transmisi\u00f3n de la presentaci\u00f3n del Dr. en Ciencias Biol\u00f3gicas e Investigador del Instituto Milenio de Biolog\u00eda Integrativa (iBio) Fern\u00e1n Federici.<\/em><\/p>\n<p>\u00bfQu\u00e9 son los fractales? \u00bfPara qu\u00e9 se utiliza la microscop\u00eda? y \u00bfc\u00f3mo se obtienen prote\u00ednas fluorescentes y c\u00f3mo se pueden utilizar para el estudio de patrones fractales en bacterias? Son algunas de las preguntas que responder\u00e1 el Dr. Fern\u00e1n Federici, acad\u00e9mico de la Pontificia Universidad Cat\u00f3lica de Chile, en la charla \u201cFractales, microscop\u00eda y prote\u00ednas fluorescentes: un estudio de la auto-organizaci\u00f3n espacial en bacterias\u201d de Ciencia Abierta.<\/p>\n<p>Ciencia Abierta del Programa Explora es una iniciativa implementada por el Proyecto Explora Ays\u00e9n del Ministerio de Ciencia, ejecutado en la regi\u00f3n por el Campus Patagonia UACh, que busca generar espacios de interacci\u00f3n entre personas expertas de distintos \u00e1mbitos con distintos p\u00fablicos, algo en plena sinton\u00eda con lo que el Dr. Fern\u00e1n Federici siempre ha impulsado: la ciencia abierta y el c\u00f3digo abierto.<\/p>\n<p>En relaci\u00f3n a estos objetivos el acad\u00e9mico e investigador se adhiere al <a href=\"https:\/\/gitlab.com\/declaraciondepanama\/declaracion-de-panama\/-\/commit\/2a6cb1120832bd5ce255242227e47da529912717#note_119896761\">movimiento latinoamericano por la democratizaci\u00f3n de la ciencia<\/a> que\u00a0 \u201cbusca reivindicar el derecho leg\u00edtimo de los ciudadanos a producir y beneficiarse de la ciencia, la tecnolog\u00eda y la innovaci\u00f3n\u201d.<\/p>\n<p>En su charla, el Dr. Federici compartir\u00e1 parte de sus hallazgos de un proyecto Fondecyt Regular de Anid, espec\u00edficamente\u00a0 sobre c\u00f3mo obtener patrones espaciales tipo fractal en colonias bacterianas y c\u00f3mo fabricar microscopios de bajo costo para estudiarlos. Si te gusta la microfotograf\u00eda, las ciencias de la vida y los patrones, no puedes perderte esta conversaci\u00f3n.<\/p>\n<p>\u201cEn esta\u00a0 charla del Dr. Fern\u00e1n Federici, dirigida principalmente a ni\u00f1as, ni\u00f1os, j\u00f3venes y sus familias, podremos conocer m\u00e1s acerca del sorprendente mundo de la microbiolog\u00eda, donde podemos encontrar patrones, como los fractales, que se repiten infinitamente o prote\u00ednas fluorescentes que son esenciales para la ciencia\u201d, a\u00f1ade Celeste Skewes, encargada de la implementaci\u00f3n de Ciencia Abierta en la regi\u00f3n.<\/p>\n<p>Esta charla es co-organizada por el Programa AportaCiencias, una iniciativa que acompa\u00f1a a ni\u00f1as y ni\u00f1os en sus curiosidades cient\u00edficas desde una mirada socioterritorial, impulsada desde el Campus Patagonia de la Universidad Austral de Chile y financiado por el Fondo de Innovaci\u00f3n para la competitividad del Gobierno Regional de Ays\u00e9n.<\/p>\n<p>Inscr\u00edbete aqu\u00ed: <a href=\"http:\/\/shorturl.at\/fgGL6?fbclid=IwAR3oBrvbbsWunsQ9V4XaIKd1IApS9VEgEY-d2i4EIbmo1VTbrqMDha2ayQk\">shorturl.at\/fgGL<\/a><\/p>\n","protected":false},"excerpt":{"rendered":"<p>El pr\u00f3ximo 14 de septiembre a las 18 horas se realizar\u00e1 la transmisi\u00f3n de la presentaci\u00f3n del Dr. en Ciencias Biol\u00f3gicas e Investigador del Instituto Milenio de Biolog\u00eda Integrativa (iBio) Fern\u00e1n Federici.<\/p>\n","protected":false},"author":37,"featured_media":37991,"comment_status":"open","ping_status":"open","sticky":false,"template":"","format":"standard","meta":{"_acf_changed":false,"_exactmetrics_skip_tracking":false,"_exactmetrics_sitenote_active":false,"_exactmetrics_sitenote_note":"","_exactmetrics_sitenote_category":0,"footnotes":"","_links_to":"","_links_to_target":""},"categories":[4,126],"tags":[],"class_list":["post-37987","post","type-post","status-publish","format-standard","has-post-thumbnail","hentry","category-noticias","category-para-publico-general"],"acf":[],"yoast_head":"<!-- This site is optimized with the Yoast SEO plugin v26.7 - https:\/\/yoast.com\/wordpress\/plugins\/seo\/ -->\n<title>Ciencia Abierta de Explora Ays\u00e9n invita conocer sobre fractales en bacterias a trav\u00e9s de la microscop\u00eda y prote\u00ednas fluorescentes - Aysen<\/title>\n<meta name=\"robots\" content=\"index, follow, max-snippet:-1, max-image-preview:large, max-video-preview:-1\" \/>\n<link rel=\"canonical\" href=\"https:\/\/dev.explora.cl\/aysen\/charlamicrobiologia\/\" class=\"yoast-seo-meta-tag\" \/>\n<meta property=\"og:locale\" content=\"es_ES\" class=\"yoast-seo-meta-tag\" \/>\n<meta property=\"og:type\" content=\"article\" class=\"yoast-seo-meta-tag\" \/>\n<meta property=\"og:title\" content=\"Ciencia Abierta de Explora Ays\u00e9n invita conocer sobre fractales en bacterias a trav\u00e9s de la microscop\u00eda y prote\u00ednas fluorescentes - Aysen\" class=\"yoast-seo-meta-tag\" \/>\n<meta property=\"og:description\" content=\"El pr\u00f3ximo 14 de septiembre a las 18 horas se realizar\u00e1 la transmisi\u00f3n de la presentaci\u00f3n del Dr. en Ciencias Biol\u00f3gicas e Investigador del Instituto Milenio de Biolog\u00eda Integrativa (iBio) Fern\u00e1n Federici.\" class=\"yoast-seo-meta-tag\" \/>\n<meta property=\"og:url\" content=\"https:\/\/dev.explora.cl\/aysen\/charlamicrobiologia\/\" class=\"yoast-seo-meta-tag\" \/>\n<meta property=\"og:site_name\" content=\"Aysen\" class=\"yoast-seo-meta-tag\" \/>\n<meta property=\"article:published_time\" content=\"2021-09-08T13:54:01+00:00\" class=\"yoast-seo-meta-tag\" \/>\n<meta property=\"article:modified_time\" content=\"2023-10-11T13:48:52+00:00\" class=\"yoast-seo-meta-tag\" \/>\n<meta property=\"og:image\" content=\"https:\/\/dev.explora.cl\/aysen\/wp-content\/uploads\/sites\/18\/2021\/09\/charlafractales-1.png\" class=\"yoast-seo-meta-tag\" \/>\n\t<meta property=\"og:image:width\" content=\"735\" class=\"yoast-seo-meta-tag\" \/>\n\t<meta property=\"og:image:height\" content=\"470\" class=\"yoast-seo-meta-tag\" \/>\n\t<meta property=\"og:image:type\" content=\"image\/png\" class=\"yoast-seo-meta-tag\" \/>\n<meta name=\"author\" content=\"scisternas\" class=\"yoast-seo-meta-tag\" \/>\n<meta name=\"twitter:card\" content=\"summary_large_image\" class=\"yoast-seo-meta-tag\" \/>\n<meta name=\"twitter:label1\" content=\"Escrito por\" class=\"yoast-seo-meta-tag\" \/>\n\t<meta name=\"twitter:data1\" content=\"scisternas\" class=\"yoast-seo-meta-tag\" \/>\n\t<meta name=\"twitter:label2\" content=\"Tiempo estimado de lectura\" class=\"yoast-seo-meta-tag\" \/>\n\t<meta name=\"twitter:data2\" content=\"2 minutos\" class=\"yoast-seo-meta-tag\" \/>\n<script type=\"application\/ld+json\" class=\"yoast-schema-graph\">{\"@context\":\"https:\/\/schema.org\",\"@graph\":[{\"@type\":\"Article\",\"@id\":\"https:\/\/dev.explora.cl\/aysen\/charlamicrobiologia\/#article\",\"isPartOf\":{\"@id\":\"https:\/\/dev.explora.cl\/aysen\/charlamicrobiologia\/\"},\"author\":{\"name\":\"scisternas\",\"@id\":\"https:\/\/dev.explora.cl\/aysen\/#\/schema\/person\/81c802b1e3b443e2575e555b39e60a05\"},\"headline\":\"Ciencia Abierta de Explora Ays\u00e9n invita conocer sobre fractales en bacterias a trav\u00e9s de la microscop\u00eda y prote\u00ednas fluorescentes\",\"datePublished\":\"2021-09-08T13:54:01+00:00\",\"dateModified\":\"2023-10-11T13:48:52+00:00\",\"mainEntityOfPage\":{\"@id\":\"https:\/\/dev.explora.cl\/aysen\/charlamicrobiologia\/\"},\"wordCount\":445,\"commentCount\":0,\"image\":{\"@id\":\"https:\/\/dev.explora.cl\/aysen\/charlamicrobiologia\/#primaryimage\"},\"thumbnailUrl\":\"https:\/\/dev.explora.cl\/aysen\/wp-content\/uploads\/sites\/18\/2021\/09\/charlafractales-1.png\",\"articleSection\":[\"Noticias\",\"Para P\u00fablico General\"],\"inLanguage\":\"es-CL\",\"potentialAction\":[{\"@type\":\"CommentAction\",\"name\":\"Comment\",\"target\":[\"https:\/\/dev.explora.cl\/aysen\/charlamicrobiologia\/#respond\"]}]},{\"@type\":\"WebPage\",\"@id\":\"https:\/\/dev.explora.cl\/aysen\/charlamicrobiologia\/\",\"url\":\"https:\/\/dev.explora.cl\/aysen\/charlamicrobiologia\/\",\"name\":\"Ciencia Abierta de Explora Ays\u00e9n invita conocer sobre fractales en bacterias a trav\u00e9s de la microscop\u00eda y prote\u00ednas fluorescentes - Aysen\",\"isPartOf\":{\"@id\":\"https:\/\/dev.explora.cl\/aysen\/#website\"},\"primaryImageOfPage\":{\"@id\":\"https:\/\/dev.explora.cl\/aysen\/charlamicrobiologia\/#primaryimage\"},\"image\":{\"@id\":\"https:\/\/dev.explora.cl\/aysen\/charlamicrobiologia\/#primaryimage\"},\"thumbnailUrl\":\"https:\/\/dev.explora.cl\/aysen\/wp-content\/uploads\/sites\/18\/2021\/09\/charlafractales-1.png\",\"datePublished\":\"2021-09-08T13:54:01+00:00\",\"dateModified\":\"2023-10-11T13:48:52+00:00\",\"author\":{\"@id\":\"https:\/\/dev.explora.cl\/aysen\/#\/schema\/person\/81c802b1e3b443e2575e555b39e60a05\"},\"breadcrumb\":{\"@id\":\"https:\/\/dev.explora.cl\/aysen\/charlamicrobiologia\/#breadcrumb\"},\"inLanguage\":\"es-CL\",\"potentialAction\":[{\"@type\":\"ReadAction\",\"target\":[\"https:\/\/dev.explora.cl\/aysen\/charlamicrobiologia\/\"]}]},{\"@type\":\"ImageObject\",\"inLanguage\":\"es-CL\",\"@id\":\"https:\/\/dev.explora.cl\/aysen\/charlamicrobiologia\/#primaryimage\",\"url\":\"https:\/\/dev.explora.cl\/aysen\/wp-content\/uploads\/sites\/18\/2021\/09\/charlafractales-1.png\",\"contentUrl\":\"https:\/\/dev.explora.cl\/aysen\/wp-content\/uploads\/sites\/18\/2021\/09\/charlafractales-1.png\",\"width\":735,\"height\":470},{\"@type\":\"BreadcrumbList\",\"@id\":\"https:\/\/dev.explora.cl\/aysen\/charlamicrobiologia\/#breadcrumb\",\"itemListElement\":[{\"@type\":\"ListItem\",\"position\":1,\"name\":\"Portada\",\"item\":\"https:\/\/dev.explora.cl\/aysen\/\"},{\"@type\":\"ListItem\",\"position\":2,\"name\":\"Ciencia Abierta de Explora Ays\u00e9n invita conocer sobre fractales en bacterias a trav\u00e9s de la microscop\u00eda y prote\u00ednas fluorescentes\"}]},{\"@type\":\"WebSite\",\"@id\":\"https:\/\/dev.explora.cl\/aysen\/#website\",\"url\":\"https:\/\/dev.explora.cl\/aysen\/\",\"name\":\"Aysen\",\"description\":\"Otro sitio m\u00e1s de dev.explora.cl\",\"potentialAction\":[{\"@type\":\"SearchAction\",\"target\":{\"@type\":\"EntryPoint\",\"urlTemplate\":\"https:\/\/dev.explora.cl\/aysen\/?s={search_term_string}\"},\"query-input\":{\"@type\":\"PropertyValueSpecification\",\"valueRequired\":true,\"valueName\":\"search_term_string\"}}],\"inLanguage\":\"es-CL\"},{\"@type\":\"Person\",\"@id\":\"https:\/\/dev.explora.cl\/aysen\/#\/schema\/person\/81c802b1e3b443e2575e555b39e60a05\",\"name\":\"scisternas\",\"image\":{\"@type\":\"ImageObject\",\"inLanguage\":\"es-CL\",\"@id\":\"https:\/\/dev.explora.cl\/aysen\/#\/schema\/person\/image\/\",\"url\":\"https:\/\/secure.gravatar.com\/avatar\/611c8f1946b775bdf01b0521c85a9381c3ad08d928d8ead34ce577b0fa231c76?s=96&d=mm&r=g\",\"contentUrl\":\"https:\/\/secure.gravatar.com\/avatar\/611c8f1946b775bdf01b0521c85a9381c3ad08d928d8ead34ce577b0fa231c76?s=96&d=mm&r=g\",\"caption\":\"scisternas\"},\"url\":\"https:\/\/dev.explora.cl\/aysen\/author\/scisternas\/\"}]}<\/script>\n<!-- \/ Yoast SEO plugin. -->","yoast_head_json":{"title":"Ciencia Abierta de Explora Ays\u00e9n invita conocer sobre fractales en bacterias a trav\u00e9s de la microscop\u00eda y prote\u00ednas fluorescentes - Aysen","robots":{"index":"index","follow":"follow","max-snippet":"max-snippet:-1","max-image-preview":"max-image-preview:large","max-video-preview":"max-video-preview:-1"},"canonical":"https:\/\/dev.explora.cl\/aysen\/charlamicrobiologia\/","og_locale":"es_ES","og_type":"article","og_title":"Ciencia Abierta de Explora Ays\u00e9n invita conocer sobre fractales en bacterias a trav\u00e9s de la microscop\u00eda y prote\u00ednas fluorescentes - Aysen","og_description":"El pr\u00f3ximo 14 de septiembre a las 18 horas se realizar\u00e1 la transmisi\u00f3n de la presentaci\u00f3n del Dr. en Ciencias Biol\u00f3gicas e Investigador del Instituto Milenio de Biolog\u00eda Integrativa (iBio) Fern\u00e1n Federici.","og_url":"https:\/\/dev.explora.cl\/aysen\/charlamicrobiologia\/","og_site_name":"Aysen","article_published_time":"2021-09-08T13:54:01+00:00","article_modified_time":"2023-10-11T13:48:52+00:00","og_image":[{"width":735,"height":470,"url":"https:\/\/dev.explora.cl\/aysen\/wp-content\/uploads\/sites\/18\/2021\/09\/charlafractales-1.png","type":"image\/png"}],"author":"scisternas","twitter_card":"summary_large_image","twitter_misc":{"Escrito por":"scisternas","Tiempo estimado de lectura":"2 minutos"},"schema":{"@context":"https:\/\/schema.org","@graph":[{"@type":"Article","@id":"https:\/\/dev.explora.cl\/aysen\/charlamicrobiologia\/#article","isPartOf":{"@id":"https:\/\/dev.explora.cl\/aysen\/charlamicrobiologia\/"},"author":{"name":"scisternas","@id":"https:\/\/dev.explora.cl\/aysen\/#\/schema\/person\/81c802b1e3b443e2575e555b39e60a05"},"headline":"Ciencia Abierta de Explora Ays\u00e9n invita conocer sobre fractales en bacterias a trav\u00e9s de la microscop\u00eda y prote\u00ednas fluorescentes","datePublished":"2021-09-08T13:54:01+00:00","dateModified":"2023-10-11T13:48:52+00:00","mainEntityOfPage":{"@id":"https:\/\/dev.explora.cl\/aysen\/charlamicrobiologia\/"},"wordCount":445,"commentCount":0,"image":{"@id":"https:\/\/dev.explora.cl\/aysen\/charlamicrobiologia\/#primaryimage"},"thumbnailUrl":"https:\/\/dev.explora.cl\/aysen\/wp-content\/uploads\/sites\/18\/2021\/09\/charlafractales-1.png","articleSection":["Noticias","Para P\u00fablico General"],"inLanguage":"es-CL","potentialAction":[{"@type":"CommentAction","name":"Comment","target":["https:\/\/dev.explora.cl\/aysen\/charlamicrobiologia\/#respond"]}]},{"@type":"WebPage","@id":"https:\/\/dev.explora.cl\/aysen\/charlamicrobiologia\/","url":"https:\/\/dev.explora.cl\/aysen\/charlamicrobiologia\/","name":"Ciencia Abierta de Explora Ays\u00e9n invita conocer sobre fractales en bacterias a trav\u00e9s de la microscop\u00eda y prote\u00ednas fluorescentes - Aysen","isPartOf":{"@id":"https:\/\/dev.explora.cl\/aysen\/#website"},"primaryImageOfPage":{"@id":"https:\/\/dev.explora.cl\/aysen\/charlamicrobiologia\/#primaryimage"},"image":{"@id":"https:\/\/dev.explora.cl\/aysen\/charlamicrobiologia\/#primaryimage"},"thumbnailUrl":"https:\/\/dev.explora.cl\/aysen\/wp-content\/uploads\/sites\/18\/2021\/09\/charlafractales-1.png","datePublished":"2021-09-08T13:54:01+00:00","dateModified":"2023-10-11T13:48:52+00:00","author":{"@id":"https:\/\/dev.explora.cl\/aysen\/#\/schema\/person\/81c802b1e3b443e2575e555b39e60a05"},"breadcrumb":{"@id":"https:\/\/dev.explora.cl\/aysen\/charlamicrobiologia\/#breadcrumb"},"inLanguage":"es-CL","potentialAction":[{"@type":"ReadAction","target":["https:\/\/dev.explora.cl\/aysen\/charlamicrobiologia\/"]}]},{"@type":"ImageObject","inLanguage":"es-CL","@id":"https:\/\/dev.explora.cl\/aysen\/charlamicrobiologia\/#primaryimage","url":"https:\/\/dev.explora.cl\/aysen\/wp-content\/uploads\/sites\/18\/2021\/09\/charlafractales-1.png","contentUrl":"https:\/\/dev.explora.cl\/aysen\/wp-content\/uploads\/sites\/18\/2021\/09\/charlafractales-1.png","width":735,"height":470},{"@type":"BreadcrumbList","@id":"https:\/\/dev.explora.cl\/aysen\/charlamicrobiologia\/#breadcrumb","itemListElement":[{"@type":"ListItem","position":1,"name":"Portada","item":"https:\/\/dev.explora.cl\/aysen\/"},{"@type":"ListItem","position":2,"name":"Ciencia Abierta de Explora Ays\u00e9n invita conocer sobre fractales en bacterias a trav\u00e9s de la microscop\u00eda y prote\u00ednas fluorescentes"}]},{"@type":"WebSite","@id":"https:\/\/dev.explora.cl\/aysen\/#website","url":"https:\/\/dev.explora.cl\/aysen\/","name":"Aysen","description":"Otro sitio m\u00e1s de dev.explora.cl","potentialAction":[{"@type":"SearchAction","target":{"@type":"EntryPoint","urlTemplate":"https:\/\/dev.explora.cl\/aysen\/?s={search_term_string}"},"query-input":{"@type":"PropertyValueSpecification","valueRequired":true,"valueName":"search_term_string"}}],"inLanguage":"es-CL"},{"@type":"Person","@id":"https:\/\/dev.explora.cl\/aysen\/#\/schema\/person\/81c802b1e3b443e2575e555b39e60a05","name":"scisternas","image":{"@type":"ImageObject","inLanguage":"es-CL","@id":"https:\/\/dev.explora.cl\/aysen\/#\/schema\/person\/image\/","url":"https:\/\/secure.gravatar.com\/avatar\/611c8f1946b775bdf01b0521c85a9381c3ad08d928d8ead34ce577b0fa231c76?s=96&d=mm&r=g","contentUrl":"https:\/\/secure.gravatar.com\/avatar\/611c8f1946b775bdf01b0521c85a9381c3ad08d928d8ead34ce577b0fa231c76?s=96&d=mm&r=g","caption":"scisternas"},"url":"https:\/\/dev.explora.cl\/aysen\/author\/scisternas\/"}]}},"_links":{"self":[{"href":"https:\/\/dev.explora.cl\/aysen\/wp-json\/wp\/v2\/posts\/37987","targetHints":{"allow":["GET"]}}],"collection":[{"href":"https:\/\/dev.explora.cl\/aysen\/wp-json\/wp\/v2\/posts"}],"about":[{"href":"https:\/\/dev.explora.cl\/aysen\/wp-json\/wp\/v2\/types\/post"}],"author":[{"embeddable":true,"href":"https:\/\/dev.explora.cl\/aysen\/wp-json\/wp\/v2\/users\/37"}],"replies":[{"embeddable":true,"href":"https:\/\/dev.explora.cl\/aysen\/wp-json\/wp\/v2\/comments?post=37987"}],"version-history":[{"count":2,"href":"https:\/\/dev.explora.cl\/aysen\/wp-json\/wp\/v2\/posts\/37987\/revisions"}],"predecessor-version":[{"id":37990,"href":"https:\/\/dev.explora.cl\/aysen\/wp-json\/wp\/v2\/posts\/37987\/revisions\/37990"}],"wp:featuredmedia":[{"embeddable":true,"href":"https:\/\/dev.explora.cl\/aysen\/wp-json\/wp\/v2\/media\/37991"}],"wp:attachment":[{"href":"https:\/\/dev.explora.cl\/aysen\/wp-json\/wp\/v2\/media?parent=37987"}],"wp:term":[{"taxonomy":"category","embeddable":true,"href":"https:\/\/dev.explora.cl\/aysen\/wp-json\/wp\/v2\/categories?post=37987"},{"taxonomy":"post_tag","embeddable":true,"href":"https:\/\/dev.explora.cl\/aysen\/wp-json\/wp\/v2\/tags?post=37987"}],"curies":[{"name":"wp","href":"https:\/\/api.w.org\/{rel}","templated":true}]}}