{"id":37978,"date":"2021-09-02T12:27:52","date_gmt":"2021-09-02T16:27:52","guid":{"rendered":"https:\/\/dev.explora.cl\/aysen\/?p=37978"},"modified":"2023-07-28T11:03:04","modified_gmt":"2023-07-28T15:03:04","slug":"estudiantes-de-turismo-de-aysen-exploran-el-microbosque-como-alternativa-turistica-sustentable-en-la-region","status":"publish","type":"post","link":"https:\/\/dev.explora.cl\/aysen\/estudiantes-de-turismo-de-aysen-exploran-el-microbosque-como-alternativa-turistica-sustentable-en-la-region\/","title":{"rendered":"Estudiantes de Turismo de Ays\u00e9n exploran el microbosque como alternativa tur\u00edstica sustentable en la regi\u00f3n"},"content":{"rendered":"<p><em>En el marco del Curso de Formaci\u00f3n Inicial en Ecoturismo con Lupa ofrecido por el proyecto Bosque con Lupa, estudiantes de carreras afines al turismo pudieron vivir la experiencia del Ecoturismo con lupa en dos \u00c1reas Silvestres Protegidas de la regi\u00f3n.<\/em><\/p>\n<p>En los bosques de Ays\u00e9n coexisten peque\u00f1os organismos que conforman el microbosque. Estos fueron observados por estudiantes de la regi\u00f3n pertenecientes a carreras asociadas al turismo, como parte del Curso de Formaci\u00f3n Inicial en Ecoturismo con Lupa realizado por Bosque con Lupa, una iniciativa del Proyecto Ecoturismo con Lupa en \u00c1reas Silvestres Protegidas de Ays\u00e9n, financiado por el Fondo de Innovaci\u00f3n para la Competitividad del Gobierno Regional de Ays\u00e9n y ejecutado por el Campus Patagonia de la Universidad Austral de Chile.<\/p>\n<p>La Reserva Nacional R\u00edo Simpson y Monumento Natural Dos Lagunas fueron los lugares escogidos para realizar la parte pr\u00e1ctica del curso que busca relevar el conocimiento, exploraci\u00f3n y conservaci\u00f3n del microbosque, adem\u00e1s de entregar herramientas que permitan dise\u00f1ar un producto tur\u00edstico asociado a esta tem\u00e1tica, buscando as\u00ed diversificar la oferta de turismo de intereses especiales en la Regi\u00f3n de Ays\u00e9n.<\/p>\n<p><img loading=\"lazy\" decoding=\"async\" class=\"wp-image-37980 alignright\" src=\"https:\/\/dev.explora.cl\/aysen\/wp-content\/uploads\/sites\/18\/2021\/09\/Curso-de-Formacio\u0301n-Inicial-en-Ecoturismo-con-Lupa-para-Universitarios-de-Ayse\u0301n3-2-e1630594333834.jpg\" alt=\"\" width=\"197\" height=\"296\" srcset=\"https:\/\/dev.explora.cl\/aysen\/wp-content\/uploads\/sites\/18\/2021\/09\/Curso-de-Formacio\u0301n-Inicial-en-Ecoturismo-con-Lupa-para-Universitarios-de-Ayse\u0301n3-2-e1630594333834.jpg 3456w, https:\/\/dev.explora.cl\/aysen\/wp-content\/uploads\/sites\/18\/2021\/09\/Curso-de-Formacio\u0301n-Inicial-en-Ecoturismo-con-Lupa-para-Universitarios-de-Ayse\u0301n3-2-e1630594333834-200x300.jpg 200w, https:\/\/dev.explora.cl\/aysen\/wp-content\/uploads\/sites\/18\/2021\/09\/Curso-de-Formacio\u0301n-Inicial-en-Ecoturismo-con-Lupa-para-Universitarios-de-Ayse\u0301n3-2-e1630594333834-768x1152.jpg 768w, https:\/\/dev.explora.cl\/aysen\/wp-content\/uploads\/sites\/18\/2021\/09\/Curso-de-Formacio\u0301n-Inicial-en-Ecoturismo-con-Lupa-para-Universitarios-de-Ayse\u0301n3-2-e1630594333834-683x1024.jpg 683w, https:\/\/dev.explora.cl\/aysen\/wp-content\/uploads\/sites\/18\/2021\/09\/Curso-de-Formacio\u0301n-Inicial-en-Ecoturismo-con-Lupa-para-Universitarios-de-Ayse\u0301n3-2-e1630594333834-320x480.jpg 320w\" sizes=\"auto, (max-width: 197px) 100vw, 197px\" \/><\/p>\n<p><strong>Microbosques de la regi\u00f3n de Ays\u00e9n<\/strong><\/p>\n<p>Sobre troncos de \u00e1rboles, coberturas del suelo o debajo de las piedras de un arroyo, cohabitan organismos como bri\u00f3fitas (musgos, hep\u00e1ticas y antocerotes), l\u00edquenes (simbiosis de un hongo con un alga) y macroinvertebrados de agua dulce, que juntos conforman los microbosques o bosques en miniatura, met\u00e1fora acu\u00f1ada por el Dr. Ricardo Rozzi, fil\u00f3sofo y bi\u00f3logo chileno, que busca reconocer, conservar y valorar estos organismos peque\u00f1os.<\/p>\n<p>Biolog\u00eda y diversidad de bri\u00f3fitos, l\u00edquenes y macroinvertebrados de agua dulce; ecoturismo y \u00e9tica ambiental, y marketing para el ecoturismo fueron los temas abordados en el curso de Formaci\u00f3n Inicial durante 2020 en modalidad online. Con la reapertura de las \u00c1reas Silvestres Protegidas de Ays\u00e9n y la flexibilizaci\u00f3n a las restricciones de movimiento, las y los estudiantes pudieron llevar a la pr\u00e1ctica lo aprendido y vivir la experiencia del Ecoturismo con lupa.<\/p>\n<p><strong>Volver a los parques a trav\u00e9s de nuevas formas de turismo<\/strong><\/p>\n<p><img loading=\"lazy\" decoding=\"async\" class=\"wp-image-37981 alignleft\" src=\"https:\/\/dev.explora.cl\/aysen\/wp-content\/uploads\/sites\/18\/2021\/09\/Curso-de-Formacio\u0301n-Inicial-en-Ecoturismo-con-Lupa-para-Universitarios-de-Ayse\u0301n-1-e1630594430181.jpg\" alt=\"\" width=\"242\" height=\"364\" srcset=\"https:\/\/dev.explora.cl\/aysen\/wp-content\/uploads\/sites\/18\/2021\/09\/Curso-de-Formacio\u0301n-Inicial-en-Ecoturismo-con-Lupa-para-Universitarios-de-Ayse\u0301n-1-e1630594430181.jpg 3456w, https:\/\/dev.explora.cl\/aysen\/wp-content\/uploads\/sites\/18\/2021\/09\/Curso-de-Formacio\u0301n-Inicial-en-Ecoturismo-con-Lupa-para-Universitarios-de-Ayse\u0301n-1-e1630594430181-200x300.jpg 200w, https:\/\/dev.explora.cl\/aysen\/wp-content\/uploads\/sites\/18\/2021\/09\/Curso-de-Formacio\u0301n-Inicial-en-Ecoturismo-con-Lupa-para-Universitarios-de-Ayse\u0301n-1-e1630594430181-768x1152.jpg 768w, https:\/\/dev.explora.cl\/aysen\/wp-content\/uploads\/sites\/18\/2021\/09\/Curso-de-Formacio\u0301n-Inicial-en-Ecoturismo-con-Lupa-para-Universitarios-de-Ayse\u0301n-1-e1630594430181-683x1024.jpg 683w, https:\/\/dev.explora.cl\/aysen\/wp-content\/uploads\/sites\/18\/2021\/09\/Curso-de-Formacio\u0301n-Inicial-en-Ecoturismo-con-Lupa-para-Universitarios-de-Ayse\u0301n-1-e1630594430181-320x480.jpg 320w\" sizes=\"auto, (max-width: 242px) 100vw, 242px\" \/>Respecto al curso, Valeria Pizarro Rodr\u00edguez, estudiante de Turismo de Naturaleza del Campus Patagonia UACh comenta: \u201cRetomar la parte pr\u00e1ctica fue un desaf\u00edo ya que lo te\u00f3rico se realiz\u00f3 el a\u00f1o pasado. Al regresar a los parques se abre un campo a un nuevo turismo, apto para todo p\u00fablico, y ver un nuevo campo laboral no explotado para los gu\u00edas de turismo de la regi\u00f3n\u201d.<\/p>\n<p>Desde el proyecto Bosque con Lupa, su directora Viviana Pizarro concluye: \u201cEs destacable el alto inter\u00e9s presentado por estudiantes de carreras afines al turismo, por entregar nuevas opciones de experiencias tur\u00edsticas a los visitantes de la regi\u00f3n basadas en una forma distinta de hacer turismo, que respete y ponga en valor a todos quienes cohabitamos este territorio. Descubrir y explorar los microbosques de Ays\u00e9n y conocer su diversidad y belleza son una tremenda oportunidad para atraer visitantes a la regi\u00f3n, m\u00e1s en contexto de pandemia\u201d.<\/p>\n","protected":false},"excerpt":{"rendered":"<p>En el marco del Curso de Formaci\u00f3n Inicial en Ecoturismo con Lupa ofrecido por el proyecto Bosque con Lupa, estudiantes de carreras afines al turismo pudieron vivir la experiencia del Ecoturismo con lupa en dos \u00c1reas Silvestres Protegidas de la regi\u00f3n.<\/p>\n","protected":false},"author":37,"featured_media":37979,"comment_status":"open","ping_status":"open","sticky":false,"template":"","format":"standard","meta":{"_acf_changed":false,"_exactmetrics_skip_tracking":false,"_exactmetrics_sitenote_active":false,"_exactmetrics_sitenote_note":"","_exactmetrics_sitenote_category":0,"footnotes":"","_links_to":"","_links_to_target":""},"categories":[4],"tags":[],"class_list":["post-37978","post","type-post","status-publish","format-standard","has-post-thumbnail","hentry","category-noticias"],"acf":[],"yoast_head":"<!-- This site is optimized with the Yoast SEO plugin v26.7 - https:\/\/yoast.com\/wordpress\/plugins\/seo\/ -->\n<title>Estudiantes de Turismo de Ays\u00e9n exploran el microbosque como alternativa tur\u00edstica sustentable en la regi\u00f3n - Aysen<\/title>\n<meta name=\"robots\" content=\"index, follow, max-snippet:-1, max-image-preview:large, max-video-preview:-1\" \/>\n<link rel=\"canonical\" href=\"https:\/\/dev.explora.cl\/aysen\/estudiantes-de-turismo-de-aysen-exploran-el-microbosque-como-alternativa-turistica-sustentable-en-la-region\/\" class=\"yoast-seo-meta-tag\" \/>\n<meta property=\"og:locale\" content=\"es_ES\" class=\"yoast-seo-meta-tag\" \/>\n<meta property=\"og:type\" content=\"article\" class=\"yoast-seo-meta-tag\" \/>\n<meta property=\"og:title\" content=\"Estudiantes de Turismo de Ays\u00e9n exploran el microbosque como alternativa tur\u00edstica sustentable en la regi\u00f3n - Aysen\" class=\"yoast-seo-meta-tag\" \/>\n<meta property=\"og:description\" content=\"En el marco del Curso de Formaci\u00f3n Inicial en Ecoturismo con Lupa ofrecido por el proyecto Bosque con Lupa, estudiantes de carreras afines al turismo pudieron vivir la experiencia del Ecoturismo con lupa en dos \u00c1reas Silvestres Protegidas de la regi\u00f3n.\" class=\"yoast-seo-meta-tag\" \/>\n<meta property=\"og:url\" content=\"https:\/\/dev.explora.cl\/aysen\/estudiantes-de-turismo-de-aysen-exploran-el-microbosque-como-alternativa-turistica-sustentable-en-la-region\/\" class=\"yoast-seo-meta-tag\" \/>\n<meta property=\"og:site_name\" content=\"Aysen\" class=\"yoast-seo-meta-tag\" \/>\n<meta property=\"article:published_time\" content=\"2021-09-02T16:27:52+00:00\" class=\"yoast-seo-meta-tag\" \/>\n<meta property=\"article:modified_time\" content=\"2023-07-28T15:03:04+00:00\" class=\"yoast-seo-meta-tag\" \/>\n<meta property=\"og:image\" content=\"https:\/\/dev.explora.cl\/aysen\/wp-content\/uploads\/sites\/18\/2021\/09\/Curso-de-Formacio\u0301n-Inicial-en-Ecoturismo-con-Lupa-para-Universitarios-de-Ayse\u0301n6-1-1024x683.jpg\" class=\"yoast-seo-meta-tag\" \/>\n\t<meta property=\"og:image:width\" content=\"1024\" class=\"yoast-seo-meta-tag\" \/>\n\t<meta property=\"og:image:height\" content=\"683\" class=\"yoast-seo-meta-tag\" \/>\n\t<meta property=\"og:image:type\" content=\"image\/jpeg\" class=\"yoast-seo-meta-tag\" \/>\n<meta name=\"author\" content=\"scisternas\" class=\"yoast-seo-meta-tag\" \/>\n<meta name=\"twitter:card\" content=\"summary_large_image\" class=\"yoast-seo-meta-tag\" \/>\n<meta name=\"twitter:label1\" content=\"Escrito por\" class=\"yoast-seo-meta-tag\" \/>\n\t<meta name=\"twitter:data1\" content=\"scisternas\" class=\"yoast-seo-meta-tag\" \/>\n\t<meta name=\"twitter:label2\" content=\"Tiempo estimado de lectura\" class=\"yoast-seo-meta-tag\" \/>\n\t<meta name=\"twitter:data2\" content=\"3 minutos\" class=\"yoast-seo-meta-tag\" \/>\n<script type=\"application\/ld+json\" class=\"yoast-schema-graph\">{\"@context\":\"https:\/\/schema.org\",\"@graph\":[{\"@type\":\"Article\",\"@id\":\"https:\/\/dev.explora.cl\/aysen\/estudiantes-de-turismo-de-aysen-exploran-el-microbosque-como-alternativa-turistica-sustentable-en-la-region\/#article\",\"isPartOf\":{\"@id\":\"https:\/\/dev.explora.cl\/aysen\/estudiantes-de-turismo-de-aysen-exploran-el-microbosque-como-alternativa-turistica-sustentable-en-la-region\/\"},\"author\":{\"name\":\"scisternas\",\"@id\":\"https:\/\/dev.explora.cl\/aysen\/#\/schema\/person\/81c802b1e3b443e2575e555b39e60a05\"},\"headline\":\"Estudiantes de Turismo de Ays\u00e9n exploran el microbosque como alternativa tur\u00edstica sustentable en la regi\u00f3n\",\"datePublished\":\"2021-09-02T16:27:52+00:00\",\"dateModified\":\"2023-07-28T15:03:04+00:00\",\"mainEntityOfPage\":{\"@id\":\"https:\/\/dev.explora.cl\/aysen\/estudiantes-de-turismo-de-aysen-exploran-el-microbosque-como-alternativa-turistica-sustentable-en-la-region\/\"},\"wordCount\":554,\"commentCount\":0,\"image\":{\"@id\":\"https:\/\/dev.explora.cl\/aysen\/estudiantes-de-turismo-de-aysen-exploran-el-microbosque-como-alternativa-turistica-sustentable-en-la-region\/#primaryimage\"},\"thumbnailUrl\":\"https:\/\/dev.explora.cl\/aysen\/wp-content\/uploads\/sites\/18\/2021\/09\/Curso-de-Formacio\u0301n-Inicial-en-Ecoturismo-con-Lupa-para-Universitarios-de-Ayse\u0301n6-1.jpg\",\"articleSection\":[\"Noticias\"],\"inLanguage\":\"es-CL\",\"potentialAction\":[{\"@type\":\"CommentAction\",\"name\":\"Comment\",\"target\":[\"https:\/\/dev.explora.cl\/aysen\/estudiantes-de-turismo-de-aysen-exploran-el-microbosque-como-alternativa-turistica-sustentable-en-la-region\/#respond\"]}]},{\"@type\":\"WebPage\",\"@id\":\"https:\/\/dev.explora.cl\/aysen\/estudiantes-de-turismo-de-aysen-exploran-el-microbosque-como-alternativa-turistica-sustentable-en-la-region\/\",\"url\":\"https:\/\/dev.explora.cl\/aysen\/estudiantes-de-turismo-de-aysen-exploran-el-microbosque-como-alternativa-turistica-sustentable-en-la-region\/\",\"name\":\"Estudiantes de Turismo de Ays\u00e9n exploran el microbosque como alternativa tur\u00edstica sustentable en la regi\u00f3n - Aysen\",\"isPartOf\":{\"@id\":\"https:\/\/dev.explora.cl\/aysen\/#website\"},\"primaryImageOfPage\":{\"@id\":\"https:\/\/dev.explora.cl\/aysen\/estudiantes-de-turismo-de-aysen-exploran-el-microbosque-como-alternativa-turistica-sustentable-en-la-region\/#primaryimage\"},\"image\":{\"@id\":\"https:\/\/dev.explora.cl\/aysen\/estudiantes-de-turismo-de-aysen-exploran-el-microbosque-como-alternativa-turistica-sustentable-en-la-region\/#primaryimage\"},\"thumbnailUrl\":\"https:\/\/dev.explora.cl\/aysen\/wp-content\/uploads\/sites\/18\/2021\/09\/Curso-de-Formacio\u0301n-Inicial-en-Ecoturismo-con-Lupa-para-Universitarios-de-Ayse\u0301n6-1.jpg\",\"datePublished\":\"2021-09-02T16:27:52+00:00\",\"dateModified\":\"2023-07-28T15:03:04+00:00\",\"author\":{\"@id\":\"https:\/\/dev.explora.cl\/aysen\/#\/schema\/person\/81c802b1e3b443e2575e555b39e60a05\"},\"breadcrumb\":{\"@id\":\"https:\/\/dev.explora.cl\/aysen\/estudiantes-de-turismo-de-aysen-exploran-el-microbosque-como-alternativa-turistica-sustentable-en-la-region\/#breadcrumb\"},\"inLanguage\":\"es-CL\",\"potentialAction\":[{\"@type\":\"ReadAction\",\"target\":[\"https:\/\/dev.explora.cl\/aysen\/estudiantes-de-turismo-de-aysen-exploran-el-microbosque-como-alternativa-turistica-sustentable-en-la-region\/\"]}]},{\"@type\":\"ImageObject\",\"inLanguage\":\"es-CL\",\"@id\":\"https:\/\/dev.explora.cl\/aysen\/estudiantes-de-turismo-de-aysen-exploran-el-microbosque-como-alternativa-turistica-sustentable-en-la-region\/#primaryimage\",\"url\":\"https:\/\/dev.explora.cl\/aysen\/wp-content\/uploads\/sites\/18\/2021\/09\/Curso-de-Formacio\u0301n-Inicial-en-Ecoturismo-con-Lupa-para-Universitarios-de-Ayse\u0301n6-1.jpg\",\"contentUrl\":\"https:\/\/dev.explora.cl\/aysen\/wp-content\/uploads\/sites\/18\/2021\/09\/Curso-de-Formacio\u0301n-Inicial-en-Ecoturismo-con-Lupa-para-Universitarios-de-Ayse\u0301n6-1.jpg\",\"width\":5184,\"height\":3456},{\"@type\":\"BreadcrumbList\",\"@id\":\"https:\/\/dev.explora.cl\/aysen\/estudiantes-de-turismo-de-aysen-exploran-el-microbosque-como-alternativa-turistica-sustentable-en-la-region\/#breadcrumb\",\"itemListElement\":[{\"@type\":\"ListItem\",\"position\":1,\"name\":\"Portada\",\"item\":\"https:\/\/dev.explora.cl\/aysen\/\"},{\"@type\":\"ListItem\",\"position\":2,\"name\":\"Estudiantes de Turismo de Ays\u00e9n exploran el microbosque como alternativa tur\u00edstica sustentable en la regi\u00f3n\"}]},{\"@type\":\"WebSite\",\"@id\":\"https:\/\/dev.explora.cl\/aysen\/#website\",\"url\":\"https:\/\/dev.explora.cl\/aysen\/\",\"name\":\"Aysen\",\"description\":\"Otro sitio m\u00e1s de dev.explora.cl\",\"potentialAction\":[{\"@type\":\"SearchAction\",\"target\":{\"@type\":\"EntryPoint\",\"urlTemplate\":\"https:\/\/dev.explora.cl\/aysen\/?s={search_term_string}\"},\"query-input\":{\"@type\":\"PropertyValueSpecification\",\"valueRequired\":true,\"valueName\":\"search_term_string\"}}],\"inLanguage\":\"es-CL\"},{\"@type\":\"Person\",\"@id\":\"https:\/\/dev.explora.cl\/aysen\/#\/schema\/person\/81c802b1e3b443e2575e555b39e60a05\",\"name\":\"scisternas\",\"image\":{\"@type\":\"ImageObject\",\"inLanguage\":\"es-CL\",\"@id\":\"https:\/\/dev.explora.cl\/aysen\/#\/schema\/person\/image\/\",\"url\":\"https:\/\/secure.gravatar.com\/avatar\/611c8f1946b775bdf01b0521c85a9381c3ad08d928d8ead34ce577b0fa231c76?s=96&d=mm&r=g\",\"contentUrl\":\"https:\/\/secure.gravatar.com\/avatar\/611c8f1946b775bdf01b0521c85a9381c3ad08d928d8ead34ce577b0fa231c76?s=96&d=mm&r=g\",\"caption\":\"scisternas\"},\"url\":\"https:\/\/dev.explora.cl\/aysen\/author\/scisternas\/\"}]}<\/script>\n<!-- \/ Yoast SEO plugin. -->","yoast_head_json":{"title":"Estudiantes de Turismo de Ays\u00e9n exploran el microbosque como alternativa tur\u00edstica sustentable en la regi\u00f3n - Aysen","robots":{"index":"index","follow":"follow","max-snippet":"max-snippet:-1","max-image-preview":"max-image-preview:large","max-video-preview":"max-video-preview:-1"},"canonical":"https:\/\/dev.explora.cl\/aysen\/estudiantes-de-turismo-de-aysen-exploran-el-microbosque-como-alternativa-turistica-sustentable-en-la-region\/","og_locale":"es_ES","og_type":"article","og_title":"Estudiantes de Turismo de Ays\u00e9n exploran el microbosque como alternativa tur\u00edstica sustentable en la regi\u00f3n - Aysen","og_description":"En el marco del Curso de Formaci\u00f3n Inicial en Ecoturismo con Lupa ofrecido por el proyecto Bosque con Lupa, estudiantes de carreras afines al turismo pudieron vivir la experiencia del Ecoturismo con lupa en dos \u00c1reas Silvestres Protegidas de la regi\u00f3n.","og_url":"https:\/\/dev.explora.cl\/aysen\/estudiantes-de-turismo-de-aysen-exploran-el-microbosque-como-alternativa-turistica-sustentable-en-la-region\/","og_site_name":"Aysen","article_published_time":"2021-09-02T16:27:52+00:00","article_modified_time":"2023-07-28T15:03:04+00:00","og_image":[{"width":1024,"height":683,"url":"https:\/\/dev.explora.cl\/aysen\/wp-content\/uploads\/sites\/18\/2021\/09\/Curso-de-Formacio\u0301n-Inicial-en-Ecoturismo-con-Lupa-para-Universitarios-de-Ayse\u0301n6-1-1024x683.jpg","type":"image\/jpeg"}],"author":"scisternas","twitter_card":"summary_large_image","twitter_misc":{"Escrito por":"scisternas","Tiempo estimado de lectura":"3 minutos"},"schema":{"@context":"https:\/\/schema.org","@graph":[{"@type":"Article","@id":"https:\/\/dev.explora.cl\/aysen\/estudiantes-de-turismo-de-aysen-exploran-el-microbosque-como-alternativa-turistica-sustentable-en-la-region\/#article","isPartOf":{"@id":"https:\/\/dev.explora.cl\/aysen\/estudiantes-de-turismo-de-aysen-exploran-el-microbosque-como-alternativa-turistica-sustentable-en-la-region\/"},"author":{"name":"scisternas","@id":"https:\/\/dev.explora.cl\/aysen\/#\/schema\/person\/81c802b1e3b443e2575e555b39e60a05"},"headline":"Estudiantes de Turismo de Ays\u00e9n exploran el microbosque como alternativa tur\u00edstica sustentable en la regi\u00f3n","datePublished":"2021-09-02T16:27:52+00:00","dateModified":"2023-07-28T15:03:04+00:00","mainEntityOfPage":{"@id":"https:\/\/dev.explora.cl\/aysen\/estudiantes-de-turismo-de-aysen-exploran-el-microbosque-como-alternativa-turistica-sustentable-en-la-region\/"},"wordCount":554,"commentCount":0,"image":{"@id":"https:\/\/dev.explora.cl\/aysen\/estudiantes-de-turismo-de-aysen-exploran-el-microbosque-como-alternativa-turistica-sustentable-en-la-region\/#primaryimage"},"thumbnailUrl":"https:\/\/dev.explora.cl\/aysen\/wp-content\/uploads\/sites\/18\/2021\/09\/Curso-de-Formacio\u0301n-Inicial-en-Ecoturismo-con-Lupa-para-Universitarios-de-Ayse\u0301n6-1.jpg","articleSection":["Noticias"],"inLanguage":"es-CL","potentialAction":[{"@type":"CommentAction","name":"Comment","target":["https:\/\/dev.explora.cl\/aysen\/estudiantes-de-turismo-de-aysen-exploran-el-microbosque-como-alternativa-turistica-sustentable-en-la-region\/#respond"]}]},{"@type":"WebPage","@id":"https:\/\/dev.explora.cl\/aysen\/estudiantes-de-turismo-de-aysen-exploran-el-microbosque-como-alternativa-turistica-sustentable-en-la-region\/","url":"https:\/\/dev.explora.cl\/aysen\/estudiantes-de-turismo-de-aysen-exploran-el-microbosque-como-alternativa-turistica-sustentable-en-la-region\/","name":"Estudiantes de Turismo de Ays\u00e9n exploran el microbosque como alternativa tur\u00edstica sustentable en la regi\u00f3n - Aysen","isPartOf":{"@id":"https:\/\/dev.explora.cl\/aysen\/#website"},"primaryImageOfPage":{"@id":"https:\/\/dev.explora.cl\/aysen\/estudiantes-de-turismo-de-aysen-exploran-el-microbosque-como-alternativa-turistica-sustentable-en-la-region\/#primaryimage"},"image":{"@id":"https:\/\/dev.explora.cl\/aysen\/estudiantes-de-turismo-de-aysen-exploran-el-microbosque-como-alternativa-turistica-sustentable-en-la-region\/#primaryimage"},"thumbnailUrl":"https:\/\/dev.explora.cl\/aysen\/wp-content\/uploads\/sites\/18\/2021\/09\/Curso-de-Formacio\u0301n-Inicial-en-Ecoturismo-con-Lupa-para-Universitarios-de-Ayse\u0301n6-1.jpg","datePublished":"2021-09-02T16:27:52+00:00","dateModified":"2023-07-28T15:03:04+00:00","author":{"@id":"https:\/\/dev.explora.cl\/aysen\/#\/schema\/person\/81c802b1e3b443e2575e555b39e60a05"},"breadcrumb":{"@id":"https:\/\/dev.explora.cl\/aysen\/estudiantes-de-turismo-de-aysen-exploran-el-microbosque-como-alternativa-turistica-sustentable-en-la-region\/#breadcrumb"},"inLanguage":"es-CL","potentialAction":[{"@type":"ReadAction","target":["https:\/\/dev.explora.cl\/aysen\/estudiantes-de-turismo-de-aysen-exploran-el-microbosque-como-alternativa-turistica-sustentable-en-la-region\/"]}]},{"@type":"ImageObject","inLanguage":"es-CL","@id":"https:\/\/dev.explora.cl\/aysen\/estudiantes-de-turismo-de-aysen-exploran-el-microbosque-como-alternativa-turistica-sustentable-en-la-region\/#primaryimage","url":"https:\/\/dev.explora.cl\/aysen\/wp-content\/uploads\/sites\/18\/2021\/09\/Curso-de-Formacio\u0301n-Inicial-en-Ecoturismo-con-Lupa-para-Universitarios-de-Ayse\u0301n6-1.jpg","contentUrl":"https:\/\/dev.explora.cl\/aysen\/wp-content\/uploads\/sites\/18\/2021\/09\/Curso-de-Formacio\u0301n-Inicial-en-Ecoturismo-con-Lupa-para-Universitarios-de-Ayse\u0301n6-1.jpg","width":5184,"height":3456},{"@type":"BreadcrumbList","@id":"https:\/\/dev.explora.cl\/aysen\/estudiantes-de-turismo-de-aysen-exploran-el-microbosque-como-alternativa-turistica-sustentable-en-la-region\/#breadcrumb","itemListElement":[{"@type":"ListItem","position":1,"name":"Portada","item":"https:\/\/dev.explora.cl\/aysen\/"},{"@type":"ListItem","position":2,"name":"Estudiantes de Turismo de Ays\u00e9n exploran el microbosque como alternativa tur\u00edstica sustentable en la regi\u00f3n"}]},{"@type":"WebSite","@id":"https:\/\/dev.explora.cl\/aysen\/#website","url":"https:\/\/dev.explora.cl\/aysen\/","name":"Aysen","description":"Otro sitio m\u00e1s de dev.explora.cl","potentialAction":[{"@type":"SearchAction","target":{"@type":"EntryPoint","urlTemplate":"https:\/\/dev.explora.cl\/aysen\/?s={search_term_string}"},"query-input":{"@type":"PropertyValueSpecification","valueRequired":true,"valueName":"search_term_string"}}],"inLanguage":"es-CL"},{"@type":"Person","@id":"https:\/\/dev.explora.cl\/aysen\/#\/schema\/person\/81c802b1e3b443e2575e555b39e60a05","name":"scisternas","image":{"@type":"ImageObject","inLanguage":"es-CL","@id":"https:\/\/dev.explora.cl\/aysen\/#\/schema\/person\/image\/","url":"https:\/\/secure.gravatar.com\/avatar\/611c8f1946b775bdf01b0521c85a9381c3ad08d928d8ead34ce577b0fa231c76?s=96&d=mm&r=g","contentUrl":"https:\/\/secure.gravatar.com\/avatar\/611c8f1946b775bdf01b0521c85a9381c3ad08d928d8ead34ce577b0fa231c76?s=96&d=mm&r=g","caption":"scisternas"},"url":"https:\/\/dev.explora.cl\/aysen\/author\/scisternas\/"}]}},"_links":{"self":[{"href":"https:\/\/dev.explora.cl\/aysen\/wp-json\/wp\/v2\/posts\/37978","targetHints":{"allow":["GET"]}}],"collection":[{"href":"https:\/\/dev.explora.cl\/aysen\/wp-json\/wp\/v2\/posts"}],"about":[{"href":"https:\/\/dev.explora.cl\/aysen\/wp-json\/wp\/v2\/types\/post"}],"author":[{"embeddable":true,"href":"https:\/\/dev.explora.cl\/aysen\/wp-json\/wp\/v2\/users\/37"}],"replies":[{"embeddable":true,"href":"https:\/\/dev.explora.cl\/aysen\/wp-json\/wp\/v2\/comments?post=37978"}],"version-history":[{"count":4,"href":"https:\/\/dev.explora.cl\/aysen\/wp-json\/wp\/v2\/posts\/37978\/revisions"}],"predecessor-version":[{"id":37986,"href":"https:\/\/dev.explora.cl\/aysen\/wp-json\/wp\/v2\/posts\/37978\/revisions\/37986"}],"wp:featuredmedia":[{"embeddable":true,"href":"https:\/\/dev.explora.cl\/aysen\/wp-json\/wp\/v2\/media\/37979"}],"wp:attachment":[{"href":"https:\/\/dev.explora.cl\/aysen\/wp-json\/wp\/v2\/media?parent=37978"}],"wp:term":[{"taxonomy":"category","embeddable":true,"href":"https:\/\/dev.explora.cl\/aysen\/wp-json\/wp\/v2\/categories?post=37978"},{"taxonomy":"post_tag","embeddable":true,"href":"https:\/\/dev.explora.cl\/aysen\/wp-json\/wp\/v2\/tags?post=37978"}],"curies":[{"name":"wp","href":"https:\/\/api.w.org\/{rel}","templated":true}]}}