{"id":37956,"date":"2021-08-25T17:25:47","date_gmt":"2021-08-25T21:25:47","guid":{"rendered":"https:\/\/dev.explora.cl\/aysen\/?p=37956"},"modified":"2023-07-28T11:34:31","modified_gmt":"2023-07-28T15:34:31","slug":"congresoregional","status":"publish","type":"post","link":"https:\/\/dev.explora.cl\/aysen\/congresoregional\/","title":{"rendered":"Estudiantes de la regi\u00f3n: \u00daltimas semanas para postular al Congreso Regional Explora"},"content":{"rendered":"<p><i><span style=\"font-weight: 400\">Los proyectos de investigaci\u00f3n\/innovaci\u00f3n podr\u00e1n ser enviados para postular al Congreso hasta el 15 de octubre. El Congreso Regional Explora se realizar\u00e1 este a\u00f1o de forma virtual entre el 10 y el 12 de noviembre.<\/span><\/i><\/p>\n<p><span style=\"font-weight: 400\">Una formaci\u00f3n cient\u00edfica a edades tempranas y a lo largo de toda la escolaridad propicia el desarrollo de actitudes y habilidades cient\u00edficas, piezas claves para formar futuros ciudadanos\/as que sean conscientes de su entorno y est\u00e9n preparados para ser parte de un mundo en constante cambio.\u00a0 La capacidad de observaci\u00f3n y comunicaci\u00f3n son dos habilidades del pensamiento cient\u00edfico que fomentan la capacidad de hacerse preguntas y motivan a ni\u00f1os, ni\u00f1as y j\u00f3venes a comprender lo que sucede a su alrededor.\u00a0<\/span><\/p>\n<p><span style=\"font-weight: 400\">El Proyecto Explora Ays\u00e9n del Ministerio de Ciencia, ejecutado por el Campus Patagonia de la Universidad Austral de Chile, reconoce la importancia de las competencias para la innovaci\u00f3n en los planes de estudio de establecimientos de ense\u00f1anza media y superior de la regi\u00f3n. Es por este motivo, y con la intenci\u00f3n de ser un apoyo en la entrega de herramientas y espacios para el desarrollo de habilidades cient\u00edficas, que durante el 2021 se volver\u00e1 a implementar el Congreso Regional Explora de Investigaci\u00f3n e Innovaci\u00f3n Escolar.<\/span><\/p>\n<p><b>En noviembre la Investigaci\u00f3n Escolar se toma el sur<\/b><\/p>\n<p><span style=\"font-weight: 400\">Este a\u00f1o el Congreso Regional Explora Ays\u00e9n se llevar\u00e1 a cabo entre el <\/span><b>10 y el 12 de noviembre<\/b><span style=\"font-weight: 400\">, y en un esfuerzo conjunto entre los Proyectos Asociativos Regionales de Ays\u00e9n, Los R\u00edos y Los Lagos, liderados por la Universidad Austral de Chile, se realizar\u00e1 un gran evento en formato virtual, donde los equipos participantes de estudiantes y docentes contar\u00e1n con espacios para presentar sus proyectos por regi\u00f3n. Adem\u00e1s, este formato permitir\u00e1\u00a0 a los\/as participantes acceder a talleres y conversatorios con cient\u00edficos\/as para compartir sus experiencias y socializar el conocimiento con estudiantes y docentes de las tres regiones.<\/span><\/p>\n<p><b>\u00bfQui\u00e9nes pueden postular?<\/b><\/p>\n<p><span style=\"font-weight: 400\">Equipos de dos o m\u00e1s estudiantes y un docente gu\u00eda pertenecientes a establecimientos educacionales p\u00fablicos, particulares subvencionados, pagados u otras entidades como fundaciones, universidades, u otros afines donde se realice investigaci\u00f3n e innovaci\u00f3n escolar, y equipos que est\u00e9n en la modalidad &#8220;aprendizaje en casa&#8221;, que hayan realizado alg\u00fan proyecto de investigaci\u00f3n o innovaci\u00f3n escolar y quieran dar a conocer sus resultados. <\/span><b>Pueden postular estudiantes desde 5\u00b0 a\u00f1o b\u00e1sico hasta 4\u00b0 a\u00f1o medio<\/b><span style=\"font-weight: 400\">.<\/span><\/p>\n<p><span style=\"font-weight: 400\">Se consideran los proyectos de investigaci\u00f3n escolar en \u00e1reas de las ciencias naturales o exactas, ciencias sociales y artes o humanidades y proyectos de innovaci\u00f3n que propongan soluciones con una base cient\u00edfico-tecnol\u00f3gica.\u00a0<\/span><\/p>\n<p><b>\u00bfC\u00f3mo postular?<\/b><\/p>\n<p><span style=\"font-weight: 400\">Para postular el o la profesor\/a gu\u00eda del proyecto deber\u00e1 enviar el formulario de postulaci\u00f3n disponible a continuaci\u00f3n y los documentos anexos disponibles en esta convocatoria a <\/span><a href=\"mailto:exploraysen@uach.cl\"><span style=\"font-weight: 400\">exploraysen@uach.cl<\/span><\/a> <b>hasta el 15 de octubre<\/b><span style=\"font-weight: 400\">.<\/span><\/p>\n<p style=\"text-align: center\"><b>Muy importante<\/b><\/p>\n<p><span style=\"font-weight: 400\">No olvides leer las bases y la modificaci\u00f3n a las bases adjuntas en esta nota para comprobar que cumplen con todos los requisitos para presentar el proyecto de investigaci\u00f3n.<\/span><\/p>\n<p style=\"text-align: center\"><a href=\"https:\/\/drive.google.com\/file\/d\/11-cuTHr-kaPpCm2MXUbFtBNpeO1lgTML\/view?usp=sharing\">Bases Congreso Regional y Nacional Explora<\/a><\/p>\n<p style=\"text-align: center\"><a href=\"https:\/\/drive.google.com\/file\/d\/1BoewhK0nZoeGg4akkFeLmfdlKrDL-CrW\/view?usp=sharing\">Modificaci\u00f3n a las Bases<\/a><\/p>\n<p style=\"text-align: center\"><a href=\"https:\/\/docs.google.com\/document\/d\/12hcLbJILtoXjdVOIvVEURHYjrw8K3gpd\/edit?usp=sharing&amp;ouid=114828433022550573151&amp;rtpof=true&amp;sd=true\">Formulario de inscripci\u00f3n y documentos anexos<\/a><\/p>\n<p style=\"text-align: center\"><a href=\"https:\/\/drive.google.com\/file\/d\/14_2N1tHdEmECGrnPZdTsX8K-2w-u9Brd\/view?usp=sharing\">Regulaci\u00f3n Investigaci\u00f3n e Innovaci\u00f3n Escolar<\/a><\/p>\n<p><img loading=\"lazy\" decoding=\"async\" class=\"size-full wp-image-37965 aligncenter\" src=\"https:\/\/dev.explora.cl\/aysen\/wp-content\/uploads\/sites\/18\/2021\/08\/Copia-de-Congreso-postulacion-1.png\" alt=\"\" width=\"540\" height=\"1080\" srcset=\"https:\/\/dev.explora.cl\/aysen\/wp-content\/uploads\/sites\/18\/2021\/08\/Copia-de-Congreso-postulacion-1.png 540w, https:\/\/dev.explora.cl\/aysen\/wp-content\/uploads\/sites\/18\/2021\/08\/Copia-de-Congreso-postulacion-1-150x300.png 150w, https:\/\/dev.explora.cl\/aysen\/wp-content\/uploads\/sites\/18\/2021\/08\/Copia-de-Congreso-postulacion-1-512x1024.png 512w\" sizes=\"auto, (max-width: 540px) 100vw, 540px\" \/><\/p>\n","protected":false},"excerpt":{"rendered":"<p>Los proyectos de investigaci\u00f3n\/innovaci\u00f3n podr\u00e1n ser enviados para postular al Congreso hasta el 15 de octubre. El Congreso Regional Explora se realizar\u00e1 este a\u00f1o de forma virtual entre el 10 y el 12 de noviembre.<\/p>\n","protected":false},"author":37,"featured_media":37975,"comment_status":"open","ping_status":"open","sticky":false,"template":"","format":"standard","meta":{"_acf_changed":false,"_exactmetrics_skip_tracking":false,"_exactmetrics_sitenote_active":false,"_exactmetrics_sitenote_note":"","_exactmetrics_sitenote_category":0,"footnotes":"","_links_to":"","_links_to_target":""},"categories":[4],"tags":[],"class_list":["post-37956","post","type-post","status-publish","format-standard","has-post-thumbnail","hentry","category-noticias"],"acf":[],"yoast_head":"<!-- This site is optimized with the Yoast SEO plugin v26.7 - https:\/\/yoast.com\/wordpress\/plugins\/seo\/ -->\n<title>Estudiantes de la regi\u00f3n: \u00daltimas semanas para postular al Congreso Regional Explora - Aysen<\/title>\n<meta name=\"robots\" content=\"index, follow, max-snippet:-1, max-image-preview:large, max-video-preview:-1\" \/>\n<link rel=\"canonical\" href=\"https:\/\/dev.explora.cl\/aysen\/congresoregional\/\" class=\"yoast-seo-meta-tag\" \/>\n<meta property=\"og:locale\" content=\"es_ES\" class=\"yoast-seo-meta-tag\" \/>\n<meta property=\"og:type\" content=\"article\" class=\"yoast-seo-meta-tag\" \/>\n<meta property=\"og:title\" content=\"Estudiantes de la regi\u00f3n: \u00daltimas semanas para postular al Congreso Regional Explora - Aysen\" class=\"yoast-seo-meta-tag\" \/>\n<meta property=\"og:description\" content=\"Los proyectos de investigaci\u00f3n\/innovaci\u00f3n podr\u00e1n ser enviados para postular al Congreso hasta el 15 de octubre. El Congreso Regional Explora se realizar\u00e1 este a\u00f1o de forma virtual entre el 10 y el 12 de noviembre.\" class=\"yoast-seo-meta-tag\" \/>\n<meta property=\"og:url\" content=\"https:\/\/dev.explora.cl\/aysen\/congresoregional\/\" class=\"yoast-seo-meta-tag\" \/>\n<meta property=\"og:site_name\" content=\"Aysen\" class=\"yoast-seo-meta-tag\" \/>\n<meta property=\"article:published_time\" content=\"2021-08-25T21:25:47+00:00\" class=\"yoast-seo-meta-tag\" \/>\n<meta property=\"article:modified_time\" content=\"2023-07-28T15:34:31+00:00\" class=\"yoast-seo-meta-tag\" \/>\n<meta property=\"og:image\" content=\"https:\/\/dev.explora.cl\/aysen\/wp-content\/uploads\/sites\/18\/2021\/08\/congreso_pagina_explora-1.png\" class=\"yoast-seo-meta-tag\" \/>\n\t<meta property=\"og:image:width\" content=\"735\" class=\"yoast-seo-meta-tag\" \/>\n\t<meta property=\"og:image:height\" content=\"470\" class=\"yoast-seo-meta-tag\" \/>\n\t<meta property=\"og:image:type\" content=\"image\/png\" class=\"yoast-seo-meta-tag\" \/>\n<meta name=\"author\" content=\"scisternas\" class=\"yoast-seo-meta-tag\" \/>\n<meta name=\"twitter:card\" content=\"summary_large_image\" class=\"yoast-seo-meta-tag\" \/>\n<meta name=\"twitter:label1\" content=\"Escrito por\" class=\"yoast-seo-meta-tag\" \/>\n\t<meta name=\"twitter:data1\" content=\"scisternas\" class=\"yoast-seo-meta-tag\" \/>\n\t<meta name=\"twitter:label2\" content=\"Tiempo estimado de lectura\" class=\"yoast-seo-meta-tag\" \/>\n\t<meta name=\"twitter:data2\" content=\"3 minutos\" class=\"yoast-seo-meta-tag\" \/>\n<script type=\"application\/ld+json\" class=\"yoast-schema-graph\">{\"@context\":\"https:\/\/schema.org\",\"@graph\":[{\"@type\":\"Article\",\"@id\":\"https:\/\/dev.explora.cl\/aysen\/congresoregional\/#article\",\"isPartOf\":{\"@id\":\"https:\/\/dev.explora.cl\/aysen\/congresoregional\/\"},\"author\":{\"name\":\"scisternas\",\"@id\":\"https:\/\/dev.explora.cl\/aysen\/#\/schema\/person\/81c802b1e3b443e2575e555b39e60a05\"},\"headline\":\"Estudiantes de la regi\u00f3n: \u00daltimas semanas para postular al Congreso Regional Explora\",\"datePublished\":\"2021-08-25T21:25:47+00:00\",\"dateModified\":\"2023-07-28T15:34:31+00:00\",\"mainEntityOfPage\":{\"@id\":\"https:\/\/dev.explora.cl\/aysen\/congresoregional\/\"},\"wordCount\":571,\"commentCount\":0,\"image\":{\"@id\":\"https:\/\/dev.explora.cl\/aysen\/congresoregional\/#primaryimage\"},\"thumbnailUrl\":\"https:\/\/dev.explora.cl\/aysen\/wp-content\/uploads\/sites\/18\/2021\/08\/congreso_pagina_explora-1.png\",\"articleSection\":[\"Noticias\"],\"inLanguage\":\"es-CL\",\"potentialAction\":[{\"@type\":\"CommentAction\",\"name\":\"Comment\",\"target\":[\"https:\/\/dev.explora.cl\/aysen\/congresoregional\/#respond\"]}]},{\"@type\":\"WebPage\",\"@id\":\"https:\/\/dev.explora.cl\/aysen\/congresoregional\/\",\"url\":\"https:\/\/dev.explora.cl\/aysen\/congresoregional\/\",\"name\":\"Estudiantes de la regi\u00f3n: \u00daltimas semanas para postular al Congreso Regional Explora - Aysen\",\"isPartOf\":{\"@id\":\"https:\/\/dev.explora.cl\/aysen\/#website\"},\"primaryImageOfPage\":{\"@id\":\"https:\/\/dev.explora.cl\/aysen\/congresoregional\/#primaryimage\"},\"image\":{\"@id\":\"https:\/\/dev.explora.cl\/aysen\/congresoregional\/#primaryimage\"},\"thumbnailUrl\":\"https:\/\/dev.explora.cl\/aysen\/wp-content\/uploads\/sites\/18\/2021\/08\/congreso_pagina_explora-1.png\",\"datePublished\":\"2021-08-25T21:25:47+00:00\",\"dateModified\":\"2023-07-28T15:34:31+00:00\",\"author\":{\"@id\":\"https:\/\/dev.explora.cl\/aysen\/#\/schema\/person\/81c802b1e3b443e2575e555b39e60a05\"},\"breadcrumb\":{\"@id\":\"https:\/\/dev.explora.cl\/aysen\/congresoregional\/#breadcrumb\"},\"inLanguage\":\"es-CL\",\"potentialAction\":[{\"@type\":\"ReadAction\",\"target\":[\"https:\/\/dev.explora.cl\/aysen\/congresoregional\/\"]}]},{\"@type\":\"ImageObject\",\"inLanguage\":\"es-CL\",\"@id\":\"https:\/\/dev.explora.cl\/aysen\/congresoregional\/#primaryimage\",\"url\":\"https:\/\/dev.explora.cl\/aysen\/wp-content\/uploads\/sites\/18\/2021\/08\/congreso_pagina_explora-1.png\",\"contentUrl\":\"https:\/\/dev.explora.cl\/aysen\/wp-content\/uploads\/sites\/18\/2021\/08\/congreso_pagina_explora-1.png\",\"width\":735,\"height\":470},{\"@type\":\"BreadcrumbList\",\"@id\":\"https:\/\/dev.explora.cl\/aysen\/congresoregional\/#breadcrumb\",\"itemListElement\":[{\"@type\":\"ListItem\",\"position\":1,\"name\":\"Portada\",\"item\":\"https:\/\/dev.explora.cl\/aysen\/\"},{\"@type\":\"ListItem\",\"position\":2,\"name\":\"Estudiantes de la regi\u00f3n: \u00daltimas semanas para postular al Congreso Regional Explora\"}]},{\"@type\":\"WebSite\",\"@id\":\"https:\/\/dev.explora.cl\/aysen\/#website\",\"url\":\"https:\/\/dev.explora.cl\/aysen\/\",\"name\":\"Aysen\",\"description\":\"Otro sitio m\u00e1s de dev.explora.cl\",\"potentialAction\":[{\"@type\":\"SearchAction\",\"target\":{\"@type\":\"EntryPoint\",\"urlTemplate\":\"https:\/\/dev.explora.cl\/aysen\/?s={search_term_string}\"},\"query-input\":{\"@type\":\"PropertyValueSpecification\",\"valueRequired\":true,\"valueName\":\"search_term_string\"}}],\"inLanguage\":\"es-CL\"},{\"@type\":\"Person\",\"@id\":\"https:\/\/dev.explora.cl\/aysen\/#\/schema\/person\/81c802b1e3b443e2575e555b39e60a05\",\"name\":\"scisternas\",\"image\":{\"@type\":\"ImageObject\",\"inLanguage\":\"es-CL\",\"@id\":\"https:\/\/dev.explora.cl\/aysen\/#\/schema\/person\/image\/\",\"url\":\"https:\/\/secure.gravatar.com\/avatar\/611c8f1946b775bdf01b0521c85a9381c3ad08d928d8ead34ce577b0fa231c76?s=96&d=mm&r=g\",\"contentUrl\":\"https:\/\/secure.gravatar.com\/avatar\/611c8f1946b775bdf01b0521c85a9381c3ad08d928d8ead34ce577b0fa231c76?s=96&d=mm&r=g\",\"caption\":\"scisternas\"},\"url\":\"https:\/\/dev.explora.cl\/aysen\/author\/scisternas\/\"}]}<\/script>\n<!-- \/ Yoast SEO plugin. -->","yoast_head_json":{"title":"Estudiantes de la regi\u00f3n: \u00daltimas semanas para postular al Congreso Regional Explora - Aysen","robots":{"index":"index","follow":"follow","max-snippet":"max-snippet:-1","max-image-preview":"max-image-preview:large","max-video-preview":"max-video-preview:-1"},"canonical":"https:\/\/dev.explora.cl\/aysen\/congresoregional\/","og_locale":"es_ES","og_type":"article","og_title":"Estudiantes de la regi\u00f3n: \u00daltimas semanas para postular al Congreso Regional Explora - Aysen","og_description":"Los proyectos de investigaci\u00f3n\/innovaci\u00f3n podr\u00e1n ser enviados para postular al Congreso hasta el 15 de octubre. El Congreso Regional Explora se realizar\u00e1 este a\u00f1o de forma virtual entre el 10 y el 12 de noviembre.","og_url":"https:\/\/dev.explora.cl\/aysen\/congresoregional\/","og_site_name":"Aysen","article_published_time":"2021-08-25T21:25:47+00:00","article_modified_time":"2023-07-28T15:34:31+00:00","og_image":[{"width":735,"height":470,"url":"https:\/\/dev.explora.cl\/aysen\/wp-content\/uploads\/sites\/18\/2021\/08\/congreso_pagina_explora-1.png","type":"image\/png"}],"author":"scisternas","twitter_card":"summary_large_image","twitter_misc":{"Escrito por":"scisternas","Tiempo estimado de lectura":"3 minutos"},"schema":{"@context":"https:\/\/schema.org","@graph":[{"@type":"Article","@id":"https:\/\/dev.explora.cl\/aysen\/congresoregional\/#article","isPartOf":{"@id":"https:\/\/dev.explora.cl\/aysen\/congresoregional\/"},"author":{"name":"scisternas","@id":"https:\/\/dev.explora.cl\/aysen\/#\/schema\/person\/81c802b1e3b443e2575e555b39e60a05"},"headline":"Estudiantes de la regi\u00f3n: \u00daltimas semanas para postular al Congreso Regional Explora","datePublished":"2021-08-25T21:25:47+00:00","dateModified":"2023-07-28T15:34:31+00:00","mainEntityOfPage":{"@id":"https:\/\/dev.explora.cl\/aysen\/congresoregional\/"},"wordCount":571,"commentCount":0,"image":{"@id":"https:\/\/dev.explora.cl\/aysen\/congresoregional\/#primaryimage"},"thumbnailUrl":"https:\/\/dev.explora.cl\/aysen\/wp-content\/uploads\/sites\/18\/2021\/08\/congreso_pagina_explora-1.png","articleSection":["Noticias"],"inLanguage":"es-CL","potentialAction":[{"@type":"CommentAction","name":"Comment","target":["https:\/\/dev.explora.cl\/aysen\/congresoregional\/#respond"]}]},{"@type":"WebPage","@id":"https:\/\/dev.explora.cl\/aysen\/congresoregional\/","url":"https:\/\/dev.explora.cl\/aysen\/congresoregional\/","name":"Estudiantes de la regi\u00f3n: \u00daltimas semanas para postular al Congreso Regional Explora - Aysen","isPartOf":{"@id":"https:\/\/dev.explora.cl\/aysen\/#website"},"primaryImageOfPage":{"@id":"https:\/\/dev.explora.cl\/aysen\/congresoregional\/#primaryimage"},"image":{"@id":"https:\/\/dev.explora.cl\/aysen\/congresoregional\/#primaryimage"},"thumbnailUrl":"https:\/\/dev.explora.cl\/aysen\/wp-content\/uploads\/sites\/18\/2021\/08\/congreso_pagina_explora-1.png","datePublished":"2021-08-25T21:25:47+00:00","dateModified":"2023-07-28T15:34:31+00:00","author":{"@id":"https:\/\/dev.explora.cl\/aysen\/#\/schema\/person\/81c802b1e3b443e2575e555b39e60a05"},"breadcrumb":{"@id":"https:\/\/dev.explora.cl\/aysen\/congresoregional\/#breadcrumb"},"inLanguage":"es-CL","potentialAction":[{"@type":"ReadAction","target":["https:\/\/dev.explora.cl\/aysen\/congresoregional\/"]}]},{"@type":"ImageObject","inLanguage":"es-CL","@id":"https:\/\/dev.explora.cl\/aysen\/congresoregional\/#primaryimage","url":"https:\/\/dev.explora.cl\/aysen\/wp-content\/uploads\/sites\/18\/2021\/08\/congreso_pagina_explora-1.png","contentUrl":"https:\/\/dev.explora.cl\/aysen\/wp-content\/uploads\/sites\/18\/2021\/08\/congreso_pagina_explora-1.png","width":735,"height":470},{"@type":"BreadcrumbList","@id":"https:\/\/dev.explora.cl\/aysen\/congresoregional\/#breadcrumb","itemListElement":[{"@type":"ListItem","position":1,"name":"Portada","item":"https:\/\/dev.explora.cl\/aysen\/"},{"@type":"ListItem","position":2,"name":"Estudiantes de la regi\u00f3n: \u00daltimas semanas para postular al Congreso Regional Explora"}]},{"@type":"WebSite","@id":"https:\/\/dev.explora.cl\/aysen\/#website","url":"https:\/\/dev.explora.cl\/aysen\/","name":"Aysen","description":"Otro sitio m\u00e1s de dev.explora.cl","potentialAction":[{"@type":"SearchAction","target":{"@type":"EntryPoint","urlTemplate":"https:\/\/dev.explora.cl\/aysen\/?s={search_term_string}"},"query-input":{"@type":"PropertyValueSpecification","valueRequired":true,"valueName":"search_term_string"}}],"inLanguage":"es-CL"},{"@type":"Person","@id":"https:\/\/dev.explora.cl\/aysen\/#\/schema\/person\/81c802b1e3b443e2575e555b39e60a05","name":"scisternas","image":{"@type":"ImageObject","inLanguage":"es-CL","@id":"https:\/\/dev.explora.cl\/aysen\/#\/schema\/person\/image\/","url":"https:\/\/secure.gravatar.com\/avatar\/611c8f1946b775bdf01b0521c85a9381c3ad08d928d8ead34ce577b0fa231c76?s=96&d=mm&r=g","contentUrl":"https:\/\/secure.gravatar.com\/avatar\/611c8f1946b775bdf01b0521c85a9381c3ad08d928d8ead34ce577b0fa231c76?s=96&d=mm&r=g","caption":"scisternas"},"url":"https:\/\/dev.explora.cl\/aysen\/author\/scisternas\/"}]}},"_links":{"self":[{"href":"https:\/\/dev.explora.cl\/aysen\/wp-json\/wp\/v2\/posts\/37956","targetHints":{"allow":["GET"]}}],"collection":[{"href":"https:\/\/dev.explora.cl\/aysen\/wp-json\/wp\/v2\/posts"}],"about":[{"href":"https:\/\/dev.explora.cl\/aysen\/wp-json\/wp\/v2\/types\/post"}],"author":[{"embeddable":true,"href":"https:\/\/dev.explora.cl\/aysen\/wp-json\/wp\/v2\/users\/37"}],"replies":[{"embeddable":true,"href":"https:\/\/dev.explora.cl\/aysen\/wp-json\/wp\/v2\/comments?post=37956"}],"version-history":[{"count":14,"href":"https:\/\/dev.explora.cl\/aysen\/wp-json\/wp\/v2\/posts\/37956\/revisions"}],"predecessor-version":[{"id":37994,"href":"https:\/\/dev.explora.cl\/aysen\/wp-json\/wp\/v2\/posts\/37956\/revisions\/37994"}],"wp:featuredmedia":[{"embeddable":true,"href":"https:\/\/dev.explora.cl\/aysen\/wp-json\/wp\/v2\/media\/37975"}],"wp:attachment":[{"href":"https:\/\/dev.explora.cl\/aysen\/wp-json\/wp\/v2\/media?parent=37956"}],"wp:term":[{"taxonomy":"category","embeddable":true,"href":"https:\/\/dev.explora.cl\/aysen\/wp-json\/wp\/v2\/categories?post=37956"},{"taxonomy":"post_tag","embeddable":true,"href":"https:\/\/dev.explora.cl\/aysen\/wp-json\/wp\/v2\/tags?post=37956"}],"curies":[{"name":"wp","href":"https:\/\/api.w.org\/{rel}","templated":true}]}}