{"id":37884,"date":"2021-05-25T13:48:24","date_gmt":"2021-05-25T17:48:24","guid":{"rendered":"https:\/\/dev.explora.cl\/aysen\/?p=37884"},"modified":"2023-07-28T11:27:47","modified_gmt":"2023-07-28T15:27:47","slug":"convocatoriaiie2021","status":"publish","type":"post","link":"https:\/\/dev.explora.cl\/aysen\/convocatoriaiie2021\/","title":{"rendered":"Atenci\u00f3n docentes: \u00a1Ampliamos plazo para inscribirse al Programa de Investigaci\u00f3n e Innovaci\u00f3n Escolar 2021!"},"content":{"rendered":"<p><i><span style=\"font-weight: 400\">La convocatoria est\u00e1 dirigida a docentes y estudiantes de ense\u00f1anza b\u00e1sica y media interesados\/as en crear proyectos de investigaci\u00f3n o innovaci\u00f3n escolar que conecten con las problem\u00e1ticas territoriales. Puedes inscribirte hasta el mi\u00e9rcoles 16 de junio completando el formulario disponible al final de la nota.<\/span><\/i><\/p>\n<p><span style=\"font-weight: 400\">Con la intenci\u00f3n de fomentar el desarrollo de habilidades de pensamiento cient\u00edfico en ni\u00f1os, ni\u00f1as y adolescentes y fortalecer el inter\u00e9s hacia la ciencia y la tecnolog\u00eda, el Proyecto Explora Ays\u00e9n del Ministerio de Ciencia, ejecutado en la regi\u00f3n por el Campus Patagonia de la Universidad Austral de Chile, invita a docentes y estudiantes a ser parte del Programa de Investigaci\u00f3n en Innovaci\u00f3n Escolar 2021 (IIE 2021).<\/span><\/p>\n<p><b>\u00bfDe qu\u00e9 se trata el Programa de Investigaci\u00f3n e Innovaci\u00f3n Escolar?<\/b><\/p>\n<p><span style=\"font-weight: 400\">Es un espacio de aprendizaje dise\u00f1ado para que docentes y estudiantes puedan descubrir, discutir y trabajar en equipo preguntas y problem\u00e1ticas de su entorno, encontrando posibles respuestas y soluciones, fortaleciendo el inter\u00e9s y actitudes positivas hacia la ciencia y la tecnolog\u00eda.<\/span><\/p>\n<p><span style=\"font-weight: 400\">Los equipos de investigaci\u00f3n que participen de la experiencia deber\u00e1n identificar una idea previa acerca de alg\u00fan tema que deseen investigar o problem\u00e1tica que quieran resolver. Con ello, comenzar\u00e1n una ruta de aprendizaje ordenada en talleres virtuales y guiada por un plan de asesor\u00eda cient\u00edfica, que les ayudar\u00e1 a definir su proyecto de investigaci\u00f3n, fortalecer metodol\u00f3gicamente las propuestas y socializar sus resultados y conclusiones entre equipos de distintos establecimientos educacionales. Al final de la ruta los y las estudiantes habr\u00e1n trabajado habilidades de observaci\u00f3n y comunicaci\u00f3n, adem\u00e1s de identificar los pasos del m\u00e9todo cient\u00edfico y las formas correctas para desarrollar un proyecto de investigaci\u00f3n.\u00a0<\/span><\/p>\n<p><span style=\"font-weight: 400\">Los clubes y equipos que lleguen al final de esta experiencia podr\u00e1n participar en el Congreso Regional Escolar, una instancia virtual en la que deber\u00e1n comunicar los resultados de sus investigaciones escolares.<\/span><\/p>\n<p><span style=\"font-weight: 400\">Todas las actividades que forman parte del Programa IIE 2021 se realizar\u00e1n de forma remota de acuerdo a las medidas sanitarias de distanciamiento social, procurando que este sea un espacio seguro para los\/as participantes.<\/span><\/p>\n<p><b>\u00bfC\u00f3mo participar?<\/b><\/p>\n<p><span style=\"font-weight: 400\">Solo necesitas reunir a tu club o equipo de investigaci\u00f3n, compuesto por un\/a docente y dos o m\u00e1s estudiantes de ense\u00f1anza b\u00e1sica o media, y tener las ganas de desarrollar un proyecto de investigaci\u00f3n escolar. Las investigaciones a desarrollar pueden ser del \u00e1rea de las ciencias naturales y exactas, ciencias sociales, artes y humanidades o innovaci\u00f3n cient\u00edfica.<\/span><\/p>\n<p>Para inscribirte solo tienes que completar el<strong> &#8220;Formulario de participaci\u00f3n IIE 2021&#8221; <\/strong>y enviarlo al correo de contacto<strong> exploraysen@uach.cl hasta el 16 de junio.<\/strong><\/p>\n<p style=\"text-align: center\"><a href=\"https:\/\/drive.google.com\/file\/d\/1U3I-9gyTch-VyB-Ew9-dfzYi0ZhvlmpY\/view?usp=sharing\">Descargar Formulario de Participaci\u00f3n IIE 2021<\/a><\/p>\n<p style=\"text-align: center\"><a href=\"https:\/\/drive.google.com\/file\/d\/15JkylVvKZNep2WqHFN-pLxDWHeufIUfg\/view?usp=sharing\">Descargar Convocatoria IIE 2021<\/a><\/p>\n<p style=\"text-align: center\"><a href=\"https:\/\/drive.google.com\/file\/d\/1ijJBHIC7jxMEFesaS2v2m6P0eO8nxlHu\/view?usp=sharing\">Descargar Normativa de Seguridad y Bio\u00e9tica<\/a><\/p>\n","protected":false},"excerpt":{"rendered":"<p>La convocatoria est\u00e1 dirigida a docentes y estudiantes de ense\u00f1anza b\u00e1sica y media interesados\/as en crear proyectos de investigaci\u00f3n o innovaci\u00f3n escolar que conecten con las problem\u00e1ticas territoriales. Puedes inscribirte hasta el 09 de junio completando el formulario disponible al final de la nota.<\/p>\n","protected":false},"author":37,"featured_media":37904,"comment_status":"open","ping_status":"open","sticky":false,"template":"","format":"standard","meta":{"_acf_changed":false,"_exactmetrics_skip_tracking":false,"_exactmetrics_sitenote_active":false,"_exactmetrics_sitenote_note":"","_exactmetrics_sitenote_category":0,"footnotes":"","_links_to":"","_links_to_target":""},"categories":[4],"tags":[],"class_list":["post-37884","post","type-post","status-publish","format-standard","has-post-thumbnail","hentry","category-noticias"],"acf":[],"yoast_head":"<!-- This site is optimized with the Yoast SEO plugin v26.7 - https:\/\/yoast.com\/wordpress\/plugins\/seo\/ -->\n<title>Atenci\u00f3n docentes: \u00a1Ampliamos plazo para inscribirse al Programa de Investigaci\u00f3n e Innovaci\u00f3n Escolar 2021! - Aysen<\/title>\n<meta name=\"robots\" content=\"index, follow, max-snippet:-1, max-image-preview:large, max-video-preview:-1\" \/>\n<link rel=\"canonical\" href=\"https:\/\/dev.explora.cl\/aysen\/convocatoriaiie2021\/\" class=\"yoast-seo-meta-tag\" \/>\n<meta property=\"og:locale\" content=\"es_ES\" class=\"yoast-seo-meta-tag\" \/>\n<meta property=\"og:type\" content=\"article\" class=\"yoast-seo-meta-tag\" \/>\n<meta property=\"og:title\" content=\"Atenci\u00f3n docentes: \u00a1Ampliamos plazo para inscribirse al Programa de Investigaci\u00f3n e Innovaci\u00f3n Escolar 2021! - Aysen\" class=\"yoast-seo-meta-tag\" \/>\n<meta property=\"og:description\" content=\"La convocatoria est\u00e1 dirigida a docentes y estudiantes de ense\u00f1anza b\u00e1sica y media interesados\/as en crear proyectos de investigaci\u00f3n o innovaci\u00f3n escolar que conecten con las problem\u00e1ticas territoriales. Puedes inscribirte hasta el 09 de junio completando el formulario disponible al final de la nota.\" class=\"yoast-seo-meta-tag\" \/>\n<meta property=\"og:url\" content=\"https:\/\/dev.explora.cl\/aysen\/convocatoriaiie2021\/\" class=\"yoast-seo-meta-tag\" \/>\n<meta property=\"og:site_name\" content=\"Aysen\" class=\"yoast-seo-meta-tag\" \/>\n<meta property=\"article:published_time\" content=\"2021-05-25T17:48:24+00:00\" class=\"yoast-seo-meta-tag\" \/>\n<meta property=\"article:modified_time\" content=\"2023-07-28T15:27:47+00:00\" class=\"yoast-seo-meta-tag\" \/>\n<meta property=\"og:image\" content=\"https:\/\/dev.explora.cl\/aysen\/wp-content\/uploads\/sites\/18\/2021\/05\/IIEbannerweb-explora-nuevo-plazo.png\" class=\"yoast-seo-meta-tag\" \/>\n\t<meta property=\"og:image:width\" content=\"735\" class=\"yoast-seo-meta-tag\" \/>\n\t<meta property=\"og:image:height\" content=\"470\" class=\"yoast-seo-meta-tag\" \/>\n\t<meta property=\"og:image:type\" content=\"image\/png\" class=\"yoast-seo-meta-tag\" \/>\n<meta name=\"author\" content=\"scisternas\" class=\"yoast-seo-meta-tag\" \/>\n<meta name=\"twitter:card\" content=\"summary_large_image\" class=\"yoast-seo-meta-tag\" \/>\n<meta name=\"twitter:label1\" content=\"Escrito por\" class=\"yoast-seo-meta-tag\" \/>\n\t<meta name=\"twitter:data1\" content=\"scisternas\" class=\"yoast-seo-meta-tag\" \/>\n\t<meta name=\"twitter:label2\" content=\"Tiempo estimado de lectura\" class=\"yoast-seo-meta-tag\" \/>\n\t<meta name=\"twitter:data2\" content=\"2 minutos\" class=\"yoast-seo-meta-tag\" \/>\n<script type=\"application\/ld+json\" class=\"yoast-schema-graph\">{\"@context\":\"https:\/\/schema.org\",\"@graph\":[{\"@type\":\"Article\",\"@id\":\"https:\/\/dev.explora.cl\/aysen\/convocatoriaiie2021\/#article\",\"isPartOf\":{\"@id\":\"https:\/\/dev.explora.cl\/aysen\/convocatoriaiie2021\/\"},\"author\":{\"name\":\"scisternas\",\"@id\":\"https:\/\/dev.explora.cl\/aysen\/#\/schema\/person\/81c802b1e3b443e2575e555b39e60a05\"},\"headline\":\"Atenci\u00f3n docentes: \u00a1Ampliamos plazo para inscribirse al Programa de Investigaci\u00f3n e Innovaci\u00f3n Escolar 2021!\",\"datePublished\":\"2021-05-25T17:48:24+00:00\",\"dateModified\":\"2023-07-28T15:27:47+00:00\",\"mainEntityOfPage\":{\"@id\":\"https:\/\/dev.explora.cl\/aysen\/convocatoriaiie2021\/\"},\"wordCount\":498,\"commentCount\":0,\"image\":{\"@id\":\"https:\/\/dev.explora.cl\/aysen\/convocatoriaiie2021\/#primaryimage\"},\"thumbnailUrl\":\"https:\/\/dev.explora.cl\/aysen\/wp-content\/uploads\/sites\/18\/2021\/05\/IIEbannerweb-explora-nuevo-plazo.png\",\"articleSection\":[\"Noticias\"],\"inLanguage\":\"es-CL\",\"potentialAction\":[{\"@type\":\"CommentAction\",\"name\":\"Comment\",\"target\":[\"https:\/\/dev.explora.cl\/aysen\/convocatoriaiie2021\/#respond\"]}]},{\"@type\":\"WebPage\",\"@id\":\"https:\/\/dev.explora.cl\/aysen\/convocatoriaiie2021\/\",\"url\":\"https:\/\/dev.explora.cl\/aysen\/convocatoriaiie2021\/\",\"name\":\"Atenci\u00f3n docentes: \u00a1Ampliamos plazo para inscribirse al Programa de Investigaci\u00f3n e Innovaci\u00f3n Escolar 2021! - Aysen\",\"isPartOf\":{\"@id\":\"https:\/\/dev.explora.cl\/aysen\/#website\"},\"primaryImageOfPage\":{\"@id\":\"https:\/\/dev.explora.cl\/aysen\/convocatoriaiie2021\/#primaryimage\"},\"image\":{\"@id\":\"https:\/\/dev.explora.cl\/aysen\/convocatoriaiie2021\/#primaryimage\"},\"thumbnailUrl\":\"https:\/\/dev.explora.cl\/aysen\/wp-content\/uploads\/sites\/18\/2021\/05\/IIEbannerweb-explora-nuevo-plazo.png\",\"datePublished\":\"2021-05-25T17:48:24+00:00\",\"dateModified\":\"2023-07-28T15:27:47+00:00\",\"author\":{\"@id\":\"https:\/\/dev.explora.cl\/aysen\/#\/schema\/person\/81c802b1e3b443e2575e555b39e60a05\"},\"breadcrumb\":{\"@id\":\"https:\/\/dev.explora.cl\/aysen\/convocatoriaiie2021\/#breadcrumb\"},\"inLanguage\":\"es-CL\",\"potentialAction\":[{\"@type\":\"ReadAction\",\"target\":[\"https:\/\/dev.explora.cl\/aysen\/convocatoriaiie2021\/\"]}]},{\"@type\":\"ImageObject\",\"inLanguage\":\"es-CL\",\"@id\":\"https:\/\/dev.explora.cl\/aysen\/convocatoriaiie2021\/#primaryimage\",\"url\":\"https:\/\/dev.explora.cl\/aysen\/wp-content\/uploads\/sites\/18\/2021\/05\/IIEbannerweb-explora-nuevo-plazo.png\",\"contentUrl\":\"https:\/\/dev.explora.cl\/aysen\/wp-content\/uploads\/sites\/18\/2021\/05\/IIEbannerweb-explora-nuevo-plazo.png\",\"width\":735,\"height\":470},{\"@type\":\"BreadcrumbList\",\"@id\":\"https:\/\/dev.explora.cl\/aysen\/convocatoriaiie2021\/#breadcrumb\",\"itemListElement\":[{\"@type\":\"ListItem\",\"position\":1,\"name\":\"Portada\",\"item\":\"https:\/\/dev.explora.cl\/aysen\/\"},{\"@type\":\"ListItem\",\"position\":2,\"name\":\"Atenci\u00f3n docentes: \u00a1Ampliamos plazo para inscribirse al Programa de Investigaci\u00f3n e Innovaci\u00f3n Escolar 2021!\"}]},{\"@type\":\"WebSite\",\"@id\":\"https:\/\/dev.explora.cl\/aysen\/#website\",\"url\":\"https:\/\/dev.explora.cl\/aysen\/\",\"name\":\"Aysen\",\"description\":\"Otro sitio m\u00e1s de dev.explora.cl\",\"potentialAction\":[{\"@type\":\"SearchAction\",\"target\":{\"@type\":\"EntryPoint\",\"urlTemplate\":\"https:\/\/dev.explora.cl\/aysen\/?s={search_term_string}\"},\"query-input\":{\"@type\":\"PropertyValueSpecification\",\"valueRequired\":true,\"valueName\":\"search_term_string\"}}],\"inLanguage\":\"es-CL\"},{\"@type\":\"Person\",\"@id\":\"https:\/\/dev.explora.cl\/aysen\/#\/schema\/person\/81c802b1e3b443e2575e555b39e60a05\",\"name\":\"scisternas\",\"image\":{\"@type\":\"ImageObject\",\"inLanguage\":\"es-CL\",\"@id\":\"https:\/\/dev.explora.cl\/aysen\/#\/schema\/person\/image\/\",\"url\":\"https:\/\/secure.gravatar.com\/avatar\/611c8f1946b775bdf01b0521c85a9381c3ad08d928d8ead34ce577b0fa231c76?s=96&d=mm&r=g\",\"contentUrl\":\"https:\/\/secure.gravatar.com\/avatar\/611c8f1946b775bdf01b0521c85a9381c3ad08d928d8ead34ce577b0fa231c76?s=96&d=mm&r=g\",\"caption\":\"scisternas\"},\"url\":\"https:\/\/dev.explora.cl\/aysen\/author\/scisternas\/\"}]}<\/script>\n<!-- \/ Yoast SEO plugin. -->","yoast_head_json":{"title":"Atenci\u00f3n docentes: \u00a1Ampliamos plazo para inscribirse al Programa de Investigaci\u00f3n e Innovaci\u00f3n Escolar 2021! - Aysen","robots":{"index":"index","follow":"follow","max-snippet":"max-snippet:-1","max-image-preview":"max-image-preview:large","max-video-preview":"max-video-preview:-1"},"canonical":"https:\/\/dev.explora.cl\/aysen\/convocatoriaiie2021\/","og_locale":"es_ES","og_type":"article","og_title":"Atenci\u00f3n docentes: \u00a1Ampliamos plazo para inscribirse al Programa de Investigaci\u00f3n e Innovaci\u00f3n Escolar 2021! - Aysen","og_description":"La convocatoria est\u00e1 dirigida a docentes y estudiantes de ense\u00f1anza b\u00e1sica y media interesados\/as en crear proyectos de investigaci\u00f3n o innovaci\u00f3n escolar que conecten con las problem\u00e1ticas territoriales. Puedes inscribirte hasta el 09 de junio completando el formulario disponible al final de la nota.","og_url":"https:\/\/dev.explora.cl\/aysen\/convocatoriaiie2021\/","og_site_name":"Aysen","article_published_time":"2021-05-25T17:48:24+00:00","article_modified_time":"2023-07-28T15:27:47+00:00","og_image":[{"width":735,"height":470,"url":"https:\/\/dev.explora.cl\/aysen\/wp-content\/uploads\/sites\/18\/2021\/05\/IIEbannerweb-explora-nuevo-plazo.png","type":"image\/png"}],"author":"scisternas","twitter_card":"summary_large_image","twitter_misc":{"Escrito por":"scisternas","Tiempo estimado de lectura":"2 minutos"},"schema":{"@context":"https:\/\/schema.org","@graph":[{"@type":"Article","@id":"https:\/\/dev.explora.cl\/aysen\/convocatoriaiie2021\/#article","isPartOf":{"@id":"https:\/\/dev.explora.cl\/aysen\/convocatoriaiie2021\/"},"author":{"name":"scisternas","@id":"https:\/\/dev.explora.cl\/aysen\/#\/schema\/person\/81c802b1e3b443e2575e555b39e60a05"},"headline":"Atenci\u00f3n docentes: \u00a1Ampliamos plazo para inscribirse al Programa de Investigaci\u00f3n e Innovaci\u00f3n Escolar 2021!","datePublished":"2021-05-25T17:48:24+00:00","dateModified":"2023-07-28T15:27:47+00:00","mainEntityOfPage":{"@id":"https:\/\/dev.explora.cl\/aysen\/convocatoriaiie2021\/"},"wordCount":498,"commentCount":0,"image":{"@id":"https:\/\/dev.explora.cl\/aysen\/convocatoriaiie2021\/#primaryimage"},"thumbnailUrl":"https:\/\/dev.explora.cl\/aysen\/wp-content\/uploads\/sites\/18\/2021\/05\/IIEbannerweb-explora-nuevo-plazo.png","articleSection":["Noticias"],"inLanguage":"es-CL","potentialAction":[{"@type":"CommentAction","name":"Comment","target":["https:\/\/dev.explora.cl\/aysen\/convocatoriaiie2021\/#respond"]}]},{"@type":"WebPage","@id":"https:\/\/dev.explora.cl\/aysen\/convocatoriaiie2021\/","url":"https:\/\/dev.explora.cl\/aysen\/convocatoriaiie2021\/","name":"Atenci\u00f3n docentes: \u00a1Ampliamos plazo para inscribirse al Programa de Investigaci\u00f3n e Innovaci\u00f3n Escolar 2021! - Aysen","isPartOf":{"@id":"https:\/\/dev.explora.cl\/aysen\/#website"},"primaryImageOfPage":{"@id":"https:\/\/dev.explora.cl\/aysen\/convocatoriaiie2021\/#primaryimage"},"image":{"@id":"https:\/\/dev.explora.cl\/aysen\/convocatoriaiie2021\/#primaryimage"},"thumbnailUrl":"https:\/\/dev.explora.cl\/aysen\/wp-content\/uploads\/sites\/18\/2021\/05\/IIEbannerweb-explora-nuevo-plazo.png","datePublished":"2021-05-25T17:48:24+00:00","dateModified":"2023-07-28T15:27:47+00:00","author":{"@id":"https:\/\/dev.explora.cl\/aysen\/#\/schema\/person\/81c802b1e3b443e2575e555b39e60a05"},"breadcrumb":{"@id":"https:\/\/dev.explora.cl\/aysen\/convocatoriaiie2021\/#breadcrumb"},"inLanguage":"es-CL","potentialAction":[{"@type":"ReadAction","target":["https:\/\/dev.explora.cl\/aysen\/convocatoriaiie2021\/"]}]},{"@type":"ImageObject","inLanguage":"es-CL","@id":"https:\/\/dev.explora.cl\/aysen\/convocatoriaiie2021\/#primaryimage","url":"https:\/\/dev.explora.cl\/aysen\/wp-content\/uploads\/sites\/18\/2021\/05\/IIEbannerweb-explora-nuevo-plazo.png","contentUrl":"https:\/\/dev.explora.cl\/aysen\/wp-content\/uploads\/sites\/18\/2021\/05\/IIEbannerweb-explora-nuevo-plazo.png","width":735,"height":470},{"@type":"BreadcrumbList","@id":"https:\/\/dev.explora.cl\/aysen\/convocatoriaiie2021\/#breadcrumb","itemListElement":[{"@type":"ListItem","position":1,"name":"Portada","item":"https:\/\/dev.explora.cl\/aysen\/"},{"@type":"ListItem","position":2,"name":"Atenci\u00f3n docentes: \u00a1Ampliamos plazo para inscribirse al Programa de Investigaci\u00f3n e Innovaci\u00f3n Escolar 2021!"}]},{"@type":"WebSite","@id":"https:\/\/dev.explora.cl\/aysen\/#website","url":"https:\/\/dev.explora.cl\/aysen\/","name":"Aysen","description":"Otro sitio m\u00e1s de dev.explora.cl","potentialAction":[{"@type":"SearchAction","target":{"@type":"EntryPoint","urlTemplate":"https:\/\/dev.explora.cl\/aysen\/?s={search_term_string}"},"query-input":{"@type":"PropertyValueSpecification","valueRequired":true,"valueName":"search_term_string"}}],"inLanguage":"es-CL"},{"@type":"Person","@id":"https:\/\/dev.explora.cl\/aysen\/#\/schema\/person\/81c802b1e3b443e2575e555b39e60a05","name":"scisternas","image":{"@type":"ImageObject","inLanguage":"es-CL","@id":"https:\/\/dev.explora.cl\/aysen\/#\/schema\/person\/image\/","url":"https:\/\/secure.gravatar.com\/avatar\/611c8f1946b775bdf01b0521c85a9381c3ad08d928d8ead34ce577b0fa231c76?s=96&d=mm&r=g","contentUrl":"https:\/\/secure.gravatar.com\/avatar\/611c8f1946b775bdf01b0521c85a9381c3ad08d928d8ead34ce577b0fa231c76?s=96&d=mm&r=g","caption":"scisternas"},"url":"https:\/\/dev.explora.cl\/aysen\/author\/scisternas\/"}]}},"_links":{"self":[{"href":"https:\/\/dev.explora.cl\/aysen\/wp-json\/wp\/v2\/posts\/37884","targetHints":{"allow":["GET"]}}],"collection":[{"href":"https:\/\/dev.explora.cl\/aysen\/wp-json\/wp\/v2\/posts"}],"about":[{"href":"https:\/\/dev.explora.cl\/aysen\/wp-json\/wp\/v2\/types\/post"}],"author":[{"embeddable":true,"href":"https:\/\/dev.explora.cl\/aysen\/wp-json\/wp\/v2\/users\/37"}],"replies":[{"embeddable":true,"href":"https:\/\/dev.explora.cl\/aysen\/wp-json\/wp\/v2\/comments?post=37884"}],"version-history":[{"count":3,"href":"https:\/\/dev.explora.cl\/aysen\/wp-json\/wp\/v2\/posts\/37884\/revisions"}],"predecessor-version":[{"id":37905,"href":"https:\/\/dev.explora.cl\/aysen\/wp-json\/wp\/v2\/posts\/37884\/revisions\/37905"}],"wp:featuredmedia":[{"embeddable":true,"href":"https:\/\/dev.explora.cl\/aysen\/wp-json\/wp\/v2\/media\/37904"}],"wp:attachment":[{"href":"https:\/\/dev.explora.cl\/aysen\/wp-json\/wp\/v2\/media?parent=37884"}],"wp:term":[{"taxonomy":"category","embeddable":true,"href":"https:\/\/dev.explora.cl\/aysen\/wp-json\/wp\/v2\/categories?post=37884"},{"taxonomy":"post_tag","embeddable":true,"href":"https:\/\/dev.explora.cl\/aysen\/wp-json\/wp\/v2\/tags?post=37884"}],"curies":[{"name":"wp","href":"https:\/\/api.w.org\/{rel}","templated":true}]}}