{"id":37868,"date":"2021-03-18T15:36:36","date_gmt":"2021-03-18T18:36:36","guid":{"rendered":"https:\/\/dev.explora.cl\/aysen\/?p=37868"},"modified":"2023-07-28T11:24:37","modified_gmt":"2023-07-28T15:24:37","slug":"dia-de-la-astronomia-2021-inscribete-a-las-actividades","status":"publish","type":"post","link":"https:\/\/dev.explora.cl\/aysen\/dia-de-la-astronomia-2021-inscribete-a-las-actividades\/","title":{"rendered":"D\u00eda de la Astronom\u00eda 2021: Inscr\u00edbete a las actividades"},"content":{"rendered":"<p style=\"text-align: center\"><a href=\"https:\/\/bit.ly\/3qVstHD\">Revisa el Programa de Actividades<\/a><\/p>\n<p style=\"text-align: center\"><a href=\"http:\/\/shorturl.at\/esEFI\">Ingresa a Formulario de Inscripci\u00f3n<\/a><\/p>\n<p>Les invitamos a ser parte de las actividades del D\u00eda de la Astronom\u00eda 2021 que se realizar\u00e1n los d\u00edas 23 y 25 de marzo.\u00a0Como todos los a\u00f1os hemos organizado actividades para ni\u00f1os, ni\u00f1as y toda la familia y nos proponemos continuar promoviendo que m\u00e1s personas puedan conectarse con el cielo. En pandemia, mirar el cielo aparece a\u00fan m\u00e1s como un ejercicio de libertad.<\/p>\n<p style=\"text-align: left\"><strong>Taller pr\u00e1ctico para ni\u00f1os\/as: &#8220;Vamos a la Luna&#8221;<\/strong><\/p>\n<p><em>Fecha: 23 de marzo, 15:00 horas V\u00eda Zoom<\/em><br \/>\n<em>Taller dirigido a ni\u00f1os\/as entre 8-12 a\u00f1os<\/em><\/p>\n<p>En este taller aprenderemos acerca de la carrera espacial y los viajes lunares, con el fin de desarrollar la curiosidad y la observaci\u00f3n. Finalizaremos con una actividad pr\u00e1ctica en donde ni\u00f1os y ni\u00f1as podr\u00e1n fabricar su propia mochila de ox\u00edgeno a partir de materiales reciclados.<\/p>\n<p>\u00bfQu\u00e9 materiales vas a necesitar?:<\/p>\n<p>-Dos botellas desechables (1.5 litros idealmente)<br \/>\n-Trozo de Cart\u00f3n (30&#215;30 cm aprox)<br \/>\n-Pita (o cualquier tipo de hilo fuerte que sirva para amarrar, 2 metros aprox.)<br \/>\n-Cinta de pegar<br \/>\n-Hojas en blanco y\/o revistas para decorar<br \/>\n-L\u00e1pices para colorear<\/p>\n<p><em>Relatora: Jennifer Anguita, estudiante del Mag\u00edster en ciencias menci\u00f3n astronom\u00eda de la Facultad de Ciencias F\u00edsicas y Matem\u00e1ticas de la Universidad de Chile y divulgadora cient\u00edfica del Departamento de Astronom\u00eda FCFM de la Universidad y del Centro de Excelencia en Astrof\u00edsica y Tecnolog\u00edas Afines CATA.<\/em><\/p>\n<p>&nbsp;<\/p>\n<p><strong>Charla \u201cRayos gamma: El Universo de las altas energ\u00edas\u201d<\/strong><\/p>\n<p><em>Fecha: 25 de marzo, 17:30 horas V\u00eda Zoom<\/em><br \/>\n<em>Charla dirigida a p\u00fablico general y familiar.<\/em><\/p>\n<p>El astr\u00f3nomo Walter Max Moerbeck explicar\u00e1 c\u00f3mo los avances de la tecnolog\u00eda le han permitido a la astrof\u00edsica investigar mucho m\u00e1s all\u00e1 de la luz visible, rango al que estuvimos limitados por miles de a\u00f1os. En este espectro invisible destacan los enigm\u00e1ticos Rayos Gamma. \u00c9stos se han convertido en una manera clave para poder estudiar los procesos de las m\u00e1s altas energ\u00edas del universo, por ejemplo, las radiaciones producidas cerca de un agujero negro supermasivo, los centros de las Galaxias y los P\u00falsares.<\/p>\n<p><em>Relator: Walter Max Moerbeck, Ph.D en Astrof\u00edsica del California Institute of Technology (CALTECH)<\/em><\/p>\n","protected":false},"excerpt":{"rendered":"<p>Les invitamos a ser parte de las actividades del D\u00eda de la Astronom\u00eda 2021 que se realizar\u00e1n los d\u00edas 23 y 25 de marzo.\u00a0Como todos los a\u00f1os hemos organizado actividades para ni\u00f1os, ni\u00f1as y toda la familia y nos proponemos continuar promoviendo que m\u00e1s personas puedan conectarse con el cielo. En pandemia, mirar el cielo aparece a\u00fan m\u00e1s como un ejercicio de libertad.<\/p>\n","protected":false},"author":37,"featured_media":37869,"comment_status":"open","ping_status":"open","sticky":false,"template":"","format":"standard","meta":{"_acf_changed":false,"_exactmetrics_skip_tracking":false,"_exactmetrics_sitenote_active":false,"_exactmetrics_sitenote_note":"","_exactmetrics_sitenote_category":0,"footnotes":"","_links_to":"","_links_to_target":""},"categories":[4],"tags":[],"class_list":["post-37868","post","type-post","status-publish","format-standard","has-post-thumbnail","hentry","category-noticias"],"acf":[],"yoast_head":"<!-- This site is optimized with the Yoast SEO plugin v26.7 - https:\/\/yoast.com\/wordpress\/plugins\/seo\/ -->\n<title>D\u00eda de la Astronom\u00eda 2021: Inscr\u00edbete a las actividades - Aysen<\/title>\n<meta name=\"robots\" content=\"index, follow, max-snippet:-1, max-image-preview:large, max-video-preview:-1\" \/>\n<link rel=\"canonical\" href=\"https:\/\/dev.explora.cl\/aysen\/dia-de-la-astronomia-2021-inscribete-a-las-actividades\/\" class=\"yoast-seo-meta-tag\" \/>\n<meta property=\"og:locale\" content=\"es_ES\" class=\"yoast-seo-meta-tag\" \/>\n<meta property=\"og:type\" content=\"article\" class=\"yoast-seo-meta-tag\" \/>\n<meta property=\"og:title\" content=\"D\u00eda de la Astronom\u00eda 2021: Inscr\u00edbete a las actividades - Aysen\" class=\"yoast-seo-meta-tag\" \/>\n<meta property=\"og:description\" content=\"Les invitamos a ser parte de las actividades del D\u00eda de la Astronom\u00eda 2021 que se realizar\u00e1n los d\u00edas 23 y 25 de marzo.\u00a0Como todos los a\u00f1os hemos organizado actividades para ni\u00f1os, ni\u00f1as y toda la familia y nos proponemos continuar promoviendo que m\u00e1s personas puedan conectarse con el cielo. En pandemia, mirar el cielo aparece a\u00fan m\u00e1s como un ejercicio de libertad.\" class=\"yoast-seo-meta-tag\" \/>\n<meta property=\"og:url\" content=\"https:\/\/dev.explora.cl\/aysen\/dia-de-la-astronomia-2021-inscribete-a-las-actividades\/\" class=\"yoast-seo-meta-tag\" \/>\n<meta property=\"og:site_name\" content=\"Aysen\" class=\"yoast-seo-meta-tag\" \/>\n<meta property=\"article:published_time\" content=\"2021-03-18T18:36:36+00:00\" class=\"yoast-seo-meta-tag\" \/>\n<meta property=\"article:modified_time\" content=\"2023-07-28T15:24:37+00:00\" class=\"yoast-seo-meta-tag\" \/>\n<meta property=\"og:image\" content=\"https:\/\/dev.explora.cl\/aysen\/wp-content\/uploads\/sites\/18\/2021\/03\/banner-web-astronomia.png\" class=\"yoast-seo-meta-tag\" \/>\n\t<meta property=\"og:image:width\" content=\"735\" class=\"yoast-seo-meta-tag\" \/>\n\t<meta property=\"og:image:height\" content=\"470\" class=\"yoast-seo-meta-tag\" \/>\n\t<meta property=\"og:image:type\" content=\"image\/png\" class=\"yoast-seo-meta-tag\" \/>\n<meta name=\"author\" content=\"scisternas\" class=\"yoast-seo-meta-tag\" \/>\n<meta name=\"twitter:card\" content=\"summary_large_image\" class=\"yoast-seo-meta-tag\" \/>\n<meta name=\"twitter:label1\" content=\"Escrito por\" class=\"yoast-seo-meta-tag\" \/>\n\t<meta name=\"twitter:data1\" content=\"scisternas\" class=\"yoast-seo-meta-tag\" \/>\n\t<meta name=\"twitter:label2\" content=\"Tiempo estimado de lectura\" class=\"yoast-seo-meta-tag\" \/>\n\t<meta name=\"twitter:data2\" content=\"2 minutos\" class=\"yoast-seo-meta-tag\" \/>\n<script type=\"application\/ld+json\" class=\"yoast-schema-graph\">{\"@context\":\"https:\/\/schema.org\",\"@graph\":[{\"@type\":\"Article\",\"@id\":\"https:\/\/dev.explora.cl\/aysen\/dia-de-la-astronomia-2021-inscribete-a-las-actividades\/#article\",\"isPartOf\":{\"@id\":\"https:\/\/dev.explora.cl\/aysen\/dia-de-la-astronomia-2021-inscribete-a-las-actividades\/\"},\"author\":{\"name\":\"scisternas\",\"@id\":\"https:\/\/dev.explora.cl\/aysen\/#\/schema\/person\/81c802b1e3b443e2575e555b39e60a05\"},\"headline\":\"D\u00eda de la Astronom\u00eda 2021: Inscr\u00edbete a las actividades\",\"datePublished\":\"2021-03-18T18:36:36+00:00\",\"dateModified\":\"2023-07-28T15:24:37+00:00\",\"mainEntityOfPage\":{\"@id\":\"https:\/\/dev.explora.cl\/aysen\/dia-de-la-astronomia-2021-inscribete-a-las-actividades\/\"},\"wordCount\":405,\"commentCount\":0,\"image\":{\"@id\":\"https:\/\/dev.explora.cl\/aysen\/dia-de-la-astronomia-2021-inscribete-a-las-actividades\/#primaryimage\"},\"thumbnailUrl\":\"https:\/\/dev.explora.cl\/aysen\/wp-content\/uploads\/sites\/18\/2021\/03\/banner-web-astronomia.png\",\"articleSection\":[\"Noticias\"],\"inLanguage\":\"es-CL\",\"potentialAction\":[{\"@type\":\"CommentAction\",\"name\":\"Comment\",\"target\":[\"https:\/\/dev.explora.cl\/aysen\/dia-de-la-astronomia-2021-inscribete-a-las-actividades\/#respond\"]}]},{\"@type\":\"WebPage\",\"@id\":\"https:\/\/dev.explora.cl\/aysen\/dia-de-la-astronomia-2021-inscribete-a-las-actividades\/\",\"url\":\"https:\/\/dev.explora.cl\/aysen\/dia-de-la-astronomia-2021-inscribete-a-las-actividades\/\",\"name\":\"D\u00eda de la Astronom\u00eda 2021: Inscr\u00edbete a las actividades - Aysen\",\"isPartOf\":{\"@id\":\"https:\/\/dev.explora.cl\/aysen\/#website\"},\"primaryImageOfPage\":{\"@id\":\"https:\/\/dev.explora.cl\/aysen\/dia-de-la-astronomia-2021-inscribete-a-las-actividades\/#primaryimage\"},\"image\":{\"@id\":\"https:\/\/dev.explora.cl\/aysen\/dia-de-la-astronomia-2021-inscribete-a-las-actividades\/#primaryimage\"},\"thumbnailUrl\":\"https:\/\/dev.explora.cl\/aysen\/wp-content\/uploads\/sites\/18\/2021\/03\/banner-web-astronomia.png\",\"datePublished\":\"2021-03-18T18:36:36+00:00\",\"dateModified\":\"2023-07-28T15:24:37+00:00\",\"author\":{\"@id\":\"https:\/\/dev.explora.cl\/aysen\/#\/schema\/person\/81c802b1e3b443e2575e555b39e60a05\"},\"breadcrumb\":{\"@id\":\"https:\/\/dev.explora.cl\/aysen\/dia-de-la-astronomia-2021-inscribete-a-las-actividades\/#breadcrumb\"},\"inLanguage\":\"es-CL\",\"potentialAction\":[{\"@type\":\"ReadAction\",\"target\":[\"https:\/\/dev.explora.cl\/aysen\/dia-de-la-astronomia-2021-inscribete-a-las-actividades\/\"]}]},{\"@type\":\"ImageObject\",\"inLanguage\":\"es-CL\",\"@id\":\"https:\/\/dev.explora.cl\/aysen\/dia-de-la-astronomia-2021-inscribete-a-las-actividades\/#primaryimage\",\"url\":\"https:\/\/dev.explora.cl\/aysen\/wp-content\/uploads\/sites\/18\/2021\/03\/banner-web-astronomia.png\",\"contentUrl\":\"https:\/\/dev.explora.cl\/aysen\/wp-content\/uploads\/sites\/18\/2021\/03\/banner-web-astronomia.png\",\"width\":735,\"height\":470},{\"@type\":\"BreadcrumbList\",\"@id\":\"https:\/\/dev.explora.cl\/aysen\/dia-de-la-astronomia-2021-inscribete-a-las-actividades\/#breadcrumb\",\"itemListElement\":[{\"@type\":\"ListItem\",\"position\":1,\"name\":\"Portada\",\"item\":\"https:\/\/dev.explora.cl\/aysen\/\"},{\"@type\":\"ListItem\",\"position\":2,\"name\":\"D\u00eda de la Astronom\u00eda 2021: Inscr\u00edbete a las actividades\"}]},{\"@type\":\"WebSite\",\"@id\":\"https:\/\/dev.explora.cl\/aysen\/#website\",\"url\":\"https:\/\/dev.explora.cl\/aysen\/\",\"name\":\"Aysen\",\"description\":\"Otro sitio m\u00e1s de dev.explora.cl\",\"potentialAction\":[{\"@type\":\"SearchAction\",\"target\":{\"@type\":\"EntryPoint\",\"urlTemplate\":\"https:\/\/dev.explora.cl\/aysen\/?s={search_term_string}\"},\"query-input\":{\"@type\":\"PropertyValueSpecification\",\"valueRequired\":true,\"valueName\":\"search_term_string\"}}],\"inLanguage\":\"es-CL\"},{\"@type\":\"Person\",\"@id\":\"https:\/\/dev.explora.cl\/aysen\/#\/schema\/person\/81c802b1e3b443e2575e555b39e60a05\",\"name\":\"scisternas\",\"image\":{\"@type\":\"ImageObject\",\"inLanguage\":\"es-CL\",\"@id\":\"https:\/\/dev.explora.cl\/aysen\/#\/schema\/person\/image\/\",\"url\":\"https:\/\/secure.gravatar.com\/avatar\/611c8f1946b775bdf01b0521c85a9381c3ad08d928d8ead34ce577b0fa231c76?s=96&d=mm&r=g\",\"contentUrl\":\"https:\/\/secure.gravatar.com\/avatar\/611c8f1946b775bdf01b0521c85a9381c3ad08d928d8ead34ce577b0fa231c76?s=96&d=mm&r=g\",\"caption\":\"scisternas\"},\"url\":\"https:\/\/dev.explora.cl\/aysen\/author\/scisternas\/\"}]}<\/script>\n<!-- \/ Yoast SEO plugin. -->","yoast_head_json":{"title":"D\u00eda de la Astronom\u00eda 2021: Inscr\u00edbete a las actividades - Aysen","robots":{"index":"index","follow":"follow","max-snippet":"max-snippet:-1","max-image-preview":"max-image-preview:large","max-video-preview":"max-video-preview:-1"},"canonical":"https:\/\/dev.explora.cl\/aysen\/dia-de-la-astronomia-2021-inscribete-a-las-actividades\/","og_locale":"es_ES","og_type":"article","og_title":"D\u00eda de la Astronom\u00eda 2021: Inscr\u00edbete a las actividades - Aysen","og_description":"Les invitamos a ser parte de las actividades del D\u00eda de la Astronom\u00eda 2021 que se realizar\u00e1n los d\u00edas 23 y 25 de marzo.\u00a0Como todos los a\u00f1os hemos organizado actividades para ni\u00f1os, ni\u00f1as y toda la familia y nos proponemos continuar promoviendo que m\u00e1s personas puedan conectarse con el cielo. En pandemia, mirar el cielo aparece a\u00fan m\u00e1s como un ejercicio de libertad.","og_url":"https:\/\/dev.explora.cl\/aysen\/dia-de-la-astronomia-2021-inscribete-a-las-actividades\/","og_site_name":"Aysen","article_published_time":"2021-03-18T18:36:36+00:00","article_modified_time":"2023-07-28T15:24:37+00:00","og_image":[{"width":735,"height":470,"url":"https:\/\/dev.explora.cl\/aysen\/wp-content\/uploads\/sites\/18\/2021\/03\/banner-web-astronomia.png","type":"image\/png"}],"author":"scisternas","twitter_card":"summary_large_image","twitter_misc":{"Escrito por":"scisternas","Tiempo estimado de lectura":"2 minutos"},"schema":{"@context":"https:\/\/schema.org","@graph":[{"@type":"Article","@id":"https:\/\/dev.explora.cl\/aysen\/dia-de-la-astronomia-2021-inscribete-a-las-actividades\/#article","isPartOf":{"@id":"https:\/\/dev.explora.cl\/aysen\/dia-de-la-astronomia-2021-inscribete-a-las-actividades\/"},"author":{"name":"scisternas","@id":"https:\/\/dev.explora.cl\/aysen\/#\/schema\/person\/81c802b1e3b443e2575e555b39e60a05"},"headline":"D\u00eda de la Astronom\u00eda 2021: Inscr\u00edbete a las actividades","datePublished":"2021-03-18T18:36:36+00:00","dateModified":"2023-07-28T15:24:37+00:00","mainEntityOfPage":{"@id":"https:\/\/dev.explora.cl\/aysen\/dia-de-la-astronomia-2021-inscribete-a-las-actividades\/"},"wordCount":405,"commentCount":0,"image":{"@id":"https:\/\/dev.explora.cl\/aysen\/dia-de-la-astronomia-2021-inscribete-a-las-actividades\/#primaryimage"},"thumbnailUrl":"https:\/\/dev.explora.cl\/aysen\/wp-content\/uploads\/sites\/18\/2021\/03\/banner-web-astronomia.png","articleSection":["Noticias"],"inLanguage":"es-CL","potentialAction":[{"@type":"CommentAction","name":"Comment","target":["https:\/\/dev.explora.cl\/aysen\/dia-de-la-astronomia-2021-inscribete-a-las-actividades\/#respond"]}]},{"@type":"WebPage","@id":"https:\/\/dev.explora.cl\/aysen\/dia-de-la-astronomia-2021-inscribete-a-las-actividades\/","url":"https:\/\/dev.explora.cl\/aysen\/dia-de-la-astronomia-2021-inscribete-a-las-actividades\/","name":"D\u00eda de la Astronom\u00eda 2021: Inscr\u00edbete a las actividades - Aysen","isPartOf":{"@id":"https:\/\/dev.explora.cl\/aysen\/#website"},"primaryImageOfPage":{"@id":"https:\/\/dev.explora.cl\/aysen\/dia-de-la-astronomia-2021-inscribete-a-las-actividades\/#primaryimage"},"image":{"@id":"https:\/\/dev.explora.cl\/aysen\/dia-de-la-astronomia-2021-inscribete-a-las-actividades\/#primaryimage"},"thumbnailUrl":"https:\/\/dev.explora.cl\/aysen\/wp-content\/uploads\/sites\/18\/2021\/03\/banner-web-astronomia.png","datePublished":"2021-03-18T18:36:36+00:00","dateModified":"2023-07-28T15:24:37+00:00","author":{"@id":"https:\/\/dev.explora.cl\/aysen\/#\/schema\/person\/81c802b1e3b443e2575e555b39e60a05"},"breadcrumb":{"@id":"https:\/\/dev.explora.cl\/aysen\/dia-de-la-astronomia-2021-inscribete-a-las-actividades\/#breadcrumb"},"inLanguage":"es-CL","potentialAction":[{"@type":"ReadAction","target":["https:\/\/dev.explora.cl\/aysen\/dia-de-la-astronomia-2021-inscribete-a-las-actividades\/"]}]},{"@type":"ImageObject","inLanguage":"es-CL","@id":"https:\/\/dev.explora.cl\/aysen\/dia-de-la-astronomia-2021-inscribete-a-las-actividades\/#primaryimage","url":"https:\/\/dev.explora.cl\/aysen\/wp-content\/uploads\/sites\/18\/2021\/03\/banner-web-astronomia.png","contentUrl":"https:\/\/dev.explora.cl\/aysen\/wp-content\/uploads\/sites\/18\/2021\/03\/banner-web-astronomia.png","width":735,"height":470},{"@type":"BreadcrumbList","@id":"https:\/\/dev.explora.cl\/aysen\/dia-de-la-astronomia-2021-inscribete-a-las-actividades\/#breadcrumb","itemListElement":[{"@type":"ListItem","position":1,"name":"Portada","item":"https:\/\/dev.explora.cl\/aysen\/"},{"@type":"ListItem","position":2,"name":"D\u00eda de la Astronom\u00eda 2021: Inscr\u00edbete a las actividades"}]},{"@type":"WebSite","@id":"https:\/\/dev.explora.cl\/aysen\/#website","url":"https:\/\/dev.explora.cl\/aysen\/","name":"Aysen","description":"Otro sitio m\u00e1s de dev.explora.cl","potentialAction":[{"@type":"SearchAction","target":{"@type":"EntryPoint","urlTemplate":"https:\/\/dev.explora.cl\/aysen\/?s={search_term_string}"},"query-input":{"@type":"PropertyValueSpecification","valueRequired":true,"valueName":"search_term_string"}}],"inLanguage":"es-CL"},{"@type":"Person","@id":"https:\/\/dev.explora.cl\/aysen\/#\/schema\/person\/81c802b1e3b443e2575e555b39e60a05","name":"scisternas","image":{"@type":"ImageObject","inLanguage":"es-CL","@id":"https:\/\/dev.explora.cl\/aysen\/#\/schema\/person\/image\/","url":"https:\/\/secure.gravatar.com\/avatar\/611c8f1946b775bdf01b0521c85a9381c3ad08d928d8ead34ce577b0fa231c76?s=96&d=mm&r=g","contentUrl":"https:\/\/secure.gravatar.com\/avatar\/611c8f1946b775bdf01b0521c85a9381c3ad08d928d8ead34ce577b0fa231c76?s=96&d=mm&r=g","caption":"scisternas"},"url":"https:\/\/dev.explora.cl\/aysen\/author\/scisternas\/"}]}},"_links":{"self":[{"href":"https:\/\/dev.explora.cl\/aysen\/wp-json\/wp\/v2\/posts\/37868","targetHints":{"allow":["GET"]}}],"collection":[{"href":"https:\/\/dev.explora.cl\/aysen\/wp-json\/wp\/v2\/posts"}],"about":[{"href":"https:\/\/dev.explora.cl\/aysen\/wp-json\/wp\/v2\/types\/post"}],"author":[{"embeddable":true,"href":"https:\/\/dev.explora.cl\/aysen\/wp-json\/wp\/v2\/users\/37"}],"replies":[{"embeddable":true,"href":"https:\/\/dev.explora.cl\/aysen\/wp-json\/wp\/v2\/comments?post=37868"}],"version-history":[{"count":2,"href":"https:\/\/dev.explora.cl\/aysen\/wp-json\/wp\/v2\/posts\/37868\/revisions"}],"predecessor-version":[{"id":37871,"href":"https:\/\/dev.explora.cl\/aysen\/wp-json\/wp\/v2\/posts\/37868\/revisions\/37871"}],"wp:featuredmedia":[{"embeddable":true,"href":"https:\/\/dev.explora.cl\/aysen\/wp-json\/wp\/v2\/media\/37869"}],"wp:attachment":[{"href":"https:\/\/dev.explora.cl\/aysen\/wp-json\/wp\/v2\/media?parent=37868"}],"wp:term":[{"taxonomy":"category","embeddable":true,"href":"https:\/\/dev.explora.cl\/aysen\/wp-json\/wp\/v2\/categories?post=37868"},{"taxonomy":"post_tag","embeddable":true,"href":"https:\/\/dev.explora.cl\/aysen\/wp-json\/wp\/v2\/tags?post=37868"}],"curies":[{"name":"wp","href":"https:\/\/api.w.org\/{rel}","templated":true}]}}