{"id":37851,"date":"2021-01-06T17:25:23","date_gmt":"2021-01-06T20:25:23","guid":{"rendered":"https:\/\/dev.explora.cl\/aysen\/?p=37851"},"modified":"2021-09-08T11:03:36","modified_gmt":"2021-09-08T14:03:36","slug":"ruta-de-la-ciencia","status":"publish","type":"post","link":"https:\/\/dev.explora.cl\/aysen\/ruta-de-la-ciencia\/","title":{"rendered":"Ruta de la Ciencia: Serie de radionovelas sobre cambio clim\u00e1tico y patrimonio arqueol\u00f3gico de la regi\u00f3n de Ays\u00e9n"},"content":{"rendered":"<p><em>La iniciativa del Proyecto Explora Ays\u00e9n del Ministerio de Ciencia, ejecutado en la regi\u00f3n por la Universidad Austral de Chile, ser\u00e1 emitida durante diciembre, enero, febrero y marzo a trav\u00e9s de radioemisoras locales.<\/em><\/p>\n<p>\u00bfC\u00f3mo acercar las ciencias a los territorios? Cerca del 70% de las localidades de la regi\u00f3n de Ays\u00e9n se encuentran en condiciones de aislamiento, lo que dificulta la interacci\u00f3n directa con comunidades que geogr\u00e1ficamente est\u00e1n muy alejadas entre s\u00ed y de la capital regional. En el af\u00e1n del Proyecto Explora Ays\u00e9n de crear nuevas estrategias para divulgar y valorar la ciencia en localidades aisladas y rurales es que nace \u201cRuta de la Ciencia y la Tecnolog\u00eda\u201d. Inicialmente estas actividades se realizaban con la comunidad de localidades apartadas, e inclu\u00edan salidas a terreno, charlas y talleres presenciales orientados a discutir en torno a tem\u00e1ticas de inter\u00e9s local y estimular el pensamiento cr\u00edtico.<\/p>\n<p>Este a\u00f1o las restricciones sanitarias impidieron desarrollar estas actividades de la forma tradicional, por lo que la reformulaci\u00f3n de esta iniciativa regional fue inminente.<\/p>\n<p><strong>La radio al servicio de las ciencias y el protagonismo del patrimonio <\/strong><\/p>\n<p>En una realidad como la de la regi\u00f3n de Ays\u00e9n, en donde la conectividad y el acceso a las tecnolog\u00edas como el internet son a\u00fan complejos, la radio sigue teniendo un rol fundamental en la vida cotidiana de todas y todos los ayseninos. Este medio de difusi\u00f3n logra vincular a las comunidades rurales con el acontecer nacional y crear una identidad como medio informativo y de participaci\u00f3n social, asent\u00e1ndose como una pr\u00e1ctica cultural extendida en las comunidades de la regi\u00f3n. Entonces \u00bfpor qu\u00e9 no utilizar la radio como un espacio para divulgar el conocimiento cient\u00edfico, ahora que no es posible llegar a territorios m\u00e1s alejados de forma presencial?<\/p>\n<p>La serie de radionovelas \u201cRuta de la Ciencia\u201d es la concreci\u00f3n del esfuerzo del Proyecto Explora Ays\u00e9n junto a investigadores\/as de instituciones amigas por acercar las ciencias a las comunidades m\u00e1s apartadas del territorio y transmitir a la comunidad la importancia de conocer el pasado del territorio para comprender el presente y tomar decisiones en el futuro.<\/p>\n<p>\u201cEn esta serie de radionovelas la radio se constituye como un medio de participaci\u00f3n masivo y activo que nos permite no solo potenciar las ciencias y la figura de cient\u00edficas y cient\u00edficos en estas localidades de forma inclusiva y con un enfoque territorial, sino tambi\u00e9n contribuir en la construcci\u00f3n de sociedad e identidad en las comunidades.\u201d puntualiz\u00f3 Marisol Barria, Directora del Proyecto Explora Ays\u00e9n.<\/p>\n<p>La primera radionovela se centrar\u00e1 en el Patrimonio Arqueol\u00f3gico de la regi\u00f3n de Ays\u00e9n, y constar\u00e1 de tres cap\u00edtulos a lo largo de los cuales tres curiosos j\u00f3venes descubren lugares de enorme valor patrimonial, remont\u00e1ndose incluso a la presencia de los primeros asentamientos humanos en el territorio.<\/p>\n<p>\u201cEl cuidado y protecci\u00f3n de los sitios y piezas arqueol\u00f3gicas es una tarea de todas y todos, porque el patrimonio arqueol\u00f3gico nos pertenece a todos en general pero a nadie en particular. Pero para poder proteger es necesario conocer lo que nos rodea, por eso es muy importante que todas y todos conozcamos la riqueza arqueol\u00f3gica de la regi\u00f3n de Ays\u00e9n, que es enorme, para de esa manera poder cuidarla y conservarla para futuros estudios y generaciones.\u201d<\/p>\n<p>La segunda radionovela tendr\u00e1 como tem\u00e1tica principal Cambio Clim\u00e1tico, y ser\u00e1 transmitida desde marzo del presente a\u00f1o.<\/p>\n<p>Al final de cada historia los radioescuchas podr\u00e1n participar de las actividades propuestas respondiendo una pregunta que invita a recordar, conversar y compartir saberes entre las familias y la comunidad local, descubriendo pr\u00e1cticas de nuestros antepasados con las que surgen muchas preguntas. Las personas que quieran compartir sus respuestas pueden hacerlo a trav\u00e9s de las redes sociales del Proyecto Explora Ays\u00e9n al Facebook @exploraysen e Instagram @aysenexplora.<\/p>\n<p>Los cap\u00edtulos de la radionovela se est\u00e1n transmitiendo semanalmente a trav\u00e9s de <strong>Radio Santa Mar\u00eda FM (La Junta, Puerto Cisnes, Ma\u00f1ihuales, Puerto Ays\u00e9n, Chile Chico y Cochrane), Radio R\u00edo Pascua Villa O\u2019Higgins, Radio 94,1 FM Puyuhapi, la Melinkana FM de las Guaitecas.<\/strong><\/p>\n<p>&nbsp;<\/p>\n<p>&nbsp;<\/p>\n","protected":false},"excerpt":{"rendered":"<p>Los cap\u00edtulos de la radionovela se est\u00e1n transmitiendo semanalmente a trav\u00e9s de Radio Santa Mar\u00eda FM (La Junta, Puerto Cisnes, Ma\u00f1ihuales, Puerto Ays\u00e9n, Chile Chico y Cochrane), Radio R\u00edo Pascua Villa O\u2019Higgins, Radio 94,1 FM Puyuhapi, la Melinkana FM de las Guaitecas.<\/p>\n","protected":false},"author":37,"featured_media":37852,"comment_status":"open","ping_status":"open","sticky":false,"template":"","format":"standard","meta":{"_acf_changed":false,"_exactmetrics_skip_tracking":false,"_exactmetrics_sitenote_active":false,"_exactmetrics_sitenote_note":"","_exactmetrics_sitenote_category":0,"footnotes":"","_links_to":"","_links_to_target":""},"categories":[142,4,126],"tags":[],"class_list":["post-37851","post","type-post","status-publish","format-standard","has-post-thumbnail","hentry","category-lugar-7","category-noticias","category-para-publico-general"],"acf":[],"yoast_head":"<!-- This site is optimized with the Yoast SEO plugin v26.7 - https:\/\/yoast.com\/wordpress\/plugins\/seo\/ -->\n<title>Ruta de la Ciencia: Serie de radionovelas sobre cambio clim\u00e1tico y patrimonio arqueol\u00f3gico de la regi\u00f3n de Ays\u00e9n - Aysen<\/title>\n<meta name=\"robots\" content=\"index, follow, max-snippet:-1, max-image-preview:large, max-video-preview:-1\" \/>\n<link rel=\"canonical\" href=\"https:\/\/dev.explora.cl\/aysen\/ruta-de-la-ciencia\/\" class=\"yoast-seo-meta-tag\" \/>\n<meta property=\"og:locale\" content=\"es_ES\" class=\"yoast-seo-meta-tag\" \/>\n<meta property=\"og:type\" content=\"article\" class=\"yoast-seo-meta-tag\" \/>\n<meta property=\"og:title\" content=\"Ruta de la Ciencia: Serie de radionovelas sobre cambio clim\u00e1tico y patrimonio arqueol\u00f3gico de la regi\u00f3n de Ays\u00e9n - Aysen\" class=\"yoast-seo-meta-tag\" \/>\n<meta property=\"og:description\" content=\"Los cap\u00edtulos de la radionovela se est\u00e1n transmitiendo semanalmente a trav\u00e9s de Radio Santa Mar\u00eda FM (La Junta, Puerto Cisnes, Ma\u00f1ihuales, Puerto Ays\u00e9n, Chile Chico y Cochrane), Radio R\u00edo Pascua Villa O\u2019Higgins, Radio 94,1 FM Puyuhapi, la Melinkana FM de las Guaitecas.\" class=\"yoast-seo-meta-tag\" \/>\n<meta property=\"og:url\" content=\"https:\/\/dev.explora.cl\/aysen\/ruta-de-la-ciencia\/\" class=\"yoast-seo-meta-tag\" \/>\n<meta property=\"og:site_name\" content=\"Aysen\" class=\"yoast-seo-meta-tag\" \/>\n<meta property=\"article:published_time\" content=\"2021-01-06T20:25:23+00:00\" class=\"yoast-seo-meta-tag\" \/>\n<meta property=\"article:modified_time\" content=\"2021-09-08T14:03:36+00:00\" class=\"yoast-seo-meta-tag\" \/>\n<meta property=\"og:image\" content=\"https:\/\/dev.explora.cl\/aysen\/wp-content\/uploads\/sites\/18\/2021\/01\/136369172_2916055618717485_6459998776758287590_n.png\" class=\"yoast-seo-meta-tag\" \/>\n\t<meta property=\"og:image:width\" content=\"735\" class=\"yoast-seo-meta-tag\" \/>\n\t<meta property=\"og:image:height\" content=\"470\" class=\"yoast-seo-meta-tag\" \/>\n\t<meta property=\"og:image:type\" content=\"image\/png\" class=\"yoast-seo-meta-tag\" \/>\n<meta name=\"author\" content=\"scisternas\" class=\"yoast-seo-meta-tag\" \/>\n<meta name=\"twitter:card\" content=\"summary_large_image\" class=\"yoast-seo-meta-tag\" \/>\n<meta name=\"twitter:label1\" content=\"Escrito por\" class=\"yoast-seo-meta-tag\" \/>\n\t<meta name=\"twitter:data1\" content=\"scisternas\" class=\"yoast-seo-meta-tag\" \/>\n\t<meta name=\"twitter:label2\" content=\"Tiempo estimado de lectura\" class=\"yoast-seo-meta-tag\" \/>\n\t<meta name=\"twitter:data2\" content=\"4 minutos\" class=\"yoast-seo-meta-tag\" \/>\n<script type=\"application\/ld+json\" class=\"yoast-schema-graph\">{\"@context\":\"https:\/\/schema.org\",\"@graph\":[{\"@type\":\"Article\",\"@id\":\"https:\/\/dev.explora.cl\/aysen\/ruta-de-la-ciencia\/#article\",\"isPartOf\":{\"@id\":\"https:\/\/dev.explora.cl\/aysen\/ruta-de-la-ciencia\/\"},\"author\":{\"name\":\"scisternas\",\"@id\":\"https:\/\/dev.explora.cl\/aysen\/#\/schema\/person\/81c802b1e3b443e2575e555b39e60a05\"},\"headline\":\"Ruta de la Ciencia: Serie de radionovelas sobre cambio clim\u00e1tico y patrimonio arqueol\u00f3gico de la regi\u00f3n de Ays\u00e9n\",\"datePublished\":\"2021-01-06T20:25:23+00:00\",\"dateModified\":\"2021-09-08T14:03:36+00:00\",\"mainEntityOfPage\":{\"@id\":\"https:\/\/dev.explora.cl\/aysen\/ruta-de-la-ciencia\/\"},\"wordCount\":747,\"commentCount\":0,\"image\":{\"@id\":\"https:\/\/dev.explora.cl\/aysen\/ruta-de-la-ciencia\/#primaryimage\"},\"thumbnailUrl\":\"https:\/\/dev.explora.cl\/aysen\/wp-content\/uploads\/sites\/18\/2021\/01\/136369172_2916055618717485_6459998776758287590_n.png\",\"articleSection\":[\"Lugar 7\",\"Noticias\",\"Para P\u00fablico General\"],\"inLanguage\":\"es-CL\",\"potentialAction\":[{\"@type\":\"CommentAction\",\"name\":\"Comment\",\"target\":[\"https:\/\/dev.explora.cl\/aysen\/ruta-de-la-ciencia\/#respond\"]}]},{\"@type\":\"WebPage\",\"@id\":\"https:\/\/dev.explora.cl\/aysen\/ruta-de-la-ciencia\/\",\"url\":\"https:\/\/dev.explora.cl\/aysen\/ruta-de-la-ciencia\/\",\"name\":\"Ruta de la Ciencia: Serie de radionovelas sobre cambio clim\u00e1tico y patrimonio arqueol\u00f3gico de la regi\u00f3n de Ays\u00e9n - Aysen\",\"isPartOf\":{\"@id\":\"https:\/\/dev.explora.cl\/aysen\/#website\"},\"primaryImageOfPage\":{\"@id\":\"https:\/\/dev.explora.cl\/aysen\/ruta-de-la-ciencia\/#primaryimage\"},\"image\":{\"@id\":\"https:\/\/dev.explora.cl\/aysen\/ruta-de-la-ciencia\/#primaryimage\"},\"thumbnailUrl\":\"https:\/\/dev.explora.cl\/aysen\/wp-content\/uploads\/sites\/18\/2021\/01\/136369172_2916055618717485_6459998776758287590_n.png\",\"datePublished\":\"2021-01-06T20:25:23+00:00\",\"dateModified\":\"2021-09-08T14:03:36+00:00\",\"author\":{\"@id\":\"https:\/\/dev.explora.cl\/aysen\/#\/schema\/person\/81c802b1e3b443e2575e555b39e60a05\"},\"breadcrumb\":{\"@id\":\"https:\/\/dev.explora.cl\/aysen\/ruta-de-la-ciencia\/#breadcrumb\"},\"inLanguage\":\"es-CL\",\"potentialAction\":[{\"@type\":\"ReadAction\",\"target\":[\"https:\/\/dev.explora.cl\/aysen\/ruta-de-la-ciencia\/\"]}]},{\"@type\":\"ImageObject\",\"inLanguage\":\"es-CL\",\"@id\":\"https:\/\/dev.explora.cl\/aysen\/ruta-de-la-ciencia\/#primaryimage\",\"url\":\"https:\/\/dev.explora.cl\/aysen\/wp-content\/uploads\/sites\/18\/2021\/01\/136369172_2916055618717485_6459998776758287590_n.png\",\"contentUrl\":\"https:\/\/dev.explora.cl\/aysen\/wp-content\/uploads\/sites\/18\/2021\/01\/136369172_2916055618717485_6459998776758287590_n.png\",\"width\":735,\"height\":470},{\"@type\":\"BreadcrumbList\",\"@id\":\"https:\/\/dev.explora.cl\/aysen\/ruta-de-la-ciencia\/#breadcrumb\",\"itemListElement\":[{\"@type\":\"ListItem\",\"position\":1,\"name\":\"Portada\",\"item\":\"https:\/\/dev.explora.cl\/aysen\/\"},{\"@type\":\"ListItem\",\"position\":2,\"name\":\"Ruta de la Ciencia: Serie de radionovelas sobre cambio clim\u00e1tico y patrimonio arqueol\u00f3gico de la regi\u00f3n de Ays\u00e9n\"}]},{\"@type\":\"WebSite\",\"@id\":\"https:\/\/dev.explora.cl\/aysen\/#website\",\"url\":\"https:\/\/dev.explora.cl\/aysen\/\",\"name\":\"Aysen\",\"description\":\"Otro sitio m\u00e1s de dev.explora.cl\",\"potentialAction\":[{\"@type\":\"SearchAction\",\"target\":{\"@type\":\"EntryPoint\",\"urlTemplate\":\"https:\/\/dev.explora.cl\/aysen\/?s={search_term_string}\"},\"query-input\":{\"@type\":\"PropertyValueSpecification\",\"valueRequired\":true,\"valueName\":\"search_term_string\"}}],\"inLanguage\":\"es-CL\"},{\"@type\":\"Person\",\"@id\":\"https:\/\/dev.explora.cl\/aysen\/#\/schema\/person\/81c802b1e3b443e2575e555b39e60a05\",\"name\":\"scisternas\",\"image\":{\"@type\":\"ImageObject\",\"inLanguage\":\"es-CL\",\"@id\":\"https:\/\/dev.explora.cl\/aysen\/#\/schema\/person\/image\/\",\"url\":\"https:\/\/secure.gravatar.com\/avatar\/611c8f1946b775bdf01b0521c85a9381c3ad08d928d8ead34ce577b0fa231c76?s=96&d=mm&r=g\",\"contentUrl\":\"https:\/\/secure.gravatar.com\/avatar\/611c8f1946b775bdf01b0521c85a9381c3ad08d928d8ead34ce577b0fa231c76?s=96&d=mm&r=g\",\"caption\":\"scisternas\"},\"url\":\"https:\/\/dev.explora.cl\/aysen\/author\/scisternas\/\"}]}<\/script>\n<!-- \/ Yoast SEO plugin. -->","yoast_head_json":{"title":"Ruta de la Ciencia: Serie de radionovelas sobre cambio clim\u00e1tico y patrimonio arqueol\u00f3gico de la regi\u00f3n de Ays\u00e9n - Aysen","robots":{"index":"index","follow":"follow","max-snippet":"max-snippet:-1","max-image-preview":"max-image-preview:large","max-video-preview":"max-video-preview:-1"},"canonical":"https:\/\/dev.explora.cl\/aysen\/ruta-de-la-ciencia\/","og_locale":"es_ES","og_type":"article","og_title":"Ruta de la Ciencia: Serie de radionovelas sobre cambio clim\u00e1tico y patrimonio arqueol\u00f3gico de la regi\u00f3n de Ays\u00e9n - Aysen","og_description":"Los cap\u00edtulos de la radionovela se est\u00e1n transmitiendo semanalmente a trav\u00e9s de Radio Santa Mar\u00eda FM (La Junta, Puerto Cisnes, Ma\u00f1ihuales, Puerto Ays\u00e9n, Chile Chico y Cochrane), Radio R\u00edo Pascua Villa O\u2019Higgins, Radio 94,1 FM Puyuhapi, la Melinkana FM de las Guaitecas.","og_url":"https:\/\/dev.explora.cl\/aysen\/ruta-de-la-ciencia\/","og_site_name":"Aysen","article_published_time":"2021-01-06T20:25:23+00:00","article_modified_time":"2021-09-08T14:03:36+00:00","og_image":[{"width":735,"height":470,"url":"https:\/\/dev.explora.cl\/aysen\/wp-content\/uploads\/sites\/18\/2021\/01\/136369172_2916055618717485_6459998776758287590_n.png","type":"image\/png"}],"author":"scisternas","twitter_card":"summary_large_image","twitter_misc":{"Escrito por":"scisternas","Tiempo estimado de lectura":"4 minutos"},"schema":{"@context":"https:\/\/schema.org","@graph":[{"@type":"Article","@id":"https:\/\/dev.explora.cl\/aysen\/ruta-de-la-ciencia\/#article","isPartOf":{"@id":"https:\/\/dev.explora.cl\/aysen\/ruta-de-la-ciencia\/"},"author":{"name":"scisternas","@id":"https:\/\/dev.explora.cl\/aysen\/#\/schema\/person\/81c802b1e3b443e2575e555b39e60a05"},"headline":"Ruta de la Ciencia: Serie de radionovelas sobre cambio clim\u00e1tico y patrimonio arqueol\u00f3gico de la regi\u00f3n de Ays\u00e9n","datePublished":"2021-01-06T20:25:23+00:00","dateModified":"2021-09-08T14:03:36+00:00","mainEntityOfPage":{"@id":"https:\/\/dev.explora.cl\/aysen\/ruta-de-la-ciencia\/"},"wordCount":747,"commentCount":0,"image":{"@id":"https:\/\/dev.explora.cl\/aysen\/ruta-de-la-ciencia\/#primaryimage"},"thumbnailUrl":"https:\/\/dev.explora.cl\/aysen\/wp-content\/uploads\/sites\/18\/2021\/01\/136369172_2916055618717485_6459998776758287590_n.png","articleSection":["Lugar 7","Noticias","Para P\u00fablico General"],"inLanguage":"es-CL","potentialAction":[{"@type":"CommentAction","name":"Comment","target":["https:\/\/dev.explora.cl\/aysen\/ruta-de-la-ciencia\/#respond"]}]},{"@type":"WebPage","@id":"https:\/\/dev.explora.cl\/aysen\/ruta-de-la-ciencia\/","url":"https:\/\/dev.explora.cl\/aysen\/ruta-de-la-ciencia\/","name":"Ruta de la Ciencia: Serie de radionovelas sobre cambio clim\u00e1tico y patrimonio arqueol\u00f3gico de la regi\u00f3n de Ays\u00e9n - Aysen","isPartOf":{"@id":"https:\/\/dev.explora.cl\/aysen\/#website"},"primaryImageOfPage":{"@id":"https:\/\/dev.explora.cl\/aysen\/ruta-de-la-ciencia\/#primaryimage"},"image":{"@id":"https:\/\/dev.explora.cl\/aysen\/ruta-de-la-ciencia\/#primaryimage"},"thumbnailUrl":"https:\/\/dev.explora.cl\/aysen\/wp-content\/uploads\/sites\/18\/2021\/01\/136369172_2916055618717485_6459998776758287590_n.png","datePublished":"2021-01-06T20:25:23+00:00","dateModified":"2021-09-08T14:03:36+00:00","author":{"@id":"https:\/\/dev.explora.cl\/aysen\/#\/schema\/person\/81c802b1e3b443e2575e555b39e60a05"},"breadcrumb":{"@id":"https:\/\/dev.explora.cl\/aysen\/ruta-de-la-ciencia\/#breadcrumb"},"inLanguage":"es-CL","potentialAction":[{"@type":"ReadAction","target":["https:\/\/dev.explora.cl\/aysen\/ruta-de-la-ciencia\/"]}]},{"@type":"ImageObject","inLanguage":"es-CL","@id":"https:\/\/dev.explora.cl\/aysen\/ruta-de-la-ciencia\/#primaryimage","url":"https:\/\/dev.explora.cl\/aysen\/wp-content\/uploads\/sites\/18\/2021\/01\/136369172_2916055618717485_6459998776758287590_n.png","contentUrl":"https:\/\/dev.explora.cl\/aysen\/wp-content\/uploads\/sites\/18\/2021\/01\/136369172_2916055618717485_6459998776758287590_n.png","width":735,"height":470},{"@type":"BreadcrumbList","@id":"https:\/\/dev.explora.cl\/aysen\/ruta-de-la-ciencia\/#breadcrumb","itemListElement":[{"@type":"ListItem","position":1,"name":"Portada","item":"https:\/\/dev.explora.cl\/aysen\/"},{"@type":"ListItem","position":2,"name":"Ruta de la Ciencia: Serie de radionovelas sobre cambio clim\u00e1tico y patrimonio arqueol\u00f3gico de la regi\u00f3n de Ays\u00e9n"}]},{"@type":"WebSite","@id":"https:\/\/dev.explora.cl\/aysen\/#website","url":"https:\/\/dev.explora.cl\/aysen\/","name":"Aysen","description":"Otro sitio m\u00e1s de dev.explora.cl","potentialAction":[{"@type":"SearchAction","target":{"@type":"EntryPoint","urlTemplate":"https:\/\/dev.explora.cl\/aysen\/?s={search_term_string}"},"query-input":{"@type":"PropertyValueSpecification","valueRequired":true,"valueName":"search_term_string"}}],"inLanguage":"es-CL"},{"@type":"Person","@id":"https:\/\/dev.explora.cl\/aysen\/#\/schema\/person\/81c802b1e3b443e2575e555b39e60a05","name":"scisternas","image":{"@type":"ImageObject","inLanguage":"es-CL","@id":"https:\/\/dev.explora.cl\/aysen\/#\/schema\/person\/image\/","url":"https:\/\/secure.gravatar.com\/avatar\/611c8f1946b775bdf01b0521c85a9381c3ad08d928d8ead34ce577b0fa231c76?s=96&d=mm&r=g","contentUrl":"https:\/\/secure.gravatar.com\/avatar\/611c8f1946b775bdf01b0521c85a9381c3ad08d928d8ead34ce577b0fa231c76?s=96&d=mm&r=g","caption":"scisternas"},"url":"https:\/\/dev.explora.cl\/aysen\/author\/scisternas\/"}]}},"_links":{"self":[{"href":"https:\/\/dev.explora.cl\/aysen\/wp-json\/wp\/v2\/posts\/37851","targetHints":{"allow":["GET"]}}],"collection":[{"href":"https:\/\/dev.explora.cl\/aysen\/wp-json\/wp\/v2\/posts"}],"about":[{"href":"https:\/\/dev.explora.cl\/aysen\/wp-json\/wp\/v2\/types\/post"}],"author":[{"embeddable":true,"href":"https:\/\/dev.explora.cl\/aysen\/wp-json\/wp\/v2\/users\/37"}],"replies":[{"embeddable":true,"href":"https:\/\/dev.explora.cl\/aysen\/wp-json\/wp\/v2\/comments?post=37851"}],"version-history":[{"count":1,"href":"https:\/\/dev.explora.cl\/aysen\/wp-json\/wp\/v2\/posts\/37851\/revisions"}],"predecessor-version":[{"id":37853,"href":"https:\/\/dev.explora.cl\/aysen\/wp-json\/wp\/v2\/posts\/37851\/revisions\/37853"}],"wp:featuredmedia":[{"embeddable":true,"href":"https:\/\/dev.explora.cl\/aysen\/wp-json\/wp\/v2\/media\/37852"}],"wp:attachment":[{"href":"https:\/\/dev.explora.cl\/aysen\/wp-json\/wp\/v2\/media?parent=37851"}],"wp:term":[{"taxonomy":"category","embeddable":true,"href":"https:\/\/dev.explora.cl\/aysen\/wp-json\/wp\/v2\/categories?post=37851"},{"taxonomy":"post_tag","embeddable":true,"href":"https:\/\/dev.explora.cl\/aysen\/wp-json\/wp\/v2\/tags?post=37851"}],"curies":[{"name":"wp","href":"https:\/\/api.w.org\/{rel}","templated":true}]}}