{"id":37844,"date":"2021-01-06T09:16:27","date_gmt":"2021-01-06T12:16:27","guid":{"rendered":"https:\/\/dev.explora.cl\/aysen\/?p=37844"},"modified":"2023-07-28T11:33:25","modified_gmt":"2023-07-28T15:33:25","slug":"taller-didactico-para-ninos-as-ven-a-conocer-aves-de-la-reserva-nacional-rio-simpson","status":"publish","type":"post","link":"https:\/\/dev.explora.cl\/aysen\/taller-didactico-para-ninos-as-ven-a-conocer-aves-de-la-reserva-nacional-rio-simpson\/","title":{"rendered":"Taller did\u00e1ctico para ni\u00f1os\/as: \u00a1Ven a conocer aves de la Reserva Nacional R\u00edo Simpson!"},"content":{"rendered":"<p><strong>Fecha del taller: 13 de enero a las 15:00 horas (v\u00eda Zoom)<\/strong><\/p>\n<p>En este taller did\u00e1ctico te mostraremos cuatro especies de aves que habitan en la Reserva Nacional R\u00edo Simpson. Te ense\u00f1aremos tambi\u00e9n algunas de sus caracter\u00edsticas, tipos de huevos, formas de alimentaci\u00f3n, colores y cantos, adem\u00e1s de identificar en qu\u00e9 lugar del bosque es posible encontrarlas, para que est\u00e9s preparado\/a y alerta con todos tus sentidos cuando vayas de visita a la Reserva.<\/p>\n<p>Materiales: Para este taller necesitar\u00e1s hojas de papel para dibujar y l\u00e1pices de colores.<\/p>\n<p>\u00a1Te esperamos! Inscr\u00edbete en: <a href=\"https:\/\/bit.ly\/2KZ5DA5\">https:\/\/bit.ly\/2KZ5DA5<\/a><\/p>\n","protected":false},"excerpt":{"rendered":"<p>Te ense\u00f1aremos algunas de sus caracter\u00edsticas, tipos de huevos, formas de alimentaci\u00f3n, colores y cantos, adem\u00e1s de identificar en qu\u00e9 lugar del bosque es posible encontrarlas, para que est\u00e9s preparado\/a y alerta con todos tus sentidos cuando vayas de visita a la Reserva.<\/p>\n<p>\u00a1Te esperamos! Pincha la imagen para encontrar el link del formulario de inscripci\u00f3n.<\/p>\n","protected":false},"author":37,"featured_media":37845,"comment_status":"open","ping_status":"open","sticky":false,"template":"","format":"standard","meta":{"_acf_changed":false,"_exactmetrics_skip_tracking":false,"_exactmetrics_sitenote_active":false,"_exactmetrics_sitenote_note":"","_exactmetrics_sitenote_category":0,"footnotes":"","_links_to":"","_links_to_target":""},"categories":[4],"tags":[],"class_list":["post-37844","post","type-post","status-publish","format-standard","has-post-thumbnail","hentry","category-noticias"],"acf":[],"yoast_head":"<!-- This site is optimized with the Yoast SEO plugin v26.7 - https:\/\/yoast.com\/wordpress\/plugins\/seo\/ -->\n<title>Taller did\u00e1ctico para ni\u00f1os\/as: \u00a1Ven a conocer aves de la Reserva Nacional R\u00edo Simpson! - Aysen<\/title>\n<meta name=\"robots\" content=\"index, follow, max-snippet:-1, max-image-preview:large, max-video-preview:-1\" \/>\n<link rel=\"canonical\" href=\"https:\/\/dev.explora.cl\/aysen\/taller-didactico-para-ninos-as-ven-a-conocer-aves-de-la-reserva-nacional-rio-simpson\/\" class=\"yoast-seo-meta-tag\" \/>\n<meta property=\"og:locale\" content=\"es_ES\" class=\"yoast-seo-meta-tag\" \/>\n<meta property=\"og:type\" content=\"article\" class=\"yoast-seo-meta-tag\" \/>\n<meta property=\"og:title\" content=\"Taller did\u00e1ctico para ni\u00f1os\/as: \u00a1Ven a conocer aves de la Reserva Nacional R\u00edo Simpson! - Aysen\" class=\"yoast-seo-meta-tag\" \/>\n<meta property=\"og:description\" content=\"Te ense\u00f1aremos algunas de sus caracter\u00edsticas, tipos de huevos, formas de alimentaci\u00f3n, colores y cantos, adem\u00e1s de identificar en qu\u00e9 lugar del bosque es posible encontrarlas, para que est\u00e9s preparado\/a y alerta con todos tus sentidos cuando vayas de visita a la Reserva.  \u00a1Te esperamos! Pincha la imagen para encontrar el link del formulario de inscripci\u00f3n.\" class=\"yoast-seo-meta-tag\" \/>\n<meta property=\"og:url\" content=\"https:\/\/dev.explora.cl\/aysen\/taller-didactico-para-ninos-as-ven-a-conocer-aves-de-la-reserva-nacional-rio-simpson\/\" class=\"yoast-seo-meta-tag\" \/>\n<meta property=\"og:site_name\" content=\"Aysen\" class=\"yoast-seo-meta-tag\" \/>\n<meta property=\"article:published_time\" content=\"2021-01-06T12:16:27+00:00\" class=\"yoast-seo-meta-tag\" \/>\n<meta property=\"article:modified_time\" content=\"2023-07-28T15:33:25+00:00\" class=\"yoast-seo-meta-tag\" \/>\n<meta property=\"og:image\" content=\"https:\/\/dev.explora.cl\/aysen\/wp-content\/uploads\/sites\/18\/2021\/01\/aves-carton-1920x1080.png\" class=\"yoast-seo-meta-tag\" \/>\n\t<meta property=\"og:image:width\" content=\"1920\" class=\"yoast-seo-meta-tag\" \/>\n\t<meta property=\"og:image:height\" content=\"1080\" class=\"yoast-seo-meta-tag\" \/>\n\t<meta property=\"og:image:type\" content=\"image\/png\" class=\"yoast-seo-meta-tag\" \/>\n<meta name=\"author\" content=\"scisternas\" class=\"yoast-seo-meta-tag\" \/>\n<meta name=\"twitter:card\" content=\"summary_large_image\" class=\"yoast-seo-meta-tag\" \/>\n<meta name=\"twitter:label1\" content=\"Escrito por\" class=\"yoast-seo-meta-tag\" \/>\n\t<meta name=\"twitter:data1\" content=\"scisternas\" class=\"yoast-seo-meta-tag\" \/>\n\t<meta name=\"twitter:label2\" content=\"Tiempo estimado de lectura\" class=\"yoast-seo-meta-tag\" \/>\n\t<meta name=\"twitter:data2\" content=\"1 minuto\" class=\"yoast-seo-meta-tag\" \/>\n<script type=\"application\/ld+json\" class=\"yoast-schema-graph\">{\"@context\":\"https:\/\/schema.org\",\"@graph\":[{\"@type\":\"Article\",\"@id\":\"https:\/\/dev.explora.cl\/aysen\/taller-didactico-para-ninos-as-ven-a-conocer-aves-de-la-reserva-nacional-rio-simpson\/#article\",\"isPartOf\":{\"@id\":\"https:\/\/dev.explora.cl\/aysen\/taller-didactico-para-ninos-as-ven-a-conocer-aves-de-la-reserva-nacional-rio-simpson\/\"},\"author\":{\"name\":\"scisternas\",\"@id\":\"https:\/\/dev.explora.cl\/aysen\/#\/schema\/person\/81c802b1e3b443e2575e555b39e60a05\"},\"headline\":\"Taller did\u00e1ctico para ni\u00f1os\/as: \u00a1Ven a conocer aves de la Reserva Nacional R\u00edo Simpson!\",\"datePublished\":\"2021-01-06T12:16:27+00:00\",\"dateModified\":\"2023-07-28T15:33:25+00:00\",\"mainEntityOfPage\":{\"@id\":\"https:\/\/dev.explora.cl\/aysen\/taller-didactico-para-ninos-as-ven-a-conocer-aves-de-la-reserva-nacional-rio-simpson\/\"},\"wordCount\":126,\"commentCount\":0,\"image\":{\"@id\":\"https:\/\/dev.explora.cl\/aysen\/taller-didactico-para-ninos-as-ven-a-conocer-aves-de-la-reserva-nacional-rio-simpson\/#primaryimage\"},\"thumbnailUrl\":\"https:\/\/dev.explora.cl\/aysen\/wp-content\/uploads\/sites\/18\/2021\/01\/aves-carton-1920x1080.png\",\"articleSection\":[\"Noticias\"],\"inLanguage\":\"es-CL\",\"potentialAction\":[{\"@type\":\"CommentAction\",\"name\":\"Comment\",\"target\":[\"https:\/\/dev.explora.cl\/aysen\/taller-didactico-para-ninos-as-ven-a-conocer-aves-de-la-reserva-nacional-rio-simpson\/#respond\"]}]},{\"@type\":\"WebPage\",\"@id\":\"https:\/\/dev.explora.cl\/aysen\/taller-didactico-para-ninos-as-ven-a-conocer-aves-de-la-reserva-nacional-rio-simpson\/\",\"url\":\"https:\/\/dev.explora.cl\/aysen\/taller-didactico-para-ninos-as-ven-a-conocer-aves-de-la-reserva-nacional-rio-simpson\/\",\"name\":\"Taller did\u00e1ctico para ni\u00f1os\/as: \u00a1Ven a conocer aves de la Reserva Nacional R\u00edo Simpson! - Aysen\",\"isPartOf\":{\"@id\":\"https:\/\/dev.explora.cl\/aysen\/#website\"},\"primaryImageOfPage\":{\"@id\":\"https:\/\/dev.explora.cl\/aysen\/taller-didactico-para-ninos-as-ven-a-conocer-aves-de-la-reserva-nacional-rio-simpson\/#primaryimage\"},\"image\":{\"@id\":\"https:\/\/dev.explora.cl\/aysen\/taller-didactico-para-ninos-as-ven-a-conocer-aves-de-la-reserva-nacional-rio-simpson\/#primaryimage\"},\"thumbnailUrl\":\"https:\/\/dev.explora.cl\/aysen\/wp-content\/uploads\/sites\/18\/2021\/01\/aves-carton-1920x1080.png\",\"datePublished\":\"2021-01-06T12:16:27+00:00\",\"dateModified\":\"2023-07-28T15:33:25+00:00\",\"author\":{\"@id\":\"https:\/\/dev.explora.cl\/aysen\/#\/schema\/person\/81c802b1e3b443e2575e555b39e60a05\"},\"breadcrumb\":{\"@id\":\"https:\/\/dev.explora.cl\/aysen\/taller-didactico-para-ninos-as-ven-a-conocer-aves-de-la-reserva-nacional-rio-simpson\/#breadcrumb\"},\"inLanguage\":\"es-CL\",\"potentialAction\":[{\"@type\":\"ReadAction\",\"target\":[\"https:\/\/dev.explora.cl\/aysen\/taller-didactico-para-ninos-as-ven-a-conocer-aves-de-la-reserva-nacional-rio-simpson\/\"]}]},{\"@type\":\"ImageObject\",\"inLanguage\":\"es-CL\",\"@id\":\"https:\/\/dev.explora.cl\/aysen\/taller-didactico-para-ninos-as-ven-a-conocer-aves-de-la-reserva-nacional-rio-simpson\/#primaryimage\",\"url\":\"https:\/\/dev.explora.cl\/aysen\/wp-content\/uploads\/sites\/18\/2021\/01\/aves-carton-1920x1080.png\",\"contentUrl\":\"https:\/\/dev.explora.cl\/aysen\/wp-content\/uploads\/sites\/18\/2021\/01\/aves-carton-1920x1080.png\",\"width\":1920,\"height\":1080},{\"@type\":\"BreadcrumbList\",\"@id\":\"https:\/\/dev.explora.cl\/aysen\/taller-didactico-para-ninos-as-ven-a-conocer-aves-de-la-reserva-nacional-rio-simpson\/#breadcrumb\",\"itemListElement\":[{\"@type\":\"ListItem\",\"position\":1,\"name\":\"Portada\",\"item\":\"https:\/\/dev.explora.cl\/aysen\/\"},{\"@type\":\"ListItem\",\"position\":2,\"name\":\"Taller did\u00e1ctico para ni\u00f1os\/as: \u00a1Ven a conocer aves de la Reserva Nacional R\u00edo Simpson!\"}]},{\"@type\":\"WebSite\",\"@id\":\"https:\/\/dev.explora.cl\/aysen\/#website\",\"url\":\"https:\/\/dev.explora.cl\/aysen\/\",\"name\":\"Aysen\",\"description\":\"Otro sitio m\u00e1s de dev.explora.cl\",\"potentialAction\":[{\"@type\":\"SearchAction\",\"target\":{\"@type\":\"EntryPoint\",\"urlTemplate\":\"https:\/\/dev.explora.cl\/aysen\/?s={search_term_string}\"},\"query-input\":{\"@type\":\"PropertyValueSpecification\",\"valueRequired\":true,\"valueName\":\"search_term_string\"}}],\"inLanguage\":\"es-CL\"},{\"@type\":\"Person\",\"@id\":\"https:\/\/dev.explora.cl\/aysen\/#\/schema\/person\/81c802b1e3b443e2575e555b39e60a05\",\"name\":\"scisternas\",\"image\":{\"@type\":\"ImageObject\",\"inLanguage\":\"es-CL\",\"@id\":\"https:\/\/dev.explora.cl\/aysen\/#\/schema\/person\/image\/\",\"url\":\"https:\/\/secure.gravatar.com\/avatar\/611c8f1946b775bdf01b0521c85a9381c3ad08d928d8ead34ce577b0fa231c76?s=96&d=mm&r=g\",\"contentUrl\":\"https:\/\/secure.gravatar.com\/avatar\/611c8f1946b775bdf01b0521c85a9381c3ad08d928d8ead34ce577b0fa231c76?s=96&d=mm&r=g\",\"caption\":\"scisternas\"},\"url\":\"https:\/\/dev.explora.cl\/aysen\/author\/scisternas\/\"}]}<\/script>\n<!-- \/ Yoast SEO plugin. -->","yoast_head_json":{"title":"Taller did\u00e1ctico para ni\u00f1os\/as: \u00a1Ven a conocer aves de la Reserva Nacional R\u00edo Simpson! - Aysen","robots":{"index":"index","follow":"follow","max-snippet":"max-snippet:-1","max-image-preview":"max-image-preview:large","max-video-preview":"max-video-preview:-1"},"canonical":"https:\/\/dev.explora.cl\/aysen\/taller-didactico-para-ninos-as-ven-a-conocer-aves-de-la-reserva-nacional-rio-simpson\/","og_locale":"es_ES","og_type":"article","og_title":"Taller did\u00e1ctico para ni\u00f1os\/as: \u00a1Ven a conocer aves de la Reserva Nacional R\u00edo Simpson! - Aysen","og_description":"Te ense\u00f1aremos algunas de sus caracter\u00edsticas, tipos de huevos, formas de alimentaci\u00f3n, colores y cantos, adem\u00e1s de identificar en qu\u00e9 lugar del bosque es posible encontrarlas, para que est\u00e9s preparado\/a y alerta con todos tus sentidos cuando vayas de visita a la Reserva.  \u00a1Te esperamos! Pincha la imagen para encontrar el link del formulario de inscripci\u00f3n.","og_url":"https:\/\/dev.explora.cl\/aysen\/taller-didactico-para-ninos-as-ven-a-conocer-aves-de-la-reserva-nacional-rio-simpson\/","og_site_name":"Aysen","article_published_time":"2021-01-06T12:16:27+00:00","article_modified_time":"2023-07-28T15:33:25+00:00","og_image":[{"width":1920,"height":1080,"url":"https:\/\/dev.explora.cl\/aysen\/wp-content\/uploads\/sites\/18\/2021\/01\/aves-carton-1920x1080.png","type":"image\/png"}],"author":"scisternas","twitter_card":"summary_large_image","twitter_misc":{"Escrito por":"scisternas","Tiempo estimado de lectura":"1 minuto"},"schema":{"@context":"https:\/\/schema.org","@graph":[{"@type":"Article","@id":"https:\/\/dev.explora.cl\/aysen\/taller-didactico-para-ninos-as-ven-a-conocer-aves-de-la-reserva-nacional-rio-simpson\/#article","isPartOf":{"@id":"https:\/\/dev.explora.cl\/aysen\/taller-didactico-para-ninos-as-ven-a-conocer-aves-de-la-reserva-nacional-rio-simpson\/"},"author":{"name":"scisternas","@id":"https:\/\/dev.explora.cl\/aysen\/#\/schema\/person\/81c802b1e3b443e2575e555b39e60a05"},"headline":"Taller did\u00e1ctico para ni\u00f1os\/as: \u00a1Ven a conocer aves de la Reserva Nacional R\u00edo Simpson!","datePublished":"2021-01-06T12:16:27+00:00","dateModified":"2023-07-28T15:33:25+00:00","mainEntityOfPage":{"@id":"https:\/\/dev.explora.cl\/aysen\/taller-didactico-para-ninos-as-ven-a-conocer-aves-de-la-reserva-nacional-rio-simpson\/"},"wordCount":126,"commentCount":0,"image":{"@id":"https:\/\/dev.explora.cl\/aysen\/taller-didactico-para-ninos-as-ven-a-conocer-aves-de-la-reserva-nacional-rio-simpson\/#primaryimage"},"thumbnailUrl":"https:\/\/dev.explora.cl\/aysen\/wp-content\/uploads\/sites\/18\/2021\/01\/aves-carton-1920x1080.png","articleSection":["Noticias"],"inLanguage":"es-CL","potentialAction":[{"@type":"CommentAction","name":"Comment","target":["https:\/\/dev.explora.cl\/aysen\/taller-didactico-para-ninos-as-ven-a-conocer-aves-de-la-reserva-nacional-rio-simpson\/#respond"]}]},{"@type":"WebPage","@id":"https:\/\/dev.explora.cl\/aysen\/taller-didactico-para-ninos-as-ven-a-conocer-aves-de-la-reserva-nacional-rio-simpson\/","url":"https:\/\/dev.explora.cl\/aysen\/taller-didactico-para-ninos-as-ven-a-conocer-aves-de-la-reserva-nacional-rio-simpson\/","name":"Taller did\u00e1ctico para ni\u00f1os\/as: \u00a1Ven a conocer aves de la Reserva Nacional R\u00edo Simpson! - Aysen","isPartOf":{"@id":"https:\/\/dev.explora.cl\/aysen\/#website"},"primaryImageOfPage":{"@id":"https:\/\/dev.explora.cl\/aysen\/taller-didactico-para-ninos-as-ven-a-conocer-aves-de-la-reserva-nacional-rio-simpson\/#primaryimage"},"image":{"@id":"https:\/\/dev.explora.cl\/aysen\/taller-didactico-para-ninos-as-ven-a-conocer-aves-de-la-reserva-nacional-rio-simpson\/#primaryimage"},"thumbnailUrl":"https:\/\/dev.explora.cl\/aysen\/wp-content\/uploads\/sites\/18\/2021\/01\/aves-carton-1920x1080.png","datePublished":"2021-01-06T12:16:27+00:00","dateModified":"2023-07-28T15:33:25+00:00","author":{"@id":"https:\/\/dev.explora.cl\/aysen\/#\/schema\/person\/81c802b1e3b443e2575e555b39e60a05"},"breadcrumb":{"@id":"https:\/\/dev.explora.cl\/aysen\/taller-didactico-para-ninos-as-ven-a-conocer-aves-de-la-reserva-nacional-rio-simpson\/#breadcrumb"},"inLanguage":"es-CL","potentialAction":[{"@type":"ReadAction","target":["https:\/\/dev.explora.cl\/aysen\/taller-didactico-para-ninos-as-ven-a-conocer-aves-de-la-reserva-nacional-rio-simpson\/"]}]},{"@type":"ImageObject","inLanguage":"es-CL","@id":"https:\/\/dev.explora.cl\/aysen\/taller-didactico-para-ninos-as-ven-a-conocer-aves-de-la-reserva-nacional-rio-simpson\/#primaryimage","url":"https:\/\/dev.explora.cl\/aysen\/wp-content\/uploads\/sites\/18\/2021\/01\/aves-carton-1920x1080.png","contentUrl":"https:\/\/dev.explora.cl\/aysen\/wp-content\/uploads\/sites\/18\/2021\/01\/aves-carton-1920x1080.png","width":1920,"height":1080},{"@type":"BreadcrumbList","@id":"https:\/\/dev.explora.cl\/aysen\/taller-didactico-para-ninos-as-ven-a-conocer-aves-de-la-reserva-nacional-rio-simpson\/#breadcrumb","itemListElement":[{"@type":"ListItem","position":1,"name":"Portada","item":"https:\/\/dev.explora.cl\/aysen\/"},{"@type":"ListItem","position":2,"name":"Taller did\u00e1ctico para ni\u00f1os\/as: \u00a1Ven a conocer aves de la Reserva Nacional R\u00edo Simpson!"}]},{"@type":"WebSite","@id":"https:\/\/dev.explora.cl\/aysen\/#website","url":"https:\/\/dev.explora.cl\/aysen\/","name":"Aysen","description":"Otro sitio m\u00e1s de dev.explora.cl","potentialAction":[{"@type":"SearchAction","target":{"@type":"EntryPoint","urlTemplate":"https:\/\/dev.explora.cl\/aysen\/?s={search_term_string}"},"query-input":{"@type":"PropertyValueSpecification","valueRequired":true,"valueName":"search_term_string"}}],"inLanguage":"es-CL"},{"@type":"Person","@id":"https:\/\/dev.explora.cl\/aysen\/#\/schema\/person\/81c802b1e3b443e2575e555b39e60a05","name":"scisternas","image":{"@type":"ImageObject","inLanguage":"es-CL","@id":"https:\/\/dev.explora.cl\/aysen\/#\/schema\/person\/image\/","url":"https:\/\/secure.gravatar.com\/avatar\/611c8f1946b775bdf01b0521c85a9381c3ad08d928d8ead34ce577b0fa231c76?s=96&d=mm&r=g","contentUrl":"https:\/\/secure.gravatar.com\/avatar\/611c8f1946b775bdf01b0521c85a9381c3ad08d928d8ead34ce577b0fa231c76?s=96&d=mm&r=g","caption":"scisternas"},"url":"https:\/\/dev.explora.cl\/aysen\/author\/scisternas\/"}]}},"_links":{"self":[{"href":"https:\/\/dev.explora.cl\/aysen\/wp-json\/wp\/v2\/posts\/37844","targetHints":{"allow":["GET"]}}],"collection":[{"href":"https:\/\/dev.explora.cl\/aysen\/wp-json\/wp\/v2\/posts"}],"about":[{"href":"https:\/\/dev.explora.cl\/aysen\/wp-json\/wp\/v2\/types\/post"}],"author":[{"embeddable":true,"href":"https:\/\/dev.explora.cl\/aysen\/wp-json\/wp\/v2\/users\/37"}],"replies":[{"embeddable":true,"href":"https:\/\/dev.explora.cl\/aysen\/wp-json\/wp\/v2\/comments?post=37844"}],"version-history":[{"count":4,"href":"https:\/\/dev.explora.cl\/aysen\/wp-json\/wp\/v2\/posts\/37844\/revisions"}],"predecessor-version":[{"id":37850,"href":"https:\/\/dev.explora.cl\/aysen\/wp-json\/wp\/v2\/posts\/37844\/revisions\/37850"}],"wp:featuredmedia":[{"embeddable":true,"href":"https:\/\/dev.explora.cl\/aysen\/wp-json\/wp\/v2\/media\/37845"}],"wp:attachment":[{"href":"https:\/\/dev.explora.cl\/aysen\/wp-json\/wp\/v2\/media?parent=37844"}],"wp:term":[{"taxonomy":"category","embeddable":true,"href":"https:\/\/dev.explora.cl\/aysen\/wp-json\/wp\/v2\/categories?post=37844"},{"taxonomy":"post_tag","embeddable":true,"href":"https:\/\/dev.explora.cl\/aysen\/wp-json\/wp\/v2\/tags?post=37844"}],"curies":[{"name":"wp","href":"https:\/\/api.w.org\/{rel}","templated":true}]}}