{"id":37803,"date":"2020-10-26T17:20:23","date_gmt":"2020-10-26T20:20:23","guid":{"rendered":"https:\/\/dev.explora.cl\/aysen\/?p=37803"},"modified":"2023-07-22T02:40:39","modified_gmt":"2023-07-22T06:40:39","slug":"feci","status":"publish","type":"post","link":"https:\/\/dev.explora.cl\/aysen\/feci\/","title":{"rendered":"Inscr\u00edbete y participa en las actividades del Festival de las Ciencias 2020"},"content":{"rendered":"<p><i><span style=\"font-weight: 400\">Con actividades virtuales gratuitas para toda la comunidad, el Proyecto Explora Ays\u00e9n del Ministerio de Ciencia, y ejecutado en la regi\u00f3n por profesionales del Campus Patagonia de la Universidad Austral de Chile, invitan a celebrar las ciencias y la tecnolog\u00eda en un festival que se extender\u00e1 entre el 11 y el 15 de noviembre.<\/span><\/i><\/p>\n<p><span style=\"font-weight: 400\">Conversatorios, talleres para ni\u00f1os, ni\u00f1as y adolescentes, recorridos virtuales por museos y laboratorios de la regi\u00f3n, trivias, teatro y m\u00fasica en vivo que ser\u00e1 transmitida por Facebook Live son las actividades que \u00e9ste 2020 dar\u00e1n vida al Festival de las Ciencias y la Tecnolog\u00eda, que se celebrar\u00e1 de forma remota con la intenci\u00f3n de llegar a nuevos p\u00fablicos fuera de la regi\u00f3n y para toda la familia.<\/span><\/p>\n<p><span style=\"font-weight: 400\">Las actividades se articular\u00e1n en torno al tema del a\u00f1o Explora 2020: \u201cLa Ant\u00e1rtica y los Campos de Hielo Norte y Sur\u201d, que busca dar a conocer el continente blanco desde distintas perspectivas, desde sus caracter\u00edsticas geof\u00edsicas y c\u00f3mo este territorio de condiciones tan extremas est\u00e1 conectado en m\u00e1s de una forma con el resto del planeta y sus diferentes formas de vida.<\/span><\/p>\n<p><span style=\"font-weight: 400\">La celebraci\u00f3n del Festival este a\u00f1o, convocado por la Divisi\u00f3n Ciencia y Sociedad del Ministerio de Ciencia, contempla actividades que se realizar\u00e1n a lo largo de todo Chile. En la regi\u00f3n, organizado por el Proyecto Explora Ays\u00e9n, se suman una docena de instituciones, entre ellas Round River Conservation Studies, Consultora TamboAustral, Laboratorio de Glaciolog\u00eda de Valdivia, Centro de Investigaci\u00f3n Gaia Ant\u00e1rtica, Universidad de Magallanes, Fundaci\u00f3n Glaciares Chilenos, Centro de Investigaci\u00f3n en Ecosistemas de la Patagonia, Museo Regional de Ays\u00e9n,.<\/span><\/p>\n<p><span style=\"font-weight: 400\">Si est\u00e1s interesado\/a en participar de una o m\u00e1s actividades te invitamos a completar el siguiente formulario de inscripci\u00f3n:<\/span><\/p>\n<p><a href=\"https:\/\/docs.google.com\/forms\/d\/e\/1FAIpQLSeqTTNS1A4NTYUTwNcP2POTDb9TfGEVNSod0nwkxv0sZ7wswQ\/viewform\"><span style=\"font-weight: 400\">Formulario de inscripci\u00f3n de actividades<\/span><\/a><\/p>\n<p><a href=\"https:\/\/drive.google.com\/file\/d\/1e8gD3XDIUYv99g1_l2HKuSlQTukf_2L_\/view\"><span style=\"font-weight: 400\">Revisa el p<\/span><span style=\"font-weight: 400\">rograma de actividades.<\/span><\/a><\/p>\n","protected":false},"excerpt":{"rendered":"<p>Con actividades virtuales gratuitas para toda la comunidad, el Proyecto Explora Ays\u00e9n del Ministerio de Ciencia, y ejecutado en la regi\u00f3n por profesionales del Campus Patagonia de la Universidad Austral de Chile, invitan a celebrar las ciencias y la tecnolog\u00eda en un festival que se extender\u00e1 entre el 11 y el 15 de noviembre.<\/p>\n","protected":false},"author":37,"featured_media":37804,"comment_status":"open","ping_status":"open","sticky":false,"template":"","format":"standard","meta":{"_acf_changed":false,"_exactmetrics_skip_tracking":false,"_exactmetrics_sitenote_active":false,"_exactmetrics_sitenote_note":"","_exactmetrics_sitenote_category":0,"footnotes":"","_links_to":"","_links_to_target":""},"categories":[4],"tags":[],"class_list":["post-37803","post","type-post","status-publish","format-standard","has-post-thumbnail","hentry","category-noticias"],"acf":[],"yoast_head":"<!-- This site is optimized with the Yoast SEO plugin v26.7 - https:\/\/yoast.com\/wordpress\/plugins\/seo\/ -->\n<title>Inscr\u00edbete y participa en las actividades del Festival de las Ciencias 2020 - Aysen<\/title>\n<meta name=\"robots\" content=\"index, follow, max-snippet:-1, max-image-preview:large, max-video-preview:-1\" \/>\n<link rel=\"canonical\" href=\"https:\/\/dev.explora.cl\/aysen\/feci\/\" class=\"yoast-seo-meta-tag\" \/>\n<meta property=\"og:locale\" content=\"es_ES\" class=\"yoast-seo-meta-tag\" \/>\n<meta property=\"og:type\" content=\"article\" class=\"yoast-seo-meta-tag\" \/>\n<meta property=\"og:title\" content=\"Inscr\u00edbete y participa en las actividades del Festival de las Ciencias 2020 - Aysen\" class=\"yoast-seo-meta-tag\" \/>\n<meta property=\"og:description\" content=\"Con actividades virtuales gratuitas para toda la comunidad, el Proyecto Explora Ays\u00e9n del Ministerio de Ciencia, y ejecutado en la regi\u00f3n por profesionales del Campus Patagonia de la Universidad Austral de Chile, invitan a celebrar las ciencias y la tecnolog\u00eda en un festival que se extender\u00e1 entre el 11 y el 15 de noviembre.\" class=\"yoast-seo-meta-tag\" \/>\n<meta property=\"og:url\" content=\"https:\/\/dev.explora.cl\/aysen\/feci\/\" class=\"yoast-seo-meta-tag\" \/>\n<meta property=\"og:site_name\" content=\"Aysen\" class=\"yoast-seo-meta-tag\" \/>\n<meta property=\"article:published_time\" content=\"2020-10-26T20:20:23+00:00\" class=\"yoast-seo-meta-tag\" \/>\n<meta property=\"article:modified_time\" content=\"2023-07-22T06:40:39+00:00\" class=\"yoast-seo-meta-tag\" \/>\n<meta property=\"og:image\" content=\"https:\/\/dev.explora.cl\/aysen\/wp-content\/uploads\/sites\/18\/2020\/10\/FECI-web.png\" class=\"yoast-seo-meta-tag\" \/>\n\t<meta property=\"og:image:width\" content=\"735\" class=\"yoast-seo-meta-tag\" \/>\n\t<meta property=\"og:image:height\" content=\"470\" class=\"yoast-seo-meta-tag\" \/>\n\t<meta property=\"og:image:type\" content=\"image\/png\" class=\"yoast-seo-meta-tag\" \/>\n<meta name=\"author\" content=\"scisternas\" class=\"yoast-seo-meta-tag\" \/>\n<meta name=\"twitter:card\" content=\"summary_large_image\" class=\"yoast-seo-meta-tag\" \/>\n<meta name=\"twitter:label1\" content=\"Escrito por\" class=\"yoast-seo-meta-tag\" \/>\n\t<meta name=\"twitter:data1\" content=\"scisternas\" class=\"yoast-seo-meta-tag\" \/>\n\t<meta name=\"twitter:label2\" content=\"Tiempo estimado de lectura\" class=\"yoast-seo-meta-tag\" \/>\n\t<meta name=\"twitter:data2\" content=\"2 minutos\" class=\"yoast-seo-meta-tag\" \/>\n<script type=\"application\/ld+json\" class=\"yoast-schema-graph\">{\"@context\":\"https:\/\/schema.org\",\"@graph\":[{\"@type\":\"Article\",\"@id\":\"https:\/\/dev.explora.cl\/aysen\/feci\/#article\",\"isPartOf\":{\"@id\":\"https:\/\/dev.explora.cl\/aysen\/feci\/\"},\"author\":{\"name\":\"scisternas\",\"@id\":\"https:\/\/dev.explora.cl\/aysen\/#\/schema\/person\/81c802b1e3b443e2575e555b39e60a05\"},\"headline\":\"Inscr\u00edbete y participa en las actividades del Festival de las Ciencias 2020\",\"datePublished\":\"2020-10-26T20:20:23+00:00\",\"dateModified\":\"2023-07-22T06:40:39+00:00\",\"mainEntityOfPage\":{\"@id\":\"https:\/\/dev.explora.cl\/aysen\/feci\/\"},\"wordCount\":337,\"commentCount\":0,\"image\":{\"@id\":\"https:\/\/dev.explora.cl\/aysen\/feci\/#primaryimage\"},\"thumbnailUrl\":\"https:\/\/dev.explora.cl\/aysen\/wp-content\/uploads\/sites\/18\/2020\/10\/FECI-web.png\",\"articleSection\":[\"Noticias\"],\"inLanguage\":\"es-CL\",\"potentialAction\":[{\"@type\":\"CommentAction\",\"name\":\"Comment\",\"target\":[\"https:\/\/dev.explora.cl\/aysen\/feci\/#respond\"]}]},{\"@type\":\"WebPage\",\"@id\":\"https:\/\/dev.explora.cl\/aysen\/feci\/\",\"url\":\"https:\/\/dev.explora.cl\/aysen\/feci\/\",\"name\":\"Inscr\u00edbete y participa en las actividades del Festival de las Ciencias 2020 - Aysen\",\"isPartOf\":{\"@id\":\"https:\/\/dev.explora.cl\/aysen\/#website\"},\"primaryImageOfPage\":{\"@id\":\"https:\/\/dev.explora.cl\/aysen\/feci\/#primaryimage\"},\"image\":{\"@id\":\"https:\/\/dev.explora.cl\/aysen\/feci\/#primaryimage\"},\"thumbnailUrl\":\"https:\/\/dev.explora.cl\/aysen\/wp-content\/uploads\/sites\/18\/2020\/10\/FECI-web.png\",\"datePublished\":\"2020-10-26T20:20:23+00:00\",\"dateModified\":\"2023-07-22T06:40:39+00:00\",\"author\":{\"@id\":\"https:\/\/dev.explora.cl\/aysen\/#\/schema\/person\/81c802b1e3b443e2575e555b39e60a05\"},\"breadcrumb\":{\"@id\":\"https:\/\/dev.explora.cl\/aysen\/feci\/#breadcrumb\"},\"inLanguage\":\"es-CL\",\"potentialAction\":[{\"@type\":\"ReadAction\",\"target\":[\"https:\/\/dev.explora.cl\/aysen\/feci\/\"]}]},{\"@type\":\"ImageObject\",\"inLanguage\":\"es-CL\",\"@id\":\"https:\/\/dev.explora.cl\/aysen\/feci\/#primaryimage\",\"url\":\"https:\/\/dev.explora.cl\/aysen\/wp-content\/uploads\/sites\/18\/2020\/10\/FECI-web.png\",\"contentUrl\":\"https:\/\/dev.explora.cl\/aysen\/wp-content\/uploads\/sites\/18\/2020\/10\/FECI-web.png\",\"width\":735,\"height\":470},{\"@type\":\"BreadcrumbList\",\"@id\":\"https:\/\/dev.explora.cl\/aysen\/feci\/#breadcrumb\",\"itemListElement\":[{\"@type\":\"ListItem\",\"position\":1,\"name\":\"Portada\",\"item\":\"https:\/\/dev.explora.cl\/aysen\/\"},{\"@type\":\"ListItem\",\"position\":2,\"name\":\"Inscr\u00edbete y participa en las actividades del Festival de las Ciencias 2020\"}]},{\"@type\":\"WebSite\",\"@id\":\"https:\/\/dev.explora.cl\/aysen\/#website\",\"url\":\"https:\/\/dev.explora.cl\/aysen\/\",\"name\":\"Aysen\",\"description\":\"Otro sitio m\u00e1s de dev.explora.cl\",\"potentialAction\":[{\"@type\":\"SearchAction\",\"target\":{\"@type\":\"EntryPoint\",\"urlTemplate\":\"https:\/\/dev.explora.cl\/aysen\/?s={search_term_string}\"},\"query-input\":{\"@type\":\"PropertyValueSpecification\",\"valueRequired\":true,\"valueName\":\"search_term_string\"}}],\"inLanguage\":\"es-CL\"},{\"@type\":\"Person\",\"@id\":\"https:\/\/dev.explora.cl\/aysen\/#\/schema\/person\/81c802b1e3b443e2575e555b39e60a05\",\"name\":\"scisternas\",\"image\":{\"@type\":\"ImageObject\",\"inLanguage\":\"es-CL\",\"@id\":\"https:\/\/dev.explora.cl\/aysen\/#\/schema\/person\/image\/\",\"url\":\"https:\/\/secure.gravatar.com\/avatar\/611c8f1946b775bdf01b0521c85a9381c3ad08d928d8ead34ce577b0fa231c76?s=96&d=mm&r=g\",\"contentUrl\":\"https:\/\/secure.gravatar.com\/avatar\/611c8f1946b775bdf01b0521c85a9381c3ad08d928d8ead34ce577b0fa231c76?s=96&d=mm&r=g\",\"caption\":\"scisternas\"},\"url\":\"https:\/\/dev.explora.cl\/aysen\/author\/scisternas\/\"}]}<\/script>\n<!-- \/ Yoast SEO plugin. -->","yoast_head_json":{"title":"Inscr\u00edbete y participa en las actividades del Festival de las Ciencias 2020 - Aysen","robots":{"index":"index","follow":"follow","max-snippet":"max-snippet:-1","max-image-preview":"max-image-preview:large","max-video-preview":"max-video-preview:-1"},"canonical":"https:\/\/dev.explora.cl\/aysen\/feci\/","og_locale":"es_ES","og_type":"article","og_title":"Inscr\u00edbete y participa en las actividades del Festival de las Ciencias 2020 - Aysen","og_description":"Con actividades virtuales gratuitas para toda la comunidad, el Proyecto Explora Ays\u00e9n del Ministerio de Ciencia, y ejecutado en la regi\u00f3n por profesionales del Campus Patagonia de la Universidad Austral de Chile, invitan a celebrar las ciencias y la tecnolog\u00eda en un festival que se extender\u00e1 entre el 11 y el 15 de noviembre.","og_url":"https:\/\/dev.explora.cl\/aysen\/feci\/","og_site_name":"Aysen","article_published_time":"2020-10-26T20:20:23+00:00","article_modified_time":"2023-07-22T06:40:39+00:00","og_image":[{"width":735,"height":470,"url":"https:\/\/dev.explora.cl\/aysen\/wp-content\/uploads\/sites\/18\/2020\/10\/FECI-web.png","type":"image\/png"}],"author":"scisternas","twitter_card":"summary_large_image","twitter_misc":{"Escrito por":"scisternas","Tiempo estimado de lectura":"2 minutos"},"schema":{"@context":"https:\/\/schema.org","@graph":[{"@type":"Article","@id":"https:\/\/dev.explora.cl\/aysen\/feci\/#article","isPartOf":{"@id":"https:\/\/dev.explora.cl\/aysen\/feci\/"},"author":{"name":"scisternas","@id":"https:\/\/dev.explora.cl\/aysen\/#\/schema\/person\/81c802b1e3b443e2575e555b39e60a05"},"headline":"Inscr\u00edbete y participa en las actividades del Festival de las Ciencias 2020","datePublished":"2020-10-26T20:20:23+00:00","dateModified":"2023-07-22T06:40:39+00:00","mainEntityOfPage":{"@id":"https:\/\/dev.explora.cl\/aysen\/feci\/"},"wordCount":337,"commentCount":0,"image":{"@id":"https:\/\/dev.explora.cl\/aysen\/feci\/#primaryimage"},"thumbnailUrl":"https:\/\/dev.explora.cl\/aysen\/wp-content\/uploads\/sites\/18\/2020\/10\/FECI-web.png","articleSection":["Noticias"],"inLanguage":"es-CL","potentialAction":[{"@type":"CommentAction","name":"Comment","target":["https:\/\/dev.explora.cl\/aysen\/feci\/#respond"]}]},{"@type":"WebPage","@id":"https:\/\/dev.explora.cl\/aysen\/feci\/","url":"https:\/\/dev.explora.cl\/aysen\/feci\/","name":"Inscr\u00edbete y participa en las actividades del Festival de las Ciencias 2020 - Aysen","isPartOf":{"@id":"https:\/\/dev.explora.cl\/aysen\/#website"},"primaryImageOfPage":{"@id":"https:\/\/dev.explora.cl\/aysen\/feci\/#primaryimage"},"image":{"@id":"https:\/\/dev.explora.cl\/aysen\/feci\/#primaryimage"},"thumbnailUrl":"https:\/\/dev.explora.cl\/aysen\/wp-content\/uploads\/sites\/18\/2020\/10\/FECI-web.png","datePublished":"2020-10-26T20:20:23+00:00","dateModified":"2023-07-22T06:40:39+00:00","author":{"@id":"https:\/\/dev.explora.cl\/aysen\/#\/schema\/person\/81c802b1e3b443e2575e555b39e60a05"},"breadcrumb":{"@id":"https:\/\/dev.explora.cl\/aysen\/feci\/#breadcrumb"},"inLanguage":"es-CL","potentialAction":[{"@type":"ReadAction","target":["https:\/\/dev.explora.cl\/aysen\/feci\/"]}]},{"@type":"ImageObject","inLanguage":"es-CL","@id":"https:\/\/dev.explora.cl\/aysen\/feci\/#primaryimage","url":"https:\/\/dev.explora.cl\/aysen\/wp-content\/uploads\/sites\/18\/2020\/10\/FECI-web.png","contentUrl":"https:\/\/dev.explora.cl\/aysen\/wp-content\/uploads\/sites\/18\/2020\/10\/FECI-web.png","width":735,"height":470},{"@type":"BreadcrumbList","@id":"https:\/\/dev.explora.cl\/aysen\/feci\/#breadcrumb","itemListElement":[{"@type":"ListItem","position":1,"name":"Portada","item":"https:\/\/dev.explora.cl\/aysen\/"},{"@type":"ListItem","position":2,"name":"Inscr\u00edbete y participa en las actividades del Festival de las Ciencias 2020"}]},{"@type":"WebSite","@id":"https:\/\/dev.explora.cl\/aysen\/#website","url":"https:\/\/dev.explora.cl\/aysen\/","name":"Aysen","description":"Otro sitio m\u00e1s de dev.explora.cl","potentialAction":[{"@type":"SearchAction","target":{"@type":"EntryPoint","urlTemplate":"https:\/\/dev.explora.cl\/aysen\/?s={search_term_string}"},"query-input":{"@type":"PropertyValueSpecification","valueRequired":true,"valueName":"search_term_string"}}],"inLanguage":"es-CL"},{"@type":"Person","@id":"https:\/\/dev.explora.cl\/aysen\/#\/schema\/person\/81c802b1e3b443e2575e555b39e60a05","name":"scisternas","image":{"@type":"ImageObject","inLanguage":"es-CL","@id":"https:\/\/dev.explora.cl\/aysen\/#\/schema\/person\/image\/","url":"https:\/\/secure.gravatar.com\/avatar\/611c8f1946b775bdf01b0521c85a9381c3ad08d928d8ead34ce577b0fa231c76?s=96&d=mm&r=g","contentUrl":"https:\/\/secure.gravatar.com\/avatar\/611c8f1946b775bdf01b0521c85a9381c3ad08d928d8ead34ce577b0fa231c76?s=96&d=mm&r=g","caption":"scisternas"},"url":"https:\/\/dev.explora.cl\/aysen\/author\/scisternas\/"}]}},"_links":{"self":[{"href":"https:\/\/dev.explora.cl\/aysen\/wp-json\/wp\/v2\/posts\/37803","targetHints":{"allow":["GET"]}}],"collection":[{"href":"https:\/\/dev.explora.cl\/aysen\/wp-json\/wp\/v2\/posts"}],"about":[{"href":"https:\/\/dev.explora.cl\/aysen\/wp-json\/wp\/v2\/types\/post"}],"author":[{"embeddable":true,"href":"https:\/\/dev.explora.cl\/aysen\/wp-json\/wp\/v2\/users\/37"}],"replies":[{"embeddable":true,"href":"https:\/\/dev.explora.cl\/aysen\/wp-json\/wp\/v2\/comments?post=37803"}],"version-history":[{"count":4,"href":"https:\/\/dev.explora.cl\/aysen\/wp-json\/wp\/v2\/posts\/37803\/revisions"}],"predecessor-version":[{"id":37812,"href":"https:\/\/dev.explora.cl\/aysen\/wp-json\/wp\/v2\/posts\/37803\/revisions\/37812"}],"wp:featuredmedia":[{"embeddable":true,"href":"https:\/\/dev.explora.cl\/aysen\/wp-json\/wp\/v2\/media\/37804"}],"wp:attachment":[{"href":"https:\/\/dev.explora.cl\/aysen\/wp-json\/wp\/v2\/media?parent=37803"}],"wp:term":[{"taxonomy":"category","embeddable":true,"href":"https:\/\/dev.explora.cl\/aysen\/wp-json\/wp\/v2\/categories?post=37803"},{"taxonomy":"post_tag","embeddable":true,"href":"https:\/\/dev.explora.cl\/aysen\/wp-json\/wp\/v2\/tags?post=37803"}],"curies":[{"name":"wp","href":"https:\/\/api.w.org\/{rel}","templated":true}]}}