{"id":37772,"date":"2020-09-03T19:01:13","date_gmt":"2020-09-03T23:01:13","guid":{"rendered":"https:\/\/dev.explora.cl\/aysen\/?p=37772"},"modified":"2023-07-28T11:32:48","modified_gmt":"2023-07-28T15:32:48","slug":"charlas-sobre-ciencia-biodiversidad-y-microbosques","status":"publish","type":"post","link":"https:\/\/dev.explora.cl\/aysen\/charlas-sobre-ciencia-biodiversidad-y-microbosques\/","title":{"rendered":"Charlas sobre ciencia, biodiversidad y microbosques"},"content":{"rendered":"<p><i><span style=\"font-weight: 400\">El ciclo pretende poner en valor la biodiversidad de los microbosques en las \u00c1reas Silvestres Protegidas de la regi\u00f3n de Ays\u00e9n. Tendr\u00e1 una duraci\u00f3n de tres d\u00edas y ser\u00e1 transmitido por Facebook Live los d\u00edas 8, 9 y 10 de septiembre a las 18:00 horas.<\/span><\/i><\/p>\n<p><span style=\"font-weight: 400\">En Chile existen cerca de 2.500 especies de l\u00edquenes, y aproximadamente 400 de ellas est\u00e1n presentes en la regi\u00f3n de Ays\u00e9n. As\u00ed mismo, el patrimonio natural de la Patagonia alberga a m\u00e1s de 700 especies de bri\u00f3fitos, siendo m\u00e1s de la mitad end\u00e9micas de los bosques del sur de Sudam\u00e9rica.\u00a0<\/span><\/p>\n<p><span style=\"font-weight: 400\">Nuestro pa\u00eds lidera el ranking en micro diversidad entre pa\u00edses como Brasil, Ecuador, Argentina y Colombia, sin embargo, estos peque\u00f1os seres que habitan los bosques a\u00fan pasan desapercibidos a ojos de la mayor\u00eda de los visitantes que no pertenecen al mundo de la investigaci\u00f3n.<\/span><\/p>\n<p><span style=\"font-weight: 400\">Atendiendo a este desaf\u00edo surgi\u00f3 la necesidad de organizar el ciclo de charlas \u201cCiencia, Biodiversidad y Microbosques: distintas formas de ver y estudiar la naturaleza\u201d, organizado fruto de una alianza colaborativa entre las charlas virtuales Ciencia Abierta, del Proyecto Explora Ays\u00e9n del Ministerio de Ciencia, y Bosque con Lupa, del Proyecto Ecoturismo con Lupa en \u00c1reas Silvestres Protegidas de Ays\u00e9n, financiado por el Fondo de Innovaci\u00f3n para la Competitividad del Gobierno Regional de Ays\u00e9n (FIC-R-2019), ambas iniciativas impulsadas por profesionales del Campus Patagonia de la Universidad Austral de Chile.<\/span><\/p>\n<p><span style=\"font-weight: 400\">\u201cEl proyecto <\/span><i><span style=\"font-weight: 400\">Bosque con Lupa<\/span><\/i><span style=\"font-weight: 400\"> se interesa principalmente en fomentar estas instancias a toda la comunidad, entendiendo que el estudio de la biodiversidad en la regi\u00f3n es de gran importancia como herramienta de difusi\u00f3n y educaci\u00f3n ambiental. Actualmente el proyecto se enfoca en el ecoturismo como una actividad de conservaci\u00f3n dentro del Parque Nacional Queulat. Los investigadores que expondr\u00e1n sobre microbosques tienen amplia experiencia en sus \u00e1reas, y nos han apoyado en la identificaci\u00f3n y valoraci\u00f3n de estos microecosistemas. Otro cient\u00edfico que nos acompa\u00f1ar\u00e1 en este ciclo forma parte del Programa Austral Patagonia de la UACh, el cual busca fortalecer los est\u00e1ndares de conservaci\u00f3n en el Sistema de \u00c1reas Silvestres Protegidas de la regi\u00f3n de Ays\u00e9n.\u201d Se\u00f1ala Eduardo Mu\u00f1oz, bi\u00f3logo, encargado de las charlas Ciencia Abierta del Proyecto Explora Ays\u00e9n y miembro del equipo del Proyecto FIC Ecoturismo con Lupa en \u00c1reas Silvestres Protegidas de Ays\u00e9n.<\/span><\/p>\n<p><b>Un bosque dentro del bosque<\/b><\/p>\n<p><span style=\"font-weight: 400\">L\u00edquenes, bri\u00f3fitas e invertebrados de agua dulce son algunos seres que dan vida al microbosque, un ecosistema resiliente, diverso y ejemplo de cooperaci\u00f3n entre distintas especies. L\u00edquenes y bri\u00f3fitas de este bosque en miniatura han logrado subsistir al paso de los a\u00f1os y al cambio clim\u00e1tico desde \u00e9pocas prehist\u00f3ricas, demostrando una gran adaptabilidad, resistencia a las temperaturas extremas y una alta capacidad para colonizar diversos tipos de h\u00e1bitat. A su vez, cumplen una funci\u00f3n ecol\u00f3gica fundamental, como bioindicadores de niveles de contaminaci\u00f3n y radiaci\u00f3n UV, regulaci\u00f3n de aguas, fijaci\u00f3n de nitr\u00f3geno atmosf\u00e9rico y cubriendo \u00e1reas afectadas por impactos naturales.<\/span><\/p>\n<p><span style=\"font-weight: 400\">El ciclo tendr\u00e1 una duraci\u00f3n de tres d\u00edas y contar\u00e1 con las ponencias de expertos en bot\u00e1nica y ciencias biol\u00f3gicas, que nos llevar\u00e1n a un viaje por los bosques de la regi\u00f3n de Ays\u00e9n con una mirada distinta, dirigida hacia los suelos, las rocas y las cortezas de los \u00e1rboles. El ciclo comenzar\u00e1 el martes 8 de septiembre con la charla del Dr. en Bot\u00e1nica, Juan Larra\u00edn Benoit, investigador de la Pontificia Universidad Cat\u00f3lica de Valpara\u00edso; el mi\u00e9rcoles 9 ser\u00e1 el turno de Reinaldo Vargas Castillo, Dr. en Ciencias Biol\u00f3gicas de la Universidad Metropolitana de Ciencias en Educaci\u00f3n; para finalizar, el jueves 10 de septiembre, con una charla de Mauricio Soto Gamboa, Dr. en Ciencias Biol\u00f3gicas del Instituto en Ciencias Ambientales y Evolutivas de la Universidad Austral de Chile.<\/span><\/p>\n<p><span style=\"font-weight: 400\">Las charlas pretenden analizar la importancia ambiental de la conservaci\u00f3n y el estudio de la biodiversidad en \u00e1reas protegidas, considerando tambi\u00e9n las repercusiones en el patrimonio ambiental-cultural de la regi\u00f3n y en la actividad tur\u00edstica.<\/span><\/p>\n<p><span style=\"font-weight: 400\">Este espacio virtual participativo est\u00e1 disponible para todos y todas quienes deseen internarse en el microbosque m\u00e1s escondido y diverso del sur del mundo. Si desean participar del conversatorio pueden hacerlo completando el siguiente formulario <\/span><a href=\"http:\/\/shorturl.at\/fgzOP\"><span style=\"font-weight: 400\">shorturl.at\/fgzOP<\/span><\/a><span style=\"font-weight: 400\">\u00a0<\/span><\/p>\n","protected":false},"excerpt":{"rendered":"<p>El ciclo pretende poner en valor la biodiversidad de los microbosques en las \u00c1reas Silvestres Protegidas de la regi\u00f3n de Ays\u00e9n. Tendr\u00e1 una duraci\u00f3n de tres d\u00edas y ser\u00e1 transmitido por Facebook Live los d\u00edas 8, 9 y 10 de septiembre a las 18:00 horas.<\/p>\n","protected":false},"author":37,"featured_media":37773,"comment_status":"open","ping_status":"open","sticky":false,"template":"","format":"standard","meta":{"_acf_changed":false,"_exactmetrics_skip_tracking":false,"_exactmetrics_sitenote_active":false,"_exactmetrics_sitenote_note":"","_exactmetrics_sitenote_category":0,"footnotes":"","_links_to":"","_links_to_target":""},"categories":[4],"tags":[],"class_list":["post-37772","post","type-post","status-publish","format-standard","has-post-thumbnail","hentry","category-noticias"],"acf":[],"yoast_head":"<!-- This site is optimized with the Yoast SEO plugin v26.7 - https:\/\/yoast.com\/wordpress\/plugins\/seo\/ -->\n<title>Charlas sobre ciencia, biodiversidad y microbosques - Aysen<\/title>\n<meta name=\"robots\" content=\"index, follow, max-snippet:-1, max-image-preview:large, max-video-preview:-1\" \/>\n<link rel=\"canonical\" href=\"https:\/\/dev.explora.cl\/aysen\/charlas-sobre-ciencia-biodiversidad-y-microbosques\/\" class=\"yoast-seo-meta-tag\" \/>\n<meta property=\"og:locale\" content=\"es_ES\" class=\"yoast-seo-meta-tag\" \/>\n<meta property=\"og:type\" content=\"article\" class=\"yoast-seo-meta-tag\" \/>\n<meta property=\"og:title\" content=\"Charlas sobre ciencia, biodiversidad y microbosques - Aysen\" class=\"yoast-seo-meta-tag\" \/>\n<meta property=\"og:description\" content=\"El ciclo pretende poner en valor la biodiversidad de los microbosques en las \u00c1reas Silvestres Protegidas de la regi\u00f3n de Ays\u00e9n. Tendr\u00e1 una duraci\u00f3n de tres d\u00edas y ser\u00e1 transmitido por Facebook Live los d\u00edas 8, 9 y 10 de septiembre a las 18:00 horas.\" class=\"yoast-seo-meta-tag\" \/>\n<meta property=\"og:url\" content=\"https:\/\/dev.explora.cl\/aysen\/charlas-sobre-ciencia-biodiversidad-y-microbosques\/\" class=\"yoast-seo-meta-tag\" \/>\n<meta property=\"og:site_name\" content=\"Aysen\" class=\"yoast-seo-meta-tag\" \/>\n<meta property=\"article:published_time\" content=\"2020-09-03T23:01:13+00:00\" class=\"yoast-seo-meta-tag\" \/>\n<meta property=\"article:modified_time\" content=\"2023-07-28T15:32:48+00:00\" class=\"yoast-seo-meta-tag\" \/>\n<meta property=\"og:image\" content=\"https:\/\/dev.explora.cl\/aysen\/wp-content\/uploads\/sites\/18\/2020\/09\/bannerweb-CBM.png\" class=\"yoast-seo-meta-tag\" \/>\n\t<meta property=\"og:image:width\" content=\"735\" class=\"yoast-seo-meta-tag\" \/>\n\t<meta property=\"og:image:height\" content=\"470\" class=\"yoast-seo-meta-tag\" \/>\n\t<meta property=\"og:image:type\" content=\"image\/png\" class=\"yoast-seo-meta-tag\" \/>\n<meta name=\"author\" content=\"scisternas\" class=\"yoast-seo-meta-tag\" \/>\n<meta name=\"twitter:card\" content=\"summary_large_image\" class=\"yoast-seo-meta-tag\" \/>\n<meta name=\"twitter:label1\" content=\"Escrito por\" class=\"yoast-seo-meta-tag\" \/>\n\t<meta name=\"twitter:data1\" content=\"scisternas\" class=\"yoast-seo-meta-tag\" \/>\n\t<meta name=\"twitter:label2\" content=\"Tiempo estimado de lectura\" class=\"yoast-seo-meta-tag\" \/>\n\t<meta name=\"twitter:data2\" content=\"4 minutos\" class=\"yoast-seo-meta-tag\" \/>\n<script type=\"application\/ld+json\" class=\"yoast-schema-graph\">{\"@context\":\"https:\/\/schema.org\",\"@graph\":[{\"@type\":\"Article\",\"@id\":\"https:\/\/dev.explora.cl\/aysen\/charlas-sobre-ciencia-biodiversidad-y-microbosques\/#article\",\"isPartOf\":{\"@id\":\"https:\/\/dev.explora.cl\/aysen\/charlas-sobre-ciencia-biodiversidad-y-microbosques\/\"},\"author\":{\"name\":\"scisternas\",\"@id\":\"https:\/\/dev.explora.cl\/aysen\/#\/schema\/person\/81c802b1e3b443e2575e555b39e60a05\"},\"headline\":\"Charlas sobre ciencia, biodiversidad y microbosques\",\"datePublished\":\"2020-09-03T23:01:13+00:00\",\"dateModified\":\"2023-07-28T15:32:48+00:00\",\"mainEntityOfPage\":{\"@id\":\"https:\/\/dev.explora.cl\/aysen\/charlas-sobre-ciencia-biodiversidad-y-microbosques\/\"},\"wordCount\":756,\"commentCount\":0,\"image\":{\"@id\":\"https:\/\/dev.explora.cl\/aysen\/charlas-sobre-ciencia-biodiversidad-y-microbosques\/#primaryimage\"},\"thumbnailUrl\":\"https:\/\/dev.explora.cl\/aysen\/wp-content\/uploads\/sites\/18\/2020\/09\/bannerweb-CBM.png\",\"articleSection\":[\"Noticias\"],\"inLanguage\":\"es-CL\",\"potentialAction\":[{\"@type\":\"CommentAction\",\"name\":\"Comment\",\"target\":[\"https:\/\/dev.explora.cl\/aysen\/charlas-sobre-ciencia-biodiversidad-y-microbosques\/#respond\"]}]},{\"@type\":\"WebPage\",\"@id\":\"https:\/\/dev.explora.cl\/aysen\/charlas-sobre-ciencia-biodiversidad-y-microbosques\/\",\"url\":\"https:\/\/dev.explora.cl\/aysen\/charlas-sobre-ciencia-biodiversidad-y-microbosques\/\",\"name\":\"Charlas sobre ciencia, biodiversidad y microbosques - Aysen\",\"isPartOf\":{\"@id\":\"https:\/\/dev.explora.cl\/aysen\/#website\"},\"primaryImageOfPage\":{\"@id\":\"https:\/\/dev.explora.cl\/aysen\/charlas-sobre-ciencia-biodiversidad-y-microbosques\/#primaryimage\"},\"image\":{\"@id\":\"https:\/\/dev.explora.cl\/aysen\/charlas-sobre-ciencia-biodiversidad-y-microbosques\/#primaryimage\"},\"thumbnailUrl\":\"https:\/\/dev.explora.cl\/aysen\/wp-content\/uploads\/sites\/18\/2020\/09\/bannerweb-CBM.png\",\"datePublished\":\"2020-09-03T23:01:13+00:00\",\"dateModified\":\"2023-07-28T15:32:48+00:00\",\"author\":{\"@id\":\"https:\/\/dev.explora.cl\/aysen\/#\/schema\/person\/81c802b1e3b443e2575e555b39e60a05\"},\"breadcrumb\":{\"@id\":\"https:\/\/dev.explora.cl\/aysen\/charlas-sobre-ciencia-biodiversidad-y-microbosques\/#breadcrumb\"},\"inLanguage\":\"es-CL\",\"potentialAction\":[{\"@type\":\"ReadAction\",\"target\":[\"https:\/\/dev.explora.cl\/aysen\/charlas-sobre-ciencia-biodiversidad-y-microbosques\/\"]}]},{\"@type\":\"ImageObject\",\"inLanguage\":\"es-CL\",\"@id\":\"https:\/\/dev.explora.cl\/aysen\/charlas-sobre-ciencia-biodiversidad-y-microbosques\/#primaryimage\",\"url\":\"https:\/\/dev.explora.cl\/aysen\/wp-content\/uploads\/sites\/18\/2020\/09\/bannerweb-CBM.png\",\"contentUrl\":\"https:\/\/dev.explora.cl\/aysen\/wp-content\/uploads\/sites\/18\/2020\/09\/bannerweb-CBM.png\",\"width\":735,\"height\":470},{\"@type\":\"BreadcrumbList\",\"@id\":\"https:\/\/dev.explora.cl\/aysen\/charlas-sobre-ciencia-biodiversidad-y-microbosques\/#breadcrumb\",\"itemListElement\":[{\"@type\":\"ListItem\",\"position\":1,\"name\":\"Portada\",\"item\":\"https:\/\/dev.explora.cl\/aysen\/\"},{\"@type\":\"ListItem\",\"position\":2,\"name\":\"Charlas sobre ciencia, biodiversidad y microbosques\"}]},{\"@type\":\"WebSite\",\"@id\":\"https:\/\/dev.explora.cl\/aysen\/#website\",\"url\":\"https:\/\/dev.explora.cl\/aysen\/\",\"name\":\"Aysen\",\"description\":\"Otro sitio m\u00e1s de dev.explora.cl\",\"potentialAction\":[{\"@type\":\"SearchAction\",\"target\":{\"@type\":\"EntryPoint\",\"urlTemplate\":\"https:\/\/dev.explora.cl\/aysen\/?s={search_term_string}\"},\"query-input\":{\"@type\":\"PropertyValueSpecification\",\"valueRequired\":true,\"valueName\":\"search_term_string\"}}],\"inLanguage\":\"es-CL\"},{\"@type\":\"Person\",\"@id\":\"https:\/\/dev.explora.cl\/aysen\/#\/schema\/person\/81c802b1e3b443e2575e555b39e60a05\",\"name\":\"scisternas\",\"image\":{\"@type\":\"ImageObject\",\"inLanguage\":\"es-CL\",\"@id\":\"https:\/\/dev.explora.cl\/aysen\/#\/schema\/person\/image\/\",\"url\":\"https:\/\/secure.gravatar.com\/avatar\/611c8f1946b775bdf01b0521c85a9381c3ad08d928d8ead34ce577b0fa231c76?s=96&d=mm&r=g\",\"contentUrl\":\"https:\/\/secure.gravatar.com\/avatar\/611c8f1946b775bdf01b0521c85a9381c3ad08d928d8ead34ce577b0fa231c76?s=96&d=mm&r=g\",\"caption\":\"scisternas\"},\"url\":\"https:\/\/dev.explora.cl\/aysen\/author\/scisternas\/\"}]}<\/script>\n<!-- \/ Yoast SEO plugin. -->","yoast_head_json":{"title":"Charlas sobre ciencia, biodiversidad y microbosques - Aysen","robots":{"index":"index","follow":"follow","max-snippet":"max-snippet:-1","max-image-preview":"max-image-preview:large","max-video-preview":"max-video-preview:-1"},"canonical":"https:\/\/dev.explora.cl\/aysen\/charlas-sobre-ciencia-biodiversidad-y-microbosques\/","og_locale":"es_ES","og_type":"article","og_title":"Charlas sobre ciencia, biodiversidad y microbosques - Aysen","og_description":"El ciclo pretende poner en valor la biodiversidad de los microbosques en las \u00c1reas Silvestres Protegidas de la regi\u00f3n de Ays\u00e9n. Tendr\u00e1 una duraci\u00f3n de tres d\u00edas y ser\u00e1 transmitido por Facebook Live los d\u00edas 8, 9 y 10 de septiembre a las 18:00 horas.","og_url":"https:\/\/dev.explora.cl\/aysen\/charlas-sobre-ciencia-biodiversidad-y-microbosques\/","og_site_name":"Aysen","article_published_time":"2020-09-03T23:01:13+00:00","article_modified_time":"2023-07-28T15:32:48+00:00","og_image":[{"width":735,"height":470,"url":"https:\/\/dev.explora.cl\/aysen\/wp-content\/uploads\/sites\/18\/2020\/09\/bannerweb-CBM.png","type":"image\/png"}],"author":"scisternas","twitter_card":"summary_large_image","twitter_misc":{"Escrito por":"scisternas","Tiempo estimado de lectura":"4 minutos"},"schema":{"@context":"https:\/\/schema.org","@graph":[{"@type":"Article","@id":"https:\/\/dev.explora.cl\/aysen\/charlas-sobre-ciencia-biodiversidad-y-microbosques\/#article","isPartOf":{"@id":"https:\/\/dev.explora.cl\/aysen\/charlas-sobre-ciencia-biodiversidad-y-microbosques\/"},"author":{"name":"scisternas","@id":"https:\/\/dev.explora.cl\/aysen\/#\/schema\/person\/81c802b1e3b443e2575e555b39e60a05"},"headline":"Charlas sobre ciencia, biodiversidad y microbosques","datePublished":"2020-09-03T23:01:13+00:00","dateModified":"2023-07-28T15:32:48+00:00","mainEntityOfPage":{"@id":"https:\/\/dev.explora.cl\/aysen\/charlas-sobre-ciencia-biodiversidad-y-microbosques\/"},"wordCount":756,"commentCount":0,"image":{"@id":"https:\/\/dev.explora.cl\/aysen\/charlas-sobre-ciencia-biodiversidad-y-microbosques\/#primaryimage"},"thumbnailUrl":"https:\/\/dev.explora.cl\/aysen\/wp-content\/uploads\/sites\/18\/2020\/09\/bannerweb-CBM.png","articleSection":["Noticias"],"inLanguage":"es-CL","potentialAction":[{"@type":"CommentAction","name":"Comment","target":["https:\/\/dev.explora.cl\/aysen\/charlas-sobre-ciencia-biodiversidad-y-microbosques\/#respond"]}]},{"@type":"WebPage","@id":"https:\/\/dev.explora.cl\/aysen\/charlas-sobre-ciencia-biodiversidad-y-microbosques\/","url":"https:\/\/dev.explora.cl\/aysen\/charlas-sobre-ciencia-biodiversidad-y-microbosques\/","name":"Charlas sobre ciencia, biodiversidad y microbosques - Aysen","isPartOf":{"@id":"https:\/\/dev.explora.cl\/aysen\/#website"},"primaryImageOfPage":{"@id":"https:\/\/dev.explora.cl\/aysen\/charlas-sobre-ciencia-biodiversidad-y-microbosques\/#primaryimage"},"image":{"@id":"https:\/\/dev.explora.cl\/aysen\/charlas-sobre-ciencia-biodiversidad-y-microbosques\/#primaryimage"},"thumbnailUrl":"https:\/\/dev.explora.cl\/aysen\/wp-content\/uploads\/sites\/18\/2020\/09\/bannerweb-CBM.png","datePublished":"2020-09-03T23:01:13+00:00","dateModified":"2023-07-28T15:32:48+00:00","author":{"@id":"https:\/\/dev.explora.cl\/aysen\/#\/schema\/person\/81c802b1e3b443e2575e555b39e60a05"},"breadcrumb":{"@id":"https:\/\/dev.explora.cl\/aysen\/charlas-sobre-ciencia-biodiversidad-y-microbosques\/#breadcrumb"},"inLanguage":"es-CL","potentialAction":[{"@type":"ReadAction","target":["https:\/\/dev.explora.cl\/aysen\/charlas-sobre-ciencia-biodiversidad-y-microbosques\/"]}]},{"@type":"ImageObject","inLanguage":"es-CL","@id":"https:\/\/dev.explora.cl\/aysen\/charlas-sobre-ciencia-biodiversidad-y-microbosques\/#primaryimage","url":"https:\/\/dev.explora.cl\/aysen\/wp-content\/uploads\/sites\/18\/2020\/09\/bannerweb-CBM.png","contentUrl":"https:\/\/dev.explora.cl\/aysen\/wp-content\/uploads\/sites\/18\/2020\/09\/bannerweb-CBM.png","width":735,"height":470},{"@type":"BreadcrumbList","@id":"https:\/\/dev.explora.cl\/aysen\/charlas-sobre-ciencia-biodiversidad-y-microbosques\/#breadcrumb","itemListElement":[{"@type":"ListItem","position":1,"name":"Portada","item":"https:\/\/dev.explora.cl\/aysen\/"},{"@type":"ListItem","position":2,"name":"Charlas sobre ciencia, biodiversidad y microbosques"}]},{"@type":"WebSite","@id":"https:\/\/dev.explora.cl\/aysen\/#website","url":"https:\/\/dev.explora.cl\/aysen\/","name":"Aysen","description":"Otro sitio m\u00e1s de dev.explora.cl","potentialAction":[{"@type":"SearchAction","target":{"@type":"EntryPoint","urlTemplate":"https:\/\/dev.explora.cl\/aysen\/?s={search_term_string}"},"query-input":{"@type":"PropertyValueSpecification","valueRequired":true,"valueName":"search_term_string"}}],"inLanguage":"es-CL"},{"@type":"Person","@id":"https:\/\/dev.explora.cl\/aysen\/#\/schema\/person\/81c802b1e3b443e2575e555b39e60a05","name":"scisternas","image":{"@type":"ImageObject","inLanguage":"es-CL","@id":"https:\/\/dev.explora.cl\/aysen\/#\/schema\/person\/image\/","url":"https:\/\/secure.gravatar.com\/avatar\/611c8f1946b775bdf01b0521c85a9381c3ad08d928d8ead34ce577b0fa231c76?s=96&d=mm&r=g","contentUrl":"https:\/\/secure.gravatar.com\/avatar\/611c8f1946b775bdf01b0521c85a9381c3ad08d928d8ead34ce577b0fa231c76?s=96&d=mm&r=g","caption":"scisternas"},"url":"https:\/\/dev.explora.cl\/aysen\/author\/scisternas\/"}]}},"_links":{"self":[{"href":"https:\/\/dev.explora.cl\/aysen\/wp-json\/wp\/v2\/posts\/37772","targetHints":{"allow":["GET"]}}],"collection":[{"href":"https:\/\/dev.explora.cl\/aysen\/wp-json\/wp\/v2\/posts"}],"about":[{"href":"https:\/\/dev.explora.cl\/aysen\/wp-json\/wp\/v2\/types\/post"}],"author":[{"embeddable":true,"href":"https:\/\/dev.explora.cl\/aysen\/wp-json\/wp\/v2\/users\/37"}],"replies":[{"embeddable":true,"href":"https:\/\/dev.explora.cl\/aysen\/wp-json\/wp\/v2\/comments?post=37772"}],"version-history":[{"count":1,"href":"https:\/\/dev.explora.cl\/aysen\/wp-json\/wp\/v2\/posts\/37772\/revisions"}],"predecessor-version":[{"id":37774,"href":"https:\/\/dev.explora.cl\/aysen\/wp-json\/wp\/v2\/posts\/37772\/revisions\/37774"}],"wp:featuredmedia":[{"embeddable":true,"href":"https:\/\/dev.explora.cl\/aysen\/wp-json\/wp\/v2\/media\/37773"}],"wp:attachment":[{"href":"https:\/\/dev.explora.cl\/aysen\/wp-json\/wp\/v2\/media?parent=37772"}],"wp:term":[{"taxonomy":"category","embeddable":true,"href":"https:\/\/dev.explora.cl\/aysen\/wp-json\/wp\/v2\/categories?post=37772"},{"taxonomy":"post_tag","embeddable":true,"href":"https:\/\/dev.explora.cl\/aysen\/wp-json\/wp\/v2\/tags?post=37772"}],"curies":[{"name":"wp","href":"https:\/\/api.w.org\/{rel}","templated":true}]}}