{"id":37767,"date":"2020-08-24T15:10:06","date_gmt":"2020-08-24T19:10:06","guid":{"rendered":"https:\/\/dev.explora.cl\/aysen\/?p=37767"},"modified":"2023-07-28T11:32:35","modified_gmt":"2023-07-28T15:32:35","slug":"conociendo-la-plataforma-virtual-iie-2020","status":"publish","type":"post","link":"https:\/\/dev.explora.cl\/aysen\/conociendo-la-plataforma-virtual-iie-2020\/","title":{"rendered":"Conociendo la plataforma virtual IIE 2020"},"content":{"rendered":"<p>Para comenzar a transitar la ruta cient\u00edfica que nos llevar\u00e1 a materializar nuestro proyecto de investigaci\u00f3n escolar, es necesario familiarizarnos con la plataforma virtual. Este espacio est\u00e1 pensando para que estudiantes y docentes puedan acceder al contenido de los talleres, tutoriales, videos e informaci\u00f3n digital de apoyo, adem\u00e1s de compartir experiencias y dudas entre los equipos a trav\u00e9s del foro.<\/p>\n<p>Durante el taller de inducci\u00f3n se presentar\u00e1n los perfiles de usuario, accesos, niveles, foros, mensajes y biblioteca virtual de la plataforma. Adem\u00e1s, se presentar\u00e1 un tutorial para la instalaci\u00f3n y el uso de Zoom, tanto el computadoras como en dispositivos\u00a0 m\u00f3viles.<\/p>\n<p style=\"text-align: center\">Las fechas de los talleres son las siguientes:<\/p>\n<p style=\"text-align: center\">Taller de inducci\u00f3n a la plataforma virtual <strong>ense\u00f1anza media 25 de agosto 16:00 a 17:30\u00a0<\/strong><\/p>\n<p style=\"text-align: center\">Taller de inducci\u00f3n a la plataforma virtual<strong> ense\u00f1anza b\u00e1sica 26 de agosto 16:00 a 17:30<\/strong><\/p>\n<p>Una vez que conozcamos c\u00f3mo funcionan las herramientas b\u00e1sicas para trabajar, podremos avanzar al siguiente paso, el Taller 1 de Investigaci\u00f3n e Innovaci\u00f3n Escolar 2020 \u00a1Manos a la obra!<\/p>\n","protected":false},"excerpt":{"rendered":"<p>Los talleres de inducci\u00f3n para conocer la plataforma virtual IIE 2020 se realizar\u00e1n el martes 25 de agosto a las 16:00 para equipos de investigaci\u00f3n de ense\u00f1anza media, y el mi\u00e9rcoles 26 de agosto a las 16:00 para equipos de ense\u00f1anza b\u00e1sica.<\/p>\n","protected":false},"author":37,"featured_media":37768,"comment_status":"open","ping_status":"open","sticky":false,"template":"","format":"standard","meta":{"_acf_changed":false,"_exactmetrics_skip_tracking":false,"_exactmetrics_sitenote_active":false,"_exactmetrics_sitenote_note":"","_exactmetrics_sitenote_category":0,"footnotes":"","_links_to":"","_links_to_target":""},"categories":[4],"tags":[],"class_list":["post-37767","post","type-post","status-publish","format-standard","has-post-thumbnail","hentry","category-noticias"],"acf":[],"yoast_head":"<!-- This site is optimized with the Yoast SEO plugin v26.7 - https:\/\/yoast.com\/wordpress\/plugins\/seo\/ -->\n<title>Conociendo la plataforma virtual IIE 2020 - Aysen<\/title>\n<meta name=\"robots\" content=\"index, follow, max-snippet:-1, max-image-preview:large, max-video-preview:-1\" \/>\n<link rel=\"canonical\" href=\"https:\/\/dev.explora.cl\/aysen\/conociendo-la-plataforma-virtual-iie-2020\/\" class=\"yoast-seo-meta-tag\" \/>\n<meta property=\"og:locale\" content=\"es_ES\" class=\"yoast-seo-meta-tag\" \/>\n<meta property=\"og:type\" content=\"article\" class=\"yoast-seo-meta-tag\" \/>\n<meta property=\"og:title\" content=\"Conociendo la plataforma virtual IIE 2020 - Aysen\" class=\"yoast-seo-meta-tag\" \/>\n<meta property=\"og:description\" content=\"Los talleres de inducci\u00f3n para conocer la plataforma virtual IIE 2020 se realizar\u00e1n el martes 25 de agosto a las 16:00 para equipos de investigaci\u00f3n de ense\u00f1anza media, y el mi\u00e9rcoles 26 de agosto a las 16:00 para equipos de ense\u00f1anza b\u00e1sica.\" class=\"yoast-seo-meta-tag\" \/>\n<meta property=\"og:url\" content=\"https:\/\/dev.explora.cl\/aysen\/conociendo-la-plataforma-virtual-iie-2020\/\" class=\"yoast-seo-meta-tag\" \/>\n<meta property=\"og:site_name\" content=\"Aysen\" class=\"yoast-seo-meta-tag\" \/>\n<meta property=\"article:published_time\" content=\"2020-08-24T19:10:06+00:00\" class=\"yoast-seo-meta-tag\" \/>\n<meta property=\"article:modified_time\" content=\"2023-07-28T15:32:35+00:00\" class=\"yoast-seo-meta-tag\" \/>\n<meta property=\"og:image\" content=\"https:\/\/dev.explora.cl\/aysen\/wp-content\/uploads\/sites\/18\/2020\/08\/taller-inducci\u00f3n-25-y-26.png\" class=\"yoast-seo-meta-tag\" \/>\n\t<meta property=\"og:image:width\" content=\"735\" class=\"yoast-seo-meta-tag\" \/>\n\t<meta property=\"og:image:height\" content=\"470\" class=\"yoast-seo-meta-tag\" \/>\n\t<meta property=\"og:image:type\" content=\"image\/png\" class=\"yoast-seo-meta-tag\" \/>\n<meta name=\"author\" content=\"scisternas\" class=\"yoast-seo-meta-tag\" \/>\n<meta name=\"twitter:card\" content=\"summary_large_image\" class=\"yoast-seo-meta-tag\" \/>\n<meta name=\"twitter:label1\" content=\"Escrito por\" class=\"yoast-seo-meta-tag\" \/>\n\t<meta name=\"twitter:data1\" content=\"scisternas\" class=\"yoast-seo-meta-tag\" \/>\n\t<meta name=\"twitter:label2\" content=\"Tiempo estimado de lectura\" class=\"yoast-seo-meta-tag\" \/>\n\t<meta name=\"twitter:data2\" content=\"1 minuto\" class=\"yoast-seo-meta-tag\" \/>\n<script type=\"application\/ld+json\" class=\"yoast-schema-graph\">{\"@context\":\"https:\/\/schema.org\",\"@graph\":[{\"@type\":\"Article\",\"@id\":\"https:\/\/dev.explora.cl\/aysen\/conociendo-la-plataforma-virtual-iie-2020\/#article\",\"isPartOf\":{\"@id\":\"https:\/\/dev.explora.cl\/aysen\/conociendo-la-plataforma-virtual-iie-2020\/\"},\"author\":{\"name\":\"scisternas\",\"@id\":\"https:\/\/dev.explora.cl\/aysen\/#\/schema\/person\/81c802b1e3b443e2575e555b39e60a05\"},\"headline\":\"Conociendo la plataforma virtual IIE 2020\",\"datePublished\":\"2020-08-24T19:10:06+00:00\",\"dateModified\":\"2023-07-28T15:32:35+00:00\",\"mainEntityOfPage\":{\"@id\":\"https:\/\/dev.explora.cl\/aysen\/conociendo-la-plataforma-virtual-iie-2020\/\"},\"wordCount\":184,\"commentCount\":0,\"image\":{\"@id\":\"https:\/\/dev.explora.cl\/aysen\/conociendo-la-plataforma-virtual-iie-2020\/#primaryimage\"},\"thumbnailUrl\":\"https:\/\/dev.explora.cl\/aysen\/wp-content\/uploads\/sites\/18\/2020\/08\/taller-inducci\u00f3n-25-y-26.png\",\"articleSection\":[\"Noticias\"],\"inLanguage\":\"es-CL\",\"potentialAction\":[{\"@type\":\"CommentAction\",\"name\":\"Comment\",\"target\":[\"https:\/\/dev.explora.cl\/aysen\/conociendo-la-plataforma-virtual-iie-2020\/#respond\"]}]},{\"@type\":\"WebPage\",\"@id\":\"https:\/\/dev.explora.cl\/aysen\/conociendo-la-plataforma-virtual-iie-2020\/\",\"url\":\"https:\/\/dev.explora.cl\/aysen\/conociendo-la-plataforma-virtual-iie-2020\/\",\"name\":\"Conociendo la plataforma virtual IIE 2020 - Aysen\",\"isPartOf\":{\"@id\":\"https:\/\/dev.explora.cl\/aysen\/#website\"},\"primaryImageOfPage\":{\"@id\":\"https:\/\/dev.explora.cl\/aysen\/conociendo-la-plataforma-virtual-iie-2020\/#primaryimage\"},\"image\":{\"@id\":\"https:\/\/dev.explora.cl\/aysen\/conociendo-la-plataforma-virtual-iie-2020\/#primaryimage\"},\"thumbnailUrl\":\"https:\/\/dev.explora.cl\/aysen\/wp-content\/uploads\/sites\/18\/2020\/08\/taller-inducci\u00f3n-25-y-26.png\",\"datePublished\":\"2020-08-24T19:10:06+00:00\",\"dateModified\":\"2023-07-28T15:32:35+00:00\",\"author\":{\"@id\":\"https:\/\/dev.explora.cl\/aysen\/#\/schema\/person\/81c802b1e3b443e2575e555b39e60a05\"},\"breadcrumb\":{\"@id\":\"https:\/\/dev.explora.cl\/aysen\/conociendo-la-plataforma-virtual-iie-2020\/#breadcrumb\"},\"inLanguage\":\"es-CL\",\"potentialAction\":[{\"@type\":\"ReadAction\",\"target\":[\"https:\/\/dev.explora.cl\/aysen\/conociendo-la-plataforma-virtual-iie-2020\/\"]}]},{\"@type\":\"ImageObject\",\"inLanguage\":\"es-CL\",\"@id\":\"https:\/\/dev.explora.cl\/aysen\/conociendo-la-plataforma-virtual-iie-2020\/#primaryimage\",\"url\":\"https:\/\/dev.explora.cl\/aysen\/wp-content\/uploads\/sites\/18\/2020\/08\/taller-inducci\u00f3n-25-y-26.png\",\"contentUrl\":\"https:\/\/dev.explora.cl\/aysen\/wp-content\/uploads\/sites\/18\/2020\/08\/taller-inducci\u00f3n-25-y-26.png\",\"width\":735,\"height\":470},{\"@type\":\"BreadcrumbList\",\"@id\":\"https:\/\/dev.explora.cl\/aysen\/conociendo-la-plataforma-virtual-iie-2020\/#breadcrumb\",\"itemListElement\":[{\"@type\":\"ListItem\",\"position\":1,\"name\":\"Portada\",\"item\":\"https:\/\/dev.explora.cl\/aysen\/\"},{\"@type\":\"ListItem\",\"position\":2,\"name\":\"Conociendo la plataforma virtual IIE 2020\"}]},{\"@type\":\"WebSite\",\"@id\":\"https:\/\/dev.explora.cl\/aysen\/#website\",\"url\":\"https:\/\/dev.explora.cl\/aysen\/\",\"name\":\"Aysen\",\"description\":\"Otro sitio m\u00e1s de dev.explora.cl\",\"potentialAction\":[{\"@type\":\"SearchAction\",\"target\":{\"@type\":\"EntryPoint\",\"urlTemplate\":\"https:\/\/dev.explora.cl\/aysen\/?s={search_term_string}\"},\"query-input\":{\"@type\":\"PropertyValueSpecification\",\"valueRequired\":true,\"valueName\":\"search_term_string\"}}],\"inLanguage\":\"es-CL\"},{\"@type\":\"Person\",\"@id\":\"https:\/\/dev.explora.cl\/aysen\/#\/schema\/person\/81c802b1e3b443e2575e555b39e60a05\",\"name\":\"scisternas\",\"image\":{\"@type\":\"ImageObject\",\"inLanguage\":\"es-CL\",\"@id\":\"https:\/\/dev.explora.cl\/aysen\/#\/schema\/person\/image\/\",\"url\":\"https:\/\/secure.gravatar.com\/avatar\/611c8f1946b775bdf01b0521c85a9381c3ad08d928d8ead34ce577b0fa231c76?s=96&d=mm&r=g\",\"contentUrl\":\"https:\/\/secure.gravatar.com\/avatar\/611c8f1946b775bdf01b0521c85a9381c3ad08d928d8ead34ce577b0fa231c76?s=96&d=mm&r=g\",\"caption\":\"scisternas\"},\"url\":\"https:\/\/dev.explora.cl\/aysen\/author\/scisternas\/\"}]}<\/script>\n<!-- \/ Yoast SEO plugin. -->","yoast_head_json":{"title":"Conociendo la plataforma virtual IIE 2020 - Aysen","robots":{"index":"index","follow":"follow","max-snippet":"max-snippet:-1","max-image-preview":"max-image-preview:large","max-video-preview":"max-video-preview:-1"},"canonical":"https:\/\/dev.explora.cl\/aysen\/conociendo-la-plataforma-virtual-iie-2020\/","og_locale":"es_ES","og_type":"article","og_title":"Conociendo la plataforma virtual IIE 2020 - Aysen","og_description":"Los talleres de inducci\u00f3n para conocer la plataforma virtual IIE 2020 se realizar\u00e1n el martes 25 de agosto a las 16:00 para equipos de investigaci\u00f3n de ense\u00f1anza media, y el mi\u00e9rcoles 26 de agosto a las 16:00 para equipos de ense\u00f1anza b\u00e1sica.","og_url":"https:\/\/dev.explora.cl\/aysen\/conociendo-la-plataforma-virtual-iie-2020\/","og_site_name":"Aysen","article_published_time":"2020-08-24T19:10:06+00:00","article_modified_time":"2023-07-28T15:32:35+00:00","og_image":[{"width":735,"height":470,"url":"https:\/\/dev.explora.cl\/aysen\/wp-content\/uploads\/sites\/18\/2020\/08\/taller-inducci\u00f3n-25-y-26.png","type":"image\/png"}],"author":"scisternas","twitter_card":"summary_large_image","twitter_misc":{"Escrito por":"scisternas","Tiempo estimado de lectura":"1 minuto"},"schema":{"@context":"https:\/\/schema.org","@graph":[{"@type":"Article","@id":"https:\/\/dev.explora.cl\/aysen\/conociendo-la-plataforma-virtual-iie-2020\/#article","isPartOf":{"@id":"https:\/\/dev.explora.cl\/aysen\/conociendo-la-plataforma-virtual-iie-2020\/"},"author":{"name":"scisternas","@id":"https:\/\/dev.explora.cl\/aysen\/#\/schema\/person\/81c802b1e3b443e2575e555b39e60a05"},"headline":"Conociendo la plataforma virtual IIE 2020","datePublished":"2020-08-24T19:10:06+00:00","dateModified":"2023-07-28T15:32:35+00:00","mainEntityOfPage":{"@id":"https:\/\/dev.explora.cl\/aysen\/conociendo-la-plataforma-virtual-iie-2020\/"},"wordCount":184,"commentCount":0,"image":{"@id":"https:\/\/dev.explora.cl\/aysen\/conociendo-la-plataforma-virtual-iie-2020\/#primaryimage"},"thumbnailUrl":"https:\/\/dev.explora.cl\/aysen\/wp-content\/uploads\/sites\/18\/2020\/08\/taller-inducci\u00f3n-25-y-26.png","articleSection":["Noticias"],"inLanguage":"es-CL","potentialAction":[{"@type":"CommentAction","name":"Comment","target":["https:\/\/dev.explora.cl\/aysen\/conociendo-la-plataforma-virtual-iie-2020\/#respond"]}]},{"@type":"WebPage","@id":"https:\/\/dev.explora.cl\/aysen\/conociendo-la-plataforma-virtual-iie-2020\/","url":"https:\/\/dev.explora.cl\/aysen\/conociendo-la-plataforma-virtual-iie-2020\/","name":"Conociendo la plataforma virtual IIE 2020 - Aysen","isPartOf":{"@id":"https:\/\/dev.explora.cl\/aysen\/#website"},"primaryImageOfPage":{"@id":"https:\/\/dev.explora.cl\/aysen\/conociendo-la-plataforma-virtual-iie-2020\/#primaryimage"},"image":{"@id":"https:\/\/dev.explora.cl\/aysen\/conociendo-la-plataforma-virtual-iie-2020\/#primaryimage"},"thumbnailUrl":"https:\/\/dev.explora.cl\/aysen\/wp-content\/uploads\/sites\/18\/2020\/08\/taller-inducci\u00f3n-25-y-26.png","datePublished":"2020-08-24T19:10:06+00:00","dateModified":"2023-07-28T15:32:35+00:00","author":{"@id":"https:\/\/dev.explora.cl\/aysen\/#\/schema\/person\/81c802b1e3b443e2575e555b39e60a05"},"breadcrumb":{"@id":"https:\/\/dev.explora.cl\/aysen\/conociendo-la-plataforma-virtual-iie-2020\/#breadcrumb"},"inLanguage":"es-CL","potentialAction":[{"@type":"ReadAction","target":["https:\/\/dev.explora.cl\/aysen\/conociendo-la-plataforma-virtual-iie-2020\/"]}]},{"@type":"ImageObject","inLanguage":"es-CL","@id":"https:\/\/dev.explora.cl\/aysen\/conociendo-la-plataforma-virtual-iie-2020\/#primaryimage","url":"https:\/\/dev.explora.cl\/aysen\/wp-content\/uploads\/sites\/18\/2020\/08\/taller-inducci\u00f3n-25-y-26.png","contentUrl":"https:\/\/dev.explora.cl\/aysen\/wp-content\/uploads\/sites\/18\/2020\/08\/taller-inducci\u00f3n-25-y-26.png","width":735,"height":470},{"@type":"BreadcrumbList","@id":"https:\/\/dev.explora.cl\/aysen\/conociendo-la-plataforma-virtual-iie-2020\/#breadcrumb","itemListElement":[{"@type":"ListItem","position":1,"name":"Portada","item":"https:\/\/dev.explora.cl\/aysen\/"},{"@type":"ListItem","position":2,"name":"Conociendo la plataforma virtual IIE 2020"}]},{"@type":"WebSite","@id":"https:\/\/dev.explora.cl\/aysen\/#website","url":"https:\/\/dev.explora.cl\/aysen\/","name":"Aysen","description":"Otro sitio m\u00e1s de dev.explora.cl","potentialAction":[{"@type":"SearchAction","target":{"@type":"EntryPoint","urlTemplate":"https:\/\/dev.explora.cl\/aysen\/?s={search_term_string}"},"query-input":{"@type":"PropertyValueSpecification","valueRequired":true,"valueName":"search_term_string"}}],"inLanguage":"es-CL"},{"@type":"Person","@id":"https:\/\/dev.explora.cl\/aysen\/#\/schema\/person\/81c802b1e3b443e2575e555b39e60a05","name":"scisternas","image":{"@type":"ImageObject","inLanguage":"es-CL","@id":"https:\/\/dev.explora.cl\/aysen\/#\/schema\/person\/image\/","url":"https:\/\/secure.gravatar.com\/avatar\/611c8f1946b775bdf01b0521c85a9381c3ad08d928d8ead34ce577b0fa231c76?s=96&d=mm&r=g","contentUrl":"https:\/\/secure.gravatar.com\/avatar\/611c8f1946b775bdf01b0521c85a9381c3ad08d928d8ead34ce577b0fa231c76?s=96&d=mm&r=g","caption":"scisternas"},"url":"https:\/\/dev.explora.cl\/aysen\/author\/scisternas\/"}]}},"_links":{"self":[{"href":"https:\/\/dev.explora.cl\/aysen\/wp-json\/wp\/v2\/posts\/37767","targetHints":{"allow":["GET"]}}],"collection":[{"href":"https:\/\/dev.explora.cl\/aysen\/wp-json\/wp\/v2\/posts"}],"about":[{"href":"https:\/\/dev.explora.cl\/aysen\/wp-json\/wp\/v2\/types\/post"}],"author":[{"embeddable":true,"href":"https:\/\/dev.explora.cl\/aysen\/wp-json\/wp\/v2\/users\/37"}],"replies":[{"embeddable":true,"href":"https:\/\/dev.explora.cl\/aysen\/wp-json\/wp\/v2\/comments?post=37767"}],"version-history":[{"count":1,"href":"https:\/\/dev.explora.cl\/aysen\/wp-json\/wp\/v2\/posts\/37767\/revisions"}],"predecessor-version":[{"id":37769,"href":"https:\/\/dev.explora.cl\/aysen\/wp-json\/wp\/v2\/posts\/37767\/revisions\/37769"}],"wp:featuredmedia":[{"embeddable":true,"href":"https:\/\/dev.explora.cl\/aysen\/wp-json\/wp\/v2\/media\/37768"}],"wp:attachment":[{"href":"https:\/\/dev.explora.cl\/aysen\/wp-json\/wp\/v2\/media?parent=37767"}],"wp:term":[{"taxonomy":"category","embeddable":true,"href":"https:\/\/dev.explora.cl\/aysen\/wp-json\/wp\/v2\/categories?post=37767"},{"taxonomy":"post_tag","embeddable":true,"href":"https:\/\/dev.explora.cl\/aysen\/wp-json\/wp\/v2\/tags?post=37767"}],"curies":[{"name":"wp","href":"https:\/\/api.w.org\/{rel}","templated":true}]}}