{"id":37757,"date":"2020-08-14T09:07:48","date_gmt":"2020-08-14T13:07:48","guid":{"rendered":"https:\/\/dev.explora.cl\/aysen\/?p=37757"},"modified":"2023-07-28T11:02:36","modified_gmt":"2023-07-28T15:02:36","slug":"u-de-chile-y-el-centro-de-astrofisica-realizaran-maraton-de-charlas-online-de-astronomia-para-nins","status":"publish","type":"post","link":"https:\/\/dev.explora.cl\/aysen\/u-de-chile-y-el-centro-de-astrofisica-realizaran-maraton-de-charlas-online-de-astronomia-para-nins\/","title":{"rendered":"U. de Chile y el Centro de Astrof\u00edsica realizar\u00e1n marat\u00f3n de charlas online de astronom\u00eda para ni\u00f1@s"},"content":{"rendered":"<p><em>La actividad, cuya adhesi\u00f3n ser\u00e1 completamente gratuita, se realizar\u00e1 entre los d\u00edas s\u00e1bado 15 y domingo 16 de agosto en el marco del fin de semana del d\u00eda del ni\u00f1@. El ciclo, ser\u00e1 replicado en las redes sociales de m\u00e1s 30 entidades que apoyan la divulgaci\u00f3n cient\u00edfica en el pa\u00eds, y concluir\u00e1 con una charla magistral del profesor Jos\u00e9 Maza.<\/em><\/p>\n<p>\u201cChile es la capital de la astronom\u00eda del mundo, y este fin de semana queremos que los m\u00e1s chiquitos de la casa se enteren qu\u00e9 hay m\u00e1s all\u00e1 de las nubes. Las charlas est\u00e1n pensadas y dise\u00f1adas para que todas y todos se lleven un pedacito del cosmos para sus hogares\u201d, as\u00ed lo explica Mar\u00eda Teresa Ruiz, Premio Nacional de Ciencias Exactas 1997 y Directora del Centro de Excelencia en Astrof\u00edsica CATA.<\/p>\n<p>&#8220;Estamos orgullosos que 6 de las 8 ponencias las dar\u00e1n cient\u00edficas mujeres. Se abordar\u00e1n temas como el Big Bang, Las Galaxias, las Estrellas, los Eclipses, los S\u00faper H\u00e9roes y sus aventuras espaciales, s\u00f3lo por nombrar algunas tem\u00e1ticas\u201d, indica Patricio Rojo, Director del Departamento de Astronom\u00eda de la Facultad de Ciencias F\u00edsicas y Matem\u00e1ticas de la Universidad de Chile.<\/p>\n<p>&#8220;Estamos muy contentos de ser parte de esta iniciativa y de colaborarnos entre las instituciones para que estas actividades, que son de mucho inter\u00e9s en la comunidad, sean accesibles para los ni\u00f1os y ni\u00f1as de la regi\u00f3n de Ays\u00e9n. Estamos muy dispuesos a seguir trabajando juntos y abrir nuevos espacios para la divulgaci\u00f3n de la ciencia&#8221; agrega Marisol Barr\u00eda, Directora del Proyecto Explora Ays\u00e9n.<\/p>\n<p>Todas las charlas se transmitir\u00e1n simult\u00e1neamente a trav\u00e9s de las redes sociales de Universidad de Chile, el Centro de Excelencia en Astrof\u00edsica CATA y del Departamento de Astronom\u00eda FCFM de la Universidad de Chile, y todas ellas ser\u00e1n compartidas por 28 instituciones amigas que las replicar\u00e1n en sus respectivos fan page (facebook).<\/p>\n<p><strong>\u00bfC\u00f3mo se podr\u00e1n ver las charlas?<\/strong><\/p>\n<p>La marat\u00f3n comienza a las 11:00 AM del d\u00eda s\u00e1bado 15 de agosto y concluye el domingo 16 de agosto a las 18:30 horas y todas sus charlas podr\u00e1n ser vistas a trav\u00e9s de:<\/p>\n<p>1.-\u00a0Fan Page de Facebook de la\u00a0Universidad de Chile\u00a0<a href=\"https:\/\/www.facebook.com\/uchile\/\" target=\"_blank\" rel=\"noopener noreferrer\">Link<\/a><\/p>\n<p>2.- Fan Page de Facebook del Centro de Astrof\u00edsica CATA\u00a0<a href=\"https:\/\/www.facebook.com\/centrodeastrofisicacata\/\" target=\"_blank\" rel=\"noopener noreferrer\">Link<\/a><\/p>\n<p>3.- Fan Page de Facebook de Departamento de Astronom\u00eda FCFM de la Universidad de Chile\u00a0<a href=\"https:\/\/www.facebook.com\/DASUCHILE\/\" target=\"_blank\" rel=\"noopener noreferrer\">Link<\/a><\/p>\n<p>&nbsp;<\/p>\n<p style=\"text-align: center\"><strong>Detalle del Ciclo de charlas online:<\/strong><\/p>\n<p><strong>S\u00c1BADO 15 DE AGOSTO<\/strong><\/p>\n<p><strong>Charla 1: C\u00f3mo nacen las estrellas<\/strong><\/p>\n<p>Horario: 11:00 horas<\/p>\n<p>Charlista: Victoria P\u00e9rez, Astronom\u00eda Uchile y divulgadora del Centro de Astrof\u00edsica CATA.<\/p>\n<p>Duraci\u00f3n: 20 minutos<\/p>\n<p>P\u00fablico objetivo: Estudiantes de entre 8 y 12 a\u00f1os<\/p>\n<p>&nbsp;<\/p>\n<p><strong>Charla 2: Eclipses Totales de Sol<\/strong><\/p>\n<p>Horario: 12:30 horas<\/p>\n<p>Charlista: Antonia Fern\u00e1ndez, Astronom\u00eda Uchile y divulgadora del Centro de Astrof\u00edsica CATA.<\/p>\n<p>Duraci\u00f3n: 20 minutos<\/p>\n<p>P\u00fablico objetivo: Estudiantes de entre 8 y 12 a\u00f1os<\/p>\n<p>&nbsp;<\/p>\n<p><strong>Charla 3: S\u00faper h\u00e9roes gal\u00e1cticos<\/strong><\/p>\n<p>Horario: 17:00 horas<\/p>\n<p>Charlista: Robbie Barrera, Licenciado en F\u00edsica y Matem\u00e1ticas de la Universidad de Santiago de Chile y Divulgador cient\u00edfico del Centro de Astrof\u00edsica CATA.<\/p>\n<p>Duraci\u00f3n: 30 minutos<\/p>\n<p>P\u00fablico Objetivo: Estudiantes de entre 8 y 12 a\u00f1os<\/p>\n<p>&nbsp;<\/p>\n<p><strong>Charla 4: Faros del cosmos, Galaxias<\/strong><\/p>\n<p>Horario: 18:30 horas<\/p>\n<p>Charlista: Jennifer Anguita, Astronom\u00eda Uchile y divulgadora del Centro de Astrof\u00edsica CATA.<\/p>\n<p>Duraci\u00f3n: 30 minutos<\/p>\n<p>P\u00fablico Objetivo: Estudiantes de entre 5 y 8 a\u00f1os<\/p>\n<p>&nbsp;<\/p>\n<p><strong>DOMINGO 16 DE AGOSTO<\/strong><\/p>\n<p><strong>Charla 1: Planetas y Extraterrestres en nuestro Universo<\/strong><\/p>\n<p>Horario: 11:00 horas<\/p>\n<p>Charlista: Teresa Paneque, Astronom\u00eda Uchile y divulgadora del Centro de Astrof\u00edsica CATA.<\/p>\n<p>Duraci\u00f3n: 20 minutos<\/p>\n<p>P\u00fablico objetivo: Estudiantes de entre 8 y 12 a\u00f1os<\/p>\n<p>&nbsp;<\/p>\n<p><strong>Charla 2: El comienzo de todo. El Big Bang<\/strong><\/p>\n<p>Horario: 12:30 horas<\/p>\n<p>Charlista: Bernardita Ried, estudiante del Mag\u00edster en ciencias menci\u00f3n F\u00edsica FCFM U. de Chile y divulgadora CATA<\/p>\n<p>Duraci\u00f3n: 20 minutos<\/p>\n<p>P\u00fablico objetivo: Estudiantes de entre 8 y 12 a\u00f1os<\/p>\n<p>&nbsp;<\/p>\n<p><strong>Charla 3: Nuestro lugar en el Universo<\/strong><\/p>\n<p>Horario: 17:00 horas<\/p>\n<p>Charlista: Francisca Contreras, Licenciada en Astronom\u00eda FCFM U. de Chile y divulgadora del Centro de Astrof\u00edsica CATA<\/p>\n<p>Duraci\u00f3n: 30 minutos<\/p>\n<p>P\u00fablico objetivo: Estudiantes de entre 8 y 12 a\u00f1os<\/p>\n<p>&nbsp;<\/p>\n<p><strong>Charla 4: El Sol y la Luna. Charla Magistral<\/strong><\/p>\n<p>Horario: 18:30 horas<\/p>\n<p>Charlista: Jos\u00e9 Maza, Astr\u00f3nomo FCFM U. de Chile, Jefe de Comunicaciones Centro de Astrof\u00edsica CATA y Premio Nacional de Ciencias Exactas 1999.<\/p>\n<p>Duraci\u00f3n: 30 minutos<\/p>\n<p>P\u00fablico objetivo: Para todo p\u00fablico. (Se sugiere desde los 8 a\u00f1os de edad)<\/p>\n","protected":false},"excerpt":{"rendered":"<p>La actividad, cuya adhesi\u00f3n ser\u00e1 completamente gratuita, se realizar\u00e1 entre los d\u00edas s\u00e1bado 15 y domingo 16 de agosto en el marco del fin de semana del d\u00eda del ni\u00f1@. El ciclo, ser\u00e1 replicado en las redes sociales de m\u00e1s 30 entidades que apoyan la divulgaci\u00f3n cient\u00edfica en el pa\u00eds, y concluir\u00e1 con una charla magistral del profesor Jos\u00e9 Maza.<\/p>\n","protected":false},"author":37,"featured_media":37758,"comment_status":"open","ping_status":"open","sticky":false,"template":"","format":"standard","meta":{"_acf_changed":false,"_exactmetrics_skip_tracking":false,"_exactmetrics_sitenote_active":false,"_exactmetrics_sitenote_note":"","_exactmetrics_sitenote_category":0,"footnotes":"","_links_to":"","_links_to_target":""},"categories":[4],"tags":[],"class_list":["post-37757","post","type-post","status-publish","format-standard","has-post-thumbnail","hentry","category-noticias"],"acf":[],"yoast_head":"<!-- This site is optimized with the Yoast SEO plugin v26.7 - https:\/\/yoast.com\/wordpress\/plugins\/seo\/ -->\n<title>U. de Chile y el Centro de Astrof\u00edsica realizar\u00e1n marat\u00f3n de charlas online de astronom\u00eda para ni\u00f1@s - Aysen<\/title>\n<meta name=\"robots\" content=\"index, follow, max-snippet:-1, max-image-preview:large, max-video-preview:-1\" \/>\n<link rel=\"canonical\" href=\"https:\/\/dev.explora.cl\/aysen\/u-de-chile-y-el-centro-de-astrofisica-realizaran-maraton-de-charlas-online-de-astronomia-para-nins\/\" class=\"yoast-seo-meta-tag\" \/>\n<meta property=\"og:locale\" content=\"es_ES\" class=\"yoast-seo-meta-tag\" \/>\n<meta property=\"og:type\" content=\"article\" class=\"yoast-seo-meta-tag\" \/>\n<meta property=\"og:title\" content=\"U. de Chile y el Centro de Astrof\u00edsica realizar\u00e1n marat\u00f3n de charlas online de astronom\u00eda para ni\u00f1@s - Aysen\" class=\"yoast-seo-meta-tag\" \/>\n<meta property=\"og:description\" content=\"La actividad, cuya adhesi\u00f3n ser\u00e1 completamente gratuita, se realizar\u00e1 entre los d\u00edas s\u00e1bado 15 y domingo 16 de agosto en el marco del fin de semana del d\u00eda del ni\u00f1@. El ciclo, ser\u00e1 replicado en las redes sociales de m\u00e1s 30 entidades que apoyan la divulgaci\u00f3n cient\u00edfica en el pa\u00eds, y concluir\u00e1 con una charla magistral del profesor Jos\u00e9 Maza.\" class=\"yoast-seo-meta-tag\" \/>\n<meta property=\"og:url\" content=\"https:\/\/dev.explora.cl\/aysen\/u-de-chile-y-el-centro-de-astrofisica-realizaran-maraton-de-charlas-online-de-astronomia-para-nins\/\" class=\"yoast-seo-meta-tag\" \/>\n<meta property=\"og:site_name\" content=\"Aysen\" class=\"yoast-seo-meta-tag\" \/>\n<meta property=\"article:published_time\" content=\"2020-08-14T13:07:48+00:00\" class=\"yoast-seo-meta-tag\" \/>\n<meta property=\"article:modified_time\" content=\"2023-07-28T15:02:36+00:00\" class=\"yoast-seo-meta-tag\" \/>\n<meta property=\"og:image\" content=\"https:\/\/dev.explora.cl\/aysen\/wp-content\/uploads\/sites\/18\/2020\/08\/talleres-astronomia-ni\u00f1os.png\" class=\"yoast-seo-meta-tag\" \/>\n\t<meta property=\"og:image:width\" content=\"735\" class=\"yoast-seo-meta-tag\" \/>\n\t<meta property=\"og:image:height\" content=\"470\" class=\"yoast-seo-meta-tag\" \/>\n\t<meta property=\"og:image:type\" content=\"image\/png\" class=\"yoast-seo-meta-tag\" \/>\n<meta name=\"author\" content=\"scisternas\" class=\"yoast-seo-meta-tag\" \/>\n<meta name=\"twitter:card\" content=\"summary_large_image\" class=\"yoast-seo-meta-tag\" \/>\n<meta name=\"twitter:label1\" content=\"Escrito por\" class=\"yoast-seo-meta-tag\" \/>\n\t<meta name=\"twitter:data1\" content=\"scisternas\" class=\"yoast-seo-meta-tag\" \/>\n\t<meta name=\"twitter:label2\" content=\"Tiempo estimado de lectura\" class=\"yoast-seo-meta-tag\" \/>\n\t<meta name=\"twitter:data2\" content=\"4 minutos\" class=\"yoast-seo-meta-tag\" \/>\n<script type=\"application\/ld+json\" class=\"yoast-schema-graph\">{\"@context\":\"https:\/\/schema.org\",\"@graph\":[{\"@type\":\"Article\",\"@id\":\"https:\/\/dev.explora.cl\/aysen\/u-de-chile-y-el-centro-de-astrofisica-realizaran-maraton-de-charlas-online-de-astronomia-para-nins\/#article\",\"isPartOf\":{\"@id\":\"https:\/\/dev.explora.cl\/aysen\/u-de-chile-y-el-centro-de-astrofisica-realizaran-maraton-de-charlas-online-de-astronomia-para-nins\/\"},\"author\":{\"name\":\"scisternas\",\"@id\":\"https:\/\/dev.explora.cl\/aysen\/#\/schema\/person\/81c802b1e3b443e2575e555b39e60a05\"},\"headline\":\"U. de Chile y el Centro de Astrof\u00edsica realizar\u00e1n marat\u00f3n de charlas online de astronom\u00eda para ni\u00f1@s\",\"datePublished\":\"2020-08-14T13:07:48+00:00\",\"dateModified\":\"2023-07-28T15:02:36+00:00\",\"mainEntityOfPage\":{\"@id\":\"https:\/\/dev.explora.cl\/aysen\/u-de-chile-y-el-centro-de-astrofisica-realizaran-maraton-de-charlas-online-de-astronomia-para-nins\/\"},\"wordCount\":782,\"commentCount\":0,\"image\":{\"@id\":\"https:\/\/dev.explora.cl\/aysen\/u-de-chile-y-el-centro-de-astrofisica-realizaran-maraton-de-charlas-online-de-astronomia-para-nins\/#primaryimage\"},\"thumbnailUrl\":\"https:\/\/dev.explora.cl\/aysen\/wp-content\/uploads\/sites\/18\/2020\/08\/talleres-astronomia-ni\u00f1os.png\",\"articleSection\":[\"Noticias\"],\"inLanguage\":\"es-CL\",\"potentialAction\":[{\"@type\":\"CommentAction\",\"name\":\"Comment\",\"target\":[\"https:\/\/dev.explora.cl\/aysen\/u-de-chile-y-el-centro-de-astrofisica-realizaran-maraton-de-charlas-online-de-astronomia-para-nins\/#respond\"]}]},{\"@type\":\"WebPage\",\"@id\":\"https:\/\/dev.explora.cl\/aysen\/u-de-chile-y-el-centro-de-astrofisica-realizaran-maraton-de-charlas-online-de-astronomia-para-nins\/\",\"url\":\"https:\/\/dev.explora.cl\/aysen\/u-de-chile-y-el-centro-de-astrofisica-realizaran-maraton-de-charlas-online-de-astronomia-para-nins\/\",\"name\":\"U. de Chile y el Centro de Astrof\u00edsica realizar\u00e1n marat\u00f3n de charlas online de astronom\u00eda para ni\u00f1@s - Aysen\",\"isPartOf\":{\"@id\":\"https:\/\/dev.explora.cl\/aysen\/#website\"},\"primaryImageOfPage\":{\"@id\":\"https:\/\/dev.explora.cl\/aysen\/u-de-chile-y-el-centro-de-astrofisica-realizaran-maraton-de-charlas-online-de-astronomia-para-nins\/#primaryimage\"},\"image\":{\"@id\":\"https:\/\/dev.explora.cl\/aysen\/u-de-chile-y-el-centro-de-astrofisica-realizaran-maraton-de-charlas-online-de-astronomia-para-nins\/#primaryimage\"},\"thumbnailUrl\":\"https:\/\/dev.explora.cl\/aysen\/wp-content\/uploads\/sites\/18\/2020\/08\/talleres-astronomia-ni\u00f1os.png\",\"datePublished\":\"2020-08-14T13:07:48+00:00\",\"dateModified\":\"2023-07-28T15:02:36+00:00\",\"author\":{\"@id\":\"https:\/\/dev.explora.cl\/aysen\/#\/schema\/person\/81c802b1e3b443e2575e555b39e60a05\"},\"breadcrumb\":{\"@id\":\"https:\/\/dev.explora.cl\/aysen\/u-de-chile-y-el-centro-de-astrofisica-realizaran-maraton-de-charlas-online-de-astronomia-para-nins\/#breadcrumb\"},\"inLanguage\":\"es-CL\",\"potentialAction\":[{\"@type\":\"ReadAction\",\"target\":[\"https:\/\/dev.explora.cl\/aysen\/u-de-chile-y-el-centro-de-astrofisica-realizaran-maraton-de-charlas-online-de-astronomia-para-nins\/\"]}]},{\"@type\":\"ImageObject\",\"inLanguage\":\"es-CL\",\"@id\":\"https:\/\/dev.explora.cl\/aysen\/u-de-chile-y-el-centro-de-astrofisica-realizaran-maraton-de-charlas-online-de-astronomia-para-nins\/#primaryimage\",\"url\":\"https:\/\/dev.explora.cl\/aysen\/wp-content\/uploads\/sites\/18\/2020\/08\/talleres-astronomia-ni\u00f1os.png\",\"contentUrl\":\"https:\/\/dev.explora.cl\/aysen\/wp-content\/uploads\/sites\/18\/2020\/08\/talleres-astronomia-ni\u00f1os.png\",\"width\":735,\"height\":470},{\"@type\":\"BreadcrumbList\",\"@id\":\"https:\/\/dev.explora.cl\/aysen\/u-de-chile-y-el-centro-de-astrofisica-realizaran-maraton-de-charlas-online-de-astronomia-para-nins\/#breadcrumb\",\"itemListElement\":[{\"@type\":\"ListItem\",\"position\":1,\"name\":\"Portada\",\"item\":\"https:\/\/dev.explora.cl\/aysen\/\"},{\"@type\":\"ListItem\",\"position\":2,\"name\":\"U. de Chile y el Centro de Astrof\u00edsica realizar\u00e1n marat\u00f3n de charlas online de astronom\u00eda para ni\u00f1@s\"}]},{\"@type\":\"WebSite\",\"@id\":\"https:\/\/dev.explora.cl\/aysen\/#website\",\"url\":\"https:\/\/dev.explora.cl\/aysen\/\",\"name\":\"Aysen\",\"description\":\"Otro sitio m\u00e1s de dev.explora.cl\",\"potentialAction\":[{\"@type\":\"SearchAction\",\"target\":{\"@type\":\"EntryPoint\",\"urlTemplate\":\"https:\/\/dev.explora.cl\/aysen\/?s={search_term_string}\"},\"query-input\":{\"@type\":\"PropertyValueSpecification\",\"valueRequired\":true,\"valueName\":\"search_term_string\"}}],\"inLanguage\":\"es-CL\"},{\"@type\":\"Person\",\"@id\":\"https:\/\/dev.explora.cl\/aysen\/#\/schema\/person\/81c802b1e3b443e2575e555b39e60a05\",\"name\":\"scisternas\",\"image\":{\"@type\":\"ImageObject\",\"inLanguage\":\"es-CL\",\"@id\":\"https:\/\/dev.explora.cl\/aysen\/#\/schema\/person\/image\/\",\"url\":\"https:\/\/secure.gravatar.com\/avatar\/611c8f1946b775bdf01b0521c85a9381c3ad08d928d8ead34ce577b0fa231c76?s=96&d=mm&r=g\",\"contentUrl\":\"https:\/\/secure.gravatar.com\/avatar\/611c8f1946b775bdf01b0521c85a9381c3ad08d928d8ead34ce577b0fa231c76?s=96&d=mm&r=g\",\"caption\":\"scisternas\"},\"url\":\"https:\/\/dev.explora.cl\/aysen\/author\/scisternas\/\"}]}<\/script>\n<!-- \/ Yoast SEO plugin. -->","yoast_head_json":{"title":"U. de Chile y el Centro de Astrof\u00edsica realizar\u00e1n marat\u00f3n de charlas online de astronom\u00eda para ni\u00f1@s - Aysen","robots":{"index":"index","follow":"follow","max-snippet":"max-snippet:-1","max-image-preview":"max-image-preview:large","max-video-preview":"max-video-preview:-1"},"canonical":"https:\/\/dev.explora.cl\/aysen\/u-de-chile-y-el-centro-de-astrofisica-realizaran-maraton-de-charlas-online-de-astronomia-para-nins\/","og_locale":"es_ES","og_type":"article","og_title":"U. de Chile y el Centro de Astrof\u00edsica realizar\u00e1n marat\u00f3n de charlas online de astronom\u00eda para ni\u00f1@s - Aysen","og_description":"La actividad, cuya adhesi\u00f3n ser\u00e1 completamente gratuita, se realizar\u00e1 entre los d\u00edas s\u00e1bado 15 y domingo 16 de agosto en el marco del fin de semana del d\u00eda del ni\u00f1@. El ciclo, ser\u00e1 replicado en las redes sociales de m\u00e1s 30 entidades que apoyan la divulgaci\u00f3n cient\u00edfica en el pa\u00eds, y concluir\u00e1 con una charla magistral del profesor Jos\u00e9 Maza.","og_url":"https:\/\/dev.explora.cl\/aysen\/u-de-chile-y-el-centro-de-astrofisica-realizaran-maraton-de-charlas-online-de-astronomia-para-nins\/","og_site_name":"Aysen","article_published_time":"2020-08-14T13:07:48+00:00","article_modified_time":"2023-07-28T15:02:36+00:00","og_image":[{"width":735,"height":470,"url":"https:\/\/dev.explora.cl\/aysen\/wp-content\/uploads\/sites\/18\/2020\/08\/talleres-astronomia-ni\u00f1os.png","type":"image\/png"}],"author":"scisternas","twitter_card":"summary_large_image","twitter_misc":{"Escrito por":"scisternas","Tiempo estimado de lectura":"4 minutos"},"schema":{"@context":"https:\/\/schema.org","@graph":[{"@type":"Article","@id":"https:\/\/dev.explora.cl\/aysen\/u-de-chile-y-el-centro-de-astrofisica-realizaran-maraton-de-charlas-online-de-astronomia-para-nins\/#article","isPartOf":{"@id":"https:\/\/dev.explora.cl\/aysen\/u-de-chile-y-el-centro-de-astrofisica-realizaran-maraton-de-charlas-online-de-astronomia-para-nins\/"},"author":{"name":"scisternas","@id":"https:\/\/dev.explora.cl\/aysen\/#\/schema\/person\/81c802b1e3b443e2575e555b39e60a05"},"headline":"U. de Chile y el Centro de Astrof\u00edsica realizar\u00e1n marat\u00f3n de charlas online de astronom\u00eda para ni\u00f1@s","datePublished":"2020-08-14T13:07:48+00:00","dateModified":"2023-07-28T15:02:36+00:00","mainEntityOfPage":{"@id":"https:\/\/dev.explora.cl\/aysen\/u-de-chile-y-el-centro-de-astrofisica-realizaran-maraton-de-charlas-online-de-astronomia-para-nins\/"},"wordCount":782,"commentCount":0,"image":{"@id":"https:\/\/dev.explora.cl\/aysen\/u-de-chile-y-el-centro-de-astrofisica-realizaran-maraton-de-charlas-online-de-astronomia-para-nins\/#primaryimage"},"thumbnailUrl":"https:\/\/dev.explora.cl\/aysen\/wp-content\/uploads\/sites\/18\/2020\/08\/talleres-astronomia-ni\u00f1os.png","articleSection":["Noticias"],"inLanguage":"es-CL","potentialAction":[{"@type":"CommentAction","name":"Comment","target":["https:\/\/dev.explora.cl\/aysen\/u-de-chile-y-el-centro-de-astrofisica-realizaran-maraton-de-charlas-online-de-astronomia-para-nins\/#respond"]}]},{"@type":"WebPage","@id":"https:\/\/dev.explora.cl\/aysen\/u-de-chile-y-el-centro-de-astrofisica-realizaran-maraton-de-charlas-online-de-astronomia-para-nins\/","url":"https:\/\/dev.explora.cl\/aysen\/u-de-chile-y-el-centro-de-astrofisica-realizaran-maraton-de-charlas-online-de-astronomia-para-nins\/","name":"U. de Chile y el Centro de Astrof\u00edsica realizar\u00e1n marat\u00f3n de charlas online de astronom\u00eda para ni\u00f1@s - Aysen","isPartOf":{"@id":"https:\/\/dev.explora.cl\/aysen\/#website"},"primaryImageOfPage":{"@id":"https:\/\/dev.explora.cl\/aysen\/u-de-chile-y-el-centro-de-astrofisica-realizaran-maraton-de-charlas-online-de-astronomia-para-nins\/#primaryimage"},"image":{"@id":"https:\/\/dev.explora.cl\/aysen\/u-de-chile-y-el-centro-de-astrofisica-realizaran-maraton-de-charlas-online-de-astronomia-para-nins\/#primaryimage"},"thumbnailUrl":"https:\/\/dev.explora.cl\/aysen\/wp-content\/uploads\/sites\/18\/2020\/08\/talleres-astronomia-ni\u00f1os.png","datePublished":"2020-08-14T13:07:48+00:00","dateModified":"2023-07-28T15:02:36+00:00","author":{"@id":"https:\/\/dev.explora.cl\/aysen\/#\/schema\/person\/81c802b1e3b443e2575e555b39e60a05"},"breadcrumb":{"@id":"https:\/\/dev.explora.cl\/aysen\/u-de-chile-y-el-centro-de-astrofisica-realizaran-maraton-de-charlas-online-de-astronomia-para-nins\/#breadcrumb"},"inLanguage":"es-CL","potentialAction":[{"@type":"ReadAction","target":["https:\/\/dev.explora.cl\/aysen\/u-de-chile-y-el-centro-de-astrofisica-realizaran-maraton-de-charlas-online-de-astronomia-para-nins\/"]}]},{"@type":"ImageObject","inLanguage":"es-CL","@id":"https:\/\/dev.explora.cl\/aysen\/u-de-chile-y-el-centro-de-astrofisica-realizaran-maraton-de-charlas-online-de-astronomia-para-nins\/#primaryimage","url":"https:\/\/dev.explora.cl\/aysen\/wp-content\/uploads\/sites\/18\/2020\/08\/talleres-astronomia-ni\u00f1os.png","contentUrl":"https:\/\/dev.explora.cl\/aysen\/wp-content\/uploads\/sites\/18\/2020\/08\/talleres-astronomia-ni\u00f1os.png","width":735,"height":470},{"@type":"BreadcrumbList","@id":"https:\/\/dev.explora.cl\/aysen\/u-de-chile-y-el-centro-de-astrofisica-realizaran-maraton-de-charlas-online-de-astronomia-para-nins\/#breadcrumb","itemListElement":[{"@type":"ListItem","position":1,"name":"Portada","item":"https:\/\/dev.explora.cl\/aysen\/"},{"@type":"ListItem","position":2,"name":"U. de Chile y el Centro de Astrof\u00edsica realizar\u00e1n marat\u00f3n de charlas online de astronom\u00eda para ni\u00f1@s"}]},{"@type":"WebSite","@id":"https:\/\/dev.explora.cl\/aysen\/#website","url":"https:\/\/dev.explora.cl\/aysen\/","name":"Aysen","description":"Otro sitio m\u00e1s de dev.explora.cl","potentialAction":[{"@type":"SearchAction","target":{"@type":"EntryPoint","urlTemplate":"https:\/\/dev.explora.cl\/aysen\/?s={search_term_string}"},"query-input":{"@type":"PropertyValueSpecification","valueRequired":true,"valueName":"search_term_string"}}],"inLanguage":"es-CL"},{"@type":"Person","@id":"https:\/\/dev.explora.cl\/aysen\/#\/schema\/person\/81c802b1e3b443e2575e555b39e60a05","name":"scisternas","image":{"@type":"ImageObject","inLanguage":"es-CL","@id":"https:\/\/dev.explora.cl\/aysen\/#\/schema\/person\/image\/","url":"https:\/\/secure.gravatar.com\/avatar\/611c8f1946b775bdf01b0521c85a9381c3ad08d928d8ead34ce577b0fa231c76?s=96&d=mm&r=g","contentUrl":"https:\/\/secure.gravatar.com\/avatar\/611c8f1946b775bdf01b0521c85a9381c3ad08d928d8ead34ce577b0fa231c76?s=96&d=mm&r=g","caption":"scisternas"},"url":"https:\/\/dev.explora.cl\/aysen\/author\/scisternas\/"}]}},"_links":{"self":[{"href":"https:\/\/dev.explora.cl\/aysen\/wp-json\/wp\/v2\/posts\/37757","targetHints":{"allow":["GET"]}}],"collection":[{"href":"https:\/\/dev.explora.cl\/aysen\/wp-json\/wp\/v2\/posts"}],"about":[{"href":"https:\/\/dev.explora.cl\/aysen\/wp-json\/wp\/v2\/types\/post"}],"author":[{"embeddable":true,"href":"https:\/\/dev.explora.cl\/aysen\/wp-json\/wp\/v2\/users\/37"}],"replies":[{"embeddable":true,"href":"https:\/\/dev.explora.cl\/aysen\/wp-json\/wp\/v2\/comments?post=37757"}],"version-history":[{"count":1,"href":"https:\/\/dev.explora.cl\/aysen\/wp-json\/wp\/v2\/posts\/37757\/revisions"}],"predecessor-version":[{"id":37759,"href":"https:\/\/dev.explora.cl\/aysen\/wp-json\/wp\/v2\/posts\/37757\/revisions\/37759"}],"wp:featuredmedia":[{"embeddable":true,"href":"https:\/\/dev.explora.cl\/aysen\/wp-json\/wp\/v2\/media\/37758"}],"wp:attachment":[{"href":"https:\/\/dev.explora.cl\/aysen\/wp-json\/wp\/v2\/media?parent=37757"}],"wp:term":[{"taxonomy":"category","embeddable":true,"href":"https:\/\/dev.explora.cl\/aysen\/wp-json\/wp\/v2\/categories?post=37757"},{"taxonomy":"post_tag","embeddable":true,"href":"https:\/\/dev.explora.cl\/aysen\/wp-json\/wp\/v2\/tags?post=37757"}],"curies":[{"name":"wp","href":"https:\/\/api.w.org\/{rel}","templated":true}]}}