{"id":37722,"date":"2020-06-25T10:22:19","date_gmt":"2020-06-25T14:22:19","guid":{"rendered":"https:\/\/dev.explora.cl\/aysen\/?p=37722"},"modified":"2023-07-22T02:39:47","modified_gmt":"2023-07-22T06:39:47","slug":"las-ballenas-tejedoras-de-vida-en-el-planeta","status":"publish","type":"post","link":"https:\/\/dev.explora.cl\/aysen\/las-ballenas-tejedoras-de-vida-en-el-planeta\/","title":{"rendered":"Las ballenas: tejedoras de vida en el planeta"},"content":{"rendered":"<p><em>Son los mayores animales de la Tierra. Su belleza y misterio ha cautivado a los seres humanos y al imaginario colectivo por siglos. Bajo la inmensidad de las ballenas yace uno de los secretos mejores guardados para la continuidad de la vida en el planeta. <\/em><\/p>\n<p>\u201cPara comprender el rol de las ballenas en los ecosistemas marinos, conocimiento reciente en la historia de la ciencia, se debe entender que en la Tierra todo est\u00e1 conectado\u201d, se\u00f1al\u00f3 el Dr. Rodrigo Hucke-Gaete, bi\u00f3logo marino y acad\u00e9mico de la Universidad Austral de Chile (UACh) y Presidente del Centro de la Ballena Azul, al iniciar su charla para estudiantes de AportaCiencias, iniciativa de educaci\u00f3n cient\u00edfica con perspectiva socioambiental, impulsada por profesionales del Campus Patagonia UACh y financiado por el Fondo de Innovaci\u00f3n para la Competitividad del Gobierno Regional de Ays\u00e9n.<\/p>\n<p><strong>Entre lo micro y lo macro se trenza la vida <\/strong><\/p>\n<p>Desde el origen de la vida en el planeta existen las microalgas, llamadas fitoplancton, habitantes de la superficie de los mares y que, a pesar de su microsc\u00f3pico tama\u00f1o, son pilares para la cadena tr\u00f3fica de alimentaci\u00f3n marina y para la continuidad de la vida en el planeta.<\/p>\n<p>El cincuenta por ciento del ox\u00edgeno producido en la Tierra se genera en el mar a trav\u00e9s del fitoplancton. Mediante la fotos\u00edntesis, estas microalgas, al igual que el m\u00e1s grande de los \u00e1rboles terrestres, absorbe di\u00f3xido de carbono (CO<sub>2<\/sub>) del aire y libera el ox\u00edgeno que permite respirar. As\u00ed, este microsc\u00f3pico organismo es capaz de captar y sepultar en el fondo marino m\u00e1s de 1.6 billones de toneladas de CO<sub>2<\/sub> al a\u00f1o, algo fundamental considerando el calentamiento global de la Tierra provocado por el aumento de estos gases en la atm\u00f3sfera.<\/p>\n<p>\u00bfCu\u00e1l es la relaci\u00f3n de estos microorganismos vegetales con las ballenas, gigantes marinos que pueden alcanzar los 33 metros y contar con un coraz\u00f3n del tama\u00f1o de un auto? Todo.<\/p>\n<p>Cuando el fitoplancton muere, se hunde en el fondo marino llevando consigo el CO<sub>2<\/sub> captado durante su vida. Tambi\u00e9n se va depositando a trav\u00e9s de las heces del zooplancton que lo consume, a\u00f1adiendo as\u00ed una importante cantidad carbono en las profundidades de los mares. A su vez, el zooplancton \u2013 como el krill &#8211; flota en las columnas de agua, constituyendo alimento de los m\u00e1s diversos depredadores marinos, incluyendo a las ballenas, que lo consumen en cantidades que van desde las 2 hasta las 8 toneladas al d\u00eda.<\/p>\n<p><strong>Sembradoras del mar <\/strong><\/p>\n<p>Las ballenas, a trav\u00e9s de sus heces o pluma fecal, as\u00ed llamada por su parecido a las nubes, restauran el fitoplancton: sus deposiciones acarrean consigo nutrientes esenciales, como hierro y nitr\u00f3geno, que son esenciales para que las microalgas marinas se desarrollen. As\u00ed, la pluma expulsada por las ballenas habitualmente en la superficie permite que el fitoplancton pueda crecer y, por lo tanto, hacer disponible recurrentemente m\u00e1s alimento para el zooplancton, que, a su vez, ser\u00e1 nutriente para el resto de la cadena tr\u00f3fica.<\/p>\n<p>En su ciclo de vida, desde su zona de alimentaci\u00f3n, el sur austral, la ballena migra miles de kil\u00f3metros a su zona de reproducci\u00f3n, en los tr\u00f3picos. All\u00ed, donde generalmente falta nitr\u00f3geno para el fitoplancton, la ballena contribuye con sus 927 litros de orina diaria, riqu\u00edsima en nitr\u00f3geno. Su contribuci\u00f3n permite estimular el crecimiento del fitoplancton all\u00ed donde antes no hab\u00eda.<\/p>\n<p>Durante su larga vida (70, 100, incluso 200 a\u00f1os), la ballena almacena hasta 200 toneladas de carbono en su cuerpo y cuando muere todo ese carbono llega al fondo del mar. Sus restos, al ser devorados por las especies carro\u00f1eras, contin\u00faan enriqueciendo la productividad marina y, al cabo de dos a\u00f1os, empiezan sus osamentas a ser colonizadas por otros organismos: por hasta cincuenta a\u00f1os se forma una comunidad completa en lo que fuera su cuerpo. \u201cLa ballena es vida por todos lados: genera vida, da vida, en todos los lugares\u201d, afirm\u00f3 Hucke-Gaete.<\/p>\n<p><strong>Cazadores de ballenas <\/strong><\/p>\n<p>A partir del siglo veinte la caza de ballenas en el mundo y en Chile vivi\u00f3 su mayor auge, momento en el que las industrias balleneras elaboraron todo tipo de productos comerciales como jabones, detergentes, velas, a partir de una misma materia prima: los gigantes marinos.<\/p>\n<p>El auge de la caza masiva en Chile lleg\u00f3 a su punto m\u00e1s alto a mitad de siglo veinte hasta la d\u00e9cada de 1960, \u00e9poca en que se comenz\u00f3 a tomar conciencia sobre el rol de las ballenas en los ecosistemas y productividad marina, aunque para ese momento poblaciones de cachalotes, jorobadas, ballenas fin, sei, francas y azules fueron cr\u00edticamente reducidas, acerc\u00e1ndose peligrosamente a su extinci\u00f3n.<\/p>\n<p>Hoy la caza de ballenas es ilegal en gran parte del mundo, y Chile se ha convertido en un santuario para estos cet\u00e1ceos, sin embargo nuevos problemas ponen en jaque su recuperaci\u00f3n. El sur de Chile, especialmente entre las regiones de Los Lagos y Ays\u00e9n, es una zona privilegiada para la conservaci\u00f3n de ballenas, en especial de la gran ballena azul. Sin embargo, esta zona tambi\u00e9n es foco de importantes problem\u00e1ticas como la contaminaci\u00f3n del mar, en gran parte producto de los desechos de la industria salmonera, y de las amenazas provenientes del importante tr\u00e1fico marino que se traduce en choques y muertes de ballenas por parte las embarcaciones.<\/p>\n<p><strong>(Con)ciencia, <\/strong><strong>resiliencia y regeneraci\u00f3n de la vida <\/strong><\/p>\n<p>As\u00ed como la ciencia fue fundamental para terminar con la industria ballenera durante el siglo XX, hoy la revelaci\u00f3n del asombroso rol ecol\u00f3gico de estos cet\u00e1ceos y su importancia para la salud de los ecosistemas marinos a trav\u00e9s de su coexistencia con el fitoplancton, constituyen un desaf\u00edo para buscar respuestas que hagan frente de mejor modo a problem\u00e1ticas como la sobreexplotaci\u00f3n de los recursos marinos, la contaminaci\u00f3n y los efectos de la crisis clim\u00e1tica global provocados por la acci\u00f3n antr\u00f3pica, que no s\u00f3lo pone en peligro su existencia, sino la de todos los seres que habitan este planeta.<\/p>\n<p>\u201cLos ecosistemas marinos son resilientes, hay esperanzas que mejoremos como especie humana. Por eso es tan importante la ciencia, que estemos ac\u00e1, y sigan adelante con todo lo que sue\u00f1en hacer, porque van a poder lograrlo. Necesitamos m\u00e1s cient\u00edficos para ayudar a entender c\u00f3mo funcionan estos sistemas, tenemos que mitigar los problemas que estamos provocando y restaurar los ecosistemas que hemos degradado tanto\u201d, concluy\u00f3 el Dr. Hucke-Gaete.<\/p>\n<p>Es a trav\u00e9s de la difusi\u00f3n de conocimiento cient\u00edfico mediante charlas como la del profesor Rodrigo Hucke-Gaete que el programa AportaCiencias busca acercar la ciencia a ni\u00f1as, ni\u00f1os y j\u00f3venes en este periodo de pandemia, visibilizando tem\u00e1ticas esenciales para el futuro del planeta como lo es la conservaci\u00f3n de los ecosistemas marinos y de los organismos que all\u00ed coexisten.<\/p>\n<p><strong>Para ver la charla completa del profesor Huck-Gaete, pinche\u00a0<\/strong><a href=\"https:\/\/www.youtube.com\/watch?v=6Bv-O8aGXzo&amp;feature=youtu.be\"><strong>aqu\u00ed<\/strong><\/a><\/p>\n<p>&nbsp;<\/p>\n","protected":false},"excerpt":{"rendered":"<p>Son los mayores animales de la Tierra. Su belleza y misterio ha cautivado a los seres humanos y al imaginario colectivo por siglos. Bajo la inmensidad de las ballenas yace uno de los secretos mejores guardados para la continuidad de la vida en el planeta.<\/p>\n","protected":false},"author":37,"featured_media":37723,"comment_status":"open","ping_status":"open","sticky":false,"template":"","format":"standard","meta":{"_acf_changed":false,"_exactmetrics_skip_tracking":false,"_exactmetrics_sitenote_active":false,"_exactmetrics_sitenote_note":"","_exactmetrics_sitenote_category":0,"footnotes":"","_links_to":"","_links_to_target":""},"categories":[4],"tags":[],"class_list":["post-37722","post","type-post","status-publish","format-standard","has-post-thumbnail","hentry","category-noticias"],"acf":[],"yoast_head":"<!-- This site is optimized with the Yoast SEO plugin v26.7 - https:\/\/yoast.com\/wordpress\/plugins\/seo\/ -->\n<title>Las ballenas: tejedoras de vida en el planeta - Aysen<\/title>\n<meta name=\"robots\" content=\"index, follow, max-snippet:-1, max-image-preview:large, max-video-preview:-1\" \/>\n<link rel=\"canonical\" href=\"https:\/\/dev.explora.cl\/aysen\/las-ballenas-tejedoras-de-vida-en-el-planeta\/\" class=\"yoast-seo-meta-tag\" \/>\n<meta property=\"og:locale\" content=\"es_ES\" class=\"yoast-seo-meta-tag\" \/>\n<meta property=\"og:type\" content=\"article\" class=\"yoast-seo-meta-tag\" \/>\n<meta property=\"og:title\" content=\"Las ballenas: tejedoras de vida en el planeta - Aysen\" class=\"yoast-seo-meta-tag\" \/>\n<meta property=\"og:description\" content=\"Son los mayores animales de la Tierra. Su belleza y misterio ha cautivado a los seres humanos y al imaginario colectivo por siglos. Bajo la inmensidad de las ballenas yace uno de los secretos mejores guardados para la continuidad de la vida en el planeta.\" class=\"yoast-seo-meta-tag\" \/>\n<meta property=\"og:url\" content=\"https:\/\/dev.explora.cl\/aysen\/las-ballenas-tejedoras-de-vida-en-el-planeta\/\" class=\"yoast-seo-meta-tag\" \/>\n<meta property=\"og:site_name\" content=\"Aysen\" class=\"yoast-seo-meta-tag\" \/>\n<meta property=\"article:published_time\" content=\"2020-06-25T14:22:19+00:00\" class=\"yoast-seo-meta-tag\" \/>\n<meta property=\"article:modified_time\" content=\"2023-07-22T06:39:47+00:00\" class=\"yoast-seo-meta-tag\" \/>\n<meta property=\"og:image\" content=\"https:\/\/dev.explora.cl\/aysen\/wp-content\/uploads\/sites\/18\/2020\/06\/1.jpg\" class=\"yoast-seo-meta-tag\" \/>\n\t<meta property=\"og:image:width\" content=\"2000\" class=\"yoast-seo-meta-tag\" \/>\n\t<meta property=\"og:image:height\" content=\"1280\" class=\"yoast-seo-meta-tag\" \/>\n\t<meta property=\"og:image:type\" content=\"image\/jpeg\" class=\"yoast-seo-meta-tag\" \/>\n<meta name=\"author\" content=\"scisternas\" class=\"yoast-seo-meta-tag\" \/>\n<meta name=\"twitter:card\" content=\"summary_large_image\" class=\"yoast-seo-meta-tag\" \/>\n<meta name=\"twitter:label1\" content=\"Escrito por\" class=\"yoast-seo-meta-tag\" \/>\n\t<meta name=\"twitter:data1\" content=\"scisternas\" class=\"yoast-seo-meta-tag\" \/>\n\t<meta name=\"twitter:label2\" content=\"Tiempo estimado de lectura\" class=\"yoast-seo-meta-tag\" \/>\n\t<meta name=\"twitter:data2\" content=\"6 minutos\" class=\"yoast-seo-meta-tag\" \/>\n<script type=\"application\/ld+json\" class=\"yoast-schema-graph\">{\"@context\":\"https:\/\/schema.org\",\"@graph\":[{\"@type\":\"Article\",\"@id\":\"https:\/\/dev.explora.cl\/aysen\/las-ballenas-tejedoras-de-vida-en-el-planeta\/#article\",\"isPartOf\":{\"@id\":\"https:\/\/dev.explora.cl\/aysen\/las-ballenas-tejedoras-de-vida-en-el-planeta\/\"},\"author\":{\"name\":\"scisternas\",\"@id\":\"https:\/\/dev.explora.cl\/aysen\/#\/schema\/person\/81c802b1e3b443e2575e555b39e60a05\"},\"headline\":\"Las ballenas: tejedoras de vida en el planeta\",\"datePublished\":\"2020-06-25T14:22:19+00:00\",\"dateModified\":\"2023-07-22T06:39:47+00:00\",\"mainEntityOfPage\":{\"@id\":\"https:\/\/dev.explora.cl\/aysen\/las-ballenas-tejedoras-de-vida-en-el-planeta\/\"},\"wordCount\":1191,\"commentCount\":0,\"image\":{\"@id\":\"https:\/\/dev.explora.cl\/aysen\/las-ballenas-tejedoras-de-vida-en-el-planeta\/#primaryimage\"},\"thumbnailUrl\":\"https:\/\/dev.explora.cl\/aysen\/wp-content\/uploads\/sites\/18\/2020\/06\/1.jpg\",\"articleSection\":[\"Noticias\"],\"inLanguage\":\"es-CL\",\"potentialAction\":[{\"@type\":\"CommentAction\",\"name\":\"Comment\",\"target\":[\"https:\/\/dev.explora.cl\/aysen\/las-ballenas-tejedoras-de-vida-en-el-planeta\/#respond\"]}]},{\"@type\":\"WebPage\",\"@id\":\"https:\/\/dev.explora.cl\/aysen\/las-ballenas-tejedoras-de-vida-en-el-planeta\/\",\"url\":\"https:\/\/dev.explora.cl\/aysen\/las-ballenas-tejedoras-de-vida-en-el-planeta\/\",\"name\":\"Las ballenas: tejedoras de vida en el planeta - Aysen\",\"isPartOf\":{\"@id\":\"https:\/\/dev.explora.cl\/aysen\/#website\"},\"primaryImageOfPage\":{\"@id\":\"https:\/\/dev.explora.cl\/aysen\/las-ballenas-tejedoras-de-vida-en-el-planeta\/#primaryimage\"},\"image\":{\"@id\":\"https:\/\/dev.explora.cl\/aysen\/las-ballenas-tejedoras-de-vida-en-el-planeta\/#primaryimage\"},\"thumbnailUrl\":\"https:\/\/dev.explora.cl\/aysen\/wp-content\/uploads\/sites\/18\/2020\/06\/1.jpg\",\"datePublished\":\"2020-06-25T14:22:19+00:00\",\"dateModified\":\"2023-07-22T06:39:47+00:00\",\"author\":{\"@id\":\"https:\/\/dev.explora.cl\/aysen\/#\/schema\/person\/81c802b1e3b443e2575e555b39e60a05\"},\"breadcrumb\":{\"@id\":\"https:\/\/dev.explora.cl\/aysen\/las-ballenas-tejedoras-de-vida-en-el-planeta\/#breadcrumb\"},\"inLanguage\":\"es-CL\",\"potentialAction\":[{\"@type\":\"ReadAction\",\"target\":[\"https:\/\/dev.explora.cl\/aysen\/las-ballenas-tejedoras-de-vida-en-el-planeta\/\"]}]},{\"@type\":\"ImageObject\",\"inLanguage\":\"es-CL\",\"@id\":\"https:\/\/dev.explora.cl\/aysen\/las-ballenas-tejedoras-de-vida-en-el-planeta\/#primaryimage\",\"url\":\"https:\/\/dev.explora.cl\/aysen\/wp-content\/uploads\/sites\/18\/2020\/06\/1.jpg\",\"contentUrl\":\"https:\/\/dev.explora.cl\/aysen\/wp-content\/uploads\/sites\/18\/2020\/06\/1.jpg\",\"width\":2000,\"height\":1280},{\"@type\":\"BreadcrumbList\",\"@id\":\"https:\/\/dev.explora.cl\/aysen\/las-ballenas-tejedoras-de-vida-en-el-planeta\/#breadcrumb\",\"itemListElement\":[{\"@type\":\"ListItem\",\"position\":1,\"name\":\"Portada\",\"item\":\"https:\/\/dev.explora.cl\/aysen\/\"},{\"@type\":\"ListItem\",\"position\":2,\"name\":\"Las ballenas: tejedoras de vida en el planeta\"}]},{\"@type\":\"WebSite\",\"@id\":\"https:\/\/dev.explora.cl\/aysen\/#website\",\"url\":\"https:\/\/dev.explora.cl\/aysen\/\",\"name\":\"Aysen\",\"description\":\"Otro sitio m\u00e1s de dev.explora.cl\",\"potentialAction\":[{\"@type\":\"SearchAction\",\"target\":{\"@type\":\"EntryPoint\",\"urlTemplate\":\"https:\/\/dev.explora.cl\/aysen\/?s={search_term_string}\"},\"query-input\":{\"@type\":\"PropertyValueSpecification\",\"valueRequired\":true,\"valueName\":\"search_term_string\"}}],\"inLanguage\":\"es-CL\"},{\"@type\":\"Person\",\"@id\":\"https:\/\/dev.explora.cl\/aysen\/#\/schema\/person\/81c802b1e3b443e2575e555b39e60a05\",\"name\":\"scisternas\",\"image\":{\"@type\":\"ImageObject\",\"inLanguage\":\"es-CL\",\"@id\":\"https:\/\/dev.explora.cl\/aysen\/#\/schema\/person\/image\/\",\"url\":\"https:\/\/secure.gravatar.com\/avatar\/611c8f1946b775bdf01b0521c85a9381c3ad08d928d8ead34ce577b0fa231c76?s=96&d=mm&r=g\",\"contentUrl\":\"https:\/\/secure.gravatar.com\/avatar\/611c8f1946b775bdf01b0521c85a9381c3ad08d928d8ead34ce577b0fa231c76?s=96&d=mm&r=g\",\"caption\":\"scisternas\"},\"url\":\"https:\/\/dev.explora.cl\/aysen\/author\/scisternas\/\"}]}<\/script>\n<!-- \/ Yoast SEO plugin. -->","yoast_head_json":{"title":"Las ballenas: tejedoras de vida en el planeta - Aysen","robots":{"index":"index","follow":"follow","max-snippet":"max-snippet:-1","max-image-preview":"max-image-preview:large","max-video-preview":"max-video-preview:-1"},"canonical":"https:\/\/dev.explora.cl\/aysen\/las-ballenas-tejedoras-de-vida-en-el-planeta\/","og_locale":"es_ES","og_type":"article","og_title":"Las ballenas: tejedoras de vida en el planeta - Aysen","og_description":"Son los mayores animales de la Tierra. Su belleza y misterio ha cautivado a los seres humanos y al imaginario colectivo por siglos. Bajo la inmensidad de las ballenas yace uno de los secretos mejores guardados para la continuidad de la vida en el planeta.","og_url":"https:\/\/dev.explora.cl\/aysen\/las-ballenas-tejedoras-de-vida-en-el-planeta\/","og_site_name":"Aysen","article_published_time":"2020-06-25T14:22:19+00:00","article_modified_time":"2023-07-22T06:39:47+00:00","og_image":[{"width":2000,"height":1280,"url":"https:\/\/dev.explora.cl\/aysen\/wp-content\/uploads\/sites\/18\/2020\/06\/1.jpg","type":"image\/jpeg"}],"author":"scisternas","twitter_card":"summary_large_image","twitter_misc":{"Escrito por":"scisternas","Tiempo estimado de lectura":"6 minutos"},"schema":{"@context":"https:\/\/schema.org","@graph":[{"@type":"Article","@id":"https:\/\/dev.explora.cl\/aysen\/las-ballenas-tejedoras-de-vida-en-el-planeta\/#article","isPartOf":{"@id":"https:\/\/dev.explora.cl\/aysen\/las-ballenas-tejedoras-de-vida-en-el-planeta\/"},"author":{"name":"scisternas","@id":"https:\/\/dev.explora.cl\/aysen\/#\/schema\/person\/81c802b1e3b443e2575e555b39e60a05"},"headline":"Las ballenas: tejedoras de vida en el planeta","datePublished":"2020-06-25T14:22:19+00:00","dateModified":"2023-07-22T06:39:47+00:00","mainEntityOfPage":{"@id":"https:\/\/dev.explora.cl\/aysen\/las-ballenas-tejedoras-de-vida-en-el-planeta\/"},"wordCount":1191,"commentCount":0,"image":{"@id":"https:\/\/dev.explora.cl\/aysen\/las-ballenas-tejedoras-de-vida-en-el-planeta\/#primaryimage"},"thumbnailUrl":"https:\/\/dev.explora.cl\/aysen\/wp-content\/uploads\/sites\/18\/2020\/06\/1.jpg","articleSection":["Noticias"],"inLanguage":"es-CL","potentialAction":[{"@type":"CommentAction","name":"Comment","target":["https:\/\/dev.explora.cl\/aysen\/las-ballenas-tejedoras-de-vida-en-el-planeta\/#respond"]}]},{"@type":"WebPage","@id":"https:\/\/dev.explora.cl\/aysen\/las-ballenas-tejedoras-de-vida-en-el-planeta\/","url":"https:\/\/dev.explora.cl\/aysen\/las-ballenas-tejedoras-de-vida-en-el-planeta\/","name":"Las ballenas: tejedoras de vida en el planeta - Aysen","isPartOf":{"@id":"https:\/\/dev.explora.cl\/aysen\/#website"},"primaryImageOfPage":{"@id":"https:\/\/dev.explora.cl\/aysen\/las-ballenas-tejedoras-de-vida-en-el-planeta\/#primaryimage"},"image":{"@id":"https:\/\/dev.explora.cl\/aysen\/las-ballenas-tejedoras-de-vida-en-el-planeta\/#primaryimage"},"thumbnailUrl":"https:\/\/dev.explora.cl\/aysen\/wp-content\/uploads\/sites\/18\/2020\/06\/1.jpg","datePublished":"2020-06-25T14:22:19+00:00","dateModified":"2023-07-22T06:39:47+00:00","author":{"@id":"https:\/\/dev.explora.cl\/aysen\/#\/schema\/person\/81c802b1e3b443e2575e555b39e60a05"},"breadcrumb":{"@id":"https:\/\/dev.explora.cl\/aysen\/las-ballenas-tejedoras-de-vida-en-el-planeta\/#breadcrumb"},"inLanguage":"es-CL","potentialAction":[{"@type":"ReadAction","target":["https:\/\/dev.explora.cl\/aysen\/las-ballenas-tejedoras-de-vida-en-el-planeta\/"]}]},{"@type":"ImageObject","inLanguage":"es-CL","@id":"https:\/\/dev.explora.cl\/aysen\/las-ballenas-tejedoras-de-vida-en-el-planeta\/#primaryimage","url":"https:\/\/dev.explora.cl\/aysen\/wp-content\/uploads\/sites\/18\/2020\/06\/1.jpg","contentUrl":"https:\/\/dev.explora.cl\/aysen\/wp-content\/uploads\/sites\/18\/2020\/06\/1.jpg","width":2000,"height":1280},{"@type":"BreadcrumbList","@id":"https:\/\/dev.explora.cl\/aysen\/las-ballenas-tejedoras-de-vida-en-el-planeta\/#breadcrumb","itemListElement":[{"@type":"ListItem","position":1,"name":"Portada","item":"https:\/\/dev.explora.cl\/aysen\/"},{"@type":"ListItem","position":2,"name":"Las ballenas: tejedoras de vida en el planeta"}]},{"@type":"WebSite","@id":"https:\/\/dev.explora.cl\/aysen\/#website","url":"https:\/\/dev.explora.cl\/aysen\/","name":"Aysen","description":"Otro sitio m\u00e1s de dev.explora.cl","potentialAction":[{"@type":"SearchAction","target":{"@type":"EntryPoint","urlTemplate":"https:\/\/dev.explora.cl\/aysen\/?s={search_term_string}"},"query-input":{"@type":"PropertyValueSpecification","valueRequired":true,"valueName":"search_term_string"}}],"inLanguage":"es-CL"},{"@type":"Person","@id":"https:\/\/dev.explora.cl\/aysen\/#\/schema\/person\/81c802b1e3b443e2575e555b39e60a05","name":"scisternas","image":{"@type":"ImageObject","inLanguage":"es-CL","@id":"https:\/\/dev.explora.cl\/aysen\/#\/schema\/person\/image\/","url":"https:\/\/secure.gravatar.com\/avatar\/611c8f1946b775bdf01b0521c85a9381c3ad08d928d8ead34ce577b0fa231c76?s=96&d=mm&r=g","contentUrl":"https:\/\/secure.gravatar.com\/avatar\/611c8f1946b775bdf01b0521c85a9381c3ad08d928d8ead34ce577b0fa231c76?s=96&d=mm&r=g","caption":"scisternas"},"url":"https:\/\/dev.explora.cl\/aysen\/author\/scisternas\/"}]}},"_links":{"self":[{"href":"https:\/\/dev.explora.cl\/aysen\/wp-json\/wp\/v2\/posts\/37722","targetHints":{"allow":["GET"]}}],"collection":[{"href":"https:\/\/dev.explora.cl\/aysen\/wp-json\/wp\/v2\/posts"}],"about":[{"href":"https:\/\/dev.explora.cl\/aysen\/wp-json\/wp\/v2\/types\/post"}],"author":[{"embeddable":true,"href":"https:\/\/dev.explora.cl\/aysen\/wp-json\/wp\/v2\/users\/37"}],"replies":[{"embeddable":true,"href":"https:\/\/dev.explora.cl\/aysen\/wp-json\/wp\/v2\/comments?post=37722"}],"version-history":[{"count":1,"href":"https:\/\/dev.explora.cl\/aysen\/wp-json\/wp\/v2\/posts\/37722\/revisions"}],"predecessor-version":[{"id":37724,"href":"https:\/\/dev.explora.cl\/aysen\/wp-json\/wp\/v2\/posts\/37722\/revisions\/37724"}],"wp:featuredmedia":[{"embeddable":true,"href":"https:\/\/dev.explora.cl\/aysen\/wp-json\/wp\/v2\/media\/37723"}],"wp:attachment":[{"href":"https:\/\/dev.explora.cl\/aysen\/wp-json\/wp\/v2\/media?parent=37722"}],"wp:term":[{"taxonomy":"category","embeddable":true,"href":"https:\/\/dev.explora.cl\/aysen\/wp-json\/wp\/v2\/categories?post=37722"},{"taxonomy":"post_tag","embeddable":true,"href":"https:\/\/dev.explora.cl\/aysen\/wp-json\/wp\/v2\/tags?post=37722"}],"curies":[{"name":"wp","href":"https:\/\/api.w.org\/{rel}","templated":true}]}}