{"id":37716,"date":"2020-06-24T18:37:23","date_gmt":"2020-06-24T22:37:23","guid":{"rendered":"https:\/\/dev.explora.cl\/aysen\/?p=37716"},"modified":"2023-07-28T11:31:41","modified_gmt":"2023-07-28T15:31:41","slug":"iie","status":"publish","type":"post","link":"https:\/\/dev.explora.cl\/aysen\/iie\/","title":{"rendered":"\u00bfNo alcanzaste a inscribirte en IIE 2020? \u00a1Ampliamos plazo hasta el 04 de agosto!"},"content":{"rendered":"<p><i><span style=\"font-weight: 400\">La<\/span><\/i> <i><span style=\"font-weight: 400\">convocatoria est\u00e1 dirigida a docentes y estudiantes de ense\u00f1anza b\u00e1sica y media interesados\/as en crear perfiles de proyectos de investigaci\u00f3n escolar <\/span><\/i><i><span style=\"font-weight: 400\">que conecten con las problem\u00e1ticas territoriales<\/span><\/i><i><span style=\"font-weight: 400\">. Puedes inscribirte hasta el 04 de julio completando el formulario disponible al final de la nota.<\/span><\/i><\/p>\n<p><span style=\"font-weight: 400\">Ya tenemos en lista a los equipos de investigaci\u00f3n escolar que ser\u00e1n parte de la experiencia IIE 2020, nueve de ellos corresponden a proyectos del \u00e1rea de las ciencias naturales, cinco al \u00e1rea de tecnolog\u00eda y uno a ciencias naturales y sociales, conformando un total de 15 equipos de investigaci\u00f3n.<\/span><\/p>\n<p><span style=\"font-weight: 400\"><img loading=\"lazy\" decoding=\"async\" class=\"wp-image-37745 aligncenter\" src=\"https:\/\/dev.explora.cl\/aysen\/wp-content\/uploads\/sites\/18\/2020\/06\/lista-colegios-seleccionados.jpg\" alt=\"\" width=\"552\" height=\"614\" srcset=\"https:\/\/dev.explora.cl\/aysen\/wp-content\/uploads\/sites\/18\/2020\/06\/lista-colegios-seleccionados.jpg 1080w, https:\/\/dev.explora.cl\/aysen\/wp-content\/uploads\/sites\/18\/2020\/06\/lista-colegios-seleccionados-270x300.jpg 270w, https:\/\/dev.explora.cl\/aysen\/wp-content\/uploads\/sites\/18\/2020\/06\/lista-colegios-seleccionados-768x853.jpg 768w, https:\/\/dev.explora.cl\/aysen\/wp-content\/uploads\/sites\/18\/2020\/06\/lista-colegios-seleccionados-922x1024.jpg 922w\" sizes=\"auto, (max-width: 552px) 100vw, 552px\" \/><\/span><\/p>\n<p>\u00bfTe falt\u00f3 tiempo para presentar tu propuesta? no te preocupes, porque hemos abierto un nuevo plazo hasta el <strong>martes 4 de agosto<\/strong> para recibir todas tus ideas.<\/p>\n<p><span style=\"font-weight: 400\">Investigaci\u00f3n e Innovaci\u00f3n Escolar es una iniciativa que invita a formar equipos para construir tu propio perfil de<\/span> <span style=\"font-weight: 400\">proyecto de investigaci\u00f3n cient\u00edfica. Este espacio de educaci\u00f3n no formal es voluntario y flexible, y est\u00e1 orientado a potenciar la capacidad de exploraci\u00f3n, la observaci\u00f3n, la organizaci\u00f3n, el trabajo colaborativo, el pensamiento cr\u00edtico y la curiosidad de ni\u00f1os, ni\u00f1as y adolescentes.<\/span><\/p>\n<p><span style=\"font-weight: 400\">Este 2020 hemos implementado un formato virtual que resguarda las medidas sanitarias y es seguro para los\/as participantes. La iniciativa considera talleres virtuales para fortalecer metodol\u00f3gicamente las propuestas, asesor\u00eda cient\u00edfica, apoyo y acompa\u00f1amiento en el desarrollo de las investigaciones escolares por parte del equipo Explora y un encuentro final para socializar el trabajo de cada uno de los equipos.<\/span><\/p>\n<p><b>\u00bfC\u00f3mo participar?<\/b><\/p>\n<ol>\n<li style=\"font-weight: 400\"><span style=\"font-weight: 400\">Forma tu equipo (1 profesor\/a + dos o m\u00e1s estudiantes de ense\u00f1anza b\u00e1sica o media).<\/span><\/li>\n<li style=\"font-weight: 400\"><span style=\"font-weight: 400\">Busquen un problema que quieran resolver a trav\u00e9s de las ciencias y la tecnolog\u00eda.<\/span><\/li>\n<li style=\"font-weight: 400\"><span style=\"font-weight: 400\">Expl\u00edcanos tu propuesta completando el formulario que se encuentra a continuaci\u00f3n.\u00a0 Una vez completado debes enviarlo al correo <strong>exploraysen@uach.cl<\/strong><\/span><\/li>\n<\/ol>\n<p><a href=\"https:\/\/drive.google.com\/file\/d\/1EB8QubxfNCNiRGM8WFFJk9pZ-9wtC5hI\/view?usp=sharing\">Descargar formulario<\/a><\/p>\n<p><a href=\"https:\/\/drive.google.com\/file\/d\/19oqY20q6FtfXcq6QpIizSo2ggsfjsVtM\/view?usp=sharing\">Descarga convocatoria IIE<\/a><\/p>\n","protected":false},"excerpt":{"rendered":"<p>La convocatoria est\u00e1 dirigida a docentes y estudiantes de ense\u00f1anza b\u00e1sica y media interesados\/as en crear perfiles de proyectos de investigaci\u00f3n escolar que conecten con las problem\u00e1ticas territoriales. Puedes postular hasta el 17 de julio completando el formulario disponible al final de la nota.<\/p>\n","protected":false},"author":37,"featured_media":37743,"comment_status":"open","ping_status":"open","sticky":false,"template":"","format":"standard","meta":{"_acf_changed":false,"_exactmetrics_skip_tracking":false,"_exactmetrics_sitenote_active":false,"_exactmetrics_sitenote_note":"","_exactmetrics_sitenote_category":0,"footnotes":"","_links_to":"","_links_to_target":""},"categories":[4],"tags":[],"class_list":["post-37716","post","type-post","status-publish","format-standard","has-post-thumbnail","hentry","category-noticias"],"acf":[],"yoast_head":"<!-- This site is optimized with the Yoast SEO plugin v26.7 - https:\/\/yoast.com\/wordpress\/plugins\/seo\/ -->\n<title>\u00bfNo alcanzaste a inscribirte en IIE 2020? \u00a1Ampliamos plazo hasta el 04 de agosto! - Aysen<\/title>\n<meta name=\"robots\" content=\"index, follow, max-snippet:-1, max-image-preview:large, max-video-preview:-1\" \/>\n<link rel=\"canonical\" href=\"https:\/\/dev.explora.cl\/aysen\/iie\/\" class=\"yoast-seo-meta-tag\" \/>\n<meta property=\"og:locale\" content=\"es_ES\" class=\"yoast-seo-meta-tag\" \/>\n<meta property=\"og:type\" content=\"article\" class=\"yoast-seo-meta-tag\" \/>\n<meta property=\"og:title\" content=\"\u00bfNo alcanzaste a inscribirte en IIE 2020? \u00a1Ampliamos plazo hasta el 04 de agosto! - Aysen\" class=\"yoast-seo-meta-tag\" \/>\n<meta property=\"og:description\" content=\"La convocatoria est\u00e1 dirigida a docentes y estudiantes de ense\u00f1anza b\u00e1sica y media interesados\/as en crear perfiles de proyectos de investigaci\u00f3n escolar que conecten con las problem\u00e1ticas territoriales. Puedes postular hasta el 17 de julio completando el formulario disponible al final de la nota.\" class=\"yoast-seo-meta-tag\" \/>\n<meta property=\"og:url\" content=\"https:\/\/dev.explora.cl\/aysen\/iie\/\" class=\"yoast-seo-meta-tag\" \/>\n<meta property=\"og:site_name\" content=\"Aysen\" class=\"yoast-seo-meta-tag\" \/>\n<meta property=\"article:published_time\" content=\"2020-06-24T22:37:23+00:00\" class=\"yoast-seo-meta-tag\" \/>\n<meta property=\"article:modified_time\" content=\"2023-07-28T15:31:41+00:00\" class=\"yoast-seo-meta-tag\" \/>\n<meta property=\"og:image\" content=\"https:\/\/dev.explora.cl\/aysen\/wp-content\/uploads\/sites\/18\/2020\/06\/nuevo-plazo-4-de-agosto.jpg\" class=\"yoast-seo-meta-tag\" \/>\n\t<meta property=\"og:image:width\" content=\"735\" class=\"yoast-seo-meta-tag\" \/>\n\t<meta property=\"og:image:height\" content=\"470\" class=\"yoast-seo-meta-tag\" \/>\n\t<meta property=\"og:image:type\" content=\"image\/jpeg\" class=\"yoast-seo-meta-tag\" \/>\n<meta name=\"author\" content=\"scisternas\" class=\"yoast-seo-meta-tag\" \/>\n<meta name=\"twitter:card\" content=\"summary_large_image\" class=\"yoast-seo-meta-tag\" \/>\n<meta name=\"twitter:label1\" content=\"Escrito por\" class=\"yoast-seo-meta-tag\" \/>\n\t<meta name=\"twitter:data1\" content=\"scisternas\" class=\"yoast-seo-meta-tag\" \/>\n\t<meta name=\"twitter:label2\" content=\"Tiempo estimado de lectura\" class=\"yoast-seo-meta-tag\" \/>\n\t<meta name=\"twitter:data2\" content=\"2 minutos\" class=\"yoast-seo-meta-tag\" \/>\n<script type=\"application\/ld+json\" class=\"yoast-schema-graph\">{\"@context\":\"https:\/\/schema.org\",\"@graph\":[{\"@type\":\"Article\",\"@id\":\"https:\/\/dev.explora.cl\/aysen\/iie\/#article\",\"isPartOf\":{\"@id\":\"https:\/\/dev.explora.cl\/aysen\/iie\/\"},\"author\":{\"name\":\"scisternas\",\"@id\":\"https:\/\/dev.explora.cl\/aysen\/#\/schema\/person\/81c802b1e3b443e2575e555b39e60a05\"},\"headline\":\"\u00bfNo alcanzaste a inscribirte en IIE 2020? \u00a1Ampliamos plazo hasta el 04 de agosto!\",\"datePublished\":\"2020-06-24T22:37:23+00:00\",\"dateModified\":\"2023-07-28T15:31:41+00:00\",\"mainEntityOfPage\":{\"@id\":\"https:\/\/dev.explora.cl\/aysen\/iie\/\"},\"wordCount\":335,\"commentCount\":0,\"image\":{\"@id\":\"https:\/\/dev.explora.cl\/aysen\/iie\/#primaryimage\"},\"thumbnailUrl\":\"https:\/\/dev.explora.cl\/aysen\/wp-content\/uploads\/sites\/18\/2020\/06\/nuevo-plazo-4-de-agosto.jpg\",\"articleSection\":[\"Noticias\"],\"inLanguage\":\"es-CL\",\"potentialAction\":[{\"@type\":\"CommentAction\",\"name\":\"Comment\",\"target\":[\"https:\/\/dev.explora.cl\/aysen\/iie\/#respond\"]}]},{\"@type\":\"WebPage\",\"@id\":\"https:\/\/dev.explora.cl\/aysen\/iie\/\",\"url\":\"https:\/\/dev.explora.cl\/aysen\/iie\/\",\"name\":\"\u00bfNo alcanzaste a inscribirte en IIE 2020? \u00a1Ampliamos plazo hasta el 04 de agosto! - Aysen\",\"isPartOf\":{\"@id\":\"https:\/\/dev.explora.cl\/aysen\/#website\"},\"primaryImageOfPage\":{\"@id\":\"https:\/\/dev.explora.cl\/aysen\/iie\/#primaryimage\"},\"image\":{\"@id\":\"https:\/\/dev.explora.cl\/aysen\/iie\/#primaryimage\"},\"thumbnailUrl\":\"https:\/\/dev.explora.cl\/aysen\/wp-content\/uploads\/sites\/18\/2020\/06\/nuevo-plazo-4-de-agosto.jpg\",\"datePublished\":\"2020-06-24T22:37:23+00:00\",\"dateModified\":\"2023-07-28T15:31:41+00:00\",\"author\":{\"@id\":\"https:\/\/dev.explora.cl\/aysen\/#\/schema\/person\/81c802b1e3b443e2575e555b39e60a05\"},\"breadcrumb\":{\"@id\":\"https:\/\/dev.explora.cl\/aysen\/iie\/#breadcrumb\"},\"inLanguage\":\"es-CL\",\"potentialAction\":[{\"@type\":\"ReadAction\",\"target\":[\"https:\/\/dev.explora.cl\/aysen\/iie\/\"]}]},{\"@type\":\"ImageObject\",\"inLanguage\":\"es-CL\",\"@id\":\"https:\/\/dev.explora.cl\/aysen\/iie\/#primaryimage\",\"url\":\"https:\/\/dev.explora.cl\/aysen\/wp-content\/uploads\/sites\/18\/2020\/06\/nuevo-plazo-4-de-agosto.jpg\",\"contentUrl\":\"https:\/\/dev.explora.cl\/aysen\/wp-content\/uploads\/sites\/18\/2020\/06\/nuevo-plazo-4-de-agosto.jpg\",\"width\":735,\"height\":470},{\"@type\":\"BreadcrumbList\",\"@id\":\"https:\/\/dev.explora.cl\/aysen\/iie\/#breadcrumb\",\"itemListElement\":[{\"@type\":\"ListItem\",\"position\":1,\"name\":\"Portada\",\"item\":\"https:\/\/dev.explora.cl\/aysen\/\"},{\"@type\":\"ListItem\",\"position\":2,\"name\":\"\u00bfNo alcanzaste a inscribirte en IIE 2020? \u00a1Ampliamos plazo hasta el 04 de agosto!\"}]},{\"@type\":\"WebSite\",\"@id\":\"https:\/\/dev.explora.cl\/aysen\/#website\",\"url\":\"https:\/\/dev.explora.cl\/aysen\/\",\"name\":\"Aysen\",\"description\":\"Otro sitio m\u00e1s de dev.explora.cl\",\"potentialAction\":[{\"@type\":\"SearchAction\",\"target\":{\"@type\":\"EntryPoint\",\"urlTemplate\":\"https:\/\/dev.explora.cl\/aysen\/?s={search_term_string}\"},\"query-input\":{\"@type\":\"PropertyValueSpecification\",\"valueRequired\":true,\"valueName\":\"search_term_string\"}}],\"inLanguage\":\"es-CL\"},{\"@type\":\"Person\",\"@id\":\"https:\/\/dev.explora.cl\/aysen\/#\/schema\/person\/81c802b1e3b443e2575e555b39e60a05\",\"name\":\"scisternas\",\"image\":{\"@type\":\"ImageObject\",\"inLanguage\":\"es-CL\",\"@id\":\"https:\/\/dev.explora.cl\/aysen\/#\/schema\/person\/image\/\",\"url\":\"https:\/\/secure.gravatar.com\/avatar\/611c8f1946b775bdf01b0521c85a9381c3ad08d928d8ead34ce577b0fa231c76?s=96&d=mm&r=g\",\"contentUrl\":\"https:\/\/secure.gravatar.com\/avatar\/611c8f1946b775bdf01b0521c85a9381c3ad08d928d8ead34ce577b0fa231c76?s=96&d=mm&r=g\",\"caption\":\"scisternas\"},\"url\":\"https:\/\/dev.explora.cl\/aysen\/author\/scisternas\/\"}]}<\/script>\n<!-- \/ Yoast SEO plugin. -->","yoast_head_json":{"title":"\u00bfNo alcanzaste a inscribirte en IIE 2020? \u00a1Ampliamos plazo hasta el 04 de agosto! - Aysen","robots":{"index":"index","follow":"follow","max-snippet":"max-snippet:-1","max-image-preview":"max-image-preview:large","max-video-preview":"max-video-preview:-1"},"canonical":"https:\/\/dev.explora.cl\/aysen\/iie\/","og_locale":"es_ES","og_type":"article","og_title":"\u00bfNo alcanzaste a inscribirte en IIE 2020? \u00a1Ampliamos plazo hasta el 04 de agosto! - Aysen","og_description":"La convocatoria est\u00e1 dirigida a docentes y estudiantes de ense\u00f1anza b\u00e1sica y media interesados\/as en crear perfiles de proyectos de investigaci\u00f3n escolar que conecten con las problem\u00e1ticas territoriales. Puedes postular hasta el 17 de julio completando el formulario disponible al final de la nota.","og_url":"https:\/\/dev.explora.cl\/aysen\/iie\/","og_site_name":"Aysen","article_published_time":"2020-06-24T22:37:23+00:00","article_modified_time":"2023-07-28T15:31:41+00:00","og_image":[{"width":735,"height":470,"url":"https:\/\/dev.explora.cl\/aysen\/wp-content\/uploads\/sites\/18\/2020\/06\/nuevo-plazo-4-de-agosto.jpg","type":"image\/jpeg"}],"author":"scisternas","twitter_card":"summary_large_image","twitter_misc":{"Escrito por":"scisternas","Tiempo estimado de lectura":"2 minutos"},"schema":{"@context":"https:\/\/schema.org","@graph":[{"@type":"Article","@id":"https:\/\/dev.explora.cl\/aysen\/iie\/#article","isPartOf":{"@id":"https:\/\/dev.explora.cl\/aysen\/iie\/"},"author":{"name":"scisternas","@id":"https:\/\/dev.explora.cl\/aysen\/#\/schema\/person\/81c802b1e3b443e2575e555b39e60a05"},"headline":"\u00bfNo alcanzaste a inscribirte en IIE 2020? \u00a1Ampliamos plazo hasta el 04 de agosto!","datePublished":"2020-06-24T22:37:23+00:00","dateModified":"2023-07-28T15:31:41+00:00","mainEntityOfPage":{"@id":"https:\/\/dev.explora.cl\/aysen\/iie\/"},"wordCount":335,"commentCount":0,"image":{"@id":"https:\/\/dev.explora.cl\/aysen\/iie\/#primaryimage"},"thumbnailUrl":"https:\/\/dev.explora.cl\/aysen\/wp-content\/uploads\/sites\/18\/2020\/06\/nuevo-plazo-4-de-agosto.jpg","articleSection":["Noticias"],"inLanguage":"es-CL","potentialAction":[{"@type":"CommentAction","name":"Comment","target":["https:\/\/dev.explora.cl\/aysen\/iie\/#respond"]}]},{"@type":"WebPage","@id":"https:\/\/dev.explora.cl\/aysen\/iie\/","url":"https:\/\/dev.explora.cl\/aysen\/iie\/","name":"\u00bfNo alcanzaste a inscribirte en IIE 2020? \u00a1Ampliamos plazo hasta el 04 de agosto! - Aysen","isPartOf":{"@id":"https:\/\/dev.explora.cl\/aysen\/#website"},"primaryImageOfPage":{"@id":"https:\/\/dev.explora.cl\/aysen\/iie\/#primaryimage"},"image":{"@id":"https:\/\/dev.explora.cl\/aysen\/iie\/#primaryimage"},"thumbnailUrl":"https:\/\/dev.explora.cl\/aysen\/wp-content\/uploads\/sites\/18\/2020\/06\/nuevo-plazo-4-de-agosto.jpg","datePublished":"2020-06-24T22:37:23+00:00","dateModified":"2023-07-28T15:31:41+00:00","author":{"@id":"https:\/\/dev.explora.cl\/aysen\/#\/schema\/person\/81c802b1e3b443e2575e555b39e60a05"},"breadcrumb":{"@id":"https:\/\/dev.explora.cl\/aysen\/iie\/#breadcrumb"},"inLanguage":"es-CL","potentialAction":[{"@type":"ReadAction","target":["https:\/\/dev.explora.cl\/aysen\/iie\/"]}]},{"@type":"ImageObject","inLanguage":"es-CL","@id":"https:\/\/dev.explora.cl\/aysen\/iie\/#primaryimage","url":"https:\/\/dev.explora.cl\/aysen\/wp-content\/uploads\/sites\/18\/2020\/06\/nuevo-plazo-4-de-agosto.jpg","contentUrl":"https:\/\/dev.explora.cl\/aysen\/wp-content\/uploads\/sites\/18\/2020\/06\/nuevo-plazo-4-de-agosto.jpg","width":735,"height":470},{"@type":"BreadcrumbList","@id":"https:\/\/dev.explora.cl\/aysen\/iie\/#breadcrumb","itemListElement":[{"@type":"ListItem","position":1,"name":"Portada","item":"https:\/\/dev.explora.cl\/aysen\/"},{"@type":"ListItem","position":2,"name":"\u00bfNo alcanzaste a inscribirte en IIE 2020? \u00a1Ampliamos plazo hasta el 04 de agosto!"}]},{"@type":"WebSite","@id":"https:\/\/dev.explora.cl\/aysen\/#website","url":"https:\/\/dev.explora.cl\/aysen\/","name":"Aysen","description":"Otro sitio m\u00e1s de dev.explora.cl","potentialAction":[{"@type":"SearchAction","target":{"@type":"EntryPoint","urlTemplate":"https:\/\/dev.explora.cl\/aysen\/?s={search_term_string}"},"query-input":{"@type":"PropertyValueSpecification","valueRequired":true,"valueName":"search_term_string"}}],"inLanguage":"es-CL"},{"@type":"Person","@id":"https:\/\/dev.explora.cl\/aysen\/#\/schema\/person\/81c802b1e3b443e2575e555b39e60a05","name":"scisternas","image":{"@type":"ImageObject","inLanguage":"es-CL","@id":"https:\/\/dev.explora.cl\/aysen\/#\/schema\/person\/image\/","url":"https:\/\/secure.gravatar.com\/avatar\/611c8f1946b775bdf01b0521c85a9381c3ad08d928d8ead34ce577b0fa231c76?s=96&d=mm&r=g","contentUrl":"https:\/\/secure.gravatar.com\/avatar\/611c8f1946b775bdf01b0521c85a9381c3ad08d928d8ead34ce577b0fa231c76?s=96&d=mm&r=g","caption":"scisternas"},"url":"https:\/\/dev.explora.cl\/aysen\/author\/scisternas\/"}]}},"_links":{"self":[{"href":"https:\/\/dev.explora.cl\/aysen\/wp-json\/wp\/v2\/posts\/37716","targetHints":{"allow":["GET"]}}],"collection":[{"href":"https:\/\/dev.explora.cl\/aysen\/wp-json\/wp\/v2\/posts"}],"about":[{"href":"https:\/\/dev.explora.cl\/aysen\/wp-json\/wp\/v2\/types\/post"}],"author":[{"embeddable":true,"href":"https:\/\/dev.explora.cl\/aysen\/wp-json\/wp\/v2\/users\/37"}],"replies":[{"embeddable":true,"href":"https:\/\/dev.explora.cl\/aysen\/wp-json\/wp\/v2\/comments?post=37716"}],"version-history":[{"count":10,"href":"https:\/\/dev.explora.cl\/aysen\/wp-json\/wp\/v2\/posts\/37716\/revisions"}],"predecessor-version":[{"id":37747,"href":"https:\/\/dev.explora.cl\/aysen\/wp-json\/wp\/v2\/posts\/37716\/revisions\/37747"}],"wp:featuredmedia":[{"embeddable":true,"href":"https:\/\/dev.explora.cl\/aysen\/wp-json\/wp\/v2\/media\/37743"}],"wp:attachment":[{"href":"https:\/\/dev.explora.cl\/aysen\/wp-json\/wp\/v2\/media?parent=37716"}],"wp:term":[{"taxonomy":"category","embeddable":true,"href":"https:\/\/dev.explora.cl\/aysen\/wp-json\/wp\/v2\/categories?post=37716"},{"taxonomy":"post_tag","embeddable":true,"href":"https:\/\/dev.explora.cl\/aysen\/wp-json\/wp\/v2\/tags?post=37716"}],"curies":[{"name":"wp","href":"https:\/\/api.w.org\/{rel}","templated":true}]}}