{"id":37698,"date":"2020-06-11T12:54:57","date_gmt":"2020-06-11T16:54:57","guid":{"rendered":"https:\/\/dev.explora.cl\/aysen\/?p=37698"},"modified":"2023-07-28T11:28:30","modified_gmt":"2023-07-28T15:28:30","slug":"pipe2020","status":"publish","type":"post","link":"https:\/\/dev.explora.cl\/aysen\/pipe2020\/","title":{"rendered":"Convocatoria abierta: Participa del Programa de Indagaci\u00f3n para Primeras Edades (PIPE) 2020"},"content":{"rendered":"<p><i><span style=\"font-weight: 400\">La convocatoria est\u00e1 dirigida a <\/span><\/i><i><span style=\"font-weight: 400\">educadoras\/es de nivel parvularia y educadoras\/es diferenciales, y <\/span><\/i><i><span style=\"font-weight: 400\">se encontrar\u00e1 disponible hasta el 29 de junio. Para postular solo debes completar el formulario disponible al final de la nota.\u00a0<\/span><\/i><\/p>\n<p><span style=\"font-weight: 400\">\u00bfPor qu\u00e9 el cielo es azul? \u00bfpor qu\u00e9 tenemos pelos? \u00bfpor qu\u00e9 las hojas cambian de color?\u00a0 Todas las anteriores son preguntas que podr\u00eda hacer un ni\u00f1o\/a o que nosotros\/as mismos nos preguntamos en la infancia, porque es en esta etapa de la vida en donde somos esencialmente curiosos y no sentimos verg\u00fcenza al \u201cno saber.\u201d<\/span><\/p>\n<p><span style=\"font-weight: 400\">Expertos aseguran que la estimulaci\u00f3n temprana es fundamental para desarrollo de ni\u00f1os y ni\u00f1as, ya que todo lo que se aprende en los primeros a\u00f1os ser\u00e1 la base de su desarrollo como adulto. Un conjunto de actividades que lo\/a estimulen f\u00edsica e intelectualmente le permitir\u00e1 desarrollar la mayor parte de sus habilidades y capacidades, d\u00e1ndole sentido al mundo que lo rodea.<\/span><\/p>\n<p><b>\u00bfQu\u00e9 papel juega la ciencia en todo esto?<\/b><\/p>\n<p><span style=\"font-weight: 400\">La ciencia nos ayuda a comprender los fen\u00f3menos que ocurren diariamente: el pan tostado, el agua cuando hierve, la lluvia, el calor de la estufa, las hojas verdes y amarillas, todo tiene una explicaci\u00f3n desde la ciencia. En los primeros a\u00f1os de vida nos enfrentamos a un mundo absolutamente nuevo y rico en est\u00edmulos, y los sentidos adquieren gran importancia ya que son el medio a trav\u00e9s del cual se percibe este entorno inmediato. Se dice que los ni\u00f1os\/as son cient\u00edficos desde que nacen, debido a que poseen una curiosidad innata que los lleva a preguntar el \u00bfpor qu\u00e9? de todo lo nuevo que identifican. En una sociedad basada en la ciencia como la nuestra es necesario entregar herramientas en el nivel inicial para que los\/as m\u00e1s peque\u00f1os sean capaces de comprender el mundo.<\/span><\/p>\n<p><span style=\"font-weight: 400\">En este contexto surge PIPE (Programa de Indagaci\u00f3n para Primeras Edades), impulsado por el <\/span><span style=\"font-weight: 400\">PAR Explora Ays\u00e9n del Ministerio de Ciencia, Tecnolog\u00eda, Conocimiento e Innovaci\u00f3n en toda la regi\u00f3n. Esta iniciativa, basada en la metodolog\u00eda indagatoria, busca entregar herramientas novedosas a educadoras\/es de p\u00e1rvulos para fortalecer sus competencias cient\u00edficas con el fin de contribuir a <\/span><span style=\"font-weight: 400\">desarrollar en ni\u00f1os y ni\u00f1as las competencias necesarias para que conozcan y comprendan el mundo que los rodea.<\/span><\/p>\n<p><span style=\"font-weight: 400\">La iniciativa cuenta con cuatro talleres formativos en donde las\/os participantes recibir\u00e1n distintas herramientas pedag\u00f3gicas <\/span><span style=\"font-weight: 400\">enmarcadas en el n\u00facleo de exploraci\u00f3n del entorno natural, propuesto en el curr\u00edculum nacional para los niveles de medio mayor y transici\u00f3n.\u00a0<\/span><\/p>\n<p><b>\u00bfC\u00f3mo participar?<\/b><\/p>\n<p><span style=\"font-weight: 400\">Este a\u00f1o PIPE se implementa por segunda vez en la regi\u00f3n de Ays\u00e9n, luego de capacitar a 15 educadoras durante el a\u00f1o 2019. Por motivo de la contingencia sanitaria los talleres se han adaptado a una modalidad virtual, los que comenzar\u00e1n a partir del mes de julio. La iniciativa considera tres etapas: talleres formativos online, seguimiento y apoyo en la implementaci\u00f3n de las actividades y una jornada evaluativa final para recoger apreciaciones.<\/span><\/p>\n<p><span style=\"font-weight: 400\">El periodo de postulaci\u00f3n es entre el 11 y el 29 de junio. Si quieres postular solo debes responder el formulario disponible a continuaci\u00f3n. Los resultados de las\/os seleccionados se comunicar\u00e1n en <\/span><a href=\"https:\/\/dev.explora.cl\/aysen\"><span style=\"font-weight: 400\">dev.explora.cl\/aysen<\/span><\/a><span style=\"font-weight: 400\">, redes sociales y por correo electr\u00f3nico.<\/span><\/p>\n<p><a href=\"https:\/\/docs.google.com\/forms\/d\/e\/1FAIpQLSe1_nf7QLOkFXWfG4uo6Tw5J-7RUhpnOw50C7uuV4-kXLQRjA\/viewform\">Ver Formulario<\/a><\/p>\n<p><a href=\"https:\/\/drive.google.com\/drive\/folders\/1zu65oBjCy8zmotGvREDN24Z0KGVkS2rI?usp=sharing\">Descarga las Bases de Postulaci\u00f3n y Autorizaci\u00f3n del Establecimiento<\/a><\/p>\n","protected":false},"excerpt":{"rendered":"<p>La convocatoria est\u00e1 dirigida a educadoras\/es de nivel parvularia y educadoras\/es diferenciales, y se encontrar\u00e1 disponible hasta el 29 de junio. Para postular solo debes completar el formulario disponible al final de la nota.\u00a0<\/p>\n","protected":false},"author":37,"featured_media":37699,"comment_status":"open","ping_status":"open","sticky":false,"template":"","format":"standard","meta":{"_acf_changed":false,"_exactmetrics_skip_tracking":false,"_exactmetrics_sitenote_active":false,"_exactmetrics_sitenote_note":"","_exactmetrics_sitenote_category":0,"footnotes":"","_links_to":"","_links_to_target":""},"categories":[4],"tags":[],"class_list":["post-37698","post","type-post","status-publish","format-standard","has-post-thumbnail","hentry","category-noticias"],"acf":[],"yoast_head":"<!-- This site is optimized with the Yoast SEO plugin v26.7 - https:\/\/yoast.com\/wordpress\/plugins\/seo\/ -->\n<title>Convocatoria abierta: Participa del Programa de Indagaci\u00f3n para Primeras Edades (PIPE) 2020 - Aysen<\/title>\n<meta name=\"robots\" content=\"index, follow, max-snippet:-1, max-image-preview:large, max-video-preview:-1\" \/>\n<link rel=\"canonical\" href=\"https:\/\/dev.explora.cl\/aysen\/pipe2020\/\" class=\"yoast-seo-meta-tag\" \/>\n<meta property=\"og:locale\" content=\"es_ES\" class=\"yoast-seo-meta-tag\" \/>\n<meta property=\"og:type\" content=\"article\" class=\"yoast-seo-meta-tag\" \/>\n<meta property=\"og:title\" content=\"Convocatoria abierta: Participa del Programa de Indagaci\u00f3n para Primeras Edades (PIPE) 2020 - Aysen\" class=\"yoast-seo-meta-tag\" \/>\n<meta property=\"og:description\" content=\"La convocatoria est\u00e1 dirigida a educadoras\/es de nivel parvularia y educadoras\/es diferenciales, y se encontrar\u00e1 disponible hasta el 29 de junio. Para postular solo debes completar el formulario disponible al final de la nota.\u00a0\" class=\"yoast-seo-meta-tag\" \/>\n<meta property=\"og:url\" content=\"https:\/\/dev.explora.cl\/aysen\/pipe2020\/\" class=\"yoast-seo-meta-tag\" \/>\n<meta property=\"og:site_name\" content=\"Aysen\" class=\"yoast-seo-meta-tag\" \/>\n<meta property=\"article:published_time\" content=\"2020-06-11T16:54:57+00:00\" class=\"yoast-seo-meta-tag\" \/>\n<meta property=\"article:modified_time\" content=\"2023-07-28T15:28:30+00:00\" class=\"yoast-seo-meta-tag\" \/>\n<meta property=\"og:image\" content=\"https:\/\/dev.explora.cl\/aysen\/wp-content\/uploads\/sites\/18\/2020\/06\/pipebannerweb-explora.png\" class=\"yoast-seo-meta-tag\" \/>\n\t<meta property=\"og:image:width\" content=\"735\" class=\"yoast-seo-meta-tag\" \/>\n\t<meta property=\"og:image:height\" content=\"470\" class=\"yoast-seo-meta-tag\" \/>\n\t<meta property=\"og:image:type\" content=\"image\/png\" class=\"yoast-seo-meta-tag\" \/>\n<meta name=\"author\" content=\"scisternas\" class=\"yoast-seo-meta-tag\" \/>\n<meta name=\"twitter:card\" content=\"summary_large_image\" class=\"yoast-seo-meta-tag\" \/>\n<meta name=\"twitter:label1\" content=\"Escrito por\" class=\"yoast-seo-meta-tag\" \/>\n\t<meta name=\"twitter:data1\" content=\"scisternas\" class=\"yoast-seo-meta-tag\" \/>\n\t<meta name=\"twitter:label2\" content=\"Tiempo estimado de lectura\" class=\"yoast-seo-meta-tag\" \/>\n\t<meta name=\"twitter:data2\" content=\"3 minutos\" class=\"yoast-seo-meta-tag\" \/>\n<script type=\"application\/ld+json\" class=\"yoast-schema-graph\">{\"@context\":\"https:\/\/schema.org\",\"@graph\":[{\"@type\":\"Article\",\"@id\":\"https:\/\/dev.explora.cl\/aysen\/pipe2020\/#article\",\"isPartOf\":{\"@id\":\"https:\/\/dev.explora.cl\/aysen\/pipe2020\/\"},\"author\":{\"name\":\"scisternas\",\"@id\":\"https:\/\/dev.explora.cl\/aysen\/#\/schema\/person\/81c802b1e3b443e2575e555b39e60a05\"},\"headline\":\"Convocatoria abierta: Participa del Programa de Indagaci\u00f3n para Primeras Edades (PIPE) 2020\",\"datePublished\":\"2020-06-11T16:54:57+00:00\",\"dateModified\":\"2023-07-28T15:28:30+00:00\",\"mainEntityOfPage\":{\"@id\":\"https:\/\/dev.explora.cl\/aysen\/pipe2020\/\"},\"wordCount\":594,\"commentCount\":0,\"image\":{\"@id\":\"https:\/\/dev.explora.cl\/aysen\/pipe2020\/#primaryimage\"},\"thumbnailUrl\":\"https:\/\/dev.explora.cl\/aysen\/wp-content\/uploads\/sites\/18\/2020\/06\/pipebannerweb-explora.png\",\"articleSection\":[\"Noticias\"],\"inLanguage\":\"es-CL\",\"potentialAction\":[{\"@type\":\"CommentAction\",\"name\":\"Comment\",\"target\":[\"https:\/\/dev.explora.cl\/aysen\/pipe2020\/#respond\"]}]},{\"@type\":\"WebPage\",\"@id\":\"https:\/\/dev.explora.cl\/aysen\/pipe2020\/\",\"url\":\"https:\/\/dev.explora.cl\/aysen\/pipe2020\/\",\"name\":\"Convocatoria abierta: Participa del Programa de Indagaci\u00f3n para Primeras Edades (PIPE) 2020 - Aysen\",\"isPartOf\":{\"@id\":\"https:\/\/dev.explora.cl\/aysen\/#website\"},\"primaryImageOfPage\":{\"@id\":\"https:\/\/dev.explora.cl\/aysen\/pipe2020\/#primaryimage\"},\"image\":{\"@id\":\"https:\/\/dev.explora.cl\/aysen\/pipe2020\/#primaryimage\"},\"thumbnailUrl\":\"https:\/\/dev.explora.cl\/aysen\/wp-content\/uploads\/sites\/18\/2020\/06\/pipebannerweb-explora.png\",\"datePublished\":\"2020-06-11T16:54:57+00:00\",\"dateModified\":\"2023-07-28T15:28:30+00:00\",\"author\":{\"@id\":\"https:\/\/dev.explora.cl\/aysen\/#\/schema\/person\/81c802b1e3b443e2575e555b39e60a05\"},\"breadcrumb\":{\"@id\":\"https:\/\/dev.explora.cl\/aysen\/pipe2020\/#breadcrumb\"},\"inLanguage\":\"es-CL\",\"potentialAction\":[{\"@type\":\"ReadAction\",\"target\":[\"https:\/\/dev.explora.cl\/aysen\/pipe2020\/\"]}]},{\"@type\":\"ImageObject\",\"inLanguage\":\"es-CL\",\"@id\":\"https:\/\/dev.explora.cl\/aysen\/pipe2020\/#primaryimage\",\"url\":\"https:\/\/dev.explora.cl\/aysen\/wp-content\/uploads\/sites\/18\/2020\/06\/pipebannerweb-explora.png\",\"contentUrl\":\"https:\/\/dev.explora.cl\/aysen\/wp-content\/uploads\/sites\/18\/2020\/06\/pipebannerweb-explora.png\",\"width\":735,\"height\":470},{\"@type\":\"BreadcrumbList\",\"@id\":\"https:\/\/dev.explora.cl\/aysen\/pipe2020\/#breadcrumb\",\"itemListElement\":[{\"@type\":\"ListItem\",\"position\":1,\"name\":\"Portada\",\"item\":\"https:\/\/dev.explora.cl\/aysen\/\"},{\"@type\":\"ListItem\",\"position\":2,\"name\":\"Convocatoria abierta: Participa del Programa de Indagaci\u00f3n para Primeras Edades (PIPE) 2020\"}]},{\"@type\":\"WebSite\",\"@id\":\"https:\/\/dev.explora.cl\/aysen\/#website\",\"url\":\"https:\/\/dev.explora.cl\/aysen\/\",\"name\":\"Aysen\",\"description\":\"Otro sitio m\u00e1s de dev.explora.cl\",\"potentialAction\":[{\"@type\":\"SearchAction\",\"target\":{\"@type\":\"EntryPoint\",\"urlTemplate\":\"https:\/\/dev.explora.cl\/aysen\/?s={search_term_string}\"},\"query-input\":{\"@type\":\"PropertyValueSpecification\",\"valueRequired\":true,\"valueName\":\"search_term_string\"}}],\"inLanguage\":\"es-CL\"},{\"@type\":\"Person\",\"@id\":\"https:\/\/dev.explora.cl\/aysen\/#\/schema\/person\/81c802b1e3b443e2575e555b39e60a05\",\"name\":\"scisternas\",\"image\":{\"@type\":\"ImageObject\",\"inLanguage\":\"es-CL\",\"@id\":\"https:\/\/dev.explora.cl\/aysen\/#\/schema\/person\/image\/\",\"url\":\"https:\/\/secure.gravatar.com\/avatar\/611c8f1946b775bdf01b0521c85a9381c3ad08d928d8ead34ce577b0fa231c76?s=96&d=mm&r=g\",\"contentUrl\":\"https:\/\/secure.gravatar.com\/avatar\/611c8f1946b775bdf01b0521c85a9381c3ad08d928d8ead34ce577b0fa231c76?s=96&d=mm&r=g\",\"caption\":\"scisternas\"},\"url\":\"https:\/\/dev.explora.cl\/aysen\/author\/scisternas\/\"}]}<\/script>\n<!-- \/ Yoast SEO plugin. -->","yoast_head_json":{"title":"Convocatoria abierta: Participa del Programa de Indagaci\u00f3n para Primeras Edades (PIPE) 2020 - Aysen","robots":{"index":"index","follow":"follow","max-snippet":"max-snippet:-1","max-image-preview":"max-image-preview:large","max-video-preview":"max-video-preview:-1"},"canonical":"https:\/\/dev.explora.cl\/aysen\/pipe2020\/","og_locale":"es_ES","og_type":"article","og_title":"Convocatoria abierta: Participa del Programa de Indagaci\u00f3n para Primeras Edades (PIPE) 2020 - Aysen","og_description":"La convocatoria est\u00e1 dirigida a educadoras\/es de nivel parvularia y educadoras\/es diferenciales, y se encontrar\u00e1 disponible hasta el 29 de junio. Para postular solo debes completar el formulario disponible al final de la nota.\u00a0","og_url":"https:\/\/dev.explora.cl\/aysen\/pipe2020\/","og_site_name":"Aysen","article_published_time":"2020-06-11T16:54:57+00:00","article_modified_time":"2023-07-28T15:28:30+00:00","og_image":[{"width":735,"height":470,"url":"https:\/\/dev.explora.cl\/aysen\/wp-content\/uploads\/sites\/18\/2020\/06\/pipebannerweb-explora.png","type":"image\/png"}],"author":"scisternas","twitter_card":"summary_large_image","twitter_misc":{"Escrito por":"scisternas","Tiempo estimado de lectura":"3 minutos"},"schema":{"@context":"https:\/\/schema.org","@graph":[{"@type":"Article","@id":"https:\/\/dev.explora.cl\/aysen\/pipe2020\/#article","isPartOf":{"@id":"https:\/\/dev.explora.cl\/aysen\/pipe2020\/"},"author":{"name":"scisternas","@id":"https:\/\/dev.explora.cl\/aysen\/#\/schema\/person\/81c802b1e3b443e2575e555b39e60a05"},"headline":"Convocatoria abierta: Participa del Programa de Indagaci\u00f3n para Primeras Edades (PIPE) 2020","datePublished":"2020-06-11T16:54:57+00:00","dateModified":"2023-07-28T15:28:30+00:00","mainEntityOfPage":{"@id":"https:\/\/dev.explora.cl\/aysen\/pipe2020\/"},"wordCount":594,"commentCount":0,"image":{"@id":"https:\/\/dev.explora.cl\/aysen\/pipe2020\/#primaryimage"},"thumbnailUrl":"https:\/\/dev.explora.cl\/aysen\/wp-content\/uploads\/sites\/18\/2020\/06\/pipebannerweb-explora.png","articleSection":["Noticias"],"inLanguage":"es-CL","potentialAction":[{"@type":"CommentAction","name":"Comment","target":["https:\/\/dev.explora.cl\/aysen\/pipe2020\/#respond"]}]},{"@type":"WebPage","@id":"https:\/\/dev.explora.cl\/aysen\/pipe2020\/","url":"https:\/\/dev.explora.cl\/aysen\/pipe2020\/","name":"Convocatoria abierta: Participa del Programa de Indagaci\u00f3n para Primeras Edades (PIPE) 2020 - Aysen","isPartOf":{"@id":"https:\/\/dev.explora.cl\/aysen\/#website"},"primaryImageOfPage":{"@id":"https:\/\/dev.explora.cl\/aysen\/pipe2020\/#primaryimage"},"image":{"@id":"https:\/\/dev.explora.cl\/aysen\/pipe2020\/#primaryimage"},"thumbnailUrl":"https:\/\/dev.explora.cl\/aysen\/wp-content\/uploads\/sites\/18\/2020\/06\/pipebannerweb-explora.png","datePublished":"2020-06-11T16:54:57+00:00","dateModified":"2023-07-28T15:28:30+00:00","author":{"@id":"https:\/\/dev.explora.cl\/aysen\/#\/schema\/person\/81c802b1e3b443e2575e555b39e60a05"},"breadcrumb":{"@id":"https:\/\/dev.explora.cl\/aysen\/pipe2020\/#breadcrumb"},"inLanguage":"es-CL","potentialAction":[{"@type":"ReadAction","target":["https:\/\/dev.explora.cl\/aysen\/pipe2020\/"]}]},{"@type":"ImageObject","inLanguage":"es-CL","@id":"https:\/\/dev.explora.cl\/aysen\/pipe2020\/#primaryimage","url":"https:\/\/dev.explora.cl\/aysen\/wp-content\/uploads\/sites\/18\/2020\/06\/pipebannerweb-explora.png","contentUrl":"https:\/\/dev.explora.cl\/aysen\/wp-content\/uploads\/sites\/18\/2020\/06\/pipebannerweb-explora.png","width":735,"height":470},{"@type":"BreadcrumbList","@id":"https:\/\/dev.explora.cl\/aysen\/pipe2020\/#breadcrumb","itemListElement":[{"@type":"ListItem","position":1,"name":"Portada","item":"https:\/\/dev.explora.cl\/aysen\/"},{"@type":"ListItem","position":2,"name":"Convocatoria abierta: Participa del Programa de Indagaci\u00f3n para Primeras Edades (PIPE) 2020"}]},{"@type":"WebSite","@id":"https:\/\/dev.explora.cl\/aysen\/#website","url":"https:\/\/dev.explora.cl\/aysen\/","name":"Aysen","description":"Otro sitio m\u00e1s de dev.explora.cl","potentialAction":[{"@type":"SearchAction","target":{"@type":"EntryPoint","urlTemplate":"https:\/\/dev.explora.cl\/aysen\/?s={search_term_string}"},"query-input":{"@type":"PropertyValueSpecification","valueRequired":true,"valueName":"search_term_string"}}],"inLanguage":"es-CL"},{"@type":"Person","@id":"https:\/\/dev.explora.cl\/aysen\/#\/schema\/person\/81c802b1e3b443e2575e555b39e60a05","name":"scisternas","image":{"@type":"ImageObject","inLanguage":"es-CL","@id":"https:\/\/dev.explora.cl\/aysen\/#\/schema\/person\/image\/","url":"https:\/\/secure.gravatar.com\/avatar\/611c8f1946b775bdf01b0521c85a9381c3ad08d928d8ead34ce577b0fa231c76?s=96&d=mm&r=g","contentUrl":"https:\/\/secure.gravatar.com\/avatar\/611c8f1946b775bdf01b0521c85a9381c3ad08d928d8ead34ce577b0fa231c76?s=96&d=mm&r=g","caption":"scisternas"},"url":"https:\/\/dev.explora.cl\/aysen\/author\/scisternas\/"}]}},"_links":{"self":[{"href":"https:\/\/dev.explora.cl\/aysen\/wp-json\/wp\/v2\/posts\/37698","targetHints":{"allow":["GET"]}}],"collection":[{"href":"https:\/\/dev.explora.cl\/aysen\/wp-json\/wp\/v2\/posts"}],"about":[{"href":"https:\/\/dev.explora.cl\/aysen\/wp-json\/wp\/v2\/types\/post"}],"author":[{"embeddable":true,"href":"https:\/\/dev.explora.cl\/aysen\/wp-json\/wp\/v2\/users\/37"}],"replies":[{"embeddable":true,"href":"https:\/\/dev.explora.cl\/aysen\/wp-json\/wp\/v2\/comments?post=37698"}],"version-history":[{"count":3,"href":"https:\/\/dev.explora.cl\/aysen\/wp-json\/wp\/v2\/posts\/37698\/revisions"}],"predecessor-version":[{"id":37704,"href":"https:\/\/dev.explora.cl\/aysen\/wp-json\/wp\/v2\/posts\/37698\/revisions\/37704"}],"wp:featuredmedia":[{"embeddable":true,"href":"https:\/\/dev.explora.cl\/aysen\/wp-json\/wp\/v2\/media\/37699"}],"wp:attachment":[{"href":"https:\/\/dev.explora.cl\/aysen\/wp-json\/wp\/v2\/media?parent=37698"}],"wp:term":[{"taxonomy":"category","embeddable":true,"href":"https:\/\/dev.explora.cl\/aysen\/wp-json\/wp\/v2\/categories?post=37698"},{"taxonomy":"post_tag","embeddable":true,"href":"https:\/\/dev.explora.cl\/aysen\/wp-json\/wp\/v2\/tags?post=37698"}],"curies":[{"name":"wp","href":"https:\/\/api.w.org\/{rel}","templated":true}]}}