{"id":37680,"date":"2020-05-09T10:27:00","date_gmt":"2020-05-09T14:27:00","guid":{"rendered":"https:\/\/dev.explora.cl\/aysen\/?p=37680"},"modified":"2023-07-28T11:25:19","modified_gmt":"2023-07-28T15:25:19","slug":"ciclo-de-charlas-virtuales-bajo-cero-revela-el-fondo-marino-de-la-antartica","status":"publish","type":"post","link":"https:\/\/dev.explora.cl\/aysen\/ciclo-de-charlas-virtuales-bajo-cero-revela-el-fondo-marino-de-la-antartica\/","title":{"rendered":"Ciclo de charlas virtuales \u201cBajo Cero\u201d revela el fondo marino de la Ant\u00e1rtica"},"content":{"rendered":"<p><span style=\"font-weight: 400\">Durante el 2020 el <\/span><b>Centro de Investigaci\u00f3n Din\u00e1mica de Ecosistemas Marinos de Altas Latitudes (<\/b><a href=\"http:\/\/www.centroideal.cl\"><span style=\"font-weight: 400\">IDEAL<\/span><\/a><b>)<\/b><span style=\"font-weight: 400\">\u00a0de la\u00a0<\/span><a href=\"http:\/\/www.uach.cl\/\"><span style=\"font-weight: 400\">Universidad Austral de Chile (UACh)<\/span><\/a><span style=\"font-weight: 400\">, ha organizado, en conjunto con el\u00a0<\/span><a href=\"http:\/\/www.inach.cl\/inach\/\"><span style=\"font-weight: 400\">Instituto Ant\u00e1rtico Chileno (INACH)<\/span><\/a><span style=\"font-weight: 400\">, los\u00a0<\/span><span style=\"font-weight: 400\">PARES Explora de las regiones de <\/span><a href=\"https:\/\/dev.explora.cl\/ohiggins\/\"><span style=\"font-weight: 400\">O\u00b4Higgins<\/span><\/a><span style=\"font-weight: 400\">, <\/span><a href=\"https:\/\/dev.explora.cl\/rios\/\"><span style=\"font-weight: 400\">Los R\u00edos<\/span><\/a><span style=\"font-weight: 400\">,\u00a0<\/span><a href=\"https:\/\/dev.explora.cl\/lagos\/\"><span style=\"font-weight: 400\">Los Lagos<\/span><\/a><span style=\"font-weight: 400\">\u00a0y\u00a0<\/span><a href=\"https:\/\/dev.explora.cl\/aysen\/\"><span style=\"font-weight: 400\">Ays\u00e9n<\/span><\/a><span style=\"font-weight: 400\">, y la\u00a0<\/span><a href=\"http:\/\/sitiosciencias.uach.cl\/\"><span style=\"font-weight: 400\">Facultad de Ciencias<\/span><\/a><span style=\"font-weight: 400\">\u00a0de la UACh, un ciclo de ocho charlas donde cient\u00edficos\/as presentar\u00e1n sus \u00faltimas investigaciones realizadas en el continente blanco.<\/span><\/p>\n<p><span style=\"font-weight: 400\">El pr\u00f3ximo mi\u00e9rcoles 13 de mayo, el bi\u00f3logo marino y buzo cient\u00edfico\u00a0<\/span><b>Ignacio Garrido<\/b><span style=\"font-weight: 400\"> nos transportar\u00e1, a trav\u00e9s de su c\u00e1mara fotogr\u00e1fica, al fr\u00edo fondo marino ant\u00e1rtico para demostrarnos que este ecosistema es un verdadero laboratorio natural. Garrido es estudiante de doctorado de la<\/span><span style=\"font-weight: 400\">\u00a0<\/span><a href=\"https:\/\/www.ulaval.ca\/es\"><span style=\"font-weight: 400\">Universidad Laval<\/span><\/a><span style=\"font-weight: 400\">\u00a0(Canad\u00e1) e investigador del\u00a0<\/span><a href=\"https:\/\/www.centroideal.cl\/\"><span style=\"font-weight: 400\">Centro IDEAL<\/span><\/a><span style=\"font-weight: 400\">.\u00a0<\/span><\/p>\n<p><span style=\"font-weight: 400\">Adem\u00e1s, durante mayo, el\u00a0<\/span><a href=\"https:\/\/www.centroideal.cl\/sistema-postdoc\/#hofer\"><span style=\"font-weight: 400\">Dr. Juan H\u00f6fer<\/span><\/a><span style=\"font-weight: 400\">\u00a0nos hablar\u00e1 del importante rol que juegan los glaciares en la Ant\u00e1rtica y en el clima global, y cu\u00e1les son los efectos de su derretimiento. La ocean\u00f3grafa\u00a0<\/span><a href=\"https:\/\/www.centroideal.cl\/plancton-2\/#pinones\"><span style=\"font-weight: 400\">Dra. Andrea Pi\u00f1ones<\/span><\/a><span style=\"font-weight: 400\">\u00a0y el <\/span><a href=\"https:\/\/ucsc.academia.edu\/LHuckstadt\/CurriculumVitae\"><span style=\"font-weight: 400\">Dr. Luis Huckstadt<\/span><\/a><span style=\"font-weight: 400\"> -desde Estados Unidos- nos contar\u00e1n la incre\u00edble experiencia de recoger datos del mar a trav\u00e9s de focas ant\u00e1rticas.<\/span><\/p>\n<p><span style=\"font-weight: 400\">En junio, el ec\u00f3logo marino,\u00a0<\/span><a href=\"https:\/\/www.centroideal.cl\/bentos_asociados\/#pardo\"><span style=\"font-weight: 400\">Dr. Luis Miguel Pardo<\/span><\/a><span style=\"font-weight: 400\">, explicar\u00e1 si estamos o no frente a una invasi\u00f3n de organismos marinos en la Ant\u00e1rtica. Desde Alemania, la estudiante de doctorado del<\/span><a href=\"https:\/\/www.awi.de\/en.html\"><span style=\"font-weight: 400\">\u00a0Instituto Alfred Wegener<\/span><\/a><span style=\"font-weight: 400\">\u00a0para Investigaciones Polares y Marinas (AWI), Mar\u00eda Jos\u00e9 D\u00edaz, nos relatar\u00e1 las buenas y malas noticias que trae el calentamiento global para los peque\u00f1os organismos que habitan en fondos arenosos. Luego, el director de INACH, <\/span><a href=\"http:\/\/www.inach.cl\/inach\/?page_id=6467\"><span style=\"font-weight: 400\">Dr. Marcelo Leppe<\/span><\/a><span style=\"font-weight: 400\"> nos hablar\u00e1 sobre el rol modelador que cumplen los oc\u00e9anos antiguos en el mundo, para finalizar con la importancia de proteger una Ant\u00e1rtica que est\u00e1 cambiando, de la mano del <\/span><a href=\"http:\/\/www.inach.cl\/inach\/?page_id=15144\"><span style=\"font-weight: 400\">Dr. C\u00e9sar C\u00e1rdenas<\/span><\/a><span style=\"font-weight: 400\">, tambi\u00e9n investigador de INACH.<\/span><\/p>\n<p><span style=\"font-weight: 400\">Las charlas est\u00e1n dirigidas a todo p\u00fablico y son gratuitas <\/span><a href=\"http:\/\/forms.centroideal.cl\/charlas_mayo_2020\/\"><b>previa inscripci\u00f3n aqu\u00ed<\/b><\/a><span style=\"font-weight: 400\">.<\/span><\/p>\n<p><b>Programa completo<\/b><\/p>\n<table style=\"height: 894px\" width=\"813\">\n<tbody>\n<tr>\n<td><span style=\"font-weight: 400\">06 mayo<\/span><\/td>\n<td><a href=\"https:\/\/www.centroideal.cl\/2020\/charla-6-de-mayo-en-la-antartica-el-arribo-anunciado-de-un-visitante-no-deseado\/\"><b>En la Ant\u00e1rtica: el arribo anunciado de un visitante no deseado<\/b><b><br \/>\n<\/b><\/a><span style=\"font-weight: 400\">Dr. Leyla C\u00e1rdenas y Paulina Bruning<\/span><span style=\"font-weight: 400\"><\/p>\n<p><\/span><\/td>\n<\/tr>\n<tr>\n<td><span style=\"font-weight: 400\">13 mayo<\/span><\/td>\n<td><a href=\"https:\/\/www.centroideal.cl\/2020\/13-de-mayo-antartica-bajo-cero-un-verdadero-laboratorio-natural-para-la-investigacion\/\"><b>Ant\u00e1rtica bajo cero: un verdadero laboratorio natural para la investigaci\u00f3n<\/b><b><br \/>\n<\/b><\/a><span style=\"font-weight: 400\">Ignacio Garrido<\/span><span style=\"font-weight: 400\"><\/p>\n<p><\/span><\/td>\n<\/tr>\n<tr>\n<td><span style=\"font-weight: 400\">20 mayo<\/span><\/td>\n<td><a href=\"https:\/\/www.centroideal.cl\/2020\/20-de-mayo-glaciares-algo-mas-que-agua-congelada-o-hielo-para-tu-bebida\/\"><b>Glaciares, algo m\u00e1s que agua congelada o hielo para tu bebida<\/b><\/a><\/p>\n<p><span style=\"font-weight: 400\">Dr. Juan H\u00f6fer<\/span><span style=\"font-weight: 400\"><\/p>\n<p><\/span><\/td>\n<\/tr>\n<tr>\n<td><span style=\"font-weight: 400\">27 mayo<\/span><\/td>\n<td><a href=\"https:\/\/www.centroideal.cl\/2020\/27-de-mayo-focas-antarticas-los-nuevos-oceanografos-del-oceano-austral\/\"><b>Focas ant\u00e1rticas: los nuevos ocean\u00f3grafos del oc\u00e9ano Austral<\/b><span style=\"font-weight: 400\"><br \/>\n<\/span><\/a><span style=\"font-weight: 400\">Dra. Andrea Pi\u00f1ones y Dr. Luis Huckstadt<\/span><span style=\"font-weight: 400\"><\/p>\n<p><\/span><\/td>\n<\/tr>\n<tr>\n<td><span style=\"font-weight: 400\">03 junio<\/span><\/td>\n<td><b>En la Ant\u00e1rtica: las especies ex\u00f3ticas llegaron ya, pero no bailando cha cha cha<\/b><\/p>\n<p><span style=\"font-weight: 400\">Dr. Luis Miguel Pardo<\/span><span style=\"font-weight: 400\"><\/p>\n<p><\/span><\/td>\n<\/tr>\n<tr>\n<td><span style=\"font-weight: 400\">10 junio<\/span><\/td>\n<td><b>Comunidades marinas: lo bueno y lo malo de una Ant\u00e1rtica derretida<\/b><span style=\"font-weight: 400\"><br \/>\n<\/span><span style=\"font-weight: 400\">Mar\u00eda Jos\u00e9 D\u00edaz<\/span><span style=\"font-weight: 400\"><\/p>\n<p><\/span><\/td>\n<\/tr>\n<tr>\n<td><span style=\"font-weight: 400\">17 junio<\/span><\/td>\n<td><b>Oc\u00e9anos antiguos: c\u00f3mo modelan el planeta<\/b> <span style=\"font-weight: 400\"><br \/>\n<\/span><span style=\"font-weight: 400\">Dr. Marcelo Leppe<\/span><span style=\"font-weight: 400\"><\/p>\n<p><\/span><\/td>\n<\/tr>\n<tr>\n<td><span style=\"font-weight: 400\">24 junio<\/span><\/td>\n<td><b>\u00c1reas marinas protegidas: la importancia de proteger una Ant\u00e1rtica que cambia<\/b><b><br \/>\n<\/b><span style=\"font-weight: 400\">Dr. C\u00e9sar C\u00e1rdenas<\/span><\/td>\n<\/tr>\n<\/tbody>\n<\/table>\n","protected":false},"excerpt":{"rendered":"<p>Gratuitas y dirigidas a todo p\u00fablico, todos los mi\u00e9rcoles de mayo y junio se presentar\u00e1 a las 19 horas de Chile (20 horas de Pta. Arenas), v\u00eda Zoom, una charla de un investigador\/a del Centro IDEAL y del INACH que abordar\u00e1 algunos de los principales temas estudiados en la Ant\u00e1rtica, el \u00fanico continente sin COVID-19.<\/p>\n","protected":false},"author":37,"featured_media":37681,"comment_status":"open","ping_status":"open","sticky":false,"template":"","format":"standard","meta":{"_acf_changed":false,"_exactmetrics_skip_tracking":false,"_exactmetrics_sitenote_active":false,"_exactmetrics_sitenote_note":"","_exactmetrics_sitenote_category":0,"footnotes":"","_links_to":"","_links_to_target":""},"categories":[4],"tags":[],"class_list":["post-37680","post","type-post","status-publish","format-standard","has-post-thumbnail","hentry","category-noticias"],"acf":[],"yoast_head":"<!-- This site is optimized with the Yoast SEO plugin v26.7 - https:\/\/yoast.com\/wordpress\/plugins\/seo\/ -->\n<title>Ciclo de charlas virtuales \u201cBajo Cero\u201d revela el fondo marino de la Ant\u00e1rtica - Aysen<\/title>\n<meta name=\"robots\" content=\"index, follow, max-snippet:-1, max-image-preview:large, max-video-preview:-1\" \/>\n<link rel=\"canonical\" href=\"https:\/\/dev.explora.cl\/aysen\/ciclo-de-charlas-virtuales-bajo-cero-revela-el-fondo-marino-de-la-antartica\/\" class=\"yoast-seo-meta-tag\" \/>\n<meta property=\"og:locale\" content=\"es_ES\" class=\"yoast-seo-meta-tag\" \/>\n<meta property=\"og:type\" content=\"article\" class=\"yoast-seo-meta-tag\" \/>\n<meta property=\"og:title\" content=\"Ciclo de charlas virtuales \u201cBajo Cero\u201d revela el fondo marino de la Ant\u00e1rtica - Aysen\" class=\"yoast-seo-meta-tag\" \/>\n<meta property=\"og:description\" content=\"Gratuitas y dirigidas a todo p\u00fablico, todos los mi\u00e9rcoles de mayo y junio se presentar\u00e1 a las 19 horas de Chile (20 horas de Pta. Arenas), v\u00eda Zoom, una charla de un investigador\/a del Centro IDEAL y del INACH que abordar\u00e1 algunos de los principales temas estudiados en la Ant\u00e1rtica, el \u00fanico continente sin COVID-19.\" class=\"yoast-seo-meta-tag\" \/>\n<meta property=\"og:url\" content=\"https:\/\/dev.explora.cl\/aysen\/ciclo-de-charlas-virtuales-bajo-cero-revela-el-fondo-marino-de-la-antartica\/\" class=\"yoast-seo-meta-tag\" \/>\n<meta property=\"og:site_name\" content=\"Aysen\" class=\"yoast-seo-meta-tag\" \/>\n<meta property=\"article:published_time\" content=\"2020-05-09T14:27:00+00:00\" class=\"yoast-seo-meta-tag\" \/>\n<meta property=\"article:modified_time\" content=\"2023-07-28T15:25:19+00:00\" class=\"yoast-seo-meta-tag\" \/>\n<meta property=\"og:image\" content=\"https:\/\/dev.explora.cl\/aysen\/wp-content\/uploads\/sites\/18\/2020\/05\/Fotograf\u00eda-de-Ricardo-Giesecke.jpeg\" class=\"yoast-seo-meta-tag\" \/>\n\t<meta property=\"og:image:width\" content=\"1280\" class=\"yoast-seo-meta-tag\" \/>\n\t<meta property=\"og:image:height\" content=\"853\" class=\"yoast-seo-meta-tag\" \/>\n\t<meta property=\"og:image:type\" content=\"image\/jpeg\" class=\"yoast-seo-meta-tag\" \/>\n<meta name=\"author\" content=\"scisternas\" class=\"yoast-seo-meta-tag\" \/>\n<meta name=\"twitter:card\" content=\"summary_large_image\" class=\"yoast-seo-meta-tag\" \/>\n<meta name=\"twitter:label1\" content=\"Escrito por\" class=\"yoast-seo-meta-tag\" \/>\n\t<meta name=\"twitter:data1\" content=\"scisternas\" class=\"yoast-seo-meta-tag\" \/>\n\t<meta name=\"twitter:label2\" content=\"Tiempo estimado de lectura\" class=\"yoast-seo-meta-tag\" \/>\n\t<meta name=\"twitter:data2\" content=\"2 minutos\" class=\"yoast-seo-meta-tag\" \/>\n<script type=\"application\/ld+json\" class=\"yoast-schema-graph\">{\"@context\":\"https:\/\/schema.org\",\"@graph\":[{\"@type\":\"Article\",\"@id\":\"https:\/\/dev.explora.cl\/aysen\/ciclo-de-charlas-virtuales-bajo-cero-revela-el-fondo-marino-de-la-antartica\/#article\",\"isPartOf\":{\"@id\":\"https:\/\/dev.explora.cl\/aysen\/ciclo-de-charlas-virtuales-bajo-cero-revela-el-fondo-marino-de-la-antartica\/\"},\"author\":{\"name\":\"scisternas\",\"@id\":\"https:\/\/dev.explora.cl\/aysen\/#\/schema\/person\/81c802b1e3b443e2575e555b39e60a05\"},\"headline\":\"Ciclo de charlas virtuales \u201cBajo Cero\u201d revela el fondo marino de la Ant\u00e1rtica\",\"datePublished\":\"2020-05-09T14:27:00+00:00\",\"dateModified\":\"2023-07-28T15:25:19+00:00\",\"mainEntityOfPage\":{\"@id\":\"https:\/\/dev.explora.cl\/aysen\/ciclo-de-charlas-virtuales-bajo-cero-revela-el-fondo-marino-de-la-antartica\/\"},\"wordCount\":501,\"commentCount\":0,\"image\":{\"@id\":\"https:\/\/dev.explora.cl\/aysen\/ciclo-de-charlas-virtuales-bajo-cero-revela-el-fondo-marino-de-la-antartica\/#primaryimage\"},\"thumbnailUrl\":\"https:\/\/dev.explora.cl\/aysen\/wp-content\/uploads\/sites\/18\/2020\/05\/Fotograf\u00eda-de-Ricardo-Giesecke.jpeg\",\"articleSection\":[\"Noticias\"],\"inLanguage\":\"es-CL\",\"potentialAction\":[{\"@type\":\"CommentAction\",\"name\":\"Comment\",\"target\":[\"https:\/\/dev.explora.cl\/aysen\/ciclo-de-charlas-virtuales-bajo-cero-revela-el-fondo-marino-de-la-antartica\/#respond\"]}]},{\"@type\":\"WebPage\",\"@id\":\"https:\/\/dev.explora.cl\/aysen\/ciclo-de-charlas-virtuales-bajo-cero-revela-el-fondo-marino-de-la-antartica\/\",\"url\":\"https:\/\/dev.explora.cl\/aysen\/ciclo-de-charlas-virtuales-bajo-cero-revela-el-fondo-marino-de-la-antartica\/\",\"name\":\"Ciclo de charlas virtuales \u201cBajo Cero\u201d revela el fondo marino de la Ant\u00e1rtica - Aysen\",\"isPartOf\":{\"@id\":\"https:\/\/dev.explora.cl\/aysen\/#website\"},\"primaryImageOfPage\":{\"@id\":\"https:\/\/dev.explora.cl\/aysen\/ciclo-de-charlas-virtuales-bajo-cero-revela-el-fondo-marino-de-la-antartica\/#primaryimage\"},\"image\":{\"@id\":\"https:\/\/dev.explora.cl\/aysen\/ciclo-de-charlas-virtuales-bajo-cero-revela-el-fondo-marino-de-la-antartica\/#primaryimage\"},\"thumbnailUrl\":\"https:\/\/dev.explora.cl\/aysen\/wp-content\/uploads\/sites\/18\/2020\/05\/Fotograf\u00eda-de-Ricardo-Giesecke.jpeg\",\"datePublished\":\"2020-05-09T14:27:00+00:00\",\"dateModified\":\"2023-07-28T15:25:19+00:00\",\"author\":{\"@id\":\"https:\/\/dev.explora.cl\/aysen\/#\/schema\/person\/81c802b1e3b443e2575e555b39e60a05\"},\"breadcrumb\":{\"@id\":\"https:\/\/dev.explora.cl\/aysen\/ciclo-de-charlas-virtuales-bajo-cero-revela-el-fondo-marino-de-la-antartica\/#breadcrumb\"},\"inLanguage\":\"es-CL\",\"potentialAction\":[{\"@type\":\"ReadAction\",\"target\":[\"https:\/\/dev.explora.cl\/aysen\/ciclo-de-charlas-virtuales-bajo-cero-revela-el-fondo-marino-de-la-antartica\/\"]}]},{\"@type\":\"ImageObject\",\"inLanguage\":\"es-CL\",\"@id\":\"https:\/\/dev.explora.cl\/aysen\/ciclo-de-charlas-virtuales-bajo-cero-revela-el-fondo-marino-de-la-antartica\/#primaryimage\",\"url\":\"https:\/\/dev.explora.cl\/aysen\/wp-content\/uploads\/sites\/18\/2020\/05\/Fotograf\u00eda-de-Ricardo-Giesecke.jpeg\",\"contentUrl\":\"https:\/\/dev.explora.cl\/aysen\/wp-content\/uploads\/sites\/18\/2020\/05\/Fotograf\u00eda-de-Ricardo-Giesecke.jpeg\",\"width\":1280,\"height\":853},{\"@type\":\"BreadcrumbList\",\"@id\":\"https:\/\/dev.explora.cl\/aysen\/ciclo-de-charlas-virtuales-bajo-cero-revela-el-fondo-marino-de-la-antartica\/#breadcrumb\",\"itemListElement\":[{\"@type\":\"ListItem\",\"position\":1,\"name\":\"Portada\",\"item\":\"https:\/\/dev.explora.cl\/aysen\/\"},{\"@type\":\"ListItem\",\"position\":2,\"name\":\"Ciclo de charlas virtuales \u201cBajo Cero\u201d revela el fondo marino de la Ant\u00e1rtica\"}]},{\"@type\":\"WebSite\",\"@id\":\"https:\/\/dev.explora.cl\/aysen\/#website\",\"url\":\"https:\/\/dev.explora.cl\/aysen\/\",\"name\":\"Aysen\",\"description\":\"Otro sitio m\u00e1s de dev.explora.cl\",\"potentialAction\":[{\"@type\":\"SearchAction\",\"target\":{\"@type\":\"EntryPoint\",\"urlTemplate\":\"https:\/\/dev.explora.cl\/aysen\/?s={search_term_string}\"},\"query-input\":{\"@type\":\"PropertyValueSpecification\",\"valueRequired\":true,\"valueName\":\"search_term_string\"}}],\"inLanguage\":\"es-CL\"},{\"@type\":\"Person\",\"@id\":\"https:\/\/dev.explora.cl\/aysen\/#\/schema\/person\/81c802b1e3b443e2575e555b39e60a05\",\"name\":\"scisternas\",\"image\":{\"@type\":\"ImageObject\",\"inLanguage\":\"es-CL\",\"@id\":\"https:\/\/dev.explora.cl\/aysen\/#\/schema\/person\/image\/\",\"url\":\"https:\/\/secure.gravatar.com\/avatar\/611c8f1946b775bdf01b0521c85a9381c3ad08d928d8ead34ce577b0fa231c76?s=96&d=mm&r=g\",\"contentUrl\":\"https:\/\/secure.gravatar.com\/avatar\/611c8f1946b775bdf01b0521c85a9381c3ad08d928d8ead34ce577b0fa231c76?s=96&d=mm&r=g\",\"caption\":\"scisternas\"},\"url\":\"https:\/\/dev.explora.cl\/aysen\/author\/scisternas\/\"}]}<\/script>\n<!-- \/ Yoast SEO plugin. -->","yoast_head_json":{"title":"Ciclo de charlas virtuales \u201cBajo Cero\u201d revela el fondo marino de la Ant\u00e1rtica - Aysen","robots":{"index":"index","follow":"follow","max-snippet":"max-snippet:-1","max-image-preview":"max-image-preview:large","max-video-preview":"max-video-preview:-1"},"canonical":"https:\/\/dev.explora.cl\/aysen\/ciclo-de-charlas-virtuales-bajo-cero-revela-el-fondo-marino-de-la-antartica\/","og_locale":"es_ES","og_type":"article","og_title":"Ciclo de charlas virtuales \u201cBajo Cero\u201d revela el fondo marino de la Ant\u00e1rtica - Aysen","og_description":"Gratuitas y dirigidas a todo p\u00fablico, todos los mi\u00e9rcoles de mayo y junio se presentar\u00e1 a las 19 horas de Chile (20 horas de Pta. Arenas), v\u00eda Zoom, una charla de un investigador\/a del Centro IDEAL y del INACH que abordar\u00e1 algunos de los principales temas estudiados en la Ant\u00e1rtica, el \u00fanico continente sin COVID-19.","og_url":"https:\/\/dev.explora.cl\/aysen\/ciclo-de-charlas-virtuales-bajo-cero-revela-el-fondo-marino-de-la-antartica\/","og_site_name":"Aysen","article_published_time":"2020-05-09T14:27:00+00:00","article_modified_time":"2023-07-28T15:25:19+00:00","og_image":[{"width":1280,"height":853,"url":"https:\/\/dev.explora.cl\/aysen\/wp-content\/uploads\/sites\/18\/2020\/05\/Fotograf\u00eda-de-Ricardo-Giesecke.jpeg","type":"image\/jpeg"}],"author":"scisternas","twitter_card":"summary_large_image","twitter_misc":{"Escrito por":"scisternas","Tiempo estimado de lectura":"2 minutos"},"schema":{"@context":"https:\/\/schema.org","@graph":[{"@type":"Article","@id":"https:\/\/dev.explora.cl\/aysen\/ciclo-de-charlas-virtuales-bajo-cero-revela-el-fondo-marino-de-la-antartica\/#article","isPartOf":{"@id":"https:\/\/dev.explora.cl\/aysen\/ciclo-de-charlas-virtuales-bajo-cero-revela-el-fondo-marino-de-la-antartica\/"},"author":{"name":"scisternas","@id":"https:\/\/dev.explora.cl\/aysen\/#\/schema\/person\/81c802b1e3b443e2575e555b39e60a05"},"headline":"Ciclo de charlas virtuales \u201cBajo Cero\u201d revela el fondo marino de la Ant\u00e1rtica","datePublished":"2020-05-09T14:27:00+00:00","dateModified":"2023-07-28T15:25:19+00:00","mainEntityOfPage":{"@id":"https:\/\/dev.explora.cl\/aysen\/ciclo-de-charlas-virtuales-bajo-cero-revela-el-fondo-marino-de-la-antartica\/"},"wordCount":501,"commentCount":0,"image":{"@id":"https:\/\/dev.explora.cl\/aysen\/ciclo-de-charlas-virtuales-bajo-cero-revela-el-fondo-marino-de-la-antartica\/#primaryimage"},"thumbnailUrl":"https:\/\/dev.explora.cl\/aysen\/wp-content\/uploads\/sites\/18\/2020\/05\/Fotograf\u00eda-de-Ricardo-Giesecke.jpeg","articleSection":["Noticias"],"inLanguage":"es-CL","potentialAction":[{"@type":"CommentAction","name":"Comment","target":["https:\/\/dev.explora.cl\/aysen\/ciclo-de-charlas-virtuales-bajo-cero-revela-el-fondo-marino-de-la-antartica\/#respond"]}]},{"@type":"WebPage","@id":"https:\/\/dev.explora.cl\/aysen\/ciclo-de-charlas-virtuales-bajo-cero-revela-el-fondo-marino-de-la-antartica\/","url":"https:\/\/dev.explora.cl\/aysen\/ciclo-de-charlas-virtuales-bajo-cero-revela-el-fondo-marino-de-la-antartica\/","name":"Ciclo de charlas virtuales \u201cBajo Cero\u201d revela el fondo marino de la Ant\u00e1rtica - Aysen","isPartOf":{"@id":"https:\/\/dev.explora.cl\/aysen\/#website"},"primaryImageOfPage":{"@id":"https:\/\/dev.explora.cl\/aysen\/ciclo-de-charlas-virtuales-bajo-cero-revela-el-fondo-marino-de-la-antartica\/#primaryimage"},"image":{"@id":"https:\/\/dev.explora.cl\/aysen\/ciclo-de-charlas-virtuales-bajo-cero-revela-el-fondo-marino-de-la-antartica\/#primaryimage"},"thumbnailUrl":"https:\/\/dev.explora.cl\/aysen\/wp-content\/uploads\/sites\/18\/2020\/05\/Fotograf\u00eda-de-Ricardo-Giesecke.jpeg","datePublished":"2020-05-09T14:27:00+00:00","dateModified":"2023-07-28T15:25:19+00:00","author":{"@id":"https:\/\/dev.explora.cl\/aysen\/#\/schema\/person\/81c802b1e3b443e2575e555b39e60a05"},"breadcrumb":{"@id":"https:\/\/dev.explora.cl\/aysen\/ciclo-de-charlas-virtuales-bajo-cero-revela-el-fondo-marino-de-la-antartica\/#breadcrumb"},"inLanguage":"es-CL","potentialAction":[{"@type":"ReadAction","target":["https:\/\/dev.explora.cl\/aysen\/ciclo-de-charlas-virtuales-bajo-cero-revela-el-fondo-marino-de-la-antartica\/"]}]},{"@type":"ImageObject","inLanguage":"es-CL","@id":"https:\/\/dev.explora.cl\/aysen\/ciclo-de-charlas-virtuales-bajo-cero-revela-el-fondo-marino-de-la-antartica\/#primaryimage","url":"https:\/\/dev.explora.cl\/aysen\/wp-content\/uploads\/sites\/18\/2020\/05\/Fotograf\u00eda-de-Ricardo-Giesecke.jpeg","contentUrl":"https:\/\/dev.explora.cl\/aysen\/wp-content\/uploads\/sites\/18\/2020\/05\/Fotograf\u00eda-de-Ricardo-Giesecke.jpeg","width":1280,"height":853},{"@type":"BreadcrumbList","@id":"https:\/\/dev.explora.cl\/aysen\/ciclo-de-charlas-virtuales-bajo-cero-revela-el-fondo-marino-de-la-antartica\/#breadcrumb","itemListElement":[{"@type":"ListItem","position":1,"name":"Portada","item":"https:\/\/dev.explora.cl\/aysen\/"},{"@type":"ListItem","position":2,"name":"Ciclo de charlas virtuales \u201cBajo Cero\u201d revela el fondo marino de la Ant\u00e1rtica"}]},{"@type":"WebSite","@id":"https:\/\/dev.explora.cl\/aysen\/#website","url":"https:\/\/dev.explora.cl\/aysen\/","name":"Aysen","description":"Otro sitio m\u00e1s de dev.explora.cl","potentialAction":[{"@type":"SearchAction","target":{"@type":"EntryPoint","urlTemplate":"https:\/\/dev.explora.cl\/aysen\/?s={search_term_string}"},"query-input":{"@type":"PropertyValueSpecification","valueRequired":true,"valueName":"search_term_string"}}],"inLanguage":"es-CL"},{"@type":"Person","@id":"https:\/\/dev.explora.cl\/aysen\/#\/schema\/person\/81c802b1e3b443e2575e555b39e60a05","name":"scisternas","image":{"@type":"ImageObject","inLanguage":"es-CL","@id":"https:\/\/dev.explora.cl\/aysen\/#\/schema\/person\/image\/","url":"https:\/\/secure.gravatar.com\/avatar\/611c8f1946b775bdf01b0521c85a9381c3ad08d928d8ead34ce577b0fa231c76?s=96&d=mm&r=g","contentUrl":"https:\/\/secure.gravatar.com\/avatar\/611c8f1946b775bdf01b0521c85a9381c3ad08d928d8ead34ce577b0fa231c76?s=96&d=mm&r=g","caption":"scisternas"},"url":"https:\/\/dev.explora.cl\/aysen\/author\/scisternas\/"}]}},"_links":{"self":[{"href":"https:\/\/dev.explora.cl\/aysen\/wp-json\/wp\/v2\/posts\/37680","targetHints":{"allow":["GET"]}}],"collection":[{"href":"https:\/\/dev.explora.cl\/aysen\/wp-json\/wp\/v2\/posts"}],"about":[{"href":"https:\/\/dev.explora.cl\/aysen\/wp-json\/wp\/v2\/types\/post"}],"author":[{"embeddable":true,"href":"https:\/\/dev.explora.cl\/aysen\/wp-json\/wp\/v2\/users\/37"}],"replies":[{"embeddable":true,"href":"https:\/\/dev.explora.cl\/aysen\/wp-json\/wp\/v2\/comments?post=37680"}],"version-history":[{"count":2,"href":"https:\/\/dev.explora.cl\/aysen\/wp-json\/wp\/v2\/posts\/37680\/revisions"}],"predecessor-version":[{"id":37683,"href":"https:\/\/dev.explora.cl\/aysen\/wp-json\/wp\/v2\/posts\/37680\/revisions\/37683"}],"wp:featuredmedia":[{"embeddable":true,"href":"https:\/\/dev.explora.cl\/aysen\/wp-json\/wp\/v2\/media\/37681"}],"wp:attachment":[{"href":"https:\/\/dev.explora.cl\/aysen\/wp-json\/wp\/v2\/media?parent=37680"}],"wp:term":[{"taxonomy":"category","embeddable":true,"href":"https:\/\/dev.explora.cl\/aysen\/wp-json\/wp\/v2\/categories?post=37680"},{"taxonomy":"post_tag","embeddable":true,"href":"https:\/\/dev.explora.cl\/aysen\/wp-json\/wp\/v2\/tags?post=37680"}],"curies":[{"name":"wp","href":"https:\/\/api.w.org\/{rel}","templated":true}]}}