{"id":37598,"date":"2019-10-09T00:56:01","date_gmt":"2019-10-09T03:56:01","guid":{"rendered":"https:\/\/dev.explora.cl\/aysen\/?p=37598"},"modified":"2023-07-28T11:44:12","modified_gmt":"2023-07-28T15:44:12","slug":"inscribete-para-visitar-los-estands-del-congreso-regional-escolar-de-las-ciencias-y-la-tecnologia","status":"publish","type":"post","link":"https:\/\/dev.explora.cl\/aysen\/inscribete-para-visitar-los-estands-del-congreso-regional-escolar-de-las-ciencias-y-la-tecnologia\/","title":{"rendered":"Inscr\u00edbete para visitar los estands del Congreso Regional Escolar de las Ciencias y la Tecnolog\u00eda"},"content":{"rendered":"<p>Ya est\u00e1n abiertas las inscripciones para que docentes y estudiantes visiten los estands de la versi\u00f3n 2019 del Congreso Regional Escolar de las Ciencias y la Tecnolog\u00eda, organizado por el PAR Explora Ays\u00e9n del Campus Patagonia UACh.<\/p>\n<ul>\n<li><a href=\"https:\/\/docs.google.com\/forms\/d\/e\/1FAIpQLSfSVu0aIpIc2GIQXVN1WJ2uB_dyZ6OGCO1gSjHkhj8JP_OLaw\/viewform\">Formulario de inscripci\u00f3n<\/a><\/li>\n<\/ul>\n<p>Entre el 14, 15 y el 16 de octubre, el evento reunir\u00e1 en el Centro Cultural Coyhaique a una veintena de equipos de investigaci\u00f3n escolar de educaci\u00f3n b\u00e1sica y media de la Regi\u00f3n de Ays\u00e9n, quienes compartir\u00e1n con la comunidad el resultado de los proyectos de investigaci\u00f3n realizados durante el a\u00f1o, con el apoyo de sus profesoras\/es y cient\u00edficas\/os.<\/p>\n<p>Docentes y estudiantes podr\u00e1n visitar la feria cient\u00edfica escolar m\u00e1s importante de Ays\u00e9n en diferentes d\u00edas y horarios. Para el martes 14 de octubre, el bloque de visitas ir\u00e1 entre las 10:00h y las 13:00h, mientras que el mi\u00e9rcoles 15 de octubre las delegaciones podr\u00e1n visitar los estands entre las 10:00h y las 16:30h, con receso por almuerzo entre las 13:00h y las 14:30h.<\/p>\n<p>Cabe destacar que la apertura contar\u00e1 con la participaci\u00f3n del Dr. Juan Carlos Castilla, doctor en Biolog\u00eda Marina y Premio Nacional de Ciencias Aplicadas y Tecnol\u00f3gicas de Chile (2010), quien presentar\u00e1 la charla inaugural titulada &#8220;Cambio clim\u00e1tico: pintando el CO2&#8221;. La actividad tambi\u00e9n recibe inscripciones.<\/p>\n<p>El Congreso Regional Escolar de las Ciencias y la Tecnolog\u00eda se desarrolla en paralelo a la Expo Forjadores Ambientales, organizada por la Seremi del Medio Ambiente, que presentar\u00e1 trabajos escolares de educaci\u00f3n ambiental.<\/p>\n","protected":false},"excerpt":{"rendered":"<p>Ya est\u00e1n abiertas las inscripciones para que docentes y estudiantes visiten los estands de la versi\u00f3n 2019 del Congreso Regional Escolar de las Ciencias y la Tecnolog\u00eda, organizado por el PAR Explora Ays\u00e9n del Campus Patagonia UACh. Formulario de inscripci\u00f3n Entre el 14, 15 y el 16 de octubre, el evento reunir\u00e1 en el Centro [&hellip;]<\/p>\n","protected":false},"author":37,"featured_media":37600,"comment_status":"open","ping_status":"open","sticky":false,"template":"","format":"standard","meta":{"_acf_changed":false,"_exactmetrics_skip_tracking":false,"_exactmetrics_sitenote_active":false,"_exactmetrics_sitenote_note":"","_exactmetrics_sitenote_category":0,"footnotes":"","_links_to":"","_links_to_target":""},"categories":[4],"tags":[],"class_list":["post-37598","post","type-post","status-publish","format-standard","has-post-thumbnail","hentry","category-noticias"],"acf":[],"yoast_head":"<!-- This site is optimized with the Yoast SEO plugin v26.7 - https:\/\/yoast.com\/wordpress\/plugins\/seo\/ -->\n<title>Inscr\u00edbete para visitar los estands del Congreso Regional Escolar de las Ciencias y la Tecnolog\u00eda - Aysen<\/title>\n<meta name=\"robots\" content=\"index, follow, max-snippet:-1, max-image-preview:large, max-video-preview:-1\" \/>\n<link rel=\"canonical\" href=\"https:\/\/dev.explora.cl\/aysen\/inscribete-para-visitar-los-estands-del-congreso-regional-escolar-de-las-ciencias-y-la-tecnologia\/\" class=\"yoast-seo-meta-tag\" \/>\n<meta property=\"og:locale\" content=\"es_ES\" class=\"yoast-seo-meta-tag\" \/>\n<meta property=\"og:type\" content=\"article\" class=\"yoast-seo-meta-tag\" \/>\n<meta property=\"og:title\" content=\"Inscr\u00edbete para visitar los estands del Congreso Regional Escolar de las Ciencias y la Tecnolog\u00eda - Aysen\" class=\"yoast-seo-meta-tag\" \/>\n<meta property=\"og:description\" content=\"Ya est\u00e1n abiertas las inscripciones para que docentes y estudiantes visiten los estands de la versi\u00f3n 2019 del Congreso Regional Escolar de las Ciencias y la Tecnolog\u00eda, organizado por el PAR Explora Ays\u00e9n del Campus Patagonia UACh. Formulario de inscripci\u00f3n Entre el 14, 15 y el 16 de octubre, el evento reunir\u00e1 en el Centro [&hellip;]\" class=\"yoast-seo-meta-tag\" \/>\n<meta property=\"og:url\" content=\"https:\/\/dev.explora.cl\/aysen\/inscribete-para-visitar-los-estands-del-congreso-regional-escolar-de-las-ciencias-y-la-tecnologia\/\" class=\"yoast-seo-meta-tag\" \/>\n<meta property=\"og:site_name\" content=\"Aysen\" class=\"yoast-seo-meta-tag\" \/>\n<meta property=\"article:published_time\" content=\"2019-10-09T03:56:01+00:00\" class=\"yoast-seo-meta-tag\" \/>\n<meta property=\"article:modified_time\" content=\"2023-07-28T15:44:12+00:00\" class=\"yoast-seo-meta-tag\" \/>\n<meta property=\"og:image\" content=\"https:\/\/dev.explora.cl\/aysen\/wp-content\/uploads\/sites\/18\/2019\/10\/banner-formulario-inscripcion.jpg\" class=\"yoast-seo-meta-tag\" \/>\n\t<meta property=\"og:image:width\" content=\"892\" class=\"yoast-seo-meta-tag\" \/>\n\t<meta property=\"og:image:height\" content=\"438\" class=\"yoast-seo-meta-tag\" \/>\n\t<meta property=\"og:image:type\" content=\"image\/jpeg\" class=\"yoast-seo-meta-tag\" \/>\n<meta name=\"author\" content=\"scisternas\" class=\"yoast-seo-meta-tag\" \/>\n<meta name=\"twitter:card\" content=\"summary_large_image\" class=\"yoast-seo-meta-tag\" \/>\n<meta name=\"twitter:label1\" content=\"Escrito por\" class=\"yoast-seo-meta-tag\" \/>\n\t<meta name=\"twitter:data1\" content=\"scisternas\" class=\"yoast-seo-meta-tag\" \/>\n\t<meta name=\"twitter:label2\" content=\"Tiempo estimado de lectura\" class=\"yoast-seo-meta-tag\" \/>\n\t<meta name=\"twitter:data2\" content=\"1 minuto\" class=\"yoast-seo-meta-tag\" \/>\n<script type=\"application\/ld+json\" class=\"yoast-schema-graph\">{\"@context\":\"https:\/\/schema.org\",\"@graph\":[{\"@type\":\"Article\",\"@id\":\"https:\/\/dev.explora.cl\/aysen\/inscribete-para-visitar-los-estands-del-congreso-regional-escolar-de-las-ciencias-y-la-tecnologia\/#article\",\"isPartOf\":{\"@id\":\"https:\/\/dev.explora.cl\/aysen\/inscribete-para-visitar-los-estands-del-congreso-regional-escolar-de-las-ciencias-y-la-tecnologia\/\"},\"author\":{\"name\":\"scisternas\",\"@id\":\"https:\/\/dev.explora.cl\/aysen\/#\/schema\/person\/81c802b1e3b443e2575e555b39e60a05\"},\"headline\":\"Inscr\u00edbete para visitar los estands del Congreso Regional Escolar de las Ciencias y la Tecnolog\u00eda\",\"datePublished\":\"2019-10-09T03:56:01+00:00\",\"dateModified\":\"2023-07-28T15:44:12+00:00\",\"mainEntityOfPage\":{\"@id\":\"https:\/\/dev.explora.cl\/aysen\/inscribete-para-visitar-los-estands-del-congreso-regional-escolar-de-las-ciencias-y-la-tecnologia\/\"},\"wordCount\":281,\"commentCount\":0,\"image\":{\"@id\":\"https:\/\/dev.explora.cl\/aysen\/inscribete-para-visitar-los-estands-del-congreso-regional-escolar-de-las-ciencias-y-la-tecnologia\/#primaryimage\"},\"thumbnailUrl\":\"https:\/\/dev.explora.cl\/aysen\/wp-content\/uploads\/sites\/18\/2019\/10\/banner-formulario-inscripcion.jpg\",\"articleSection\":[\"Noticias\"],\"inLanguage\":\"es-CL\",\"potentialAction\":[{\"@type\":\"CommentAction\",\"name\":\"Comment\",\"target\":[\"https:\/\/dev.explora.cl\/aysen\/inscribete-para-visitar-los-estands-del-congreso-regional-escolar-de-las-ciencias-y-la-tecnologia\/#respond\"]}]},{\"@type\":\"WebPage\",\"@id\":\"https:\/\/dev.explora.cl\/aysen\/inscribete-para-visitar-los-estands-del-congreso-regional-escolar-de-las-ciencias-y-la-tecnologia\/\",\"url\":\"https:\/\/dev.explora.cl\/aysen\/inscribete-para-visitar-los-estands-del-congreso-regional-escolar-de-las-ciencias-y-la-tecnologia\/\",\"name\":\"Inscr\u00edbete para visitar los estands del Congreso Regional Escolar de las Ciencias y la Tecnolog\u00eda - Aysen\",\"isPartOf\":{\"@id\":\"https:\/\/dev.explora.cl\/aysen\/#website\"},\"primaryImageOfPage\":{\"@id\":\"https:\/\/dev.explora.cl\/aysen\/inscribete-para-visitar-los-estands-del-congreso-regional-escolar-de-las-ciencias-y-la-tecnologia\/#primaryimage\"},\"image\":{\"@id\":\"https:\/\/dev.explora.cl\/aysen\/inscribete-para-visitar-los-estands-del-congreso-regional-escolar-de-las-ciencias-y-la-tecnologia\/#primaryimage\"},\"thumbnailUrl\":\"https:\/\/dev.explora.cl\/aysen\/wp-content\/uploads\/sites\/18\/2019\/10\/banner-formulario-inscripcion.jpg\",\"datePublished\":\"2019-10-09T03:56:01+00:00\",\"dateModified\":\"2023-07-28T15:44:12+00:00\",\"author\":{\"@id\":\"https:\/\/dev.explora.cl\/aysen\/#\/schema\/person\/81c802b1e3b443e2575e555b39e60a05\"},\"breadcrumb\":{\"@id\":\"https:\/\/dev.explora.cl\/aysen\/inscribete-para-visitar-los-estands-del-congreso-regional-escolar-de-las-ciencias-y-la-tecnologia\/#breadcrumb\"},\"inLanguage\":\"es-CL\",\"potentialAction\":[{\"@type\":\"ReadAction\",\"target\":[\"https:\/\/dev.explora.cl\/aysen\/inscribete-para-visitar-los-estands-del-congreso-regional-escolar-de-las-ciencias-y-la-tecnologia\/\"]}]},{\"@type\":\"ImageObject\",\"inLanguage\":\"es-CL\",\"@id\":\"https:\/\/dev.explora.cl\/aysen\/inscribete-para-visitar-los-estands-del-congreso-regional-escolar-de-las-ciencias-y-la-tecnologia\/#primaryimage\",\"url\":\"https:\/\/dev.explora.cl\/aysen\/wp-content\/uploads\/sites\/18\/2019\/10\/banner-formulario-inscripcion.jpg\",\"contentUrl\":\"https:\/\/dev.explora.cl\/aysen\/wp-content\/uploads\/sites\/18\/2019\/10\/banner-formulario-inscripcion.jpg\",\"width\":892,\"height\":438},{\"@type\":\"BreadcrumbList\",\"@id\":\"https:\/\/dev.explora.cl\/aysen\/inscribete-para-visitar-los-estands-del-congreso-regional-escolar-de-las-ciencias-y-la-tecnologia\/#breadcrumb\",\"itemListElement\":[{\"@type\":\"ListItem\",\"position\":1,\"name\":\"Portada\",\"item\":\"https:\/\/dev.explora.cl\/aysen\/\"},{\"@type\":\"ListItem\",\"position\":2,\"name\":\"Inscr\u00edbete para visitar los estands del Congreso Regional Escolar de las Ciencias y la Tecnolog\u00eda\"}]},{\"@type\":\"WebSite\",\"@id\":\"https:\/\/dev.explora.cl\/aysen\/#website\",\"url\":\"https:\/\/dev.explora.cl\/aysen\/\",\"name\":\"Aysen\",\"description\":\"Otro sitio m\u00e1s de dev.explora.cl\",\"potentialAction\":[{\"@type\":\"SearchAction\",\"target\":{\"@type\":\"EntryPoint\",\"urlTemplate\":\"https:\/\/dev.explora.cl\/aysen\/?s={search_term_string}\"},\"query-input\":{\"@type\":\"PropertyValueSpecification\",\"valueRequired\":true,\"valueName\":\"search_term_string\"}}],\"inLanguage\":\"es-CL\"},{\"@type\":\"Person\",\"@id\":\"https:\/\/dev.explora.cl\/aysen\/#\/schema\/person\/81c802b1e3b443e2575e555b39e60a05\",\"name\":\"scisternas\",\"image\":{\"@type\":\"ImageObject\",\"inLanguage\":\"es-CL\",\"@id\":\"https:\/\/dev.explora.cl\/aysen\/#\/schema\/person\/image\/\",\"url\":\"https:\/\/secure.gravatar.com\/avatar\/611c8f1946b775bdf01b0521c85a9381c3ad08d928d8ead34ce577b0fa231c76?s=96&d=mm&r=g\",\"contentUrl\":\"https:\/\/secure.gravatar.com\/avatar\/611c8f1946b775bdf01b0521c85a9381c3ad08d928d8ead34ce577b0fa231c76?s=96&d=mm&r=g\",\"caption\":\"scisternas\"},\"url\":\"https:\/\/dev.explora.cl\/aysen\/author\/scisternas\/\"}]}<\/script>\n<!-- \/ Yoast SEO plugin. -->","yoast_head_json":{"title":"Inscr\u00edbete para visitar los estands del Congreso Regional Escolar de las Ciencias y la Tecnolog\u00eda - Aysen","robots":{"index":"index","follow":"follow","max-snippet":"max-snippet:-1","max-image-preview":"max-image-preview:large","max-video-preview":"max-video-preview:-1"},"canonical":"https:\/\/dev.explora.cl\/aysen\/inscribete-para-visitar-los-estands-del-congreso-regional-escolar-de-las-ciencias-y-la-tecnologia\/","og_locale":"es_ES","og_type":"article","og_title":"Inscr\u00edbete para visitar los estands del Congreso Regional Escolar de las Ciencias y la Tecnolog\u00eda - Aysen","og_description":"Ya est\u00e1n abiertas las inscripciones para que docentes y estudiantes visiten los estands de la versi\u00f3n 2019 del Congreso Regional Escolar de las Ciencias y la Tecnolog\u00eda, organizado por el PAR Explora Ays\u00e9n del Campus Patagonia UACh. Formulario de inscripci\u00f3n Entre el 14, 15 y el 16 de octubre, el evento reunir\u00e1 en el Centro [&hellip;]","og_url":"https:\/\/dev.explora.cl\/aysen\/inscribete-para-visitar-los-estands-del-congreso-regional-escolar-de-las-ciencias-y-la-tecnologia\/","og_site_name":"Aysen","article_published_time":"2019-10-09T03:56:01+00:00","article_modified_time":"2023-07-28T15:44:12+00:00","og_image":[{"width":892,"height":438,"url":"https:\/\/dev.explora.cl\/aysen\/wp-content\/uploads\/sites\/18\/2019\/10\/banner-formulario-inscripcion.jpg","type":"image\/jpeg"}],"author":"scisternas","twitter_card":"summary_large_image","twitter_misc":{"Escrito por":"scisternas","Tiempo estimado de lectura":"1 minuto"},"schema":{"@context":"https:\/\/schema.org","@graph":[{"@type":"Article","@id":"https:\/\/dev.explora.cl\/aysen\/inscribete-para-visitar-los-estands-del-congreso-regional-escolar-de-las-ciencias-y-la-tecnologia\/#article","isPartOf":{"@id":"https:\/\/dev.explora.cl\/aysen\/inscribete-para-visitar-los-estands-del-congreso-regional-escolar-de-las-ciencias-y-la-tecnologia\/"},"author":{"name":"scisternas","@id":"https:\/\/dev.explora.cl\/aysen\/#\/schema\/person\/81c802b1e3b443e2575e555b39e60a05"},"headline":"Inscr\u00edbete para visitar los estands del Congreso Regional Escolar de las Ciencias y la Tecnolog\u00eda","datePublished":"2019-10-09T03:56:01+00:00","dateModified":"2023-07-28T15:44:12+00:00","mainEntityOfPage":{"@id":"https:\/\/dev.explora.cl\/aysen\/inscribete-para-visitar-los-estands-del-congreso-regional-escolar-de-las-ciencias-y-la-tecnologia\/"},"wordCount":281,"commentCount":0,"image":{"@id":"https:\/\/dev.explora.cl\/aysen\/inscribete-para-visitar-los-estands-del-congreso-regional-escolar-de-las-ciencias-y-la-tecnologia\/#primaryimage"},"thumbnailUrl":"https:\/\/dev.explora.cl\/aysen\/wp-content\/uploads\/sites\/18\/2019\/10\/banner-formulario-inscripcion.jpg","articleSection":["Noticias"],"inLanguage":"es-CL","potentialAction":[{"@type":"CommentAction","name":"Comment","target":["https:\/\/dev.explora.cl\/aysen\/inscribete-para-visitar-los-estands-del-congreso-regional-escolar-de-las-ciencias-y-la-tecnologia\/#respond"]}]},{"@type":"WebPage","@id":"https:\/\/dev.explora.cl\/aysen\/inscribete-para-visitar-los-estands-del-congreso-regional-escolar-de-las-ciencias-y-la-tecnologia\/","url":"https:\/\/dev.explora.cl\/aysen\/inscribete-para-visitar-los-estands-del-congreso-regional-escolar-de-las-ciencias-y-la-tecnologia\/","name":"Inscr\u00edbete para visitar los estands del Congreso Regional Escolar de las Ciencias y la Tecnolog\u00eda - Aysen","isPartOf":{"@id":"https:\/\/dev.explora.cl\/aysen\/#website"},"primaryImageOfPage":{"@id":"https:\/\/dev.explora.cl\/aysen\/inscribete-para-visitar-los-estands-del-congreso-regional-escolar-de-las-ciencias-y-la-tecnologia\/#primaryimage"},"image":{"@id":"https:\/\/dev.explora.cl\/aysen\/inscribete-para-visitar-los-estands-del-congreso-regional-escolar-de-las-ciencias-y-la-tecnologia\/#primaryimage"},"thumbnailUrl":"https:\/\/dev.explora.cl\/aysen\/wp-content\/uploads\/sites\/18\/2019\/10\/banner-formulario-inscripcion.jpg","datePublished":"2019-10-09T03:56:01+00:00","dateModified":"2023-07-28T15:44:12+00:00","author":{"@id":"https:\/\/dev.explora.cl\/aysen\/#\/schema\/person\/81c802b1e3b443e2575e555b39e60a05"},"breadcrumb":{"@id":"https:\/\/dev.explora.cl\/aysen\/inscribete-para-visitar-los-estands-del-congreso-regional-escolar-de-las-ciencias-y-la-tecnologia\/#breadcrumb"},"inLanguage":"es-CL","potentialAction":[{"@type":"ReadAction","target":["https:\/\/dev.explora.cl\/aysen\/inscribete-para-visitar-los-estands-del-congreso-regional-escolar-de-las-ciencias-y-la-tecnologia\/"]}]},{"@type":"ImageObject","inLanguage":"es-CL","@id":"https:\/\/dev.explora.cl\/aysen\/inscribete-para-visitar-los-estands-del-congreso-regional-escolar-de-las-ciencias-y-la-tecnologia\/#primaryimage","url":"https:\/\/dev.explora.cl\/aysen\/wp-content\/uploads\/sites\/18\/2019\/10\/banner-formulario-inscripcion.jpg","contentUrl":"https:\/\/dev.explora.cl\/aysen\/wp-content\/uploads\/sites\/18\/2019\/10\/banner-formulario-inscripcion.jpg","width":892,"height":438},{"@type":"BreadcrumbList","@id":"https:\/\/dev.explora.cl\/aysen\/inscribete-para-visitar-los-estands-del-congreso-regional-escolar-de-las-ciencias-y-la-tecnologia\/#breadcrumb","itemListElement":[{"@type":"ListItem","position":1,"name":"Portada","item":"https:\/\/dev.explora.cl\/aysen\/"},{"@type":"ListItem","position":2,"name":"Inscr\u00edbete para visitar los estands del Congreso Regional Escolar de las Ciencias y la Tecnolog\u00eda"}]},{"@type":"WebSite","@id":"https:\/\/dev.explora.cl\/aysen\/#website","url":"https:\/\/dev.explora.cl\/aysen\/","name":"Aysen","description":"Otro sitio m\u00e1s de dev.explora.cl","potentialAction":[{"@type":"SearchAction","target":{"@type":"EntryPoint","urlTemplate":"https:\/\/dev.explora.cl\/aysen\/?s={search_term_string}"},"query-input":{"@type":"PropertyValueSpecification","valueRequired":true,"valueName":"search_term_string"}}],"inLanguage":"es-CL"},{"@type":"Person","@id":"https:\/\/dev.explora.cl\/aysen\/#\/schema\/person\/81c802b1e3b443e2575e555b39e60a05","name":"scisternas","image":{"@type":"ImageObject","inLanguage":"es-CL","@id":"https:\/\/dev.explora.cl\/aysen\/#\/schema\/person\/image\/","url":"https:\/\/secure.gravatar.com\/avatar\/611c8f1946b775bdf01b0521c85a9381c3ad08d928d8ead34ce577b0fa231c76?s=96&d=mm&r=g","contentUrl":"https:\/\/secure.gravatar.com\/avatar\/611c8f1946b775bdf01b0521c85a9381c3ad08d928d8ead34ce577b0fa231c76?s=96&d=mm&r=g","caption":"scisternas"},"url":"https:\/\/dev.explora.cl\/aysen\/author\/scisternas\/"}]}},"_links":{"self":[{"href":"https:\/\/dev.explora.cl\/aysen\/wp-json\/wp\/v2\/posts\/37598","targetHints":{"allow":["GET"]}}],"collection":[{"href":"https:\/\/dev.explora.cl\/aysen\/wp-json\/wp\/v2\/posts"}],"about":[{"href":"https:\/\/dev.explora.cl\/aysen\/wp-json\/wp\/v2\/types\/post"}],"author":[{"embeddable":true,"href":"https:\/\/dev.explora.cl\/aysen\/wp-json\/wp\/v2\/users\/37"}],"replies":[{"embeddable":true,"href":"https:\/\/dev.explora.cl\/aysen\/wp-json\/wp\/v2\/comments?post=37598"}],"version-history":[{"count":3,"href":"https:\/\/dev.explora.cl\/aysen\/wp-json\/wp\/v2\/posts\/37598\/revisions"}],"predecessor-version":[{"id":37602,"href":"https:\/\/dev.explora.cl\/aysen\/wp-json\/wp\/v2\/posts\/37598\/revisions\/37602"}],"wp:featuredmedia":[{"embeddable":true,"href":"https:\/\/dev.explora.cl\/aysen\/wp-json\/wp\/v2\/media\/37600"}],"wp:attachment":[{"href":"https:\/\/dev.explora.cl\/aysen\/wp-json\/wp\/v2\/media?parent=37598"}],"wp:term":[{"taxonomy":"category","embeddable":true,"href":"https:\/\/dev.explora.cl\/aysen\/wp-json\/wp\/v2\/categories?post=37598"},{"taxonomy":"post_tag","embeddable":true,"href":"https:\/\/dev.explora.cl\/aysen\/wp-json\/wp\/v2\/tags?post=37598"}],"curies":[{"name":"wp","href":"https:\/\/api.w.org\/{rel}","templated":true}]}}