{"id":37591,"date":"2019-10-03T11:21:24","date_gmt":"2019-10-03T14:21:24","guid":{"rendered":"https:\/\/dev.explora.cl\/aysen\/?p=37591"},"modified":"2023-07-28T11:44:23","modified_gmt":"2023-07-28T15:44:23","slug":"inscribete-y-participa-en-las-actividades-de-la-semana-explora","status":"publish","type":"post","link":"https:\/\/dev.explora.cl\/aysen\/inscribete-y-participa-en-las-actividades-de-la-semana-explora\/","title":{"rendered":"Inscr\u00edbete y participa en las actividades de la Semana Explora"},"content":{"rendered":"<p><em>Con entretenidas actividades gratuitas para todo p\u00fablico, la Universidad Austral de Chile y el PAR Explora de CONICYT Ays\u00e9n invitan a celebrar la Semana Explora, que este a\u00f1o &#8211; entre el 6 y el 13 de octubre- releva la importancia del Sol, desde lo astron\u00f3mico, biol\u00f3gico, tecnol\u00f3gico y social.<\/em><\/p>\n<p>Teatro, charlas magistrales, ferias cient\u00edficas al aire libre, visitas guiadas por \u00e1reas silvestres protegidas y tambi\u00e9n por museos y laboratorios de ciencia, son solo algunos de los panoramas que dar\u00e1n vida a la Semana Explora 2019, con la participaci\u00f3n de docentes, estudiantes y p\u00fablico general.<\/p>\n<p>Las\/os docentes interesadas\/os en sumarse a una o m\u00e1s actividades junto a delegaciones escolares, deber\u00e1n inscribirse en el formulario disponible a continuaci\u00f3n.<\/p>\n<ul>\n<li><a href=\"https:\/\/docs.google.com\/forms\/d\/e\/1FAIpQLSdKpXM6TenQqpEoq7CyO94ZkytOOc6iPlr50s5rtbSxLSyqWA\/viewform?fbclid=IwAR25nPsoJwhrZ9yGske-Jo-qZFl0qMC_EPQ4OrFzx2P2ftdNSqgjChe53n4\">Formulario de inscripci\u00f3n.<\/a><\/li>\n<li><a href=\"https:\/\/drive.google.com\/open?id=1DqNg2N5C8-tMafMF-YeyUtzN2ImD1gUE\">Descarga el programa de actividades.<\/a><\/li>\n<\/ul>\n<p>A la celebraci\u00f3n de la Semana Explora, este a\u00f1o se suma una veintena de instituciones, entre ellas el Museo Regional de Ays\u00e9n, SAG Ays\u00e9n, CIEP, Campus Patagonia de la Universidad Austral, DGA, Universidad de Magallanes, IFOP, INIA Tamel Aike, Universidad de Ays\u00e9n, Fundaci\u00f3n Ayciencia, Empresa Refugio Verde, Organizaci\u00f3n Mapuche Rakidantum, Biblioteca Regional Ays\u00e9n, Seremi Medio Ambiente, Seremi de Energ\u00eda, CONAF, INTEGRA, JUNJI e INACAP.<\/p>\n","protected":false},"excerpt":{"rendered":"<p>Teatro, charlas magistrales, ferias cient\u00edficas al aire libre, visitas guiadas por \u00e1reas silvestres protegidas y tambi\u00e9n por museos y laboratorios de ciencia, son solo algunos de los panoramas que dar\u00e1n vida a la Semana Explora 2019, con la participaci\u00f3n de docentes, estudiantes y p\u00fablico general.<\/p>\n","protected":false},"author":37,"featured_media":37593,"comment_status":"open","ping_status":"open","sticky":false,"template":"","format":"standard","meta":{"_acf_changed":false,"_exactmetrics_skip_tracking":false,"_exactmetrics_sitenote_active":false,"_exactmetrics_sitenote_note":"","_exactmetrics_sitenote_category":0,"footnotes":"","_links_to":"","_links_to_target":""},"categories":[4],"tags":[],"class_list":["post-37591","post","type-post","status-publish","format-standard","has-post-thumbnail","hentry","category-noticias"],"acf":[],"yoast_head":"<!-- This site is optimized with the Yoast SEO plugin v26.7 - https:\/\/yoast.com\/wordpress\/plugins\/seo\/ -->\n<title>Inscr\u00edbete y participa en las actividades de la Semana Explora - Aysen<\/title>\n<meta name=\"robots\" content=\"index, follow, max-snippet:-1, max-image-preview:large, max-video-preview:-1\" \/>\n<link rel=\"canonical\" href=\"https:\/\/dev.explora.cl\/aysen\/inscribete-y-participa-en-las-actividades-de-la-semana-explora\/\" class=\"yoast-seo-meta-tag\" \/>\n<meta property=\"og:locale\" content=\"es_ES\" class=\"yoast-seo-meta-tag\" \/>\n<meta property=\"og:type\" content=\"article\" class=\"yoast-seo-meta-tag\" \/>\n<meta property=\"og:title\" content=\"Inscr\u00edbete y participa en las actividades de la Semana Explora - Aysen\" class=\"yoast-seo-meta-tag\" \/>\n<meta property=\"og:description\" content=\"Teatro, charlas magistrales, ferias cient\u00edficas al aire libre, visitas guiadas por \u00e1reas silvestres protegidas y tambi\u00e9n por museos y laboratorios de ciencia, son solo algunos de los panoramas que dar\u00e1n vida a la Semana Explora 2019, con la participaci\u00f3n de docentes, estudiantes y p\u00fablico general.\" class=\"yoast-seo-meta-tag\" \/>\n<meta property=\"og:url\" content=\"https:\/\/dev.explora.cl\/aysen\/inscribete-y-participa-en-las-actividades-de-la-semana-explora\/\" class=\"yoast-seo-meta-tag\" \/>\n<meta property=\"og:site_name\" content=\"Aysen\" class=\"yoast-seo-meta-tag\" \/>\n<meta property=\"article:published_time\" content=\"2019-10-03T14:21:24+00:00\" class=\"yoast-seo-meta-tag\" \/>\n<meta property=\"article:modified_time\" content=\"2023-07-28T15:44:23+00:00\" class=\"yoast-seo-meta-tag\" \/>\n<meta property=\"og:image\" content=\"https:\/\/dev.explora.cl\/aysen\/wp-content\/uploads\/sites\/18\/2019\/10\/sem-explora-aysen.jpg\" class=\"yoast-seo-meta-tag\" \/>\n\t<meta property=\"og:image:width\" content=\"892\" class=\"yoast-seo-meta-tag\" \/>\n\t<meta property=\"og:image:height\" content=\"438\" class=\"yoast-seo-meta-tag\" \/>\n\t<meta property=\"og:image:type\" content=\"image\/jpeg\" class=\"yoast-seo-meta-tag\" \/>\n<meta name=\"author\" content=\"scisternas\" class=\"yoast-seo-meta-tag\" \/>\n<meta name=\"twitter:card\" content=\"summary_large_image\" class=\"yoast-seo-meta-tag\" \/>\n<meta name=\"twitter:label1\" content=\"Escrito por\" class=\"yoast-seo-meta-tag\" \/>\n\t<meta name=\"twitter:data1\" content=\"scisternas\" class=\"yoast-seo-meta-tag\" \/>\n\t<meta name=\"twitter:label2\" content=\"Tiempo estimado de lectura\" class=\"yoast-seo-meta-tag\" \/>\n\t<meta name=\"twitter:data2\" content=\"1 minuto\" class=\"yoast-seo-meta-tag\" \/>\n<script type=\"application\/ld+json\" class=\"yoast-schema-graph\">{\"@context\":\"https:\/\/schema.org\",\"@graph\":[{\"@type\":\"Article\",\"@id\":\"https:\/\/dev.explora.cl\/aysen\/inscribete-y-participa-en-las-actividades-de-la-semana-explora\/#article\",\"isPartOf\":{\"@id\":\"https:\/\/dev.explora.cl\/aysen\/inscribete-y-participa-en-las-actividades-de-la-semana-explora\/\"},\"author\":{\"name\":\"scisternas\",\"@id\":\"https:\/\/dev.explora.cl\/aysen\/#\/schema\/person\/81c802b1e3b443e2575e555b39e60a05\"},\"headline\":\"Inscr\u00edbete y participa en las actividades de la Semana Explora\",\"datePublished\":\"2019-10-03T14:21:24+00:00\",\"dateModified\":\"2023-07-28T15:44:23+00:00\",\"mainEntityOfPage\":{\"@id\":\"https:\/\/dev.explora.cl\/aysen\/inscribete-y-participa-en-las-actividades-de-la-semana-explora\/\"},\"wordCount\":222,\"commentCount\":0,\"image\":{\"@id\":\"https:\/\/dev.explora.cl\/aysen\/inscribete-y-participa-en-las-actividades-de-la-semana-explora\/#primaryimage\"},\"thumbnailUrl\":\"https:\/\/dev.explora.cl\/aysen\/wp-content\/uploads\/sites\/18\/2019\/10\/sem-explora-aysen.jpg\",\"articleSection\":[\"Noticias\"],\"inLanguage\":\"es-CL\",\"potentialAction\":[{\"@type\":\"CommentAction\",\"name\":\"Comment\",\"target\":[\"https:\/\/dev.explora.cl\/aysen\/inscribete-y-participa-en-las-actividades-de-la-semana-explora\/#respond\"]}]},{\"@type\":\"WebPage\",\"@id\":\"https:\/\/dev.explora.cl\/aysen\/inscribete-y-participa-en-las-actividades-de-la-semana-explora\/\",\"url\":\"https:\/\/dev.explora.cl\/aysen\/inscribete-y-participa-en-las-actividades-de-la-semana-explora\/\",\"name\":\"Inscr\u00edbete y participa en las actividades de la Semana Explora - Aysen\",\"isPartOf\":{\"@id\":\"https:\/\/dev.explora.cl\/aysen\/#website\"},\"primaryImageOfPage\":{\"@id\":\"https:\/\/dev.explora.cl\/aysen\/inscribete-y-participa-en-las-actividades-de-la-semana-explora\/#primaryimage\"},\"image\":{\"@id\":\"https:\/\/dev.explora.cl\/aysen\/inscribete-y-participa-en-las-actividades-de-la-semana-explora\/#primaryimage\"},\"thumbnailUrl\":\"https:\/\/dev.explora.cl\/aysen\/wp-content\/uploads\/sites\/18\/2019\/10\/sem-explora-aysen.jpg\",\"datePublished\":\"2019-10-03T14:21:24+00:00\",\"dateModified\":\"2023-07-28T15:44:23+00:00\",\"author\":{\"@id\":\"https:\/\/dev.explora.cl\/aysen\/#\/schema\/person\/81c802b1e3b443e2575e555b39e60a05\"},\"breadcrumb\":{\"@id\":\"https:\/\/dev.explora.cl\/aysen\/inscribete-y-participa-en-las-actividades-de-la-semana-explora\/#breadcrumb\"},\"inLanguage\":\"es-CL\",\"potentialAction\":[{\"@type\":\"ReadAction\",\"target\":[\"https:\/\/dev.explora.cl\/aysen\/inscribete-y-participa-en-las-actividades-de-la-semana-explora\/\"]}]},{\"@type\":\"ImageObject\",\"inLanguage\":\"es-CL\",\"@id\":\"https:\/\/dev.explora.cl\/aysen\/inscribete-y-participa-en-las-actividades-de-la-semana-explora\/#primaryimage\",\"url\":\"https:\/\/dev.explora.cl\/aysen\/wp-content\/uploads\/sites\/18\/2019\/10\/sem-explora-aysen.jpg\",\"contentUrl\":\"https:\/\/dev.explora.cl\/aysen\/wp-content\/uploads\/sites\/18\/2019\/10\/sem-explora-aysen.jpg\",\"width\":892,\"height\":438},{\"@type\":\"BreadcrumbList\",\"@id\":\"https:\/\/dev.explora.cl\/aysen\/inscribete-y-participa-en-las-actividades-de-la-semana-explora\/#breadcrumb\",\"itemListElement\":[{\"@type\":\"ListItem\",\"position\":1,\"name\":\"Portada\",\"item\":\"https:\/\/dev.explora.cl\/aysen\/\"},{\"@type\":\"ListItem\",\"position\":2,\"name\":\"Inscr\u00edbete y participa en las actividades de la Semana Explora\"}]},{\"@type\":\"WebSite\",\"@id\":\"https:\/\/dev.explora.cl\/aysen\/#website\",\"url\":\"https:\/\/dev.explora.cl\/aysen\/\",\"name\":\"Aysen\",\"description\":\"Otro sitio m\u00e1s de dev.explora.cl\",\"potentialAction\":[{\"@type\":\"SearchAction\",\"target\":{\"@type\":\"EntryPoint\",\"urlTemplate\":\"https:\/\/dev.explora.cl\/aysen\/?s={search_term_string}\"},\"query-input\":{\"@type\":\"PropertyValueSpecification\",\"valueRequired\":true,\"valueName\":\"search_term_string\"}}],\"inLanguage\":\"es-CL\"},{\"@type\":\"Person\",\"@id\":\"https:\/\/dev.explora.cl\/aysen\/#\/schema\/person\/81c802b1e3b443e2575e555b39e60a05\",\"name\":\"scisternas\",\"image\":{\"@type\":\"ImageObject\",\"inLanguage\":\"es-CL\",\"@id\":\"https:\/\/dev.explora.cl\/aysen\/#\/schema\/person\/image\/\",\"url\":\"https:\/\/secure.gravatar.com\/avatar\/611c8f1946b775bdf01b0521c85a9381c3ad08d928d8ead34ce577b0fa231c76?s=96&d=mm&r=g\",\"contentUrl\":\"https:\/\/secure.gravatar.com\/avatar\/611c8f1946b775bdf01b0521c85a9381c3ad08d928d8ead34ce577b0fa231c76?s=96&d=mm&r=g\",\"caption\":\"scisternas\"},\"url\":\"https:\/\/dev.explora.cl\/aysen\/author\/scisternas\/\"}]}<\/script>\n<!-- \/ Yoast SEO plugin. -->","yoast_head_json":{"title":"Inscr\u00edbete y participa en las actividades de la Semana Explora - Aysen","robots":{"index":"index","follow":"follow","max-snippet":"max-snippet:-1","max-image-preview":"max-image-preview:large","max-video-preview":"max-video-preview:-1"},"canonical":"https:\/\/dev.explora.cl\/aysen\/inscribete-y-participa-en-las-actividades-de-la-semana-explora\/","og_locale":"es_ES","og_type":"article","og_title":"Inscr\u00edbete y participa en las actividades de la Semana Explora - Aysen","og_description":"Teatro, charlas magistrales, ferias cient\u00edficas al aire libre, visitas guiadas por \u00e1reas silvestres protegidas y tambi\u00e9n por museos y laboratorios de ciencia, son solo algunos de los panoramas que dar\u00e1n vida a la Semana Explora 2019, con la participaci\u00f3n de docentes, estudiantes y p\u00fablico general.","og_url":"https:\/\/dev.explora.cl\/aysen\/inscribete-y-participa-en-las-actividades-de-la-semana-explora\/","og_site_name":"Aysen","article_published_time":"2019-10-03T14:21:24+00:00","article_modified_time":"2023-07-28T15:44:23+00:00","og_image":[{"width":892,"height":438,"url":"https:\/\/dev.explora.cl\/aysen\/wp-content\/uploads\/sites\/18\/2019\/10\/sem-explora-aysen.jpg","type":"image\/jpeg"}],"author":"scisternas","twitter_card":"summary_large_image","twitter_misc":{"Escrito por":"scisternas","Tiempo estimado de lectura":"1 minuto"},"schema":{"@context":"https:\/\/schema.org","@graph":[{"@type":"Article","@id":"https:\/\/dev.explora.cl\/aysen\/inscribete-y-participa-en-las-actividades-de-la-semana-explora\/#article","isPartOf":{"@id":"https:\/\/dev.explora.cl\/aysen\/inscribete-y-participa-en-las-actividades-de-la-semana-explora\/"},"author":{"name":"scisternas","@id":"https:\/\/dev.explora.cl\/aysen\/#\/schema\/person\/81c802b1e3b443e2575e555b39e60a05"},"headline":"Inscr\u00edbete y participa en las actividades de la Semana Explora","datePublished":"2019-10-03T14:21:24+00:00","dateModified":"2023-07-28T15:44:23+00:00","mainEntityOfPage":{"@id":"https:\/\/dev.explora.cl\/aysen\/inscribete-y-participa-en-las-actividades-de-la-semana-explora\/"},"wordCount":222,"commentCount":0,"image":{"@id":"https:\/\/dev.explora.cl\/aysen\/inscribete-y-participa-en-las-actividades-de-la-semana-explora\/#primaryimage"},"thumbnailUrl":"https:\/\/dev.explora.cl\/aysen\/wp-content\/uploads\/sites\/18\/2019\/10\/sem-explora-aysen.jpg","articleSection":["Noticias"],"inLanguage":"es-CL","potentialAction":[{"@type":"CommentAction","name":"Comment","target":["https:\/\/dev.explora.cl\/aysen\/inscribete-y-participa-en-las-actividades-de-la-semana-explora\/#respond"]}]},{"@type":"WebPage","@id":"https:\/\/dev.explora.cl\/aysen\/inscribete-y-participa-en-las-actividades-de-la-semana-explora\/","url":"https:\/\/dev.explora.cl\/aysen\/inscribete-y-participa-en-las-actividades-de-la-semana-explora\/","name":"Inscr\u00edbete y participa en las actividades de la Semana Explora - Aysen","isPartOf":{"@id":"https:\/\/dev.explora.cl\/aysen\/#website"},"primaryImageOfPage":{"@id":"https:\/\/dev.explora.cl\/aysen\/inscribete-y-participa-en-las-actividades-de-la-semana-explora\/#primaryimage"},"image":{"@id":"https:\/\/dev.explora.cl\/aysen\/inscribete-y-participa-en-las-actividades-de-la-semana-explora\/#primaryimage"},"thumbnailUrl":"https:\/\/dev.explora.cl\/aysen\/wp-content\/uploads\/sites\/18\/2019\/10\/sem-explora-aysen.jpg","datePublished":"2019-10-03T14:21:24+00:00","dateModified":"2023-07-28T15:44:23+00:00","author":{"@id":"https:\/\/dev.explora.cl\/aysen\/#\/schema\/person\/81c802b1e3b443e2575e555b39e60a05"},"breadcrumb":{"@id":"https:\/\/dev.explora.cl\/aysen\/inscribete-y-participa-en-las-actividades-de-la-semana-explora\/#breadcrumb"},"inLanguage":"es-CL","potentialAction":[{"@type":"ReadAction","target":["https:\/\/dev.explora.cl\/aysen\/inscribete-y-participa-en-las-actividades-de-la-semana-explora\/"]}]},{"@type":"ImageObject","inLanguage":"es-CL","@id":"https:\/\/dev.explora.cl\/aysen\/inscribete-y-participa-en-las-actividades-de-la-semana-explora\/#primaryimage","url":"https:\/\/dev.explora.cl\/aysen\/wp-content\/uploads\/sites\/18\/2019\/10\/sem-explora-aysen.jpg","contentUrl":"https:\/\/dev.explora.cl\/aysen\/wp-content\/uploads\/sites\/18\/2019\/10\/sem-explora-aysen.jpg","width":892,"height":438},{"@type":"BreadcrumbList","@id":"https:\/\/dev.explora.cl\/aysen\/inscribete-y-participa-en-las-actividades-de-la-semana-explora\/#breadcrumb","itemListElement":[{"@type":"ListItem","position":1,"name":"Portada","item":"https:\/\/dev.explora.cl\/aysen\/"},{"@type":"ListItem","position":2,"name":"Inscr\u00edbete y participa en las actividades de la Semana Explora"}]},{"@type":"WebSite","@id":"https:\/\/dev.explora.cl\/aysen\/#website","url":"https:\/\/dev.explora.cl\/aysen\/","name":"Aysen","description":"Otro sitio m\u00e1s de dev.explora.cl","potentialAction":[{"@type":"SearchAction","target":{"@type":"EntryPoint","urlTemplate":"https:\/\/dev.explora.cl\/aysen\/?s={search_term_string}"},"query-input":{"@type":"PropertyValueSpecification","valueRequired":true,"valueName":"search_term_string"}}],"inLanguage":"es-CL"},{"@type":"Person","@id":"https:\/\/dev.explora.cl\/aysen\/#\/schema\/person\/81c802b1e3b443e2575e555b39e60a05","name":"scisternas","image":{"@type":"ImageObject","inLanguage":"es-CL","@id":"https:\/\/dev.explora.cl\/aysen\/#\/schema\/person\/image\/","url":"https:\/\/secure.gravatar.com\/avatar\/611c8f1946b775bdf01b0521c85a9381c3ad08d928d8ead34ce577b0fa231c76?s=96&d=mm&r=g","contentUrl":"https:\/\/secure.gravatar.com\/avatar\/611c8f1946b775bdf01b0521c85a9381c3ad08d928d8ead34ce577b0fa231c76?s=96&d=mm&r=g","caption":"scisternas"},"url":"https:\/\/dev.explora.cl\/aysen\/author\/scisternas\/"}]}},"_links":{"self":[{"href":"https:\/\/dev.explora.cl\/aysen\/wp-json\/wp\/v2\/posts\/37591","targetHints":{"allow":["GET"]}}],"collection":[{"href":"https:\/\/dev.explora.cl\/aysen\/wp-json\/wp\/v2\/posts"}],"about":[{"href":"https:\/\/dev.explora.cl\/aysen\/wp-json\/wp\/v2\/types\/post"}],"author":[{"embeddable":true,"href":"https:\/\/dev.explora.cl\/aysen\/wp-json\/wp\/v2\/users\/37"}],"replies":[{"embeddable":true,"href":"https:\/\/dev.explora.cl\/aysen\/wp-json\/wp\/v2\/comments?post=37591"}],"version-history":[{"count":3,"href":"https:\/\/dev.explora.cl\/aysen\/wp-json\/wp\/v2\/posts\/37591\/revisions"}],"predecessor-version":[{"id":37595,"href":"https:\/\/dev.explora.cl\/aysen\/wp-json\/wp\/v2\/posts\/37591\/revisions\/37595"}],"wp:featuredmedia":[{"embeddable":true,"href":"https:\/\/dev.explora.cl\/aysen\/wp-json\/wp\/v2\/media\/37593"}],"wp:attachment":[{"href":"https:\/\/dev.explora.cl\/aysen\/wp-json\/wp\/v2\/media?parent=37591"}],"wp:term":[{"taxonomy":"category","embeddable":true,"href":"https:\/\/dev.explora.cl\/aysen\/wp-json\/wp\/v2\/categories?post=37591"},{"taxonomy":"post_tag","embeddable":true,"href":"https:\/\/dev.explora.cl\/aysen\/wp-json\/wp\/v2\/tags?post=37591"}],"curies":[{"name":"wp","href":"https:\/\/api.w.org\/{rel}","templated":true}]}}