{"id":37561,"date":"2019-09-04T10:14:20","date_gmt":"2019-09-04T14:14:20","guid":{"rendered":"https:\/\/dev.explora.cl\/aysen\/?p=37561"},"modified":"2023-07-28T11:37:24","modified_gmt":"2023-07-28T15:37:24","slug":"el-estudio-que-busca-descifrar-como-era-aysen-desde-hace-12-000-anos-atras","status":"publish","type":"post","link":"https:\/\/dev.explora.cl\/aysen\/el-estudio-que-busca-descifrar-como-era-aysen-desde-hace-12-000-anos-atras\/","title":{"rendered":"El estudio que busca descifrar c\u00f3mo era Ays\u00e9n desde hace 12.000 a\u00f1os atr\u00e1s"},"content":{"rendered":"<p>Estudiar\u00a0las caracter\u00edsticas de la ocupaci\u00f3n humana\u00a0durante\u00a0el Holoceno (\u00faltimos\u00a011.600\u00a0a\u00f1os) en un \u00e1rea que abarca los densos bosques siempreverdes, la profunda cuenca del r\u00edo Baker\u00a0y\u00a0el\u00a0Campo de Hielo Norte\u00a0(por el oeste), el lago Cochrane (por el sur)\u00a0y el lago General Carrera (por el norte), es parte del trabajo que\u00a0lidera\u00a0la investigadora residente del Centro de Investigaci\u00f3n en Ecosistemas de la Patagonia (CIEP), Doctora en Arqueolog\u00eda Amalia Nuevo Delaunay.<\/p>\n<p>El proyecto que dirige se titula \u201cEvaluaci\u00f3n de v\u00edas de circulaci\u00f3n y callejones sin salida en los Andes de Patagonia centro oeste durante el Holoceno\u201d, y en \u00e9l trabaja en conjunto con\u00a0los investigadores residentes del CIEP, Dr. C\u00e9sar M\u00e9ndez y\u00a0Mg. Paulo Moreno, m\u00e1s los doctores Omar Reyes (UMAG) y Antonio Maldonado (CEAZA).\u00a0\u201cEstamos estudiando las caracter\u00edsticas de la ocupaci\u00f3n humana de\u00a0esta zona, en\u00a0particular dentro del territorio de Ays\u00e9n, porque es el \u00e1rea de\u00a0la regi\u00f3n\u00a0con menos informaci\u00f3n arqueol\u00f3gica y porque creemos que su proceso de ocupaci\u00f3n puede ser muy informativo de las din\u00e1micas de los grupos humanos que ocuparon Patagonia a lo largo del tiempo\u201d, se\u00f1ala la arque\u00f3loga.<\/p>\n<p>Nacida en Buenos Aires, Argentina, y avecindada en la Patagonia chilena, la investigadora ha promovido la divulgaci\u00f3n de su estudio y temas relacionados a trav\u00e9s de columnas de opini\u00f3n en diarios, talleres y charlas, adem\u00e1s de una mentor\u00eda en el Programa ConCiencia de Mujer, financiado por Corfo el a\u00f1o 2018 y que signific\u00f3 trabajar con el Proyecto Asociativo Regional Explora de CONICYT en Ays\u00e9n, impulsado por el Campus Patagonia de la Universidad Austral de Chile. Sobre trabajar como asesora del PAR Explora Ays\u00e9n, dice sentirse entusiasmada. \u201cLa posibilidad de trabajar tan cercanamente al equipo de PAR Explora Ays\u00e9n constituye para m\u00ed una oportunidad \u00fanica que plantea infinitas posibilidades para acercar el quehacer cient\u00edfico a la comunidad. El equipo trabaja de forma impecable y tiene mucha experiencia en su haber, y tambi\u00e9n est\u00e1 abierto a discutir e incorporar nuevas formas de acercar la ciencia a distintos \u00e1mbitos de la sociedad; por lo que no dudo que el trabajo que me espera estar\u00e1 lleno de satisfacciones, ense\u00f1anza y crecimiento personal\u201d.<\/p>\n<p>La investigaci\u00f3n que actualmente realiza en la regi\u00f3n\u00a0no est\u00e1 centrada en un per\u00edodo en particular de la ocupaci\u00f3n humana, sino que busca entender desde cu\u00e1ndo y a trav\u00e9s de qu\u00e9 rutas se ocup\u00f3 esta zona, luego del progresivo retiro de los glaciares, y las caracter\u00edsticas de esta ocupaci\u00f3n a lo largo del tiempo, incluso hasta tiempos hist\u00f3ricos.<img loading=\"lazy\" decoding=\"async\" class=\"aligncenter wp-image-37562 size-medium\" src=\"https:\/\/dev.explora.cl\/aysen\/wp-content\/uploads\/sites\/18\/2019\/09\/MG_0035-300x205.jpg\" alt=\"Dra. Amalia Nuevo Asesora del PAR Explora Ays\u00e9n\" width=\"300\" height=\"205\" srcset=\"https:\/\/dev.explora.cl\/aysen\/wp-content\/uploads\/sites\/18\/2019\/09\/MG_0035-300x205.jpg 300w, https:\/\/dev.explora.cl\/aysen\/wp-content\/uploads\/sites\/18\/2019\/09\/MG_0035-768x526.jpg 768w, https:\/\/dev.explora.cl\/aysen\/wp-content\/uploads\/sites\/18\/2019\/09\/MG_0035-1024x701.jpg 1024w, https:\/\/dev.explora.cl\/aysen\/wp-content\/uploads\/sites\/18\/2019\/09\/MG_0035-474x324.jpg 474w\" sizes=\"auto, (max-width: 300px) 100vw, 300px\" \/><\/p>\n<p>Entre las distintas \u00e1reas espec\u00edficas que aborda la investigaci\u00f3n, el equipo ha empezado a trabajar en las cuencas de los r\u00edos Jeinemeni y Chacabuco, la costa sur del lago General Carrera y la localidad de Chile Chico con excelentes resultados, entre los que se destacan sitios arqueol\u00f3gicos en cuevas con ocupaciones de 3000 a\u00f1os de antig\u00fcedad; aleros con arte rupestre que dan cuenta de conexiones con otras zonas de Patagonia; y sitios a cielo abierto de los \u00faltimos 400 a\u00f1os de antig\u00fcedad.<\/p>\n<p>El equipo que est\u00e1 realizando este estudio entiende que, para proteger nuestro patrimonio, es fundamental conocerlo. Por esta raz\u00f3n, la investigaci\u00f3n tambi\u00e9n busca fomentar la protecci\u00f3n del patrimonio arqueol\u00f3gico de Ays\u00e9n, para lo que se han planificado actividades de difusi\u00f3n sobre sus hallazgos y avances, los que son entregados a trav\u00e9s de redes sociales y en publicaciones en medios de difusi\u00f3n de la regi\u00f3n.<\/p>\n","protected":false},"excerpt":{"rendered":"<p>La Dra. en Arqueolog\u00eda y asesora del PAR Explora Ays\u00e9n, Amalia Nuevo, junto con realizar divulgaci\u00f3n cient\u00edfica, actualmente est\u00e1 estudiando la zona con menos informaci\u00f3n arqueol\u00f3gica de la regi\u00f3n, buscando claves sobre las din\u00e1micas de las antiguas poblaciones humanas de la Patagonia.<\/p>\n","protected":false},"author":37,"featured_media":37563,"comment_status":"open","ping_status":"open","sticky":false,"template":"","format":"standard","meta":{"_acf_changed":false,"_exactmetrics_skip_tracking":false,"_exactmetrics_sitenote_active":false,"_exactmetrics_sitenote_note":"","_exactmetrics_sitenote_category":0,"footnotes":"","_links_to":"","_links_to_target":""},"categories":[4],"tags":[],"class_list":["post-37561","post","type-post","status-publish","format-standard","has-post-thumbnail","hentry","category-noticias"],"acf":[],"yoast_head":"<!-- This site is optimized with the Yoast SEO plugin v26.7 - https:\/\/yoast.com\/wordpress\/plugins\/seo\/ -->\n<title>El estudio que busca descifrar c\u00f3mo era Ays\u00e9n desde hace 12.000 a\u00f1os atr\u00e1s - Aysen<\/title>\n<meta name=\"robots\" content=\"index, follow, max-snippet:-1, max-image-preview:large, max-video-preview:-1\" \/>\n<link rel=\"canonical\" href=\"https:\/\/dev.explora.cl\/aysen\/el-estudio-que-busca-descifrar-como-era-aysen-desde-hace-12-000-anos-atras\/\" class=\"yoast-seo-meta-tag\" \/>\n<meta property=\"og:locale\" content=\"es_ES\" class=\"yoast-seo-meta-tag\" \/>\n<meta property=\"og:type\" content=\"article\" class=\"yoast-seo-meta-tag\" \/>\n<meta property=\"og:title\" content=\"El estudio que busca descifrar c\u00f3mo era Ays\u00e9n desde hace 12.000 a\u00f1os atr\u00e1s - Aysen\" class=\"yoast-seo-meta-tag\" \/>\n<meta property=\"og:description\" content=\"La Dra. en Arqueolog\u00eda y asesora del PAR Explora Ays\u00e9n, Amalia Nuevo, junto con realizar divulgaci\u00f3n cient\u00edfica, actualmente est\u00e1 estudiando la zona con menos informaci\u00f3n arqueol\u00f3gica de la regi\u00f3n, buscando claves sobre las din\u00e1micas de las antiguas poblaciones humanas de la Patagonia.\" class=\"yoast-seo-meta-tag\" \/>\n<meta property=\"og:url\" content=\"https:\/\/dev.explora.cl\/aysen\/el-estudio-que-busca-descifrar-como-era-aysen-desde-hace-12-000-anos-atras\/\" class=\"yoast-seo-meta-tag\" \/>\n<meta property=\"og:site_name\" content=\"Aysen\" class=\"yoast-seo-meta-tag\" \/>\n<meta property=\"article:published_time\" content=\"2019-09-04T14:14:20+00:00\" class=\"yoast-seo-meta-tag\" \/>\n<meta property=\"article:modified_time\" content=\"2023-07-28T15:37:24+00:00\" class=\"yoast-seo-meta-tag\" \/>\n<meta property=\"og:image\" content=\"https:\/\/dev.explora.cl\/aysen\/wp-content\/uploads\/sites\/18\/2019\/09\/thumbnail_DSC00513-DSC-HX400V.jpg\" class=\"yoast-seo-meta-tag\" \/>\n\t<meta property=\"og:image:width\" content=\"1280\" class=\"yoast-seo-meta-tag\" \/>\n\t<meta property=\"og:image:height\" content=\"960\" class=\"yoast-seo-meta-tag\" \/>\n\t<meta property=\"og:image:type\" content=\"image\/jpeg\" class=\"yoast-seo-meta-tag\" \/>\n<meta name=\"author\" content=\"scisternas\" class=\"yoast-seo-meta-tag\" \/>\n<meta name=\"twitter:card\" content=\"summary_large_image\" class=\"yoast-seo-meta-tag\" \/>\n<meta name=\"twitter:label1\" content=\"Escrito por\" class=\"yoast-seo-meta-tag\" \/>\n\t<meta name=\"twitter:data1\" content=\"scisternas\" class=\"yoast-seo-meta-tag\" \/>\n\t<meta name=\"twitter:label2\" content=\"Tiempo estimado de lectura\" class=\"yoast-seo-meta-tag\" \/>\n\t<meta name=\"twitter:data2\" content=\"3 minutos\" class=\"yoast-seo-meta-tag\" \/>\n<script type=\"application\/ld+json\" class=\"yoast-schema-graph\">{\"@context\":\"https:\/\/schema.org\",\"@graph\":[{\"@type\":\"Article\",\"@id\":\"https:\/\/dev.explora.cl\/aysen\/el-estudio-que-busca-descifrar-como-era-aysen-desde-hace-12-000-anos-atras\/#article\",\"isPartOf\":{\"@id\":\"https:\/\/dev.explora.cl\/aysen\/el-estudio-que-busca-descifrar-como-era-aysen-desde-hace-12-000-anos-atras\/\"},\"author\":{\"name\":\"scisternas\",\"@id\":\"https:\/\/dev.explora.cl\/aysen\/#\/schema\/person\/81c802b1e3b443e2575e555b39e60a05\"},\"headline\":\"El estudio que busca descifrar c\u00f3mo era Ays\u00e9n desde hace 12.000 a\u00f1os atr\u00e1s\",\"datePublished\":\"2019-09-04T14:14:20+00:00\",\"dateModified\":\"2023-07-28T15:37:24+00:00\",\"mainEntityOfPage\":{\"@id\":\"https:\/\/dev.explora.cl\/aysen\/el-estudio-que-busca-descifrar-como-era-aysen-desde-hace-12-000-anos-atras\/\"},\"wordCount\":634,\"commentCount\":0,\"image\":{\"@id\":\"https:\/\/dev.explora.cl\/aysen\/el-estudio-que-busca-descifrar-como-era-aysen-desde-hace-12-000-anos-atras\/#primaryimage\"},\"thumbnailUrl\":\"https:\/\/dev.explora.cl\/aysen\/wp-content\/uploads\/sites\/18\/2019\/09\/thumbnail_DSC00513-DSC-HX400V.jpg\",\"articleSection\":[\"Noticias\"],\"inLanguage\":\"es-CL\",\"potentialAction\":[{\"@type\":\"CommentAction\",\"name\":\"Comment\",\"target\":[\"https:\/\/dev.explora.cl\/aysen\/el-estudio-que-busca-descifrar-como-era-aysen-desde-hace-12-000-anos-atras\/#respond\"]}]},{\"@type\":\"WebPage\",\"@id\":\"https:\/\/dev.explora.cl\/aysen\/el-estudio-que-busca-descifrar-como-era-aysen-desde-hace-12-000-anos-atras\/\",\"url\":\"https:\/\/dev.explora.cl\/aysen\/el-estudio-que-busca-descifrar-como-era-aysen-desde-hace-12-000-anos-atras\/\",\"name\":\"El estudio que busca descifrar c\u00f3mo era Ays\u00e9n desde hace 12.000 a\u00f1os atr\u00e1s - Aysen\",\"isPartOf\":{\"@id\":\"https:\/\/dev.explora.cl\/aysen\/#website\"},\"primaryImageOfPage\":{\"@id\":\"https:\/\/dev.explora.cl\/aysen\/el-estudio-que-busca-descifrar-como-era-aysen-desde-hace-12-000-anos-atras\/#primaryimage\"},\"image\":{\"@id\":\"https:\/\/dev.explora.cl\/aysen\/el-estudio-que-busca-descifrar-como-era-aysen-desde-hace-12-000-anos-atras\/#primaryimage\"},\"thumbnailUrl\":\"https:\/\/dev.explora.cl\/aysen\/wp-content\/uploads\/sites\/18\/2019\/09\/thumbnail_DSC00513-DSC-HX400V.jpg\",\"datePublished\":\"2019-09-04T14:14:20+00:00\",\"dateModified\":\"2023-07-28T15:37:24+00:00\",\"author\":{\"@id\":\"https:\/\/dev.explora.cl\/aysen\/#\/schema\/person\/81c802b1e3b443e2575e555b39e60a05\"},\"breadcrumb\":{\"@id\":\"https:\/\/dev.explora.cl\/aysen\/el-estudio-que-busca-descifrar-como-era-aysen-desde-hace-12-000-anos-atras\/#breadcrumb\"},\"inLanguage\":\"es-CL\",\"potentialAction\":[{\"@type\":\"ReadAction\",\"target\":[\"https:\/\/dev.explora.cl\/aysen\/el-estudio-que-busca-descifrar-como-era-aysen-desde-hace-12-000-anos-atras\/\"]}]},{\"@type\":\"ImageObject\",\"inLanguage\":\"es-CL\",\"@id\":\"https:\/\/dev.explora.cl\/aysen\/el-estudio-que-busca-descifrar-como-era-aysen-desde-hace-12-000-anos-atras\/#primaryimage\",\"url\":\"https:\/\/dev.explora.cl\/aysen\/wp-content\/uploads\/sites\/18\/2019\/09\/thumbnail_DSC00513-DSC-HX400V.jpg\",\"contentUrl\":\"https:\/\/dev.explora.cl\/aysen\/wp-content\/uploads\/sites\/18\/2019\/09\/thumbnail_DSC00513-DSC-HX400V.jpg\",\"width\":1280,\"height\":960},{\"@type\":\"BreadcrumbList\",\"@id\":\"https:\/\/dev.explora.cl\/aysen\/el-estudio-que-busca-descifrar-como-era-aysen-desde-hace-12-000-anos-atras\/#breadcrumb\",\"itemListElement\":[{\"@type\":\"ListItem\",\"position\":1,\"name\":\"Portada\",\"item\":\"https:\/\/dev.explora.cl\/aysen\/\"},{\"@type\":\"ListItem\",\"position\":2,\"name\":\"El estudio que busca descifrar c\u00f3mo era Ays\u00e9n desde hace 12.000 a\u00f1os atr\u00e1s\"}]},{\"@type\":\"WebSite\",\"@id\":\"https:\/\/dev.explora.cl\/aysen\/#website\",\"url\":\"https:\/\/dev.explora.cl\/aysen\/\",\"name\":\"Aysen\",\"description\":\"Otro sitio m\u00e1s de dev.explora.cl\",\"potentialAction\":[{\"@type\":\"SearchAction\",\"target\":{\"@type\":\"EntryPoint\",\"urlTemplate\":\"https:\/\/dev.explora.cl\/aysen\/?s={search_term_string}\"},\"query-input\":{\"@type\":\"PropertyValueSpecification\",\"valueRequired\":true,\"valueName\":\"search_term_string\"}}],\"inLanguage\":\"es-CL\"},{\"@type\":\"Person\",\"@id\":\"https:\/\/dev.explora.cl\/aysen\/#\/schema\/person\/81c802b1e3b443e2575e555b39e60a05\",\"name\":\"scisternas\",\"image\":{\"@type\":\"ImageObject\",\"inLanguage\":\"es-CL\",\"@id\":\"https:\/\/dev.explora.cl\/aysen\/#\/schema\/person\/image\/\",\"url\":\"https:\/\/secure.gravatar.com\/avatar\/611c8f1946b775bdf01b0521c85a9381c3ad08d928d8ead34ce577b0fa231c76?s=96&d=mm&r=g\",\"contentUrl\":\"https:\/\/secure.gravatar.com\/avatar\/611c8f1946b775bdf01b0521c85a9381c3ad08d928d8ead34ce577b0fa231c76?s=96&d=mm&r=g\",\"caption\":\"scisternas\"},\"url\":\"https:\/\/dev.explora.cl\/aysen\/author\/scisternas\/\"}]}<\/script>\n<!-- \/ Yoast SEO plugin. -->","yoast_head_json":{"title":"El estudio que busca descifrar c\u00f3mo era Ays\u00e9n desde hace 12.000 a\u00f1os atr\u00e1s - Aysen","robots":{"index":"index","follow":"follow","max-snippet":"max-snippet:-1","max-image-preview":"max-image-preview:large","max-video-preview":"max-video-preview:-1"},"canonical":"https:\/\/dev.explora.cl\/aysen\/el-estudio-que-busca-descifrar-como-era-aysen-desde-hace-12-000-anos-atras\/","og_locale":"es_ES","og_type":"article","og_title":"El estudio que busca descifrar c\u00f3mo era Ays\u00e9n desde hace 12.000 a\u00f1os atr\u00e1s - Aysen","og_description":"La Dra. en Arqueolog\u00eda y asesora del PAR Explora Ays\u00e9n, Amalia Nuevo, junto con realizar divulgaci\u00f3n cient\u00edfica, actualmente est\u00e1 estudiando la zona con menos informaci\u00f3n arqueol\u00f3gica de la regi\u00f3n, buscando claves sobre las din\u00e1micas de las antiguas poblaciones humanas de la Patagonia.","og_url":"https:\/\/dev.explora.cl\/aysen\/el-estudio-que-busca-descifrar-como-era-aysen-desde-hace-12-000-anos-atras\/","og_site_name":"Aysen","article_published_time":"2019-09-04T14:14:20+00:00","article_modified_time":"2023-07-28T15:37:24+00:00","og_image":[{"width":1280,"height":960,"url":"https:\/\/dev.explora.cl\/aysen\/wp-content\/uploads\/sites\/18\/2019\/09\/thumbnail_DSC00513-DSC-HX400V.jpg","type":"image\/jpeg"}],"author":"scisternas","twitter_card":"summary_large_image","twitter_misc":{"Escrito por":"scisternas","Tiempo estimado de lectura":"3 minutos"},"schema":{"@context":"https:\/\/schema.org","@graph":[{"@type":"Article","@id":"https:\/\/dev.explora.cl\/aysen\/el-estudio-que-busca-descifrar-como-era-aysen-desde-hace-12-000-anos-atras\/#article","isPartOf":{"@id":"https:\/\/dev.explora.cl\/aysen\/el-estudio-que-busca-descifrar-como-era-aysen-desde-hace-12-000-anos-atras\/"},"author":{"name":"scisternas","@id":"https:\/\/dev.explora.cl\/aysen\/#\/schema\/person\/81c802b1e3b443e2575e555b39e60a05"},"headline":"El estudio que busca descifrar c\u00f3mo era Ays\u00e9n desde hace 12.000 a\u00f1os atr\u00e1s","datePublished":"2019-09-04T14:14:20+00:00","dateModified":"2023-07-28T15:37:24+00:00","mainEntityOfPage":{"@id":"https:\/\/dev.explora.cl\/aysen\/el-estudio-que-busca-descifrar-como-era-aysen-desde-hace-12-000-anos-atras\/"},"wordCount":634,"commentCount":0,"image":{"@id":"https:\/\/dev.explora.cl\/aysen\/el-estudio-que-busca-descifrar-como-era-aysen-desde-hace-12-000-anos-atras\/#primaryimage"},"thumbnailUrl":"https:\/\/dev.explora.cl\/aysen\/wp-content\/uploads\/sites\/18\/2019\/09\/thumbnail_DSC00513-DSC-HX400V.jpg","articleSection":["Noticias"],"inLanguage":"es-CL","potentialAction":[{"@type":"CommentAction","name":"Comment","target":["https:\/\/dev.explora.cl\/aysen\/el-estudio-que-busca-descifrar-como-era-aysen-desde-hace-12-000-anos-atras\/#respond"]}]},{"@type":"WebPage","@id":"https:\/\/dev.explora.cl\/aysen\/el-estudio-que-busca-descifrar-como-era-aysen-desde-hace-12-000-anos-atras\/","url":"https:\/\/dev.explora.cl\/aysen\/el-estudio-que-busca-descifrar-como-era-aysen-desde-hace-12-000-anos-atras\/","name":"El estudio que busca descifrar c\u00f3mo era Ays\u00e9n desde hace 12.000 a\u00f1os atr\u00e1s - Aysen","isPartOf":{"@id":"https:\/\/dev.explora.cl\/aysen\/#website"},"primaryImageOfPage":{"@id":"https:\/\/dev.explora.cl\/aysen\/el-estudio-que-busca-descifrar-como-era-aysen-desde-hace-12-000-anos-atras\/#primaryimage"},"image":{"@id":"https:\/\/dev.explora.cl\/aysen\/el-estudio-que-busca-descifrar-como-era-aysen-desde-hace-12-000-anos-atras\/#primaryimage"},"thumbnailUrl":"https:\/\/dev.explora.cl\/aysen\/wp-content\/uploads\/sites\/18\/2019\/09\/thumbnail_DSC00513-DSC-HX400V.jpg","datePublished":"2019-09-04T14:14:20+00:00","dateModified":"2023-07-28T15:37:24+00:00","author":{"@id":"https:\/\/dev.explora.cl\/aysen\/#\/schema\/person\/81c802b1e3b443e2575e555b39e60a05"},"breadcrumb":{"@id":"https:\/\/dev.explora.cl\/aysen\/el-estudio-que-busca-descifrar-como-era-aysen-desde-hace-12-000-anos-atras\/#breadcrumb"},"inLanguage":"es-CL","potentialAction":[{"@type":"ReadAction","target":["https:\/\/dev.explora.cl\/aysen\/el-estudio-que-busca-descifrar-como-era-aysen-desde-hace-12-000-anos-atras\/"]}]},{"@type":"ImageObject","inLanguage":"es-CL","@id":"https:\/\/dev.explora.cl\/aysen\/el-estudio-que-busca-descifrar-como-era-aysen-desde-hace-12-000-anos-atras\/#primaryimage","url":"https:\/\/dev.explora.cl\/aysen\/wp-content\/uploads\/sites\/18\/2019\/09\/thumbnail_DSC00513-DSC-HX400V.jpg","contentUrl":"https:\/\/dev.explora.cl\/aysen\/wp-content\/uploads\/sites\/18\/2019\/09\/thumbnail_DSC00513-DSC-HX400V.jpg","width":1280,"height":960},{"@type":"BreadcrumbList","@id":"https:\/\/dev.explora.cl\/aysen\/el-estudio-que-busca-descifrar-como-era-aysen-desde-hace-12-000-anos-atras\/#breadcrumb","itemListElement":[{"@type":"ListItem","position":1,"name":"Portada","item":"https:\/\/dev.explora.cl\/aysen\/"},{"@type":"ListItem","position":2,"name":"El estudio que busca descifrar c\u00f3mo era Ays\u00e9n desde hace 12.000 a\u00f1os atr\u00e1s"}]},{"@type":"WebSite","@id":"https:\/\/dev.explora.cl\/aysen\/#website","url":"https:\/\/dev.explora.cl\/aysen\/","name":"Aysen","description":"Otro sitio m\u00e1s de dev.explora.cl","potentialAction":[{"@type":"SearchAction","target":{"@type":"EntryPoint","urlTemplate":"https:\/\/dev.explora.cl\/aysen\/?s={search_term_string}"},"query-input":{"@type":"PropertyValueSpecification","valueRequired":true,"valueName":"search_term_string"}}],"inLanguage":"es-CL"},{"@type":"Person","@id":"https:\/\/dev.explora.cl\/aysen\/#\/schema\/person\/81c802b1e3b443e2575e555b39e60a05","name":"scisternas","image":{"@type":"ImageObject","inLanguage":"es-CL","@id":"https:\/\/dev.explora.cl\/aysen\/#\/schema\/person\/image\/","url":"https:\/\/secure.gravatar.com\/avatar\/611c8f1946b775bdf01b0521c85a9381c3ad08d928d8ead34ce577b0fa231c76?s=96&d=mm&r=g","contentUrl":"https:\/\/secure.gravatar.com\/avatar\/611c8f1946b775bdf01b0521c85a9381c3ad08d928d8ead34ce577b0fa231c76?s=96&d=mm&r=g","caption":"scisternas"},"url":"https:\/\/dev.explora.cl\/aysen\/author\/scisternas\/"}]}},"_links":{"self":[{"href":"https:\/\/dev.explora.cl\/aysen\/wp-json\/wp\/v2\/posts\/37561","targetHints":{"allow":["GET"]}}],"collection":[{"href":"https:\/\/dev.explora.cl\/aysen\/wp-json\/wp\/v2\/posts"}],"about":[{"href":"https:\/\/dev.explora.cl\/aysen\/wp-json\/wp\/v2\/types\/post"}],"author":[{"embeddable":true,"href":"https:\/\/dev.explora.cl\/aysen\/wp-json\/wp\/v2\/users\/37"}],"replies":[{"embeddable":true,"href":"https:\/\/dev.explora.cl\/aysen\/wp-json\/wp\/v2\/comments?post=37561"}],"version-history":[{"count":1,"href":"https:\/\/dev.explora.cl\/aysen\/wp-json\/wp\/v2\/posts\/37561\/revisions"}],"predecessor-version":[{"id":37564,"href":"https:\/\/dev.explora.cl\/aysen\/wp-json\/wp\/v2\/posts\/37561\/revisions\/37564"}],"wp:featuredmedia":[{"embeddable":true,"href":"https:\/\/dev.explora.cl\/aysen\/wp-json\/wp\/v2\/media\/37563"}],"wp:attachment":[{"href":"https:\/\/dev.explora.cl\/aysen\/wp-json\/wp\/v2\/media?parent=37561"}],"wp:term":[{"taxonomy":"category","embeddable":true,"href":"https:\/\/dev.explora.cl\/aysen\/wp-json\/wp\/v2\/categories?post=37561"},{"taxonomy":"post_tag","embeddable":true,"href":"https:\/\/dev.explora.cl\/aysen\/wp-json\/wp\/v2\/tags?post=37561"}],"curies":[{"name":"wp","href":"https:\/\/api.w.org\/{rel}","templated":true}]}}