{"id":37499,"date":"2019-06-24T11:48:08","date_gmt":"2019-06-24T15:48:08","guid":{"rendered":"https:\/\/dev.explora.cl\/aysen\/?p=37499"},"modified":"2023-07-28T11:37:46","modified_gmt":"2023-07-28T15:37:46","slug":"firman-convenio-colaborativo-pacto-mundial-de-los-jovenes-por-el-clima","status":"publish","type":"post","link":"https:\/\/dev.explora.cl\/aysen\/firman-convenio-colaborativo-pacto-mundial-de-los-jovenes-por-el-clima\/","title":{"rendered":"Firman convenio colaborativo \u201cPacto Mundial De Los J\u00f3venes Por El Clima\u201d"},"content":{"rendered":"<p>El Decano de la Facultad de Ciencias, Carlos Bertr\u00e1n y el Director Cient\u00edfico de la iniciativa internacional, llamada \u201cPacto mundial de los j\u00f3venes por el clima\u201d (Global Youth Climate Pact, en ingl\u00e9s) Alfredo Pena-Vega firmaron el documento que compromete a la Universidad Austral de Chile y al Instituto Interdisciplinario de Antropolog\u00eda Cr\u00edtica- Centro Edgar Morin (Francia) en el desarrollo de m\u00faltiples actividades con vista a la Conferencia de las Partes de Naciones Unidas o COP25, la cumbre sobre cambio clim\u00e1tico m\u00e1s importante del mundo.<\/p>\n<p>De acuerdo al convenio firmado, la idea es desarrollar un plan de actividades\u00a0 dirigido a\u00a0 profesores y estudiantes de 6 en liceos de la regi\u00f3n Ays\u00e9n, en las cuales se busca promover la reflexi\u00f3n y el debate sobre diversos aspectos de los efectos del cambio clim\u00e1tico en las regiones.<\/p>\n<p>\u201cEs un proyecto de investigaci\u00f3n-acci\u00f3n que tiene como primer objetivo sensibilizar y concientizar a los j\u00f3venes sobre el problema del cambio clim\u00e1tico y sus consecuencias. No es un proyecto de especializaci\u00f3n, es un proyecto que permite un di\u00e1logo entre el cient\u00edfico, profesor y el estudiante, donde los j\u00f3venes elaboran un pensamiento cr\u00edtico frente a estos problemas\u201d, se\u00f1alo Pena-Vega.<\/p>\n<p>En complemento, el investigador del Centro Edgar Morin plantea que no es un proyecto que est\u00e1 orientado \u00fanicamente a la COP 25.<\/p>\n<p>\u201cLa COP representa una oportunidad para visibilizar el proyecto en esa instancia mundial, siendo los j\u00f3venes quienes participan llevando sus proyectos\u201d, destac\u00f3.<\/p>\n<p>En lo profundo, la iniciativa busca que los cient\u00edficos de todas las \u00e1reas de las ciencias y las humanidades, vayan a los liceos, entreguen sus conocimientos e intercambien ideas con los j\u00f3venes, en la que adem\u00e1s participa el profesor como mediador. Por una parte, el joven elabora un proyecto en funci\u00f3n a lo que escuch\u00f3 del cient\u00edfico y por otra el investigador, quien observ\u00f3 la experiencia, analiza y escribe sobre lo observado durante todo ese periodo. Estas observaciones o levantamiento de informaci\u00f3n es de suma importancia para la construcci\u00f3n de pol\u00edticas p\u00fablicas ligadas a la educaci\u00f3n, seg\u00fan resalta Pena-Vega.<\/p>\n<p>Otro aspecto relevante, es que el convenio incluye a los estudiantes del Bachillerato en Ciencias del Campus Patagonia, incorporando estos trabajos en el marco del presente convenio bajo la modalidad de curso y\/o taller optativo.<\/p>\n<p>Para el Director del Campus Patagonia, Dr. Alejandro Reyes, este convenio es muy importante para la universidad, ya que \u201cpor una parte, es una oportunidad para vincular a nuestros estudiantes con el entorno social local y adem\u00e1s en el contexto de cambio clim\u00e1tico, que es un \u00e1rea de fuerte inter\u00e9s regional. Por otra parte, nos permite como Campus Patagonia vincularnos efectivamente con la Facultad de Ciencias de la UACh en Valdivia y el Instituto Interdisciplinario de Antropolog\u00eda Cr\u00edtica- Centro Edgar Mor\u00edn de Francia. Adem\u00e1s, el enfoque de esta iniciativa nos parece muy atractiva para la regi\u00f3n, pues formula una propuesta de investigaci\u00f3n \u2013 acci\u00f3n que propone que j\u00f3venes elaboren pensamiento cr\u00edtico frente al desaf\u00edo del cambio clim\u00e1tico. Finalmente, hay que destacar que se trata de un proyecto internacional, que se desarrolla hace a\u00f1os en Chile y que finalmente se despliega en nuestra regi\u00f3n de Ays\u00e9n. Nosotros visualizamos este v\u00ednculo mucho mas all\u00e1 que la COP25.\u201d<\/p>\n<p>Vale destacar que el \u201cPacto mundial de los j\u00f3venes por el clima\u201d(Global Youth Climate Pact, en ingl\u00e9s) abarca 26 pa\u00edses, 178 liceos, 5.800 j\u00f3venes y este el quinto a\u00f1o de funcionamiento en Chile, donde abarca 6 regiones del pa\u00eds, teniendo como foco principal los liceos p\u00fablicos ubicados geogr\u00e1ficamente distantes.<\/p>\n","protected":false},"excerpt":{"rendered":"<p>Para el Director del Campus Patagonia, Dr. Alejandro Reyes, este convenio es muy importante para la universidad, ya que \u201cpor una parte, es una oportunidad para vincular a nuestros estudiantes con el entorno social local y adem\u00e1s en el contexto de cambio clim\u00e1tico, que es un \u00e1rea de fuerte inter\u00e9s regional.<\/p>\n","protected":false},"author":37,"featured_media":37500,"comment_status":"open","ping_status":"open","sticky":false,"template":"","format":"standard","meta":{"_acf_changed":false,"_exactmetrics_skip_tracking":false,"_exactmetrics_sitenote_active":false,"_exactmetrics_sitenote_note":"","_exactmetrics_sitenote_category":0,"footnotes":"","_links_to":"","_links_to_target":""},"categories":[4],"tags":[],"class_list":["post-37499","post","type-post","status-publish","format-standard","has-post-thumbnail","hentry","category-noticias"],"acf":[],"yoast_head":"<!-- This site is optimized with the Yoast SEO plugin v26.7 - https:\/\/yoast.com\/wordpress\/plugins\/seo\/ -->\n<title>Firman convenio colaborativo \u201cPacto Mundial De Los J\u00f3venes Por El Clima\u201d - Aysen<\/title>\n<meta name=\"robots\" content=\"index, follow, max-snippet:-1, max-image-preview:large, max-video-preview:-1\" \/>\n<link rel=\"canonical\" href=\"https:\/\/dev.explora.cl\/aysen\/firman-convenio-colaborativo-pacto-mundial-de-los-jovenes-por-el-clima\/\" class=\"yoast-seo-meta-tag\" \/>\n<meta property=\"og:locale\" content=\"es_ES\" class=\"yoast-seo-meta-tag\" \/>\n<meta property=\"og:type\" content=\"article\" class=\"yoast-seo-meta-tag\" \/>\n<meta property=\"og:title\" content=\"Firman convenio colaborativo \u201cPacto Mundial De Los J\u00f3venes Por El Clima\u201d - Aysen\" class=\"yoast-seo-meta-tag\" \/>\n<meta property=\"og:description\" content=\"Para el Director del Campus Patagonia, Dr. Alejandro Reyes, este convenio es muy importante para la universidad, ya que \u201cpor una parte, es una oportunidad para vincular a nuestros estudiantes con el entorno social local y adem\u00e1s en el contexto de cambio clim\u00e1tico, que es un \u00e1rea de fuerte inter\u00e9s regional.\" class=\"yoast-seo-meta-tag\" \/>\n<meta property=\"og:url\" content=\"https:\/\/dev.explora.cl\/aysen\/firman-convenio-colaborativo-pacto-mundial-de-los-jovenes-por-el-clima\/\" class=\"yoast-seo-meta-tag\" \/>\n<meta property=\"og:site_name\" content=\"Aysen\" class=\"yoast-seo-meta-tag\" \/>\n<meta property=\"article:published_time\" content=\"2019-06-24T15:48:08+00:00\" class=\"yoast-seo-meta-tag\" \/>\n<meta property=\"article:modified_time\" content=\"2023-07-28T15:37:46+00:00\" class=\"yoast-seo-meta-tag\" \/>\n<meta property=\"og:image\" content=\"https:\/\/dev.explora.cl\/aysen\/wp-content\/uploads\/sites\/18\/2019\/06\/WEB-Explora-o1.jpg\" class=\"yoast-seo-meta-tag\" \/>\n\t<meta property=\"og:image:width\" content=\"1100\" class=\"yoast-seo-meta-tag\" \/>\n\t<meta property=\"og:image:height\" content=\"737\" class=\"yoast-seo-meta-tag\" \/>\n\t<meta property=\"og:image:type\" content=\"image\/jpeg\" class=\"yoast-seo-meta-tag\" \/>\n<meta name=\"author\" content=\"scisternas\" class=\"yoast-seo-meta-tag\" \/>\n<meta name=\"twitter:card\" content=\"summary_large_image\" class=\"yoast-seo-meta-tag\" \/>\n<meta name=\"twitter:label1\" content=\"Escrito por\" class=\"yoast-seo-meta-tag\" \/>\n\t<meta name=\"twitter:data1\" content=\"scisternas\" class=\"yoast-seo-meta-tag\" \/>\n\t<meta name=\"twitter:label2\" content=\"Tiempo estimado de lectura\" class=\"yoast-seo-meta-tag\" \/>\n\t<meta name=\"twitter:data2\" content=\"3 minutos\" class=\"yoast-seo-meta-tag\" \/>\n<script type=\"application\/ld+json\" class=\"yoast-schema-graph\">{\"@context\":\"https:\/\/schema.org\",\"@graph\":[{\"@type\":\"Article\",\"@id\":\"https:\/\/dev.explora.cl\/aysen\/firman-convenio-colaborativo-pacto-mundial-de-los-jovenes-por-el-clima\/#article\",\"isPartOf\":{\"@id\":\"https:\/\/dev.explora.cl\/aysen\/firman-convenio-colaborativo-pacto-mundial-de-los-jovenes-por-el-clima\/\"},\"author\":{\"name\":\"scisternas\",\"@id\":\"https:\/\/dev.explora.cl\/aysen\/#\/schema\/person\/81c802b1e3b443e2575e555b39e60a05\"},\"headline\":\"Firman convenio colaborativo \u201cPacto Mundial De Los J\u00f3venes Por El Clima\u201d\",\"datePublished\":\"2019-06-24T15:48:08+00:00\",\"dateModified\":\"2023-07-28T15:37:46+00:00\",\"mainEntityOfPage\":{\"@id\":\"https:\/\/dev.explora.cl\/aysen\/firman-convenio-colaborativo-pacto-mundial-de-los-jovenes-por-el-clima\/\"},\"wordCount\":641,\"commentCount\":0,\"image\":{\"@id\":\"https:\/\/dev.explora.cl\/aysen\/firman-convenio-colaborativo-pacto-mundial-de-los-jovenes-por-el-clima\/#primaryimage\"},\"thumbnailUrl\":\"https:\/\/dev.explora.cl\/aysen\/wp-content\/uploads\/sites\/18\/2019\/06\/WEB-Explora-o1.jpg\",\"articleSection\":[\"Noticias\"],\"inLanguage\":\"es-CL\",\"potentialAction\":[{\"@type\":\"CommentAction\",\"name\":\"Comment\",\"target\":[\"https:\/\/dev.explora.cl\/aysen\/firman-convenio-colaborativo-pacto-mundial-de-los-jovenes-por-el-clima\/#respond\"]}]},{\"@type\":\"WebPage\",\"@id\":\"https:\/\/dev.explora.cl\/aysen\/firman-convenio-colaborativo-pacto-mundial-de-los-jovenes-por-el-clima\/\",\"url\":\"https:\/\/dev.explora.cl\/aysen\/firman-convenio-colaborativo-pacto-mundial-de-los-jovenes-por-el-clima\/\",\"name\":\"Firman convenio colaborativo \u201cPacto Mundial De Los J\u00f3venes Por El Clima\u201d - Aysen\",\"isPartOf\":{\"@id\":\"https:\/\/dev.explora.cl\/aysen\/#website\"},\"primaryImageOfPage\":{\"@id\":\"https:\/\/dev.explora.cl\/aysen\/firman-convenio-colaborativo-pacto-mundial-de-los-jovenes-por-el-clima\/#primaryimage\"},\"image\":{\"@id\":\"https:\/\/dev.explora.cl\/aysen\/firman-convenio-colaborativo-pacto-mundial-de-los-jovenes-por-el-clima\/#primaryimage\"},\"thumbnailUrl\":\"https:\/\/dev.explora.cl\/aysen\/wp-content\/uploads\/sites\/18\/2019\/06\/WEB-Explora-o1.jpg\",\"datePublished\":\"2019-06-24T15:48:08+00:00\",\"dateModified\":\"2023-07-28T15:37:46+00:00\",\"author\":{\"@id\":\"https:\/\/dev.explora.cl\/aysen\/#\/schema\/person\/81c802b1e3b443e2575e555b39e60a05\"},\"breadcrumb\":{\"@id\":\"https:\/\/dev.explora.cl\/aysen\/firman-convenio-colaborativo-pacto-mundial-de-los-jovenes-por-el-clima\/#breadcrumb\"},\"inLanguage\":\"es-CL\",\"potentialAction\":[{\"@type\":\"ReadAction\",\"target\":[\"https:\/\/dev.explora.cl\/aysen\/firman-convenio-colaborativo-pacto-mundial-de-los-jovenes-por-el-clima\/\"]}]},{\"@type\":\"ImageObject\",\"inLanguage\":\"es-CL\",\"@id\":\"https:\/\/dev.explora.cl\/aysen\/firman-convenio-colaborativo-pacto-mundial-de-los-jovenes-por-el-clima\/#primaryimage\",\"url\":\"https:\/\/dev.explora.cl\/aysen\/wp-content\/uploads\/sites\/18\/2019\/06\/WEB-Explora-o1.jpg\",\"contentUrl\":\"https:\/\/dev.explora.cl\/aysen\/wp-content\/uploads\/sites\/18\/2019\/06\/WEB-Explora-o1.jpg\",\"width\":1100,\"height\":737},{\"@type\":\"BreadcrumbList\",\"@id\":\"https:\/\/dev.explora.cl\/aysen\/firman-convenio-colaborativo-pacto-mundial-de-los-jovenes-por-el-clima\/#breadcrumb\",\"itemListElement\":[{\"@type\":\"ListItem\",\"position\":1,\"name\":\"Portada\",\"item\":\"https:\/\/dev.explora.cl\/aysen\/\"},{\"@type\":\"ListItem\",\"position\":2,\"name\":\"Firman convenio colaborativo \u201cPacto Mundial De Los J\u00f3venes Por El Clima\u201d\"}]},{\"@type\":\"WebSite\",\"@id\":\"https:\/\/dev.explora.cl\/aysen\/#website\",\"url\":\"https:\/\/dev.explora.cl\/aysen\/\",\"name\":\"Aysen\",\"description\":\"Otro sitio m\u00e1s de dev.explora.cl\",\"potentialAction\":[{\"@type\":\"SearchAction\",\"target\":{\"@type\":\"EntryPoint\",\"urlTemplate\":\"https:\/\/dev.explora.cl\/aysen\/?s={search_term_string}\"},\"query-input\":{\"@type\":\"PropertyValueSpecification\",\"valueRequired\":true,\"valueName\":\"search_term_string\"}}],\"inLanguage\":\"es-CL\"},{\"@type\":\"Person\",\"@id\":\"https:\/\/dev.explora.cl\/aysen\/#\/schema\/person\/81c802b1e3b443e2575e555b39e60a05\",\"name\":\"scisternas\",\"image\":{\"@type\":\"ImageObject\",\"inLanguage\":\"es-CL\",\"@id\":\"https:\/\/dev.explora.cl\/aysen\/#\/schema\/person\/image\/\",\"url\":\"https:\/\/secure.gravatar.com\/avatar\/611c8f1946b775bdf01b0521c85a9381c3ad08d928d8ead34ce577b0fa231c76?s=96&d=mm&r=g\",\"contentUrl\":\"https:\/\/secure.gravatar.com\/avatar\/611c8f1946b775bdf01b0521c85a9381c3ad08d928d8ead34ce577b0fa231c76?s=96&d=mm&r=g\",\"caption\":\"scisternas\"},\"url\":\"https:\/\/dev.explora.cl\/aysen\/author\/scisternas\/\"}]}<\/script>\n<!-- \/ Yoast SEO plugin. -->","yoast_head_json":{"title":"Firman convenio colaborativo \u201cPacto Mundial De Los J\u00f3venes Por El Clima\u201d - Aysen","robots":{"index":"index","follow":"follow","max-snippet":"max-snippet:-1","max-image-preview":"max-image-preview:large","max-video-preview":"max-video-preview:-1"},"canonical":"https:\/\/dev.explora.cl\/aysen\/firman-convenio-colaborativo-pacto-mundial-de-los-jovenes-por-el-clima\/","og_locale":"es_ES","og_type":"article","og_title":"Firman convenio colaborativo \u201cPacto Mundial De Los J\u00f3venes Por El Clima\u201d - Aysen","og_description":"Para el Director del Campus Patagonia, Dr. Alejandro Reyes, este convenio es muy importante para la universidad, ya que \u201cpor una parte, es una oportunidad para vincular a nuestros estudiantes con el entorno social local y adem\u00e1s en el contexto de cambio clim\u00e1tico, que es un \u00e1rea de fuerte inter\u00e9s regional.","og_url":"https:\/\/dev.explora.cl\/aysen\/firman-convenio-colaborativo-pacto-mundial-de-los-jovenes-por-el-clima\/","og_site_name":"Aysen","article_published_time":"2019-06-24T15:48:08+00:00","article_modified_time":"2023-07-28T15:37:46+00:00","og_image":[{"width":1100,"height":737,"url":"https:\/\/dev.explora.cl\/aysen\/wp-content\/uploads\/sites\/18\/2019\/06\/WEB-Explora-o1.jpg","type":"image\/jpeg"}],"author":"scisternas","twitter_card":"summary_large_image","twitter_misc":{"Escrito por":"scisternas","Tiempo estimado de lectura":"3 minutos"},"schema":{"@context":"https:\/\/schema.org","@graph":[{"@type":"Article","@id":"https:\/\/dev.explora.cl\/aysen\/firman-convenio-colaborativo-pacto-mundial-de-los-jovenes-por-el-clima\/#article","isPartOf":{"@id":"https:\/\/dev.explora.cl\/aysen\/firman-convenio-colaborativo-pacto-mundial-de-los-jovenes-por-el-clima\/"},"author":{"name":"scisternas","@id":"https:\/\/dev.explora.cl\/aysen\/#\/schema\/person\/81c802b1e3b443e2575e555b39e60a05"},"headline":"Firman convenio colaborativo \u201cPacto Mundial De Los J\u00f3venes Por El Clima\u201d","datePublished":"2019-06-24T15:48:08+00:00","dateModified":"2023-07-28T15:37:46+00:00","mainEntityOfPage":{"@id":"https:\/\/dev.explora.cl\/aysen\/firman-convenio-colaborativo-pacto-mundial-de-los-jovenes-por-el-clima\/"},"wordCount":641,"commentCount":0,"image":{"@id":"https:\/\/dev.explora.cl\/aysen\/firman-convenio-colaborativo-pacto-mundial-de-los-jovenes-por-el-clima\/#primaryimage"},"thumbnailUrl":"https:\/\/dev.explora.cl\/aysen\/wp-content\/uploads\/sites\/18\/2019\/06\/WEB-Explora-o1.jpg","articleSection":["Noticias"],"inLanguage":"es-CL","potentialAction":[{"@type":"CommentAction","name":"Comment","target":["https:\/\/dev.explora.cl\/aysen\/firman-convenio-colaborativo-pacto-mundial-de-los-jovenes-por-el-clima\/#respond"]}]},{"@type":"WebPage","@id":"https:\/\/dev.explora.cl\/aysen\/firman-convenio-colaborativo-pacto-mundial-de-los-jovenes-por-el-clima\/","url":"https:\/\/dev.explora.cl\/aysen\/firman-convenio-colaborativo-pacto-mundial-de-los-jovenes-por-el-clima\/","name":"Firman convenio colaborativo \u201cPacto Mundial De Los J\u00f3venes Por El Clima\u201d - Aysen","isPartOf":{"@id":"https:\/\/dev.explora.cl\/aysen\/#website"},"primaryImageOfPage":{"@id":"https:\/\/dev.explora.cl\/aysen\/firman-convenio-colaborativo-pacto-mundial-de-los-jovenes-por-el-clima\/#primaryimage"},"image":{"@id":"https:\/\/dev.explora.cl\/aysen\/firman-convenio-colaborativo-pacto-mundial-de-los-jovenes-por-el-clima\/#primaryimage"},"thumbnailUrl":"https:\/\/dev.explora.cl\/aysen\/wp-content\/uploads\/sites\/18\/2019\/06\/WEB-Explora-o1.jpg","datePublished":"2019-06-24T15:48:08+00:00","dateModified":"2023-07-28T15:37:46+00:00","author":{"@id":"https:\/\/dev.explora.cl\/aysen\/#\/schema\/person\/81c802b1e3b443e2575e555b39e60a05"},"breadcrumb":{"@id":"https:\/\/dev.explora.cl\/aysen\/firman-convenio-colaborativo-pacto-mundial-de-los-jovenes-por-el-clima\/#breadcrumb"},"inLanguage":"es-CL","potentialAction":[{"@type":"ReadAction","target":["https:\/\/dev.explora.cl\/aysen\/firman-convenio-colaborativo-pacto-mundial-de-los-jovenes-por-el-clima\/"]}]},{"@type":"ImageObject","inLanguage":"es-CL","@id":"https:\/\/dev.explora.cl\/aysen\/firman-convenio-colaborativo-pacto-mundial-de-los-jovenes-por-el-clima\/#primaryimage","url":"https:\/\/dev.explora.cl\/aysen\/wp-content\/uploads\/sites\/18\/2019\/06\/WEB-Explora-o1.jpg","contentUrl":"https:\/\/dev.explora.cl\/aysen\/wp-content\/uploads\/sites\/18\/2019\/06\/WEB-Explora-o1.jpg","width":1100,"height":737},{"@type":"BreadcrumbList","@id":"https:\/\/dev.explora.cl\/aysen\/firman-convenio-colaborativo-pacto-mundial-de-los-jovenes-por-el-clima\/#breadcrumb","itemListElement":[{"@type":"ListItem","position":1,"name":"Portada","item":"https:\/\/dev.explora.cl\/aysen\/"},{"@type":"ListItem","position":2,"name":"Firman convenio colaborativo \u201cPacto Mundial De Los J\u00f3venes Por El Clima\u201d"}]},{"@type":"WebSite","@id":"https:\/\/dev.explora.cl\/aysen\/#website","url":"https:\/\/dev.explora.cl\/aysen\/","name":"Aysen","description":"Otro sitio m\u00e1s de dev.explora.cl","potentialAction":[{"@type":"SearchAction","target":{"@type":"EntryPoint","urlTemplate":"https:\/\/dev.explora.cl\/aysen\/?s={search_term_string}"},"query-input":{"@type":"PropertyValueSpecification","valueRequired":true,"valueName":"search_term_string"}}],"inLanguage":"es-CL"},{"@type":"Person","@id":"https:\/\/dev.explora.cl\/aysen\/#\/schema\/person\/81c802b1e3b443e2575e555b39e60a05","name":"scisternas","image":{"@type":"ImageObject","inLanguage":"es-CL","@id":"https:\/\/dev.explora.cl\/aysen\/#\/schema\/person\/image\/","url":"https:\/\/secure.gravatar.com\/avatar\/611c8f1946b775bdf01b0521c85a9381c3ad08d928d8ead34ce577b0fa231c76?s=96&d=mm&r=g","contentUrl":"https:\/\/secure.gravatar.com\/avatar\/611c8f1946b775bdf01b0521c85a9381c3ad08d928d8ead34ce577b0fa231c76?s=96&d=mm&r=g","caption":"scisternas"},"url":"https:\/\/dev.explora.cl\/aysen\/author\/scisternas\/"}]}},"_links":{"self":[{"href":"https:\/\/dev.explora.cl\/aysen\/wp-json\/wp\/v2\/posts\/37499","targetHints":{"allow":["GET"]}}],"collection":[{"href":"https:\/\/dev.explora.cl\/aysen\/wp-json\/wp\/v2\/posts"}],"about":[{"href":"https:\/\/dev.explora.cl\/aysen\/wp-json\/wp\/v2\/types\/post"}],"author":[{"embeddable":true,"href":"https:\/\/dev.explora.cl\/aysen\/wp-json\/wp\/v2\/users\/37"}],"replies":[{"embeddable":true,"href":"https:\/\/dev.explora.cl\/aysen\/wp-json\/wp\/v2\/comments?post=37499"}],"version-history":[{"count":2,"href":"https:\/\/dev.explora.cl\/aysen\/wp-json\/wp\/v2\/posts\/37499\/revisions"}],"predecessor-version":[{"id":37502,"href":"https:\/\/dev.explora.cl\/aysen\/wp-json\/wp\/v2\/posts\/37499\/revisions\/37502"}],"wp:featuredmedia":[{"embeddable":true,"href":"https:\/\/dev.explora.cl\/aysen\/wp-json\/wp\/v2\/media\/37500"}],"wp:attachment":[{"href":"https:\/\/dev.explora.cl\/aysen\/wp-json\/wp\/v2\/media?parent=37499"}],"wp:term":[{"taxonomy":"category","embeddable":true,"href":"https:\/\/dev.explora.cl\/aysen\/wp-json\/wp\/v2\/categories?post=37499"},{"taxonomy":"post_tag","embeddable":true,"href":"https:\/\/dev.explora.cl\/aysen\/wp-json\/wp\/v2\/tags?post=37499"}],"curies":[{"name":"wp","href":"https:\/\/api.w.org\/{rel}","templated":true}]}}