{"id":37464,"date":"2019-06-24T11:09:57","date_gmt":"2019-06-24T15:09:57","guid":{"rendered":"https:\/\/dev.explora.cl\/aysen\/?p=37464"},"modified":"2023-07-28T11:02:07","modified_gmt":"2023-07-28T15:02:07","slug":"llevar-la-ciencia-y-la-tecnologia-a-toda-la-region-es-la-apuesta-del-proyecto-par-explora-aysen-de-la-uach-2","status":"publish","type":"post","link":"https:\/\/dev.explora.cl\/aysen\/llevar-la-ciencia-y-la-tecnologia-a-toda-la-region-es-la-apuesta-del-proyecto-par-explora-aysen-de-la-uach-2\/","title":{"rendered":"Llevar la ciencia y la tecnolog\u00eda a toda la Regi\u00f3n es la apuesta del PAR Explora Ays\u00e9n"},"content":{"rendered":"<h3><strong>El \u00a0equipo del Proyecto PAR Explora Ays\u00e9n de CONICYT del Campus Patagonia de la Universidad Austral de Chile, apoyado por Daniela Baeza profesional de la Seremi del Medio Ambiente, realiz\u00f3 una serie de encuentros en la zona sur de la regi\u00f3n abordando tem\u00e1ticas de cambio clim\u00e1tico y geopatrimonio.<\/strong><\/h3>\n<p>&nbsp;<\/p>\n<p>Motivar y acercar acciones de ciencia y tecnolog\u00eda a distintas localidades de Ays\u00e9n, para contribuir a una cultura cient\u00edfica en la regi\u00f3n, es el objetivo de la Ruta de la Ciencia y Tecnolog\u00eda que se inici\u00f3 con talleres, charlas y conversatorios en Cerro Castillo, Puerto R\u00edo Tranquilo y Cochrane y donde participaron delegaciones de Puerto Bertrand, Bah\u00eda Murta y Puerto Guadal.<\/p>\n<p>La apuesta en la zona sur de Ays\u00e9n fue generar espacios para promover un pensamiento cr\u00edtico, estimular la curiosidad y discutir con las comunidades, y en sus territorios, en torno a temas de inter\u00e9s local en ciencia y tecnolog\u00eda.<\/p>\n<p>\u201cLa Ruta de la Ciencia es una actividad regional del proyecto asociativo PAR Explora Ays\u00e9n que lidera la Universidad Austral de Chile y es una invitaci\u00f3n a acercarnos a los territorios con distintas actividades de ciencia y tecnolog\u00eda. En esta oportunidad abordamos el tema del Cambio Clim\u00e1tico, discutimos y reflexionamos en torno a medidas de mitigaci\u00f3n y adaptaci\u00f3n a este fen\u00f3meno que estamos viviendo\u201d, detall\u00f3, Marisol Barr\u00eda, directora del PAR Explora Ays\u00e9n.<\/p>\n<p>Las actividades realizadas en esta ruta por el equipo integrado por los profesionales del PAR Explora Ays\u00e9n, junto al ge\u00f3logo Paulo Quezada y la Arquitecto Daniela Baeza, de la Seremi de Medio Ambiente, partieron con un taller te\u00f3rico\/pr\u00e1ctico para estudiantes y docentes de la carrera T\u00e9cnico Profesional en Servicio Tur\u00edsticos del Liceo Rural de Villa Cerro Castillo.<\/p>\n<p>\u201cYo creo que es una instancia necesaria que deben llegar a todos los estudiantes, donde podamos reflexionar de las conductas que tenemos en nuestro d\u00eda a d\u00eda y c\u00f3mo influyen y repercuten de aqu\u00ed al futuro. Nosotros trabajamos al aire libre, la naturaleza es nuestra sala clase por lo tanto el compromiso medioambiental es clave\u201d, indic\u00f3 la coordinadora de la carrera, Karen Sandoval.<\/p>\n<p>En el Centro de Artesanos de Cochrane se invit\u00f3 a la comunidad a participar de un Conversatorio en Cambio Clim\u00e1tico, con el fin de generar un espacio de discusi\u00f3n entre los diversos actores locales, promoviendo as\u00ed \u00a0espacios para la alfabetizaci\u00f3n cient\u00edfica de la ciudadan\u00eda.<\/p>\n<p>\u201cCreemos que la tem\u00e1tica de cambio clim\u00e1tico es importante trabajarla en las comunidades porque se est\u00e1n dando hartos fen\u00f3menos en la regi\u00f3n, a prop\u00f3sito de este cambio en las temperaturas y en nuestra calidad de vida que hace que sea s\u00faper necesario conocer c\u00f3mo est\u00e1bamos antes, c\u00f3mo estamos y qu\u00e9 decisiones debemos ir tomando para cambiar el c\u00f3mo va a hacer ma\u00f1ana\u201d, se\u00f1al\u00f3 Jorge Molina uno de los asistentes a este encuentro abierto a la comunidad.<\/p>\n<p>Las actividades de la Ruta de la Ciencia en esta primera jornada, finalizaron con talleres te\u00f3rico pr\u00e1cticos desarrollados en la Escuela Gabriela Mistral de Puerto Tranquilo, con la presencia de alumnos y docentes de Puerto Guadal y Bah\u00eda Murta. Se espera realizar una segunda ruta a comienzos del mes de julio al norte de la regi\u00f3n, con actividades que llevar\u00e1n la ciencia y tecnolog\u00eda a las localidades de Villa Ma\u00f1ihuales, y La Junta y donde participar\u00e1n delegaciones de Villa Amengual, Puyuhuapi, Lago verde y Puerto Ra\u00fal Mar\u00edn Balmaceda.<\/p>\n","protected":false},"excerpt":{"rendered":"<p>Motivar y acercar acciones de ciencia y tecnolog\u00eda a distintas localidades de Ays\u00e9n, para contribuir a una cultura cient\u00edfica en la regi\u00f3n, es el objetivo de la Ruta de la Ciencia y Tecnolog\u00eda que se inici\u00f3 con talleres, charlas y conversatorios en Cerro Castillo, Puerto R\u00edo Tranquilo y Cochrane y donde participaron delegaciones de Puerto Bertrand, Bah\u00eda Murta y Puerto Guadal<\/p>\n","protected":false},"author":37,"featured_media":37466,"comment_status":"open","ping_status":"open","sticky":false,"template":"","format":"standard","meta":{"_acf_changed":false,"_exactmetrics_skip_tracking":false,"_exactmetrics_sitenote_active":false,"_exactmetrics_sitenote_note":"","_exactmetrics_sitenote_category":0,"footnotes":"","_links_to":"","_links_to_target":""},"categories":[4],"tags":[],"class_list":["post-37464","post","type-post","status-publish","format-standard","has-post-thumbnail","hentry","category-noticias"],"acf":[],"yoast_head":"<!-- This site is optimized with the Yoast SEO plugin v26.7 - https:\/\/yoast.com\/wordpress\/plugins\/seo\/ -->\n<title>Llevar la ciencia y la tecnolog\u00eda a toda la Regi\u00f3n es la apuesta del PAR Explora Ays\u00e9n - Aysen<\/title>\n<meta name=\"robots\" content=\"index, follow, max-snippet:-1, max-image-preview:large, max-video-preview:-1\" \/>\n<link rel=\"canonical\" href=\"https:\/\/dev.explora.cl\/aysen\/llevar-la-ciencia-y-la-tecnologia-a-toda-la-region-es-la-apuesta-del-proyecto-par-explora-aysen-de-la-uach-2\/\" class=\"yoast-seo-meta-tag\" \/>\n<meta property=\"og:locale\" content=\"es_ES\" class=\"yoast-seo-meta-tag\" \/>\n<meta property=\"og:type\" content=\"article\" class=\"yoast-seo-meta-tag\" \/>\n<meta property=\"og:title\" content=\"Llevar la ciencia y la tecnolog\u00eda a toda la Regi\u00f3n es la apuesta del PAR Explora Ays\u00e9n - Aysen\" class=\"yoast-seo-meta-tag\" \/>\n<meta property=\"og:description\" content=\"Motivar y acercar acciones de ciencia y tecnolog\u00eda a distintas localidades de Ays\u00e9n, para contribuir a una cultura cient\u00edfica en la regi\u00f3n, es el objetivo de la Ruta de la Ciencia y Tecnolog\u00eda que se inici\u00f3 con talleres, charlas y conversatorios en Cerro Castillo, Puerto R\u00edo Tranquilo y Cochrane y donde participaron delegaciones de Puerto Bertrand, Bah\u00eda Murta y Puerto Guadal\" class=\"yoast-seo-meta-tag\" \/>\n<meta property=\"og:url\" content=\"https:\/\/dev.explora.cl\/aysen\/llevar-la-ciencia-y-la-tecnologia-a-toda-la-region-es-la-apuesta-del-proyecto-par-explora-aysen-de-la-uach-2\/\" class=\"yoast-seo-meta-tag\" \/>\n<meta property=\"og:site_name\" content=\"Aysen\" class=\"yoast-seo-meta-tag\" \/>\n<meta property=\"article:published_time\" content=\"2019-06-24T15:09:57+00:00\" class=\"yoast-seo-meta-tag\" \/>\n<meta property=\"article:modified_time\" content=\"2023-07-28T15:02:07+00:00\" class=\"yoast-seo-meta-tag\" \/>\n<meta property=\"og:image\" content=\"https:\/\/dev.explora.cl\/aysen\/wp-content\/uploads\/sites\/18\/2019\/06\/1Z9A0119-1024x683.jpg\" class=\"yoast-seo-meta-tag\" \/>\n\t<meta property=\"og:image:width\" content=\"1024\" class=\"yoast-seo-meta-tag\" \/>\n\t<meta property=\"og:image:height\" content=\"683\" class=\"yoast-seo-meta-tag\" \/>\n\t<meta property=\"og:image:type\" content=\"image\/jpeg\" class=\"yoast-seo-meta-tag\" \/>\n<meta name=\"author\" content=\"scisternas\" class=\"yoast-seo-meta-tag\" \/>\n<meta name=\"twitter:card\" content=\"summary_large_image\" class=\"yoast-seo-meta-tag\" \/>\n<meta name=\"twitter:label1\" content=\"Escrito por\" class=\"yoast-seo-meta-tag\" \/>\n\t<meta name=\"twitter:data1\" content=\"scisternas\" class=\"yoast-seo-meta-tag\" \/>\n\t<meta name=\"twitter:label2\" content=\"Tiempo estimado de lectura\" class=\"yoast-seo-meta-tag\" \/>\n\t<meta name=\"twitter:data2\" content=\"3 minutos\" class=\"yoast-seo-meta-tag\" \/>\n<script type=\"application\/ld+json\" class=\"yoast-schema-graph\">{\"@context\":\"https:\/\/schema.org\",\"@graph\":[{\"@type\":\"Article\",\"@id\":\"https:\/\/dev.explora.cl\/aysen\/llevar-la-ciencia-y-la-tecnologia-a-toda-la-region-es-la-apuesta-del-proyecto-par-explora-aysen-de-la-uach-2\/#article\",\"isPartOf\":{\"@id\":\"https:\/\/dev.explora.cl\/aysen\/llevar-la-ciencia-y-la-tecnologia-a-toda-la-region-es-la-apuesta-del-proyecto-par-explora-aysen-de-la-uach-2\/\"},\"author\":{\"name\":\"scisternas\",\"@id\":\"https:\/\/dev.explora.cl\/aysen\/#\/schema\/person\/81c802b1e3b443e2575e555b39e60a05\"},\"headline\":\"Llevar la ciencia y la tecnolog\u00eda a toda la Regi\u00f3n es la apuesta del PAR Explora Ays\u00e9n\",\"datePublished\":\"2019-06-24T15:09:57+00:00\",\"dateModified\":\"2023-07-28T15:02:07+00:00\",\"mainEntityOfPage\":{\"@id\":\"https:\/\/dev.explora.cl\/aysen\/llevar-la-ciencia-y-la-tecnologia-a-toda-la-region-es-la-apuesta-del-proyecto-par-explora-aysen-de-la-uach-2\/\"},\"wordCount\":631,\"commentCount\":0,\"image\":{\"@id\":\"https:\/\/dev.explora.cl\/aysen\/llevar-la-ciencia-y-la-tecnologia-a-toda-la-region-es-la-apuesta-del-proyecto-par-explora-aysen-de-la-uach-2\/#primaryimage\"},\"thumbnailUrl\":\"https:\/\/dev.explora.cl\/aysen\/wp-content\/uploads\/sites\/18\/2019\/06\/1Z9A0119.jpg\",\"articleSection\":[\"Noticias\"],\"inLanguage\":\"es-CL\",\"potentialAction\":[{\"@type\":\"CommentAction\",\"name\":\"Comment\",\"target\":[\"https:\/\/dev.explora.cl\/aysen\/llevar-la-ciencia-y-la-tecnologia-a-toda-la-region-es-la-apuesta-del-proyecto-par-explora-aysen-de-la-uach-2\/#respond\"]}]},{\"@type\":\"WebPage\",\"@id\":\"https:\/\/dev.explora.cl\/aysen\/llevar-la-ciencia-y-la-tecnologia-a-toda-la-region-es-la-apuesta-del-proyecto-par-explora-aysen-de-la-uach-2\/\",\"url\":\"https:\/\/dev.explora.cl\/aysen\/llevar-la-ciencia-y-la-tecnologia-a-toda-la-region-es-la-apuesta-del-proyecto-par-explora-aysen-de-la-uach-2\/\",\"name\":\"Llevar la ciencia y la tecnolog\u00eda a toda la Regi\u00f3n es la apuesta del PAR Explora Ays\u00e9n - Aysen\",\"isPartOf\":{\"@id\":\"https:\/\/dev.explora.cl\/aysen\/#website\"},\"primaryImageOfPage\":{\"@id\":\"https:\/\/dev.explora.cl\/aysen\/llevar-la-ciencia-y-la-tecnologia-a-toda-la-region-es-la-apuesta-del-proyecto-par-explora-aysen-de-la-uach-2\/#primaryimage\"},\"image\":{\"@id\":\"https:\/\/dev.explora.cl\/aysen\/llevar-la-ciencia-y-la-tecnologia-a-toda-la-region-es-la-apuesta-del-proyecto-par-explora-aysen-de-la-uach-2\/#primaryimage\"},\"thumbnailUrl\":\"https:\/\/dev.explora.cl\/aysen\/wp-content\/uploads\/sites\/18\/2019\/06\/1Z9A0119.jpg\",\"datePublished\":\"2019-06-24T15:09:57+00:00\",\"dateModified\":\"2023-07-28T15:02:07+00:00\",\"author\":{\"@id\":\"https:\/\/dev.explora.cl\/aysen\/#\/schema\/person\/81c802b1e3b443e2575e555b39e60a05\"},\"breadcrumb\":{\"@id\":\"https:\/\/dev.explora.cl\/aysen\/llevar-la-ciencia-y-la-tecnologia-a-toda-la-region-es-la-apuesta-del-proyecto-par-explora-aysen-de-la-uach-2\/#breadcrumb\"},\"inLanguage\":\"es-CL\",\"potentialAction\":[{\"@type\":\"ReadAction\",\"target\":[\"https:\/\/dev.explora.cl\/aysen\/llevar-la-ciencia-y-la-tecnologia-a-toda-la-region-es-la-apuesta-del-proyecto-par-explora-aysen-de-la-uach-2\/\"]}]},{\"@type\":\"ImageObject\",\"inLanguage\":\"es-CL\",\"@id\":\"https:\/\/dev.explora.cl\/aysen\/llevar-la-ciencia-y-la-tecnologia-a-toda-la-region-es-la-apuesta-del-proyecto-par-explora-aysen-de-la-uach-2\/#primaryimage\",\"url\":\"https:\/\/dev.explora.cl\/aysen\/wp-content\/uploads\/sites\/18\/2019\/06\/1Z9A0119.jpg\",\"contentUrl\":\"https:\/\/dev.explora.cl\/aysen\/wp-content\/uploads\/sites\/18\/2019\/06\/1Z9A0119.jpg\",\"width\":4464,\"height\":2976},{\"@type\":\"BreadcrumbList\",\"@id\":\"https:\/\/dev.explora.cl\/aysen\/llevar-la-ciencia-y-la-tecnologia-a-toda-la-region-es-la-apuesta-del-proyecto-par-explora-aysen-de-la-uach-2\/#breadcrumb\",\"itemListElement\":[{\"@type\":\"ListItem\",\"position\":1,\"name\":\"Portada\",\"item\":\"https:\/\/dev.explora.cl\/aysen\/\"},{\"@type\":\"ListItem\",\"position\":2,\"name\":\"Llevar la ciencia y la tecnolog\u00eda a toda la Regi\u00f3n es la apuesta del PAR Explora Ays\u00e9n\"}]},{\"@type\":\"WebSite\",\"@id\":\"https:\/\/dev.explora.cl\/aysen\/#website\",\"url\":\"https:\/\/dev.explora.cl\/aysen\/\",\"name\":\"Aysen\",\"description\":\"Otro sitio m\u00e1s de dev.explora.cl\",\"potentialAction\":[{\"@type\":\"SearchAction\",\"target\":{\"@type\":\"EntryPoint\",\"urlTemplate\":\"https:\/\/dev.explora.cl\/aysen\/?s={search_term_string}\"},\"query-input\":{\"@type\":\"PropertyValueSpecification\",\"valueRequired\":true,\"valueName\":\"search_term_string\"}}],\"inLanguage\":\"es-CL\"},{\"@type\":\"Person\",\"@id\":\"https:\/\/dev.explora.cl\/aysen\/#\/schema\/person\/81c802b1e3b443e2575e555b39e60a05\",\"name\":\"scisternas\",\"image\":{\"@type\":\"ImageObject\",\"inLanguage\":\"es-CL\",\"@id\":\"https:\/\/dev.explora.cl\/aysen\/#\/schema\/person\/image\/\",\"url\":\"https:\/\/secure.gravatar.com\/avatar\/611c8f1946b775bdf01b0521c85a9381c3ad08d928d8ead34ce577b0fa231c76?s=96&d=mm&r=g\",\"contentUrl\":\"https:\/\/secure.gravatar.com\/avatar\/611c8f1946b775bdf01b0521c85a9381c3ad08d928d8ead34ce577b0fa231c76?s=96&d=mm&r=g\",\"caption\":\"scisternas\"},\"url\":\"https:\/\/dev.explora.cl\/aysen\/author\/scisternas\/\"}]}<\/script>\n<!-- \/ Yoast SEO plugin. -->","yoast_head_json":{"title":"Llevar la ciencia y la tecnolog\u00eda a toda la Regi\u00f3n es la apuesta del PAR Explora Ays\u00e9n - Aysen","robots":{"index":"index","follow":"follow","max-snippet":"max-snippet:-1","max-image-preview":"max-image-preview:large","max-video-preview":"max-video-preview:-1"},"canonical":"https:\/\/dev.explora.cl\/aysen\/llevar-la-ciencia-y-la-tecnologia-a-toda-la-region-es-la-apuesta-del-proyecto-par-explora-aysen-de-la-uach-2\/","og_locale":"es_ES","og_type":"article","og_title":"Llevar la ciencia y la tecnolog\u00eda a toda la Regi\u00f3n es la apuesta del PAR Explora Ays\u00e9n - Aysen","og_description":"Motivar y acercar acciones de ciencia y tecnolog\u00eda a distintas localidades de Ays\u00e9n, para contribuir a una cultura cient\u00edfica en la regi\u00f3n, es el objetivo de la Ruta de la Ciencia y Tecnolog\u00eda que se inici\u00f3 con talleres, charlas y conversatorios en Cerro Castillo, Puerto R\u00edo Tranquilo y Cochrane y donde participaron delegaciones de Puerto Bertrand, Bah\u00eda Murta y Puerto Guadal","og_url":"https:\/\/dev.explora.cl\/aysen\/llevar-la-ciencia-y-la-tecnologia-a-toda-la-region-es-la-apuesta-del-proyecto-par-explora-aysen-de-la-uach-2\/","og_site_name":"Aysen","article_published_time":"2019-06-24T15:09:57+00:00","article_modified_time":"2023-07-28T15:02:07+00:00","og_image":[{"width":1024,"height":683,"url":"https:\/\/dev.explora.cl\/aysen\/wp-content\/uploads\/sites\/18\/2019\/06\/1Z9A0119-1024x683.jpg","type":"image\/jpeg"}],"author":"scisternas","twitter_card":"summary_large_image","twitter_misc":{"Escrito por":"scisternas","Tiempo estimado de lectura":"3 minutos"},"schema":{"@context":"https:\/\/schema.org","@graph":[{"@type":"Article","@id":"https:\/\/dev.explora.cl\/aysen\/llevar-la-ciencia-y-la-tecnologia-a-toda-la-region-es-la-apuesta-del-proyecto-par-explora-aysen-de-la-uach-2\/#article","isPartOf":{"@id":"https:\/\/dev.explora.cl\/aysen\/llevar-la-ciencia-y-la-tecnologia-a-toda-la-region-es-la-apuesta-del-proyecto-par-explora-aysen-de-la-uach-2\/"},"author":{"name":"scisternas","@id":"https:\/\/dev.explora.cl\/aysen\/#\/schema\/person\/81c802b1e3b443e2575e555b39e60a05"},"headline":"Llevar la ciencia y la tecnolog\u00eda a toda la Regi\u00f3n es la apuesta del PAR Explora Ays\u00e9n","datePublished":"2019-06-24T15:09:57+00:00","dateModified":"2023-07-28T15:02:07+00:00","mainEntityOfPage":{"@id":"https:\/\/dev.explora.cl\/aysen\/llevar-la-ciencia-y-la-tecnologia-a-toda-la-region-es-la-apuesta-del-proyecto-par-explora-aysen-de-la-uach-2\/"},"wordCount":631,"commentCount":0,"image":{"@id":"https:\/\/dev.explora.cl\/aysen\/llevar-la-ciencia-y-la-tecnologia-a-toda-la-region-es-la-apuesta-del-proyecto-par-explora-aysen-de-la-uach-2\/#primaryimage"},"thumbnailUrl":"https:\/\/dev.explora.cl\/aysen\/wp-content\/uploads\/sites\/18\/2019\/06\/1Z9A0119.jpg","articleSection":["Noticias"],"inLanguage":"es-CL","potentialAction":[{"@type":"CommentAction","name":"Comment","target":["https:\/\/dev.explora.cl\/aysen\/llevar-la-ciencia-y-la-tecnologia-a-toda-la-region-es-la-apuesta-del-proyecto-par-explora-aysen-de-la-uach-2\/#respond"]}]},{"@type":"WebPage","@id":"https:\/\/dev.explora.cl\/aysen\/llevar-la-ciencia-y-la-tecnologia-a-toda-la-region-es-la-apuesta-del-proyecto-par-explora-aysen-de-la-uach-2\/","url":"https:\/\/dev.explora.cl\/aysen\/llevar-la-ciencia-y-la-tecnologia-a-toda-la-region-es-la-apuesta-del-proyecto-par-explora-aysen-de-la-uach-2\/","name":"Llevar la ciencia y la tecnolog\u00eda a toda la Regi\u00f3n es la apuesta del PAR Explora Ays\u00e9n - Aysen","isPartOf":{"@id":"https:\/\/dev.explora.cl\/aysen\/#website"},"primaryImageOfPage":{"@id":"https:\/\/dev.explora.cl\/aysen\/llevar-la-ciencia-y-la-tecnologia-a-toda-la-region-es-la-apuesta-del-proyecto-par-explora-aysen-de-la-uach-2\/#primaryimage"},"image":{"@id":"https:\/\/dev.explora.cl\/aysen\/llevar-la-ciencia-y-la-tecnologia-a-toda-la-region-es-la-apuesta-del-proyecto-par-explora-aysen-de-la-uach-2\/#primaryimage"},"thumbnailUrl":"https:\/\/dev.explora.cl\/aysen\/wp-content\/uploads\/sites\/18\/2019\/06\/1Z9A0119.jpg","datePublished":"2019-06-24T15:09:57+00:00","dateModified":"2023-07-28T15:02:07+00:00","author":{"@id":"https:\/\/dev.explora.cl\/aysen\/#\/schema\/person\/81c802b1e3b443e2575e555b39e60a05"},"breadcrumb":{"@id":"https:\/\/dev.explora.cl\/aysen\/llevar-la-ciencia-y-la-tecnologia-a-toda-la-region-es-la-apuesta-del-proyecto-par-explora-aysen-de-la-uach-2\/#breadcrumb"},"inLanguage":"es-CL","potentialAction":[{"@type":"ReadAction","target":["https:\/\/dev.explora.cl\/aysen\/llevar-la-ciencia-y-la-tecnologia-a-toda-la-region-es-la-apuesta-del-proyecto-par-explora-aysen-de-la-uach-2\/"]}]},{"@type":"ImageObject","inLanguage":"es-CL","@id":"https:\/\/dev.explora.cl\/aysen\/llevar-la-ciencia-y-la-tecnologia-a-toda-la-region-es-la-apuesta-del-proyecto-par-explora-aysen-de-la-uach-2\/#primaryimage","url":"https:\/\/dev.explora.cl\/aysen\/wp-content\/uploads\/sites\/18\/2019\/06\/1Z9A0119.jpg","contentUrl":"https:\/\/dev.explora.cl\/aysen\/wp-content\/uploads\/sites\/18\/2019\/06\/1Z9A0119.jpg","width":4464,"height":2976},{"@type":"BreadcrumbList","@id":"https:\/\/dev.explora.cl\/aysen\/llevar-la-ciencia-y-la-tecnologia-a-toda-la-region-es-la-apuesta-del-proyecto-par-explora-aysen-de-la-uach-2\/#breadcrumb","itemListElement":[{"@type":"ListItem","position":1,"name":"Portada","item":"https:\/\/dev.explora.cl\/aysen\/"},{"@type":"ListItem","position":2,"name":"Llevar la ciencia y la tecnolog\u00eda a toda la Regi\u00f3n es la apuesta del PAR Explora Ays\u00e9n"}]},{"@type":"WebSite","@id":"https:\/\/dev.explora.cl\/aysen\/#website","url":"https:\/\/dev.explora.cl\/aysen\/","name":"Aysen","description":"Otro sitio m\u00e1s de dev.explora.cl","potentialAction":[{"@type":"SearchAction","target":{"@type":"EntryPoint","urlTemplate":"https:\/\/dev.explora.cl\/aysen\/?s={search_term_string}"},"query-input":{"@type":"PropertyValueSpecification","valueRequired":true,"valueName":"search_term_string"}}],"inLanguage":"es-CL"},{"@type":"Person","@id":"https:\/\/dev.explora.cl\/aysen\/#\/schema\/person\/81c802b1e3b443e2575e555b39e60a05","name":"scisternas","image":{"@type":"ImageObject","inLanguage":"es-CL","@id":"https:\/\/dev.explora.cl\/aysen\/#\/schema\/person\/image\/","url":"https:\/\/secure.gravatar.com\/avatar\/611c8f1946b775bdf01b0521c85a9381c3ad08d928d8ead34ce577b0fa231c76?s=96&d=mm&r=g","contentUrl":"https:\/\/secure.gravatar.com\/avatar\/611c8f1946b775bdf01b0521c85a9381c3ad08d928d8ead34ce577b0fa231c76?s=96&d=mm&r=g","caption":"scisternas"},"url":"https:\/\/dev.explora.cl\/aysen\/author\/scisternas\/"}]}},"_links":{"self":[{"href":"https:\/\/dev.explora.cl\/aysen\/wp-json\/wp\/v2\/posts\/37464","targetHints":{"allow":["GET"]}}],"collection":[{"href":"https:\/\/dev.explora.cl\/aysen\/wp-json\/wp\/v2\/posts"}],"about":[{"href":"https:\/\/dev.explora.cl\/aysen\/wp-json\/wp\/v2\/types\/post"}],"author":[{"embeddable":true,"href":"https:\/\/dev.explora.cl\/aysen\/wp-json\/wp\/v2\/users\/37"}],"replies":[{"embeddable":true,"href":"https:\/\/dev.explora.cl\/aysen\/wp-json\/wp\/v2\/comments?post=37464"}],"version-history":[{"count":8,"href":"https:\/\/dev.explora.cl\/aysen\/wp-json\/wp\/v2\/posts\/37464\/revisions"}],"predecessor-version":[{"id":37537,"href":"https:\/\/dev.explora.cl\/aysen\/wp-json\/wp\/v2\/posts\/37464\/revisions\/37537"}],"wp:featuredmedia":[{"embeddable":true,"href":"https:\/\/dev.explora.cl\/aysen\/wp-json\/wp\/v2\/media\/37466"}],"wp:attachment":[{"href":"https:\/\/dev.explora.cl\/aysen\/wp-json\/wp\/v2\/media?parent=37464"}],"wp:term":[{"taxonomy":"category","embeddable":true,"href":"https:\/\/dev.explora.cl\/aysen\/wp-json\/wp\/v2\/categories?post=37464"},{"taxonomy":"post_tag","embeddable":true,"href":"https:\/\/dev.explora.cl\/aysen\/wp-json\/wp\/v2\/tags?post=37464"}],"curies":[{"name":"wp","href":"https:\/\/api.w.org\/{rel}","templated":true}]}}