{"id":37076,"date":"2015-04-20T00:00:00","date_gmt":"2015-04-20T04:00:00","guid":{"rendered":"https:\/\/dev.explora.cl\/aysen\/blog\/2015\/04\/20\/tolerancia-cero-a-la-lena-solucion-viable-para-aysen\/"},"modified":"2019-05-20T21:21:50","modified_gmt":"2019-05-20T21:21:50","slug":"tolerancia-cero-a-la-lena-solucion-viable-para-aysen","status":"publish","type":"post","link":"https:\/\/dev.explora.cl\/aysen\/tolerancia-cero-a-la-lena-solucion-viable-para-aysen\/","title":{"rendered":"Tolerancia Cero a la Le\u00f1a: \u00bfSoluci\u00f3n viable para Ays\u00e9n?"},"content":{"rendered":"<p><img loading=\"lazy\" decoding=\"async\" class=\" size-full wp-image-10276\" src=\"http:\/\/ec2-34-218-253-251.us-west-2.compute.amazonaws.com\/wp-content\/uploads\/2015\/04\/fd792b4306ac413920d57c69826202d7.jpg\" alt=\"\" width=\"800\" height=\"379\" \/><\/p>\n<p>En el presente art\u00edculo se aborda una idea que est\u00e1 en proceso de instalarse en el imaginario colectivo regional: eliminar en el corto o mediano plazo el uso de este combustible.<\/p>\n<p>En d\u00edas invernales es com\u00fan escuchar argumentos sobre la necesidad de terminar completamente con el uso de le\u00f1a para calefacci\u00f3n, m\u00e1s a\u00fan durante aquellas horas en que la densa nube de la contaminaci\u00f3n atmosf\u00e9rica se ense\u00f1orea sobre Coyhaique.<\/p>\n<p>Es esta una idea que se viene repitiendo con mayor fuerza durante los \u00faltimos a\u00f1os, fogoneada por la discusi\u00f3n energ\u00e9tica en Ays\u00e9n y en el resto de Chile. Que se debe entregar un subsidio estatal para asegurar el uso de electricidad con fines t\u00e9rmicos [1] o que, bajo la misma figura, se precisa aceptar lo que han ofertado grandes compa\u00f1\u00edas el\u00e9ctricas [2] de rebajar el costo de la electricidad con el mismo objetivo.<\/p>\n<p>El an\u00e1lisis integral de los efectos de la opci\u00f3n dendroenerg\u00e9tica (que es la generaci\u00f3n de energ\u00eda a partir de los \u00e1rboles) es reciente en Ays\u00e9n. Aunque la le\u00f1a ha sido compa\u00f1era fiel desde los inicios del poblamiento chileno en la zona, solo desde hace unos pocos a\u00f1os distintos actores vinculados al \u00e1mbito medioambiental y de la salud p\u00fablica, en particular en Coyhaique, han expresado un fuerte cuestionamiento al uso de este combustible [3]. Esto, amplificado en ocasiones por actores (internos y externos) que impulsan sus propias opciones [4].<\/p>\n<p><strong>Dos son los factores esenciales.<\/strong><\/p>\n<p>Primero, la contaminaci\u00f3n atmosf\u00e9rica por material particulado producto de la constante y deficiente combusti\u00f3n, que ocasiona graves problemas de salud p\u00fablica [5]. Estos pueden ir desde irritaci\u00f3n a los ojos hasta infecciones de las v\u00edas respiratorias y otros efectos cr\u00f3nicos. La autoridad ha llegado a limitar (e incluso prohibir) las actividades deportivas en per\u00edodos cr\u00edticos. La raz\u00f3n: este tipo de esfuerzo f\u00edsico exige mayor oxigenaci\u00f3n, ocasi\u00f3n en puede aumentar en 10 veces el aire que pasa por los pulmones. Es decir, 10 veces m\u00e1s material particulado entrando al cuerpo.<\/p>\n<p>Y segundo, la presi\u00f3n sobre los bosques regionales. De los aproximadamente 687.000 [6] metros c\u00fabicos que se consumen anualmente en la regi\u00f3n, poco m\u00e1s de un 40 % tendr\u00eda respaldo legal para su extracci\u00f3n. Si consideramos en promedio una superficie de 2.300 h\u00e1s\/a\u00f1o con plan de manejo [7] y un nivel de productividad de entre 100 y 150 metros c\u00fabicos de le\u00f1a por hect\u00e1rea, se requieren aproximadamente 5.500 hect\u00e1reas de bosque manejado para satisfacer la demanda total de calefacci\u00f3n. Es decir, en n\u00fameros gruesos faltan a\u00fan 3.200 hect\u00e1reas que ingresen el sistema de planes de manejo para alcanzar una gesti\u00f3n sustentable.<\/p>\n<p>Estas alarmantes cifras podr\u00edan indicar que la m\u00e1s efectiva medida que debe adoptar la regi\u00f3n es terminar con el uso de le\u00f1a. Sin embargo, el actual gobierno realza su valor como combustible y la pone en el centro de la agenda energ\u00e9tica, se\u00f1alando a trav\u00e9s del ministro de Energ\u00eda M\u00e1ximo Pacheco que \u201ccuando la le\u00f1a se usa correctamente, es un combustible moderno y limpio, adem\u00e1s de econ\u00f3mico. Y eso es importante que nuestra gente lo entienda en toda su dimensi\u00f3n\u201d [8]. Detr\u00e1s de toda esta discusi\u00f3n hay una pregunta fundamental: \u00bfes sustentable quemar \u00e1rboles para calefacci\u00f3n?<\/p>\n<p><strong>La dendroenerg\u00eda<\/strong><\/p>\n<p>El acercamiento del ser humano al uso del fuego estuvo desde sus inicios asociado a la combusti\u00f3n de le\u00f1a. Se calcula que la cocina se instal\u00f3 como pr\u00e1ctica habitual humana hace unos 350 mil a\u00f1os [9]. De ah\u00ed que podamos decir que su consumo nos ha acompa\u00f1ado desde tiempos inmemoriales. Y en el caso de Ays\u00e9n, desde siempre.<\/p>\n<p>En la actualidad su uso a nivel global es amplio, esencialmente en las naciones en desarrollo. \u201cSe calcula que la energ\u00eda de la biomasa combustible tradicional asciende a casi la d\u00e9cima parte del total actual de la demanda humana de energ\u00eda (m\u00e1s que la energ\u00eda hidr\u00e1ulica y la nuclear juntas), y los combustibles le\u00f1osos constituyen probablemente unos dos tercios del consumo en los hogares\u201d [10] se\u00f1ala un informe de la Organizaci\u00f3n para la Alimentaci\u00f3n y la Agricultura de la ONU.<\/p>\n<p>Estos datos no son menores. Indican que a estas alturas las actividades asociadas a la producci\u00f3n de le\u00f1a cruzan toda la sociedad mundial. Y la regi\u00f3n no es la excepci\u00f3n.<\/p>\n<p>En t\u00e9rminos culturales, est\u00e1 asociada a la tradici\u00f3n y la identidad.<\/p>\n<p>Ya lo hemos dicho, la le\u00f1a es el principal combustible para calefacci\u00f3n usado en Ays\u00e9n. Este recurso ha sido utilizado generaci\u00f3n tras generaci\u00f3n, constituyendo elemento de encuentro en la familia local. Reminiscencias de una vida esforzada y en constante enfrentamiento con la naturaleza obsequia a quien escucha el crepitar de las brasas de un fog\u00f3n bien animado, en el disfrute de un buen asado. \u201cLos que llegaron primero nos dejaron su folclor, bailaban valses, rancheras, mate y churrasco al fog\u00f3n\u201d cant\u00f3 durante a\u00f1os Miguel Pe\u00f1a, nuestro Trovero Sur.<\/p>\n<p>Con sus virtudes y defectos, la le\u00f1a es un elemento cultural arraigado en las familias de la regi\u00f3n.<\/p>\n<p>Pero no es solo identidad. Tambi\u00e9n es econom\u00eda.<\/p>\n<p>El rubro de la le\u00f1a en Ays\u00e9n considera, al menos, un flujo de recursos econ\u00f3micos sobre los 22 millones de d\u00f3lares, calculando la transacci\u00f3n global a un valor final promedio de $ 20 mil por metro c\u00fabico. Esto incluye desde productores a compradores, pasando por una cadena de comerciantes, transportistas y trabajadores asociados. De acuerdo al VII Censo Agropecuario y Forestal, existen en la zona 760 explotaciones forestales, estim\u00e1ndose que, de la le\u00f1a consumida, el 80% proviene de peque\u00f1os propietarios [11]. Y esto no solo en la Patagonia. Seg\u00fan datos del Ministerio de Energ\u00eda en 2013 la le\u00f1a era el principal recurso energ\u00e9tico de producci\u00f3n nacional, representando un 70 % del total.<\/p>\n<p>En t\u00e9rminos de econom\u00eda familiar urbana, hoy la le\u00f1a es el combustible m\u00e1s barato en relaci\u00f3n costo\/poder calor\u00edfico. Temperar un hogar con le\u00f1a puede ser hasta 5,4 veces m\u00e1s econ\u00f3mico que con electricidad, 4,7 veces m\u00e1s que con gas y 4 veces m\u00e1s que con petr\u00f3leo [12].<\/p>\n<p>Todo esto apunta a que el debate sobre la contaminaci\u00f3n ambiental radica en esencia en el uso ineficiente del recurso le\u00f1a. Este \u201cuso ineficiente\u201d combina cuatro factores principales: alto contenido de humedad, inadecuada construcci\u00f3n de infraestructura habitacional, sistemas de calefacci\u00f3n poco eficientes y las pr\u00e1cticas de los usuarios. Intervenir en tales variables permitir\u00e1 menor material particulado al interior y exterior de los hogares.<\/p>\n<p>Sin embargo, esto no resuelve la presi\u00f3n productiva sobre los bosques. Entonces la pregunta l\u00f3gica es: \u00bfes sustentable la intervenci\u00f3n forestal para dendroenerg\u00eda?<\/p>\n<p>La ingenier\u00eda forestal ha impulsado desde hace a\u00f1os una t\u00e9cnica para la gesti\u00f3n de los bosques para las necesidades humanas. Son los planes de manejo.<\/p>\n<p>Neruda dec\u00eda que \u201cquien no conoce el bosque chileno no conoce este planeta\u201d.<\/p>\n<p>La formaci\u00f3n acad\u00e9mica forestal intenta, en primer lugar, conocer nuestros bosques para utilizarlos de manera sustentable en beneficio de toda la sociedad. En la actualidad esto incluye, fundamentalmente, producci\u00f3n de madera para construcci\u00f3n o le\u00f1a para la calefacci\u00f3n de nuestros espacios cerrados. El manejo de bosques nativos no solo representa beneficios econ\u00f3micos, sino tambi\u00e9n ambientales, ya que no es razonable olvidar los bienes y servicios que entregan los ecosistemas forestales: protecci\u00f3n de suelos y cursos de agua, captura de carbono, h\u00e1bitat para la biodiversidad de especies de avifauna, patrimonio gen\u00e9tico de especies (algunas \u00fanicas en el mundo), lugar de esparcimiento familiar y apreciaci\u00f3n de naturaleza.<\/p>\n<p>Cada vez estas variables est\u00e1n siendo incorp<br \/>\noradas de mejor forma en el manejo forestal.<\/p>\n<p>Con todo, el problema principal sigue siendo la producci\u00f3n y comercio ilegal, que llega a un 60%. Como este espacio no est\u00e1 formalizado, es imposible su fiscalizaci\u00f3n y que sus actores accedan a incentivos que mejoren la calidad del producto.<\/p>\n<p><strong>Las opciones<\/strong><\/p>\n<p>La soluci\u00f3n para la regi\u00f3n de Ays\u00e9n pasa por regularizar el uso de le\u00f1a para calefacci\u00f3n mas no por terminar con su utilizaci\u00f3n. Tal pretensi\u00f3n significar\u00eda un shock regional en los diversos \u00e1mbitos mencionados: cultural y de econom\u00eda rural y local. M\u00e1s a\u00fan en los sectores m\u00e1s vulnerables como es el campesino. La mejor opci\u00f3n es la diversificaci\u00f3n energ\u00e9tica, con una matriz h\u00edbrida donde la le\u00f1a se complemente con otros sistemas.<\/p>\n<p>Es urgente seguir con el trabajo orientado a la construcci\u00f3n de una pol\u00edtica dendroenerg\u00e9tica, que como sociedad nos permita aprovechar la biomasa forestal, con sustentabilidad ambiental y social. Este camino debe estar orientado al manejo y conservaci\u00f3n de recursos naturales como fuente de energ\u00eda de calidad para la sociedad, y debe ser planteado desde las comunidades locales como actores fundamentales del dise\u00f1o, implementaci\u00f3n y desarrollo de la pol\u00edtica. Debe potenciar, adem\u00e1s, el trabajo de la institucionalidad p\u00fablica, mejorando los recursos asignados y realizando gestiones eficientes, e incentivando el desarrollo de estrategias y acciones innovadoras.<\/p>\n<p>En el corto plazo, se precisa continuar con las medidas sanitarias que se est\u00e1n implementando, con informaci\u00f3n y gesti\u00f3n, dado que la salud de la poblaci\u00f3n debe seguir siendo una prioridad.<\/p>\n<p>A esto se deben sumar las otras ya vigentes: programa de producci\u00f3n y consumo de le\u00f1a de calidad impulsado por Conaf e Indap con aportes del Gobierno Regional, recambio de calefactores e instalaci\u00f3n de ecofiltros (que pueden reducir en hasta un 90 % los contaminantes), aislamiento t\u00e9rmico de viviendas, cambio de pr\u00e1cticas en la gesti\u00f3n domiciliaria de la le\u00f1a. Importante tambi\u00e9n es fomentar la formalizaci\u00f3n de comercializaci\u00f3n de combustibles derivados de biomasa (le\u00f1a, pelet, etc).<\/p>\n<p>La opci\u00f3n de pensar en un horizonte donde la dendroenerg\u00eda mantenga un lugar preponderante en t\u00e9rminos de sustentabilidad es algo que los organismos internacionales reconocen: \u201cLa le\u00f1a y otros combustibles de la biomasa pueden quemarse en combusti\u00f3n limpia con la tecnolog\u00eda correcta y desempe\u00f1ar as\u00ed un papel a largo plazo en el desarrollo sostenible cuando se recolectan de manera renovable. Los programas de modernizaci\u00f3n del consumo de le\u00f1a en hogares y peque\u00f1as industrias en las zonas m\u00e1s pobres de los pa\u00edses en desarrollo deben ser, por consiguiente, parte de los planes de desarrollo\u201d [13].<\/p>\n<p>Una pol\u00edtica de largo plazo debe considerar estas variables. El riesgo de no hacerse cargo de esta realidad siempre estar\u00e1 latente y es la sociedad civil la que, dentro de su rol, tiene la responsabilidad de aportar a una exhaustiva discusi\u00f3n.<\/p>\n<p>Enrique Higuera Sanhueza, Licenciado en Ingeniera Forestal. Miembro Agrupaci\u00f3n de Ingenieros Forestales por el bosque Nativo, Cap\u00edtulo Patagonia.<\/p>\n<p>Patricio Segura Ortiz, periodista. Comunicaciones programa \u201cLe\u00f1a de Calidad para Ays\u00e9n\u201d.<\/p>\n<p>(fotograf\u00eda: Nicole Lira)&#8221;.<\/p>\n<p>\u00a0<\/p>\n<p>[1] \u201cPresidente del CORE Ays\u00e9n llam\u00f3 a solventar un subsidio el\u00e9ctrico\u201d. El Patag\u00f3n Domingo, 8 de abril de 2015. Ver enhttp:\/\/www.elpatagondomingo.cl\/?p=61444<\/p>\n<p>[2] \u201cAlcalde Oscar Catal\u00e1n: \u2018Cuando me refiero a este tema, lo hago con toda tranquilidad\u2019\u201d. Portal Municipalidad de Ays\u00e9n, 16 de febrero de 2015. Ver en http:\/\/www.puertoaysen.cl\/2015\/02\/16\/alcalde-oscar-catalan-cuando-me-refiero-a-este-tema-lo-hago-con-toda-tranquilidad\/<\/p>\n<p>[3] \u201cEl aire de Coyhaique pide un respiro\u201d. La Tercera, 19 de julio de 2014. Ver en http:\/\/diario.latercera.com\/2014\/07\/19\/01\/contenido\/pais\/31-168906-9-el-aire-de-coyhaique-pide-un-respiro.shtml<\/p>\n<p>[4] \u201cEdelays\u00e9n: Plan de expansi\u00f3n involucrar\u00eda apuesta por calefacci\u00f3n hogare\u00f1a\u201d. El Diario de Ays\u00e9n, 16 de mayo de 2014. Ver en http:\/\/diarioaysen.cl\/regional\/edelaysen-plan-de-expansion-involucraria-apuesta-por-calefaccion-hogarena\/<\/p>\n<p>[5] \u201cExperto dice que es urgente cambiar sistema de calefacci\u00f3n para evitar da\u00f1os de la contaminaci\u00f3n\u201d. Diario El Divisadero, 10 de abril de 2015. Ver en http:\/\/www.eldivisadero.cl\/noticia-32657<\/p>\n<p>[6] \u201cCatastro de Bioenerg\u00eda\u201d. Ministerio de Energ\u00eda, Conaf, Universidad Austral de Chile, 2013.<\/p>\n<p>[7] \u201cEstad\u00edsticas Forestales\u201d. Portal Corporaci\u00f3n Nacional Forestal. Ver en http:\/\/www.conaf.cl\/nuestros-bosques\/bosques-en-chile\/estadisticas-forestales\/. Detalle en http:\/\/www.conaf.cl\/wp-content\/files_mf\/1395763746Plandemanejo.xls<\/p>\n<p>[8] \u201cGobierno vuelve a mirar la le\u00f1a tras cambio de planes en GNL del sur\u201d. El Pulso, 11 de marzo de 2015. Ver enhttp:\/\/www.pulso.cl\/noticia\/empresa&#8212;mercado\/empresa\/2015\/03\/11-60741-9-gobierno-vuelve-a-mirar-la-lena-tras-cambio-de-planes-en-gnl-del-sur.shtml<\/p>\n<p>[9] \u201cOn the earliest evidence for habitual use of fire in Europe\u201d. Revista PNAS de la Academia Nacional de Ciencias de Estados Unidos, 29 de marzo de 2011. Ver en http:\/\/www.pnas.org\/content\/108\/13\/5209.full<\/p>\n<p>[10] \u201cEl uso dom\u00e9stico de le\u00f1a en los pa\u00edses en desarrollo y sus repercusiones en la salud\u201d, de la Food and Agriculture Organization (FAO). Ver en http:\/\/www.fao.org\/docrep\/009\/a0789s\/a0789s09.htm<\/p>\n<p>[11] Secretar\u00eda T\u00e9cnica del Sistema Nacional de Certificaci\u00f3n de Le\u00f1a. A\u00f1o 2010.<\/p>\n<p>[12] \u201cLineamientos para una Pol\u00edtica Dendroenerg\u00e9tica\u201d. Corporaci\u00f3n de Certificaci\u00f3n de Le\u00f1a, mayo de 2009. Ver enhttp:\/\/www.researchgate.net\/profile\/Rene_Reyes\/publication\/270881048_Lineamientos_para_una_poltica_dendroenergtica\/links\/54b68cff0cf2bd04be321f14.pdf<\/p>\n<p>[13] \u201cEl uso dom\u00e9stico de le\u00f1a en los pa\u00edses en desarrollo y sus repercusiones en la salud\u201d, de la Food and Agriculture Organization (FAO). Ver en http:\/\/www.fao.org\/docrep\/009\/a0789s\/a0789s09.htm<\/p>\n","protected":false},"excerpt":{"rendered":"<p>En el presente art\u00edculo se aborda una idea que est\u00e1 en proceso de instalarse en el imaginario colectivo regional: eliminar en el corto o mediano plazo el uso de este combustible. En d\u00edas invernales es com\u00fan escuchar argumentos sobre la necesidad de terminar completamente con el uso de le\u00f1a para calefacci\u00f3n, m\u00e1s a\u00fan durante aquellas [&hellip;]<\/p>\n","protected":false},"author":2,"featured_media":33792,"comment_status":"open","ping_status":"open","sticky":false,"template":"","format":"standard","meta":{"_acf_changed":false,"_exactmetrics_skip_tracking":false,"_exactmetrics_sitenote_active":false,"_exactmetrics_sitenote_note":"","_exactmetrics_sitenote_category":0,"footnotes":"","_links_to":"","_links_to_target":""},"categories":[4],"tags":[],"class_list":["post-37076","post","type-post","status-publish","format-standard","has-post-thumbnail","hentry","category-noticias"],"acf":[],"yoast_head":"<!-- This site is optimized with the Yoast SEO plugin v26.7 - https:\/\/yoast.com\/wordpress\/plugins\/seo\/ -->\n<title>Tolerancia Cero a la Le\u00f1a: \u00bfSoluci\u00f3n viable para Ays\u00e9n? - Aysen<\/title>\n<meta name=\"robots\" content=\"index, follow, max-snippet:-1, max-image-preview:large, max-video-preview:-1\" \/>\n<link rel=\"canonical\" href=\"https:\/\/dev.explora.cl\/aysen\/tolerancia-cero-a-la-lena-solucion-viable-para-aysen\/\" class=\"yoast-seo-meta-tag\" \/>\n<meta property=\"og:locale\" content=\"es_ES\" class=\"yoast-seo-meta-tag\" \/>\n<meta property=\"og:type\" content=\"article\" class=\"yoast-seo-meta-tag\" \/>\n<meta property=\"og:title\" content=\"Tolerancia Cero a la Le\u00f1a: \u00bfSoluci\u00f3n viable para Ays\u00e9n? - Aysen\" class=\"yoast-seo-meta-tag\" \/>\n<meta property=\"og:description\" content=\"En el presente art\u00edculo se aborda una idea que est\u00e1 en proceso de instalarse en el imaginario colectivo regional: eliminar en el corto o mediano plazo el uso de este combustible. En d\u00edas invernales es com\u00fan escuchar argumentos sobre la necesidad de terminar completamente con el uso de le\u00f1a para calefacci\u00f3n, m\u00e1s a\u00fan durante aquellas [&hellip;]\" class=\"yoast-seo-meta-tag\" \/>\n<meta property=\"og:url\" content=\"https:\/\/dev.explora.cl\/aysen\/tolerancia-cero-a-la-lena-solucion-viable-para-aysen\/\" class=\"yoast-seo-meta-tag\" \/>\n<meta property=\"og:site_name\" content=\"Aysen\" class=\"yoast-seo-meta-tag\" \/>\n<meta property=\"article:published_time\" content=\"2015-04-20T04:00:00+00:00\" class=\"yoast-seo-meta-tag\" \/>\n<meta property=\"article:modified_time\" content=\"2019-05-20T21:21:50+00:00\" class=\"yoast-seo-meta-tag\" \/>\n<meta property=\"og:image\" content=\"https:\/\/dev.explora.cl\/aysen\/wp-content\/uploads\/sites\/18\/2018\/06\/fd792b4306ac413920d57c69826202d7.jpg\" class=\"yoast-seo-meta-tag\" \/>\n\t<meta property=\"og:image:width\" content=\"800\" class=\"yoast-seo-meta-tag\" \/>\n\t<meta property=\"og:image:height\" content=\"379\" class=\"yoast-seo-meta-tag\" \/>\n\t<meta property=\"og:image:type\" content=\"image\/jpeg\" class=\"yoast-seo-meta-tag\" \/>\n<meta name=\"author\" content=\"webman\" class=\"yoast-seo-meta-tag\" \/>\n<meta name=\"twitter:card\" content=\"summary_large_image\" class=\"yoast-seo-meta-tag\" \/>\n<meta name=\"twitter:label1\" content=\"Escrito por\" class=\"yoast-seo-meta-tag\" \/>\n\t<meta name=\"twitter:data1\" content=\"webman\" class=\"yoast-seo-meta-tag\" \/>\n\t<meta name=\"twitter:label2\" content=\"Tiempo estimado de lectura\" class=\"yoast-seo-meta-tag\" \/>\n\t<meta name=\"twitter:data2\" content=\"11 minutos\" class=\"yoast-seo-meta-tag\" \/>\n<script type=\"application\/ld+json\" class=\"yoast-schema-graph\">{\"@context\":\"https:\/\/schema.org\",\"@graph\":[{\"@type\":\"Article\",\"@id\":\"https:\/\/dev.explora.cl\/aysen\/tolerancia-cero-a-la-lena-solucion-viable-para-aysen\/#article\",\"isPartOf\":{\"@id\":\"https:\/\/dev.explora.cl\/aysen\/tolerancia-cero-a-la-lena-solucion-viable-para-aysen\/\"},\"author\":{\"name\":\"webman\",\"@id\":\"https:\/\/dev.explora.cl\/aysen\/#\/schema\/person\/cb8349c13ea2d324080adf8480d7ba5d\"},\"headline\":\"Tolerancia Cero a la Le\u00f1a: \u00bfSoluci\u00f3n viable para Ays\u00e9n?\",\"datePublished\":\"2015-04-20T04:00:00+00:00\",\"dateModified\":\"2019-05-20T21:21:50+00:00\",\"mainEntityOfPage\":{\"@id\":\"https:\/\/dev.explora.cl\/aysen\/tolerancia-cero-a-la-lena-solucion-viable-para-aysen\/\"},\"wordCount\":2276,\"commentCount\":0,\"image\":{\"@id\":\"https:\/\/dev.explora.cl\/aysen\/tolerancia-cero-a-la-lena-solucion-viable-para-aysen\/#primaryimage\"},\"thumbnailUrl\":\"https:\/\/dev.explora.cl\/aysen\/wp-content\/uploads\/sites\/18\/2018\/06\/fd792b4306ac413920d57c69826202d7.jpg\",\"articleSection\":[\"Noticias\"],\"inLanguage\":\"es-CL\",\"potentialAction\":[{\"@type\":\"CommentAction\",\"name\":\"Comment\",\"target\":[\"https:\/\/dev.explora.cl\/aysen\/tolerancia-cero-a-la-lena-solucion-viable-para-aysen\/#respond\"]}]},{\"@type\":\"WebPage\",\"@id\":\"https:\/\/dev.explora.cl\/aysen\/tolerancia-cero-a-la-lena-solucion-viable-para-aysen\/\",\"url\":\"https:\/\/dev.explora.cl\/aysen\/tolerancia-cero-a-la-lena-solucion-viable-para-aysen\/\",\"name\":\"Tolerancia Cero a la Le\u00f1a: \u00bfSoluci\u00f3n viable para Ays\u00e9n? - Aysen\",\"isPartOf\":{\"@id\":\"https:\/\/dev.explora.cl\/aysen\/#website\"},\"primaryImageOfPage\":{\"@id\":\"https:\/\/dev.explora.cl\/aysen\/tolerancia-cero-a-la-lena-solucion-viable-para-aysen\/#primaryimage\"},\"image\":{\"@id\":\"https:\/\/dev.explora.cl\/aysen\/tolerancia-cero-a-la-lena-solucion-viable-para-aysen\/#primaryimage\"},\"thumbnailUrl\":\"https:\/\/dev.explora.cl\/aysen\/wp-content\/uploads\/sites\/18\/2018\/06\/fd792b4306ac413920d57c69826202d7.jpg\",\"datePublished\":\"2015-04-20T04:00:00+00:00\",\"dateModified\":\"2019-05-20T21:21:50+00:00\",\"author\":{\"@id\":\"https:\/\/dev.explora.cl\/aysen\/#\/schema\/person\/cb8349c13ea2d324080adf8480d7ba5d\"},\"breadcrumb\":{\"@id\":\"https:\/\/dev.explora.cl\/aysen\/tolerancia-cero-a-la-lena-solucion-viable-para-aysen\/#breadcrumb\"},\"inLanguage\":\"es-CL\",\"potentialAction\":[{\"@type\":\"ReadAction\",\"target\":[\"https:\/\/dev.explora.cl\/aysen\/tolerancia-cero-a-la-lena-solucion-viable-para-aysen\/\"]}]},{\"@type\":\"ImageObject\",\"inLanguage\":\"es-CL\",\"@id\":\"https:\/\/dev.explora.cl\/aysen\/tolerancia-cero-a-la-lena-solucion-viable-para-aysen\/#primaryimage\",\"url\":\"https:\/\/dev.explora.cl\/aysen\/wp-content\/uploads\/sites\/18\/2018\/06\/fd792b4306ac413920d57c69826202d7.jpg\",\"contentUrl\":\"https:\/\/dev.explora.cl\/aysen\/wp-content\/uploads\/sites\/18\/2018\/06\/fd792b4306ac413920d57c69826202d7.jpg\",\"width\":800,\"height\":379},{\"@type\":\"BreadcrumbList\",\"@id\":\"https:\/\/dev.explora.cl\/aysen\/tolerancia-cero-a-la-lena-solucion-viable-para-aysen\/#breadcrumb\",\"itemListElement\":[{\"@type\":\"ListItem\",\"position\":1,\"name\":\"Portada\",\"item\":\"https:\/\/dev.explora.cl\/aysen\/\"},{\"@type\":\"ListItem\",\"position\":2,\"name\":\"Tolerancia Cero a la Le\u00f1a: \u00bfSoluci\u00f3n viable para Ays\u00e9n?\"}]},{\"@type\":\"WebSite\",\"@id\":\"https:\/\/dev.explora.cl\/aysen\/#website\",\"url\":\"https:\/\/dev.explora.cl\/aysen\/\",\"name\":\"Aysen\",\"description\":\"Otro sitio m\u00e1s de dev.explora.cl\",\"potentialAction\":[{\"@type\":\"SearchAction\",\"target\":{\"@type\":\"EntryPoint\",\"urlTemplate\":\"https:\/\/dev.explora.cl\/aysen\/?s={search_term_string}\"},\"query-input\":{\"@type\":\"PropertyValueSpecification\",\"valueRequired\":true,\"valueName\":\"search_term_string\"}}],\"inLanguage\":\"es-CL\"},{\"@type\":\"Person\",\"@id\":\"https:\/\/dev.explora.cl\/aysen\/#\/schema\/person\/cb8349c13ea2d324080adf8480d7ba5d\",\"name\":\"webman\",\"image\":{\"@type\":\"ImageObject\",\"inLanguage\":\"es-CL\",\"@id\":\"https:\/\/dev.explora.cl\/aysen\/#\/schema\/person\/image\/\",\"url\":\"https:\/\/secure.gravatar.com\/avatar\/eeff3c82f2c02f7177d13663b7e6f890e9a6a0647ce9bb29cae02dcb094c7312?s=96&d=mm&r=g\",\"contentUrl\":\"https:\/\/secure.gravatar.com\/avatar\/eeff3c82f2c02f7177d13663b7e6f890e9a6a0647ce9bb29cae02dcb094c7312?s=96&d=mm&r=g\",\"caption\":\"webman\"},\"url\":\"https:\/\/dev.explora.cl\/aysen\/author\/webman\/\"}]}<\/script>\n<!-- \/ Yoast SEO plugin. -->","yoast_head_json":{"title":"Tolerancia Cero a la Le\u00f1a: \u00bfSoluci\u00f3n viable para Ays\u00e9n? - Aysen","robots":{"index":"index","follow":"follow","max-snippet":"max-snippet:-1","max-image-preview":"max-image-preview:large","max-video-preview":"max-video-preview:-1"},"canonical":"https:\/\/dev.explora.cl\/aysen\/tolerancia-cero-a-la-lena-solucion-viable-para-aysen\/","og_locale":"es_ES","og_type":"article","og_title":"Tolerancia Cero a la Le\u00f1a: \u00bfSoluci\u00f3n viable para Ays\u00e9n? - Aysen","og_description":"En el presente art\u00edculo se aborda una idea que est\u00e1 en proceso de instalarse en el imaginario colectivo regional: eliminar en el corto o mediano plazo el uso de este combustible. En d\u00edas invernales es com\u00fan escuchar argumentos sobre la necesidad de terminar completamente con el uso de le\u00f1a para calefacci\u00f3n, m\u00e1s a\u00fan durante aquellas [&hellip;]","og_url":"https:\/\/dev.explora.cl\/aysen\/tolerancia-cero-a-la-lena-solucion-viable-para-aysen\/","og_site_name":"Aysen","article_published_time":"2015-04-20T04:00:00+00:00","article_modified_time":"2019-05-20T21:21:50+00:00","og_image":[{"width":800,"height":379,"url":"https:\/\/dev.explora.cl\/aysen\/wp-content\/uploads\/sites\/18\/2018\/06\/fd792b4306ac413920d57c69826202d7.jpg","type":"image\/jpeg"}],"author":"webman","twitter_card":"summary_large_image","twitter_misc":{"Escrito por":"webman","Tiempo estimado de lectura":"11 minutos"},"schema":{"@context":"https:\/\/schema.org","@graph":[{"@type":"Article","@id":"https:\/\/dev.explora.cl\/aysen\/tolerancia-cero-a-la-lena-solucion-viable-para-aysen\/#article","isPartOf":{"@id":"https:\/\/dev.explora.cl\/aysen\/tolerancia-cero-a-la-lena-solucion-viable-para-aysen\/"},"author":{"name":"webman","@id":"https:\/\/dev.explora.cl\/aysen\/#\/schema\/person\/cb8349c13ea2d324080adf8480d7ba5d"},"headline":"Tolerancia Cero a la Le\u00f1a: \u00bfSoluci\u00f3n viable para Ays\u00e9n?","datePublished":"2015-04-20T04:00:00+00:00","dateModified":"2019-05-20T21:21:50+00:00","mainEntityOfPage":{"@id":"https:\/\/dev.explora.cl\/aysen\/tolerancia-cero-a-la-lena-solucion-viable-para-aysen\/"},"wordCount":2276,"commentCount":0,"image":{"@id":"https:\/\/dev.explora.cl\/aysen\/tolerancia-cero-a-la-lena-solucion-viable-para-aysen\/#primaryimage"},"thumbnailUrl":"https:\/\/dev.explora.cl\/aysen\/wp-content\/uploads\/sites\/18\/2018\/06\/fd792b4306ac413920d57c69826202d7.jpg","articleSection":["Noticias"],"inLanguage":"es-CL","potentialAction":[{"@type":"CommentAction","name":"Comment","target":["https:\/\/dev.explora.cl\/aysen\/tolerancia-cero-a-la-lena-solucion-viable-para-aysen\/#respond"]}]},{"@type":"WebPage","@id":"https:\/\/dev.explora.cl\/aysen\/tolerancia-cero-a-la-lena-solucion-viable-para-aysen\/","url":"https:\/\/dev.explora.cl\/aysen\/tolerancia-cero-a-la-lena-solucion-viable-para-aysen\/","name":"Tolerancia Cero a la Le\u00f1a: \u00bfSoluci\u00f3n viable para Ays\u00e9n? - Aysen","isPartOf":{"@id":"https:\/\/dev.explora.cl\/aysen\/#website"},"primaryImageOfPage":{"@id":"https:\/\/dev.explora.cl\/aysen\/tolerancia-cero-a-la-lena-solucion-viable-para-aysen\/#primaryimage"},"image":{"@id":"https:\/\/dev.explora.cl\/aysen\/tolerancia-cero-a-la-lena-solucion-viable-para-aysen\/#primaryimage"},"thumbnailUrl":"https:\/\/dev.explora.cl\/aysen\/wp-content\/uploads\/sites\/18\/2018\/06\/fd792b4306ac413920d57c69826202d7.jpg","datePublished":"2015-04-20T04:00:00+00:00","dateModified":"2019-05-20T21:21:50+00:00","author":{"@id":"https:\/\/dev.explora.cl\/aysen\/#\/schema\/person\/cb8349c13ea2d324080adf8480d7ba5d"},"breadcrumb":{"@id":"https:\/\/dev.explora.cl\/aysen\/tolerancia-cero-a-la-lena-solucion-viable-para-aysen\/#breadcrumb"},"inLanguage":"es-CL","potentialAction":[{"@type":"ReadAction","target":["https:\/\/dev.explora.cl\/aysen\/tolerancia-cero-a-la-lena-solucion-viable-para-aysen\/"]}]},{"@type":"ImageObject","inLanguage":"es-CL","@id":"https:\/\/dev.explora.cl\/aysen\/tolerancia-cero-a-la-lena-solucion-viable-para-aysen\/#primaryimage","url":"https:\/\/dev.explora.cl\/aysen\/wp-content\/uploads\/sites\/18\/2018\/06\/fd792b4306ac413920d57c69826202d7.jpg","contentUrl":"https:\/\/dev.explora.cl\/aysen\/wp-content\/uploads\/sites\/18\/2018\/06\/fd792b4306ac413920d57c69826202d7.jpg","width":800,"height":379},{"@type":"BreadcrumbList","@id":"https:\/\/dev.explora.cl\/aysen\/tolerancia-cero-a-la-lena-solucion-viable-para-aysen\/#breadcrumb","itemListElement":[{"@type":"ListItem","position":1,"name":"Portada","item":"https:\/\/dev.explora.cl\/aysen\/"},{"@type":"ListItem","position":2,"name":"Tolerancia Cero a la Le\u00f1a: \u00bfSoluci\u00f3n viable para Ays\u00e9n?"}]},{"@type":"WebSite","@id":"https:\/\/dev.explora.cl\/aysen\/#website","url":"https:\/\/dev.explora.cl\/aysen\/","name":"Aysen","description":"Otro sitio m\u00e1s de dev.explora.cl","potentialAction":[{"@type":"SearchAction","target":{"@type":"EntryPoint","urlTemplate":"https:\/\/dev.explora.cl\/aysen\/?s={search_term_string}"},"query-input":{"@type":"PropertyValueSpecification","valueRequired":true,"valueName":"search_term_string"}}],"inLanguage":"es-CL"},{"@type":"Person","@id":"https:\/\/dev.explora.cl\/aysen\/#\/schema\/person\/cb8349c13ea2d324080adf8480d7ba5d","name":"webman","image":{"@type":"ImageObject","inLanguage":"es-CL","@id":"https:\/\/dev.explora.cl\/aysen\/#\/schema\/person\/image\/","url":"https:\/\/secure.gravatar.com\/avatar\/eeff3c82f2c02f7177d13663b7e6f890e9a6a0647ce9bb29cae02dcb094c7312?s=96&d=mm&r=g","contentUrl":"https:\/\/secure.gravatar.com\/avatar\/eeff3c82f2c02f7177d13663b7e6f890e9a6a0647ce9bb29cae02dcb094c7312?s=96&d=mm&r=g","caption":"webman"},"url":"https:\/\/dev.explora.cl\/aysen\/author\/webman\/"}]}},"_links":{"self":[{"href":"https:\/\/dev.explora.cl\/aysen\/wp-json\/wp\/v2\/posts\/37076","targetHints":{"allow":["GET"]}}],"collection":[{"href":"https:\/\/dev.explora.cl\/aysen\/wp-json\/wp\/v2\/posts"}],"about":[{"href":"https:\/\/dev.explora.cl\/aysen\/wp-json\/wp\/v2\/types\/post"}],"author":[{"embeddable":true,"href":"https:\/\/dev.explora.cl\/aysen\/wp-json\/wp\/v2\/users\/2"}],"replies":[{"embeddable":true,"href":"https:\/\/dev.explora.cl\/aysen\/wp-json\/wp\/v2\/comments?post=37076"}],"version-history":[{"count":1,"href":"https:\/\/dev.explora.cl\/aysen\/wp-json\/wp\/v2\/posts\/37076\/revisions"}],"predecessor-version":[{"id":37321,"href":"https:\/\/dev.explora.cl\/aysen\/wp-json\/wp\/v2\/posts\/37076\/revisions\/37321"}],"wp:featuredmedia":[{"embeddable":true,"href":"https:\/\/dev.explora.cl\/aysen\/wp-json\/wp\/v2\/media\/33792"}],"wp:attachment":[{"href":"https:\/\/dev.explora.cl\/aysen\/wp-json\/wp\/v2\/media?parent=37076"}],"wp:term":[{"taxonomy":"category","embeddable":true,"href":"https:\/\/dev.explora.cl\/aysen\/wp-json\/wp\/v2\/categories?post=37076"},{"taxonomy":"post_tag","embeddable":true,"href":"https:\/\/dev.explora.cl\/aysen\/wp-json\/wp\/v2\/tags?post=37076"}],"curies":[{"name":"wp","href":"https:\/\/api.w.org\/{rel}","templated":true}]}}